{"id":1664,"date":"2019-02-17T15:26:46","date_gmt":"2019-02-17T15:26:46","guid":{"rendered":"http:\/\/www.freundschaft-mit-valjevo.de\/wordpress\/?p=1664"},"modified":"2019-02-18T10:33:53","modified_gmt":"2019-02-18T10:33:53","slug":"hilfsguetertransport-aus-pfaffenhofen-nach-valjevo","status":"publish","type":"post","link":"https:\/\/www.freundschaft-mit-valjevo.de\/wordpress\/hilfsguetertransport-aus-pfaffenhofen-nach-valjevo\/","title":{"rendered":"Hilfsg\u00fctertransport aus Pfaffenhofen nach Valjevo"},"content":{"rendered":"\n<h2 class=\"wp-block-heading\" style=\"text-align:center\"><strong>20 Jahre nach dem Krieg ist Serbien ein bitterarmes Land<\/strong><\/h2>\n\n\n\n<figure class=\"wp-block-image\"><img loading=\"lazy\" decoding=\"async\" width=\"1280\" height=\"960\" src=\"https:\/\/i0.wp.com\/www.freundschaft-mit-valjevo.de\/wordpress\/wp-content\/uploads\/2019\/02\/p.jpg?fit=700%2C525\" alt=\"\" class=\"wp-image-1666\" srcset=\"https:\/\/www.freundschaft-mit-valjevo.de\/wordpress\/wp-content\/uploads\/2019\/02\/p.jpg 1280w, https:\/\/www.freundschaft-mit-valjevo.de\/wordpress\/wp-content\/uploads\/2019\/02\/p-300x225.jpg 300w, https:\/\/www.freundschaft-mit-valjevo.de\/wordpress\/wp-content\/uploads\/2019\/02\/p-768x576.jpg 768w, https:\/\/www.freundschaft-mit-valjevo.de\/wordpress\/wp-content\/uploads\/2019\/02\/p-700x525.jpg 700w\" sizes=\"auto, (max-width: 1280px) 100vw, 1280px\" \/><\/figure>\n\n\n\n<p>Einen Sattelzug mit Hilfsg\u00fctern aus Pfaffenhofen wird unser Verein in der letzten Februarwoche in die serbische Stadt Valjevo zu bringen. Frau Bojana Vukotic, die dort an einer Grundschule Deutsch unterrichtet und ihr Direktor hatten uns in einem Schreiben um Schulm\u00f6bel, Computer, Sportger\u00e4te f\u00fcr den Turnsaal, B\u00fccher und Zeitschriften f\u00fcr den Unterricht in Deutsch und Englisch gebeten. Knapp 20 Jahre liegt der Krieg der Nato gegen die Bundesrepublik Jugoslawien\u00a0zur\u00fcck. Er begann am 24. M\u00e4rz 1999 mit der massiven Bombardierung von Belgrad und weiterer serbischer St\u00e4dte. Gr\u00f6\u00dfere Teile unserer Bev\u00f6lkerung waren damals damit nicht einverstanden. In Pfaffenhofen erschien in unserer Lokalzeitung, dem Pfaffenhofener Kurier\u201c ein Appell von \u00fcber 100 B\u00fcrgern, die Bombardierungen zu beenden und zum Verhandlungstisch zur\u00fcckzukehren. Unterzeichnet war der Appell, der als einziger dieser Art in Deutschland die Unterschrift eines 1. B\u00fcrgermeister tr\u00e4gt, u.a. vom damaligen B\u00fcrgermeister Hans Prechter (CSU), SPD Fraktionsvorsitzenden Klaus Herber und weitere Stadtr\u00e4ten seiner Fraktion wie Erika Thalmeier, Reinhard Haiplick (\u00d6DP) und Roland D\u00f6rfler Gr\u00fcne). Wenige Monate nach Beendigung des Krieges, am 4. Oktober 1999, konnten wir bereits mit unseren ersten Hilfstransport aus Pfaffenhofen Medikamente, medizinisches Ger\u00e4t, Lebensmittel und Kleidung in die stark bombardierte serbische Stadt bringen. \u00a0<\/p>\n\n\n\n<figure class=\"wp-block-image\"><img loading=\"lazy\" decoding=\"async\" width=\"1280\" height=\"960\" src=\"https:\/\/i1.wp.com\/www.freundschaft-mit-valjevo.de\/wordpress\/wp-content\/uploads\/2019\/02\/i.jpg?fit=700%2C525\" alt=\"\" class=\"wp-image-1667\" srcset=\"https:\/\/www.freundschaft-mit-valjevo.de\/wordpress\/wp-content\/uploads\/2019\/02\/i.jpg 1280w, https:\/\/www.freundschaft-mit-valjevo.de\/wordpress\/wp-content\/uploads\/2019\/02\/i-300x225.jpg 300w, https:\/\/www.freundschaft-mit-valjevo.de\/wordpress\/wp-content\/uploads\/2019\/02\/i-768x576.jpg 768w, https:\/\/www.freundschaft-mit-valjevo.de\/wordpress\/wp-content\/uploads\/2019\/02\/i-700x525.jpg 700w\" sizes=\"auto, (max-width: 1280px) 100vw, 1280px\" \/><\/figure>\n\n\n\n<p>Einen solchen Transport stellen wir in diesen Tagen erneut zusammen. Die G\u00fcter sind f\u00fcr verschiedene Einrichtungen, darunter f\u00fcr eine Grundschule in Valjevo mit 650 Kindern bestimmt, an der Bojana Vukotic unterrichtet. Die junge Frau hatte sich nach einem einw\u00f6chigen Besuch mit einer Sch\u00fclergruppe in Pfaffenhofen vor einigen Jahren entschlossen, Deutschlehrerin zu werden. In Serbien gehen alle Kinder 8 Jahre gemeinsam in die Grundschule, danach erst folgen Gymnasium oder andere berufsorientierende Schulen. Wichtiger Teil der Ladung werden neben neu gekauften Sportger\u00e4ten auch Schulm\u00f6bel sein, die die Grundschule Niederscheyern uns zur Verf\u00fcgung gestellt hat.\u00a0<\/p>\n\n\n\n<figure class=\"wp-block-image\"><img loading=\"lazy\" decoding=\"async\" width=\"960\" height=\"720\" src=\"https:\/\/i2.wp.com\/www.freundschaft-mit-valjevo.de\/wordpress\/wp-content\/uploads\/2019\/02\/49133140_10216436576178570_1350938759880769536_n.jpg?fit=700%2C525\" alt=\"\" class=\"wp-image-1668\" srcset=\"https:\/\/www.freundschaft-mit-valjevo.de\/wordpress\/wp-content\/uploads\/2019\/02\/49133140_10216436576178570_1350938759880769536_n.jpg 960w, https:\/\/www.freundschaft-mit-valjevo.de\/wordpress\/wp-content\/uploads\/2019\/02\/49133140_10216436576178570_1350938759880769536_n-300x225.jpg 300w, https:\/\/www.freundschaft-mit-valjevo.de\/wordpress\/wp-content\/uploads\/2019\/02\/49133140_10216436576178570_1350938759880769536_n-768x576.jpg 768w, https:\/\/www.freundschaft-mit-valjevo.de\/wordpress\/wp-content\/uploads\/2019\/02\/49133140_10216436576178570_1350938759880769536_n-700x525.jpg 700w\" sizes=\"auto, (max-width: 960px) 100vw, 960px\" \/><\/figure>\n\n\n\n<p>Serbien hat sich vom Zerfall Jugoslawiens, langj\u00e4hrigen Wirtschaftsanktionen ab 1992 und den Folgen der schweren 78 Tage w\u00e4hrenden Bombardierungen durch die Nato 1999 bis heute nicht wieder erholt. Damals wurden gro\u00dfe Teile seiner Infrastruktur und Industrie, so u.a. seine Fahrzeugindustrie in Kragujevac, seine Petrochemie und \u00d6lraffinerien in Pancevo und Novi Sad, seine Elektrizit\u00e4tswirtschaft und zahlreiche weitere Betriebe stark besch\u00e4digt bzw. v\u00f6llig zerst\u00f6rt. Die Sch\u00e4den durch die Bomben betrugen mehr als 30 Mrd. Dollar. Eine Entsch\u00e4digung hat das Land nie erhalten, die verantwortlichen Politiker und Milit\u00e4rs f\u00fcr diesen v\u00f6lkerrechtswidigen Angriffskrieg wurden bis heute nicht zur Rechenschaft gezogen.\u00a0<\/p>\n\n\n\n<figure class=\"wp-block-image\"><img loading=\"lazy\" decoding=\"async\" width=\"960\" height=\"576\" src=\"https:\/\/i2.wp.com\/www.freundschaft-mit-valjevo.de\/wordpress\/wp-content\/uploads\/2019\/02\/17904491_1372339189527178_5294504042976744341_n.jpg?fit=700%2C420\" alt=\"\" class=\"wp-image-1669\" srcset=\"https:\/\/www.freundschaft-mit-valjevo.de\/wordpress\/wp-content\/uploads\/2019\/02\/17904491_1372339189527178_5294504042976744341_n.jpg 960w, https:\/\/www.freundschaft-mit-valjevo.de\/wordpress\/wp-content\/uploads\/2019\/02\/17904491_1372339189527178_5294504042976744341_n-300x180.jpg 300w, https:\/\/www.freundschaft-mit-valjevo.de\/wordpress\/wp-content\/uploads\/2019\/02\/17904491_1372339189527178_5294504042976744341_n-768x461.jpg 768w, https:\/\/www.freundschaft-mit-valjevo.de\/wordpress\/wp-content\/uploads\/2019\/02\/17904491_1372339189527178_5294504042976744341_n-700x420.jpg 700w\" sizes=\"auto, (max-width: 960px) 100vw, 960px\" \/><\/figure>\n\n\n\n<p>Heute z\u00e4hlt Serbien zu den \u00e4rmsten L\u00e4ndern Euroas. Das Durchschnittsgehalt betr\u00e4gt netto 390 EUR, der Gro\u00dfteil der Besch\u00e4ftigten bezieht nur das Mindesteinkommen von 215 EUR. Dementsprechend schwierig ist die Lage auch an den dortigen Schulen.&nbsp;<\/p>\n","protected":false},"excerpt":{"rendered":"<p>20 Jahre nach dem Krieg ist Serbien ein bitterarmes Land Einen Sattelzug mit Hilfsg\u00fctern aus Pfaffenhofen wird unser Verein in der letzten Februarwoche in die&#8230;<\/p>\n<div class=\"more-link-wrapper\"><a class=\"more-link\" href=\"https:\/\/www.freundschaft-mit-valjevo.de\/wordpress\/hilfsguetertransport-aus-pfaffenhofen-nach-valjevo\/\">Weiterlesen<span class=\"screen-reader-text\">Hilfsg\u00fctertransport aus Pfaffenhofen nach Valjevo<\/span><\/a><\/div>\n","protected":false},"author":2,"featured_media":1665,"comment_status":"closed","ping_status":"closed","sticky":false,"template":"","format":"standard","meta":{"footnotes":""},"categories":[1],"tags":[60,15,50],"class_list":["post-1664","post","type-post","status-publish","format-standard","has-post-thumbnail","hentry","category-allgemein","tag-humanitare-hilfe","tag-serbien","tag-valjevo","entry"],"yoast_head":"<!-- This site is optimized with the Yoast SEO plugin v27.4 - https:\/\/yoast.com\/product\/yoast-seo-wordpress\/ -->\n<title>Hilfsg\u00fctertransport aus Pfaffenhofen nach Valjevo - Freundschaft mit Valjevo e.V.<\/title>\n<meta name=\"robots\" content=\"index, follow, max-snippet:-1, max-image-preview:large, max-video-preview:-1\" \/>\n<link rel=\"canonical\" href=\"https:\/\/www.freundschaft-mit-valjevo.de\/wordpress\/hilfsguetertransport-aus-pfaffenhofen-nach-valjevo\/\" \/>\n<meta property=\"og:locale\" content=\"de_DE\" \/>\n<meta property=\"og:type\" content=\"article\" \/>\n<meta property=\"og:title\" content=\"Hilfsg\u00fctertransport aus Pfaffenhofen nach Valjevo - Freundschaft mit Valjevo e.V.\" \/>\n<meta property=\"og:description\" content=\"20 Jahre nach dem Krieg ist Serbien ein bitterarmes Land Einen Sattelzug mit Hilfsg\u00fctern aus Pfaffenhofen wird unser Verein in der letzten Februarwoche in die&#8230;\" \/>\n<meta property=\"og:url\" content=\"https:\/\/www.freundschaft-mit-valjevo.de\/wordpress\/hilfsguetertransport-aus-pfaffenhofen-nach-valjevo\/\" \/>\n<meta property=\"og:site_name\" content=\"Freundschaft mit Valjevo e.V.\" \/>\n<meta property=\"article:published_time\" content=\"2019-02-17T15:26:46+00:00\" \/>\n<meta property=\"article:modified_time\" content=\"2019-02-18T10:33:53+00:00\" \/>\n<meta property=\"og:image\" content=\"https:\/\/www.freundschaft-mit-valjevo.de\/wordpress\/wp-content\/uploads\/2019\/02\/viber-image.jpg\" \/>\n\t<meta property=\"og:image:width\" content=\"1280\" \/>\n\t<meta property=\"og:image:height\" content=\"960\" \/>\n\t<meta property=\"og:image:type\" content=\"image\/jpeg\" \/>\n<meta name=\"author\" content=\"admin-z\" \/>\n<meta name=\"twitter:card\" content=\"summary_large_image\" \/>\n<meta name=\"twitter:label1\" content=\"Verfasst von\" \/>\n\t<meta name=\"twitter:data1\" content=\"admin-z\" \/>\n\t<meta name=\"twitter:label2\" content=\"Gesch\u00e4tzte Lesezeit\" \/>\n\t<meta name=\"twitter:data2\" content=\"2\u00a0Minuten\" \/>\n<script type=\"application\/ld+json\" class=\"yoast-schema-graph\">{\"@context\":\"https:\\\/\\\/schema.org\",\"@graph\":[{\"@type\":\"Article\",\"@id\":\"https:\\\/\\\/www.freundschaft-mit-valjevo.de\\\/wordpress\\\/hilfsguetertransport-aus-pfaffenhofen-nach-valjevo\\\/#article\",\"isPartOf\":{\"@id\":\"https:\\\/\\\/www.freundschaft-mit-valjevo.de\\\/wordpress\\\/hilfsguetertransport-aus-pfaffenhofen-nach-valjevo\\\/\"},\"author\":{\"name\":\"admin-z\",\"@id\":\"https:\\\/\\\/www.freundschaft-mit-valjevo.de\\\/wordpress\\\/#\\\/schema\\\/person\\\/4fbd0cc7a0227a72529b76aeed6571e4\"},\"headline\":\"Hilfsg\u00fctertransport aus Pfaffenhofen nach Valjevo\",\"datePublished\":\"2019-02-17T15:26:46+00:00\",\"dateModified\":\"2019-02-18T10:33:53+00:00\",\"mainEntityOfPage\":{\"@id\":\"https:\\\/\\\/www.freundschaft-mit-valjevo.de\\\/wordpress\\\/hilfsguetertransport-aus-pfaffenhofen-nach-valjevo\\\/\"},\"wordCount\":463,\"image\":{\"@id\":\"https:\\\/\\\/www.freundschaft-mit-valjevo.de\\\/wordpress\\\/hilfsguetertransport-aus-pfaffenhofen-nach-valjevo\\\/#primaryimage\"},\"thumbnailUrl\":\"https:\\\/\\\/www.freundschaft-mit-valjevo.de\\\/wordpress\\\/wp-content\\\/uploads\\\/2019\\\/02\\\/viber-image.jpg\",\"keywords\":[\"Humanit\u00e4re Hilfe\",\"Serbien\",\"Valjevo\"],\"inLanguage\":\"de\"},{\"@type\":\"WebPage\",\"@id\":\"https:\\\/\\\/www.freundschaft-mit-valjevo.de\\\/wordpress\\\/hilfsguetertransport-aus-pfaffenhofen-nach-valjevo\\\/\",\"url\":\"https:\\\/\\\/www.freundschaft-mit-valjevo.de\\\/wordpress\\\/hilfsguetertransport-aus-pfaffenhofen-nach-valjevo\\\/\",\"name\":\"Hilfsg\u00fctertransport aus Pfaffenhofen nach Valjevo - Freundschaft mit Valjevo e.V.\",\"isPartOf\":{\"@id\":\"https:\\\/\\\/www.freundschaft-mit-valjevo.de\\\/wordpress\\\/#website\"},\"primaryImageOfPage\":{\"@id\":\"https:\\\/\\\/www.freundschaft-mit-valjevo.de\\\/wordpress\\\/hilfsguetertransport-aus-pfaffenhofen-nach-valjevo\\\/#primaryimage\"},\"image\":{\"@id\":\"https:\\\/\\\/www.freundschaft-mit-valjevo.de\\\/wordpress\\\/hilfsguetertransport-aus-pfaffenhofen-nach-valjevo\\\/#primaryimage\"},\"thumbnailUrl\":\"https:\\\/\\\/www.freundschaft-mit-valjevo.de\\\/wordpress\\\/wp-content\\\/uploads\\\/2019\\\/02\\\/viber-image.jpg\",\"datePublished\":\"2019-02-17T15:26:46+00:00\",\"dateModified\":\"2019-02-18T10:33:53+00:00\",\"author\":{\"@id\":\"https:\\\/\\\/www.freundschaft-mit-valjevo.de\\\/wordpress\\\/#\\\/schema\\\/person\\\/4fbd0cc7a0227a72529b76aeed6571e4\"},\"breadcrumb\":{\"@id\":\"https:\\\/\\\/www.freundschaft-mit-valjevo.de\\\/wordpress\\\/hilfsguetertransport-aus-pfaffenhofen-nach-valjevo\\\/#breadcrumb\"},\"inLanguage\":\"de\",\"potentialAction\":[{\"@type\":\"ReadAction\",\"target\":[\"https:\\\/\\\/www.freundschaft-mit-valjevo.de\\\/wordpress\\\/hilfsguetertransport-aus-pfaffenhofen-nach-valjevo\\\/\"]}]},{\"@type\":\"ImageObject\",\"inLanguage\":\"de\",\"@id\":\"https:\\\/\\\/www.freundschaft-mit-valjevo.de\\\/wordpress\\\/hilfsguetertransport-aus-pfaffenhofen-nach-valjevo\\\/#primaryimage\",\"url\":\"https:\\\/\\\/www.freundschaft-mit-valjevo.de\\\/wordpress\\\/wp-content\\\/uploads\\\/2019\\\/02\\\/viber-image.jpg\",\"contentUrl\":\"https:\\\/\\\/www.freundschaft-mit-valjevo.de\\\/wordpress\\\/wp-content\\\/uploads\\\/2019\\\/02\\\/viber-image.jpg\",\"width\":1280,\"height\":960},{\"@type\":\"BreadcrumbList\",\"@id\":\"https:\\\/\\\/www.freundschaft-mit-valjevo.de\\\/wordpress\\\/hilfsguetertransport-aus-pfaffenhofen-nach-valjevo\\\/#breadcrumb\",\"itemListElement\":[{\"@type\":\"ListItem\",\"position\":1,\"name\":\"Startseite\",\"item\":\"https:\\\/\\\/www.freundschaft-mit-valjevo.de\\\/wordpress\\\/\"},{\"@type\":\"ListItem\",\"position\":2,\"name\":\"Hilfsg\u00fctertransport aus Pfaffenhofen nach Valjevo\"}]},{\"@type\":\"WebSite\",\"@id\":\"https:\\\/\\\/www.freundschaft-mit-valjevo.de\\\/wordpress\\\/#website\",\"url\":\"https:\\\/\\\/www.freundschaft-mit-valjevo.de\\\/wordpress\\\/\",\"name\":\"Freundschaft mit Valjevo e.V.\",\"description\":\"F\u00fcr Frieden, Freundschaft und V\u00f6lkerverst\u00e4ndigung\",\"potentialAction\":[{\"@type\":\"SearchAction\",\"target\":{\"@type\":\"EntryPoint\",\"urlTemplate\":\"https:\\\/\\\/www.freundschaft-mit-valjevo.de\\\/wordpress\\\/?s={search_term_string}\"},\"query-input\":{\"@type\":\"PropertyValueSpecification\",\"valueRequired\":true,\"valueName\":\"search_term_string\"}}],\"inLanguage\":\"de\"},{\"@type\":\"Person\",\"@id\":\"https:\\\/\\\/www.freundschaft-mit-valjevo.de\\\/wordpress\\\/#\\\/schema\\\/person\\\/4fbd0cc7a0227a72529b76aeed6571e4\",\"name\":\"admin-z\",\"image\":{\"@type\":\"ImageObject\",\"inLanguage\":\"de\",\"@id\":\"https:\\\/\\\/secure.gravatar.com\\\/avatar\\\/e180e5c39bf8c56d773eb854294072b2fec4a0a0f052f70a3cdaf696f943716d?s=96&d=mm&r=g\",\"url\":\"https:\\\/\\\/secure.gravatar.com\\\/avatar\\\/e180e5c39bf8c56d773eb854294072b2fec4a0a0f052f70a3cdaf696f943716d?s=96&d=mm&r=g\",\"contentUrl\":\"https:\\\/\\\/secure.gravatar.com\\\/avatar\\\/e180e5c39bf8c56d773eb854294072b2fec4a0a0f052f70a3cdaf696f943716d?s=96&d=mm&r=g\",\"caption\":\"admin-z\"}}]}<\/script>\n<!-- \/ Yoast SEO plugin. -->","yoast_head_json":{"title":"Hilfsg\u00fctertransport aus Pfaffenhofen nach Valjevo - Freundschaft mit Valjevo e.V.","robots":{"index":"index","follow":"follow","max-snippet":"max-snippet:-1","max-image-preview":"max-image-preview:large","max-video-preview":"max-video-preview:-1"},"canonical":"https:\/\/www.freundschaft-mit-valjevo.de\/wordpress\/hilfsguetertransport-aus-pfaffenhofen-nach-valjevo\/","og_locale":"de_DE","og_type":"article","og_title":"Hilfsg\u00fctertransport aus Pfaffenhofen nach Valjevo - Freundschaft mit Valjevo e.V.","og_description":"20 Jahre nach dem Krieg ist Serbien ein bitterarmes Land Einen Sattelzug mit Hilfsg\u00fctern aus Pfaffenhofen wird unser Verein in der letzten Februarwoche in die&#8230;","og_url":"https:\/\/www.freundschaft-mit-valjevo.de\/wordpress\/hilfsguetertransport-aus-pfaffenhofen-nach-valjevo\/","og_site_name":"Freundschaft mit Valjevo e.V.","article_published_time":"2019-02-17T15:26:46+00:00","article_modified_time":"2019-02-18T10:33:53+00:00","og_image":[{"width":1280,"height":960,"url":"https:\/\/www.freundschaft-mit-valjevo.de\/wordpress\/wp-content\/uploads\/2019\/02\/viber-image.jpg","type":"image\/jpeg"}],"author":"admin-z","twitter_card":"summary_large_image","twitter_misc":{"Verfasst von":"admin-z","Gesch\u00e4tzte Lesezeit":"2\u00a0Minuten"},"schema":{"@context":"https:\/\/schema.org","@graph":[{"@type":"Article","@id":"https:\/\/www.freundschaft-mit-valjevo.de\/wordpress\/hilfsguetertransport-aus-pfaffenhofen-nach-valjevo\/#article","isPartOf":{"@id":"https:\/\/www.freundschaft-mit-valjevo.de\/wordpress\/hilfsguetertransport-aus-pfaffenhofen-nach-valjevo\/"},"author":{"name":"admin-z","@id":"https:\/\/www.freundschaft-mit-valjevo.de\/wordpress\/#\/schema\/person\/4fbd0cc7a0227a72529b76aeed6571e4"},"headline":"Hilfsg\u00fctertransport aus Pfaffenhofen nach Valjevo","datePublished":"2019-02-17T15:26:46+00:00","dateModified":"2019-02-18T10:33:53+00:00","mainEntityOfPage":{"@id":"https:\/\/www.freundschaft-mit-valjevo.de\/wordpress\/hilfsguetertransport-aus-pfaffenhofen-nach-valjevo\/"},"wordCount":463,"image":{"@id":"https:\/\/www.freundschaft-mit-valjevo.de\/wordpress\/hilfsguetertransport-aus-pfaffenhofen-nach-valjevo\/#primaryimage"},"thumbnailUrl":"https:\/\/www.freundschaft-mit-valjevo.de\/wordpress\/wp-content\/uploads\/2019\/02\/viber-image.jpg","keywords":["Humanit\u00e4re Hilfe","Serbien","Valjevo"],"inLanguage":"de"},{"@type":"WebPage","@id":"https:\/\/www.freundschaft-mit-valjevo.de\/wordpress\/hilfsguetertransport-aus-pfaffenhofen-nach-valjevo\/","url":"https:\/\/www.freundschaft-mit-valjevo.de\/wordpress\/hilfsguetertransport-aus-pfaffenhofen-nach-valjevo\/","name":"Hilfsg\u00fctertransport aus Pfaffenhofen nach Valjevo - Freundschaft mit Valjevo e.V.","isPartOf":{"@id":"https:\/\/www.freundschaft-mit-valjevo.de\/wordpress\/#website"},"primaryImageOfPage":{"@id":"https:\/\/www.freundschaft-mit-valjevo.de\/wordpress\/hilfsguetertransport-aus-pfaffenhofen-nach-valjevo\/#primaryimage"},"image":{"@id":"https:\/\/www.freundschaft-mit-valjevo.de\/wordpress\/hilfsguetertransport-aus-pfaffenhofen-nach-valjevo\/#primaryimage"},"thumbnailUrl":"https:\/\/www.freundschaft-mit-valjevo.de\/wordpress\/wp-content\/uploads\/2019\/02\/viber-image.jpg","datePublished":"2019-02-17T15:26:46+00:00","dateModified":"2019-02-18T10:33:53+00:00","author":{"@id":"https:\/\/www.freundschaft-mit-valjevo.de\/wordpress\/#\/schema\/person\/4fbd0cc7a0227a72529b76aeed6571e4"},"breadcrumb":{"@id":"https:\/\/www.freundschaft-mit-valjevo.de\/wordpress\/hilfsguetertransport-aus-pfaffenhofen-nach-valjevo\/#breadcrumb"},"inLanguage":"de","potentialAction":[{"@type":"ReadAction","target":["https:\/\/www.freundschaft-mit-valjevo.de\/wordpress\/hilfsguetertransport-aus-pfaffenhofen-nach-valjevo\/"]}]},{"@type":"ImageObject","inLanguage":"de","@id":"https:\/\/www.freundschaft-mit-valjevo.de\/wordpress\/hilfsguetertransport-aus-pfaffenhofen-nach-valjevo\/#primaryimage","url":"https:\/\/www.freundschaft-mit-valjevo.de\/wordpress\/wp-content\/uploads\/2019\/02\/viber-image.jpg","contentUrl":"https:\/\/www.freundschaft-mit-valjevo.de\/wordpress\/wp-content\/uploads\/2019\/02\/viber-image.jpg","width":1280,"height":960},{"@type":"BreadcrumbList","@id":"https:\/\/www.freundschaft-mit-valjevo.de\/wordpress\/hilfsguetertransport-aus-pfaffenhofen-nach-valjevo\/#breadcrumb","itemListElement":[{"@type":"ListItem","position":1,"name":"Startseite","item":"https:\/\/www.freundschaft-mit-valjevo.de\/wordpress\/"},{"@type":"ListItem","position":2,"name":"Hilfsg\u00fctertransport aus Pfaffenhofen nach Valjevo"}]},{"@type":"WebSite","@id":"https:\/\/www.freundschaft-mit-valjevo.de\/wordpress\/#website","url":"https:\/\/www.freundschaft-mit-valjevo.de\/wordpress\/","name":"Freundschaft mit Valjevo e.V.","description":"F\u00fcr Frieden, Freundschaft und V\u00f6lkerverst\u00e4ndigung","potentialAction":[{"@type":"SearchAction","target":{"@type":"EntryPoint","urlTemplate":"https:\/\/www.freundschaft-mit-valjevo.de\/wordpress\/?s={search_term_string}"},"query-input":{"@type":"PropertyValueSpecification","valueRequired":true,"valueName":"search_term_string"}}],"inLanguage":"de"},{"@type":"Person","@id":"https:\/\/www.freundschaft-mit-valjevo.de\/wordpress\/#\/schema\/person\/4fbd0cc7a0227a72529b76aeed6571e4","name":"admin-z","image":{"@type":"ImageObject","inLanguage":"de","@id":"https:\/\/secure.gravatar.com\/avatar\/e180e5c39bf8c56d773eb854294072b2fec4a0a0f052f70a3cdaf696f943716d?s=96&d=mm&r=g","url":"https:\/\/secure.gravatar.com\/avatar\/e180e5c39bf8c56d773eb854294072b2fec4a0a0f052f70a3cdaf696f943716d?s=96&d=mm&r=g","contentUrl":"https:\/\/secure.gravatar.com\/avatar\/e180e5c39bf8c56d773eb854294072b2fec4a0a0f052f70a3cdaf696f943716d?s=96&d=mm&r=g","caption":"admin-z"}}]}},"_links":{"self":[{"href":"https:\/\/www.freundschaft-mit-valjevo.de\/wordpress\/wp-json\/wp\/v2\/posts\/1664","targetHints":{"allow":["GET"]}}],"collection":[{"href":"https:\/\/www.freundschaft-mit-valjevo.de\/wordpress\/wp-json\/wp\/v2\/posts"}],"about":[{"href":"https:\/\/www.freundschaft-mit-valjevo.de\/wordpress\/wp-json\/wp\/v2\/types\/post"}],"author":[{"embeddable":true,"href":"https:\/\/www.freundschaft-mit-valjevo.de\/wordpress\/wp-json\/wp\/v2\/users\/2"}],"replies":[{"embeddable":true,"href":"https:\/\/www.freundschaft-mit-valjevo.de\/wordpress\/wp-json\/wp\/v2\/comments?post=1664"}],"version-history":[{"count":2,"href":"https:\/\/www.freundschaft-mit-valjevo.de\/wordpress\/wp-json\/wp\/v2\/posts\/1664\/revisions"}],"predecessor-version":[{"id":1677,"href":"https:\/\/www.freundschaft-mit-valjevo.de\/wordpress\/wp-json\/wp\/v2\/posts\/1664\/revisions\/1677"}],"wp:featuredmedia":[{"embeddable":true,"href":"https:\/\/www.freundschaft-mit-valjevo.de\/wordpress\/wp-json\/wp\/v2\/media\/1665"}],"wp:attachment":[{"href":"https:\/\/www.freundschaft-mit-valjevo.de\/wordpress\/wp-json\/wp\/v2\/media?parent=1664"}],"wp:term":[{"taxonomy":"category","embeddable":true,"href":"https:\/\/www.freundschaft-mit-valjevo.de\/wordpress\/wp-json\/wp\/v2\/categories?post=1664"},{"taxonomy":"post_tag","embeddable":true,"href":"https:\/\/www.freundschaft-mit-valjevo.de\/wordpress\/wp-json\/wp\/v2\/tags?post=1664"}],"curies":[{"name":"wp","href":"https:\/\/api.w.org\/{rel}","templated":true}]}}