{"id":1930,"date":"2021-04-25T13:18:05","date_gmt":"2021-04-25T13:18:05","guid":{"rendered":"http:\/\/www.freundschaft-mit-valjevo.de\/wordpress\/?p=1930"},"modified":"2021-08-26T07:12:10","modified_gmt":"2021-08-26T07:12:10","slug":"syrien-und-seine-bevoelkerung-versinken-im-elend","status":"publish","type":"post","link":"https:\/\/www.freundschaft-mit-valjevo.de\/wordpress\/syrien-und-seine-bevoelkerung-versinken-im-elend\/","title":{"rendered":"Syrien und seine Bev\u00f6lkerung versinken im Elend"},"content":{"rendered":"\n<p><strong>Italienisches Krankenhaus braucht neuen Computertomographen<\/strong><\/p>\n\n\n\n<p>In Syrien haben Not und Elend in den letzten Monaten weiter zugenommen. Seit Mitte Februar melden die syrischen Krankenh\u00e4user zudem einen starken an Covid-Patienten. F\u00fcr Bundesregierung und EU ist das Leid der syrischen Bev\u00f6lkerung kein Grund, ihre zutiefst unmenschlichen Sanktionen gegen das Land aufzuheben.&nbsp;<\/p>\n\n\n\n<p>Nach 10 Jahren Krieg und Zerst\u00f6rungen sind nur noch knapp die H\u00e4lfte der syrischen Krankenh\u00e4user vollst\u00e4ndig im Betrieb. Es fehlt es an medizinischen Ger\u00e4ten und Schutzausr\u00fcstung, Medikamenten, \u00c4rzten und Pflegepersonal. Ein gro\u00dfer Teil der Bev\u00f6lkerung, insbesondere die Millionen Binnenfl\u00fcchtlinge, sind gezwungen, in unhygienischen Unterk\u00fcnften auf engen Raum zu leben und k\u00f6nnen sich nur unzureichend ern\u00e4hren. US-Truppen haben mit ihren Verb\u00fcndeten die Kontrolle \u00fcber die Kornkammern des Landes in den Provinzen nord\u00f6stlich des Euphrat \u00fcbernommen, in denen sich auch die wichtigsten syrischen \u00d6lfelder und Erdgasvorkommen befinden. Ihre offen erkl\u00e4rtes Ziel ist das Aushungern des Landes und die Verhinderung jeglichen Wiederaufbaues. Infolgedessen haben sich die Lebensmittelpreise in den letzten 12 Monaten mehr als verdoppelt. \u00dcber 80% der Syrer leben unterhalb der Armutsgrenze und die meisten Familien wissen nicht mehr, ob sie morgen noch gen\u00fcgend zu essen haben werden. Das sind ideale Bedingungen f\u00fcr die Verbreitung von&nbsp; Infektionskrankheiten wie Covid-19.&nbsp;<\/p>\n\n\n\n<figure class=\"wp-block-image\"><img loading=\"lazy\" decoding=\"async\" width=\"1023\" height=\"721\" src=\"https:\/\/i2.wp.com\/www.freundschaft-mit-valjevo.de\/wordpress\/wp-content\/uploads\/2021\/04\/Kinder-suchen-nach-Essbaren.jpg?fit=700%2C493\" alt=\"\" class=\"wp-image-1931\" srcset=\"https:\/\/www.freundschaft-mit-valjevo.de\/wordpress\/wp-content\/uploads\/2021\/04\/Kinder-suchen-nach-Essbaren.jpg 1023w, https:\/\/www.freundschaft-mit-valjevo.de\/wordpress\/wp-content\/uploads\/2021\/04\/Kinder-suchen-nach-Essbaren-300x211.jpg 300w, https:\/\/www.freundschaft-mit-valjevo.de\/wordpress\/wp-content\/uploads\/2021\/04\/Kinder-suchen-nach-Essbaren-768x541.jpg 768w, https:\/\/www.freundschaft-mit-valjevo.de\/wordpress\/wp-content\/uploads\/2021\/04\/Kinder-suchen-nach-Essbaren-700x493.jpg 700w\" sizes=\"auto, (max-width: 1023px) 100vw, 1023px\" \/><figcaption>Kinder suchen in einer M\u00fclltonne nach Essbaren<\/figcaption><\/figure>\n\n\n\n<p>Eindringlich hat das Mitglied des Krisenstabes Medizinprofessor Dr. Murhof Hamdeh vor kurzem die syrische Bev\u00f6lkerung darauf hingewiesen, dass die Krankenh\u00e4user \u00fcberf\u00fcllt sind und nur noch schwere F\u00e4lle aufnehmen k\u00f6nnen. Kranke sollten sich zuhause behandeln lassen und sich dort in Ruhe auskurieren. Diese Ratschl\u00e4ge k\u00f6nnen viele Syrer schwerlich befolgen: Sie sind gezwungen, jeden Tag erneut auf dem Markt oder den Feldern Arbeit zu finden, um sich und ihre Familien zu ern\u00e4hren. Vor den Verteilungsstellen m\u00fcssen sie angesichts der gro\u00dfen Versorgungsprobleme \u00fcber lange Stunden anstehen, um das notwenige Brot oder Kochgas bekommen. F\u00fcr Gesichtsschutz oder gar Medikamente fehlt ihnen jedes Geld. &nbsp; &nbsp;<\/p>\n\n\n\n<p><strong>Wir f\u00fchren unsere humanit\u00e4re Hilfe und Solidarit\u00e4t weiter !&nbsp; &nbsp; &nbsp; &nbsp;<\/strong><\/p>\n\n\n\n<p>In den Wintermonaten konnten wir auch in diesem Jahr wieder mit Spendengeldern die Herstellung von Winterkleidung und ihre Verteilung an Kinder besonders bed\u00fcrftiger Familien veranlassen. Bei der Beauftragung \u00f6rtlicher Schneider und der Organisation der Verteilung vor Ort hat uns die Leitung des Italienischen Krankenhauses unterst\u00fctzt. &nbsp;<\/p>\n\n\n\n<figure class=\"wp-block-image\"><img loading=\"lazy\" decoding=\"async\" width=\"1080\" height=\"1080\" src=\"https:\/\/i1.wp.com\/www.freundschaft-mit-valjevo.de\/wordpress\/wp-content\/uploads\/2021\/04\/Winterkleidung-2021-3.jpg?fit=700%2C700\" alt=\"\" class=\"wp-image-1933\" srcset=\"https:\/\/www.freundschaft-mit-valjevo.de\/wordpress\/wp-content\/uploads\/2021\/04\/Winterkleidung-2021-3.jpg 1080w, https:\/\/www.freundschaft-mit-valjevo.de\/wordpress\/wp-content\/uploads\/2021\/04\/Winterkleidung-2021-3-150x150.jpg 150w, https:\/\/www.freundschaft-mit-valjevo.de\/wordpress\/wp-content\/uploads\/2021\/04\/Winterkleidung-2021-3-300x300.jpg 300w, https:\/\/www.freundschaft-mit-valjevo.de\/wordpress\/wp-content\/uploads\/2021\/04\/Winterkleidung-2021-3-768x768.jpg 768w, https:\/\/www.freundschaft-mit-valjevo.de\/wordpress\/wp-content\/uploads\/2021\/04\/Winterkleidung-2021-3-700x700.jpg 700w\" sizes=\"auto, (max-width: 1080px) 100vw, 1080px\" \/><figcaption><strong>Kinder mit Winterkleidung&nbsp;<\/strong><\/figcaption><\/figure>\n\n\n\n<p>Das Krankenhaus ist in einer sehr kritischen Situation: Selbst in der Hauptstadt Damaskus gibt es nur wenige Stunden am Tag \u00f6ffentlichen Strom. Das Krankenhaus ist deshalb auf Generatoren angewiesen. Der daf\u00fcr erforderliche Diesel ist mittlerweile extrem teuer geworden. In der dieser Notlage ist der wichtige Computertomograph des Krankenhaues nach 15 Jahren Betrieb kaputt gegangen. Seine Patienten m\u00fcssen deshalb f\u00fcr entsprechende Untersuchungen durch die Stadt immer wieder in andere Krankenh\u00e4user gefahren werden. Dort m\u00fcssen die Patienten im Gegensatz zum Italienischen Krankenhaus f\u00fcr diese Leistung bezahlen. Vielen von ihnen fehlt daf\u00fcr das Geld. Leiterin Schwester Tahhan und Chefarzt Dr. Fares haben sich deshalb an uns gewandt und um Unterst\u00fctzung beim Kauf eines Ersatzger\u00e4tes gebeten. In ihrem Brief schreiben sie: \u201eVon Tag zu Tag w\u00e4chst die Armut. St\u00e4ndig sind wir mit dem Elend konfrontiert. Wir f\u00fchlen uns in der Verantwortung und sie verlangt, dass wir an alle T\u00fcren klopfen, um unseren Mitmenschen helfen zu k\u00f6nnen.\u201c&nbsp;<\/p>\n\n\n\n<figure class=\"wp-block-image\"><img loading=\"lazy\" decoding=\"async\" width=\"1079\" height=\"602\" src=\"https:\/\/i1.wp.com\/www.freundschaft-mit-valjevo.de\/wordpress\/wp-content\/uploads\/2021\/04\/Warteschlange-vor-B\u00e4ckerei-Proto3.jpg?fit=700%2C391\" alt=\"\" class=\"wp-image-1934\" srcset=\"https:\/\/www.freundschaft-mit-valjevo.de\/wordpress\/wp-content\/uploads\/2021\/04\/Warteschlange-vor-B\u00e4ckerei-Proto3.jpg 1079w, https:\/\/www.freundschaft-mit-valjevo.de\/wordpress\/wp-content\/uploads\/2021\/04\/Warteschlange-vor-B\u00e4ckerei-Proto3-300x167.jpg 300w, https:\/\/www.freundschaft-mit-valjevo.de\/wordpress\/wp-content\/uploads\/2021\/04\/Warteschlange-vor-B\u00e4ckerei-Proto3-768x428.jpg 768w, https:\/\/www.freundschaft-mit-valjevo.de\/wordpress\/wp-content\/uploads\/2021\/04\/Warteschlange-vor-B\u00e4ckerei-Proto3-700x391.jpg 700w\" sizes=\"auto, (max-width: 1079px) 100vw, 1079px\" \/><figcaption>Warteschlange vor einer B\u00e4ckerei<\/figcaption><\/figure>\n\n\n\n<p>Wer bei der Finanzierung des in der aktuellen Epidemie besonders wichtigen&nbsp; Ersatzcomputertomographen helfen kann und m\u00f6chte, den bitten wir um auf eine Spende auf unser&nbsp;<\/p>\n\n\n\n<p><strong>Konto bei der Sparkasse Pfaffenhofen, Freundschaft mit Valjevo.de,&nbsp; IBAN DE06 7215 1650 0008 0119 91, Stichwort Krankenhaus Damaskus.&nbsp;<\/strong><\/p>\n\n\n\n<p><br><\/p>\n","protected":false},"excerpt":{"rendered":"<p>Italienisches Krankenhaus braucht neuen Computertomographen In Syrien haben Not und Elend in den letzten Monaten weiter zugenommen. Seit Mitte Februar melden die syrischen Krankenh\u00e4user zudem&#8230;<\/p>\n<div class=\"more-link-wrapper\"><a class=\"more-link\" href=\"https:\/\/www.freundschaft-mit-valjevo.de\/wordpress\/syrien-und-seine-bevoelkerung-versinken-im-elend\/\">Weiterlesen<span class=\"screen-reader-text\">Syrien und seine Bev\u00f6lkerung versinken im Elend<\/span><\/a><\/div>\n","protected":false},"author":2,"featured_media":1935,"comment_status":"closed","ping_status":"closed","sticky":false,"template":"","format":"standard","meta":{"footnotes":""},"categories":[1],"tags":[],"class_list":["post-1930","post","type-post","status-publish","format-standard","has-post-thumbnail","hentry","category-allgemein","entry"],"yoast_head":"<!-- This site is optimized with the Yoast SEO plugin v27.4 - https:\/\/yoast.com\/product\/yoast-seo-wordpress\/ -->\n<title>Syrien und seine Bev\u00f6lkerung versinken im Elend - Freundschaft mit Valjevo e.V.<\/title>\n<meta name=\"robots\" content=\"index, follow, max-snippet:-1, max-image-preview:large, max-video-preview:-1\" \/>\n<link rel=\"canonical\" href=\"https:\/\/www.freundschaft-mit-valjevo.de\/wordpress\/syrien-und-seine-bevoelkerung-versinken-im-elend\/\" \/>\n<meta property=\"og:locale\" content=\"de_DE\" \/>\n<meta property=\"og:type\" content=\"article\" \/>\n<meta property=\"og:title\" content=\"Syrien und seine Bev\u00f6lkerung versinken im Elend - Freundschaft mit Valjevo e.V.\" \/>\n<meta property=\"og:description\" content=\"Italienisches Krankenhaus braucht neuen Computertomographen In Syrien haben Not und Elend in den letzten Monaten weiter zugenommen. Seit Mitte Februar melden die syrischen Krankenh\u00e4user zudem&#8230;\" \/>\n<meta property=\"og:url\" content=\"https:\/\/www.freundschaft-mit-valjevo.de\/wordpress\/syrien-und-seine-bevoelkerung-versinken-im-elend\/\" \/>\n<meta property=\"og:site_name\" content=\"Freundschaft mit Valjevo e.V.\" \/>\n<meta property=\"article:published_time\" content=\"2021-04-25T13:18:05+00:00\" \/>\n<meta property=\"article:modified_time\" content=\"2021-08-26T07:12:10+00:00\" \/>\n<meta property=\"og:image\" content=\"https:\/\/www.freundschaft-mit-valjevo.de\/wordpress\/wp-content\/uploads\/2021\/04\/winterkleidung-2021-10.jpg\" \/>\n\t<meta property=\"og:image:width\" content=\"1000\" \/>\n\t<meta property=\"og:image:height\" content=\"1000\" \/>\n\t<meta property=\"og:image:type\" content=\"image\/jpeg\" \/>\n<meta name=\"author\" content=\"admin-z\" \/>\n<meta name=\"twitter:card\" content=\"summary_large_image\" \/>\n<meta name=\"twitter:label1\" content=\"Verfasst von\" \/>\n\t<meta name=\"twitter:data1\" content=\"admin-z\" \/>\n\t<meta name=\"twitter:label2\" content=\"Gesch\u00e4tzte Lesezeit\" \/>\n\t<meta name=\"twitter:data2\" content=\"3\u00a0Minuten\" \/>\n<script type=\"application\/ld+json\" class=\"yoast-schema-graph\">{\"@context\":\"https:\\\/\\\/schema.org\",\"@graph\":[{\"@type\":\"Article\",\"@id\":\"https:\\\/\\\/www.freundschaft-mit-valjevo.de\\\/wordpress\\\/syrien-und-seine-bevoelkerung-versinken-im-elend\\\/#article\",\"isPartOf\":{\"@id\":\"https:\\\/\\\/www.freundschaft-mit-valjevo.de\\\/wordpress\\\/syrien-und-seine-bevoelkerung-versinken-im-elend\\\/\"},\"author\":{\"name\":\"admin-z\",\"@id\":\"https:\\\/\\\/www.freundschaft-mit-valjevo.de\\\/wordpress\\\/#\\\/schema\\\/person\\\/4fbd0cc7a0227a72529b76aeed6571e4\"},\"headline\":\"Syrien und seine Bev\u00f6lkerung versinken im Elend\",\"datePublished\":\"2021-04-25T13:18:05+00:00\",\"dateModified\":\"2021-08-26T07:12:10+00:00\",\"mainEntityOfPage\":{\"@id\":\"https:\\\/\\\/www.freundschaft-mit-valjevo.de\\\/wordpress\\\/syrien-und-seine-bevoelkerung-versinken-im-elend\\\/\"},\"wordCount\":626,\"image\":{\"@id\":\"https:\\\/\\\/www.freundschaft-mit-valjevo.de\\\/wordpress\\\/syrien-und-seine-bevoelkerung-versinken-im-elend\\\/#primaryimage\"},\"thumbnailUrl\":\"https:\\\/\\\/www.freundschaft-mit-valjevo.de\\\/wordpress\\\/wp-content\\\/uploads\\\/2021\\\/04\\\/winterkleidung-2021-10.jpg\",\"inLanguage\":\"de\"},{\"@type\":\"WebPage\",\"@id\":\"https:\\\/\\\/www.freundschaft-mit-valjevo.de\\\/wordpress\\\/syrien-und-seine-bevoelkerung-versinken-im-elend\\\/\",\"url\":\"https:\\\/\\\/www.freundschaft-mit-valjevo.de\\\/wordpress\\\/syrien-und-seine-bevoelkerung-versinken-im-elend\\\/\",\"name\":\"Syrien und seine Bev\u00f6lkerung versinken im Elend - Freundschaft mit Valjevo e.V.\",\"isPartOf\":{\"@id\":\"https:\\\/\\\/www.freundschaft-mit-valjevo.de\\\/wordpress\\\/#website\"},\"primaryImageOfPage\":{\"@id\":\"https:\\\/\\\/www.freundschaft-mit-valjevo.de\\\/wordpress\\\/syrien-und-seine-bevoelkerung-versinken-im-elend\\\/#primaryimage\"},\"image\":{\"@id\":\"https:\\\/\\\/www.freundschaft-mit-valjevo.de\\\/wordpress\\\/syrien-und-seine-bevoelkerung-versinken-im-elend\\\/#primaryimage\"},\"thumbnailUrl\":\"https:\\\/\\\/www.freundschaft-mit-valjevo.de\\\/wordpress\\\/wp-content\\\/uploads\\\/2021\\\/04\\\/winterkleidung-2021-10.jpg\",\"datePublished\":\"2021-04-25T13:18:05+00:00\",\"dateModified\":\"2021-08-26T07:12:10+00:00\",\"author\":{\"@id\":\"https:\\\/\\\/www.freundschaft-mit-valjevo.de\\\/wordpress\\\/#\\\/schema\\\/person\\\/4fbd0cc7a0227a72529b76aeed6571e4\"},\"breadcrumb\":{\"@id\":\"https:\\\/\\\/www.freundschaft-mit-valjevo.de\\\/wordpress\\\/syrien-und-seine-bevoelkerung-versinken-im-elend\\\/#breadcrumb\"},\"inLanguage\":\"de\",\"potentialAction\":[{\"@type\":\"ReadAction\",\"target\":[\"https:\\\/\\\/www.freundschaft-mit-valjevo.de\\\/wordpress\\\/syrien-und-seine-bevoelkerung-versinken-im-elend\\\/\"]}]},{\"@type\":\"ImageObject\",\"inLanguage\":\"de\",\"@id\":\"https:\\\/\\\/www.freundschaft-mit-valjevo.de\\\/wordpress\\\/syrien-und-seine-bevoelkerung-versinken-im-elend\\\/#primaryimage\",\"url\":\"https:\\\/\\\/www.freundschaft-mit-valjevo.de\\\/wordpress\\\/wp-content\\\/uploads\\\/2021\\\/04\\\/winterkleidung-2021-10.jpg\",\"contentUrl\":\"https:\\\/\\\/www.freundschaft-mit-valjevo.de\\\/wordpress\\\/wp-content\\\/uploads\\\/2021\\\/04\\\/winterkleidung-2021-10.jpg\",\"width\":1000,\"height\":1000},{\"@type\":\"BreadcrumbList\",\"@id\":\"https:\\\/\\\/www.freundschaft-mit-valjevo.de\\\/wordpress\\\/syrien-und-seine-bevoelkerung-versinken-im-elend\\\/#breadcrumb\",\"itemListElement\":[{\"@type\":\"ListItem\",\"position\":1,\"name\":\"Startseite\",\"item\":\"https:\\\/\\\/www.freundschaft-mit-valjevo.de\\\/wordpress\\\/\"},{\"@type\":\"ListItem\",\"position\":2,\"name\":\"Syrien und seine Bev\u00f6lkerung versinken im Elend\"}]},{\"@type\":\"WebSite\",\"@id\":\"https:\\\/\\\/www.freundschaft-mit-valjevo.de\\\/wordpress\\\/#website\",\"url\":\"https:\\\/\\\/www.freundschaft-mit-valjevo.de\\\/wordpress\\\/\",\"name\":\"Freundschaft mit Valjevo e.V.\",\"description\":\"F\u00fcr Frieden, Freundschaft und V\u00f6lkerverst\u00e4ndigung\",\"potentialAction\":[{\"@type\":\"SearchAction\",\"target\":{\"@type\":\"EntryPoint\",\"urlTemplate\":\"https:\\\/\\\/www.freundschaft-mit-valjevo.de\\\/wordpress\\\/?s={search_term_string}\"},\"query-input\":{\"@type\":\"PropertyValueSpecification\",\"valueRequired\":true,\"valueName\":\"search_term_string\"}}],\"inLanguage\":\"de\"},{\"@type\":\"Person\",\"@id\":\"https:\\\/\\\/www.freundschaft-mit-valjevo.de\\\/wordpress\\\/#\\\/schema\\\/person\\\/4fbd0cc7a0227a72529b76aeed6571e4\",\"name\":\"admin-z\",\"image\":{\"@type\":\"ImageObject\",\"inLanguage\":\"de\",\"@id\":\"https:\\\/\\\/secure.gravatar.com\\\/avatar\\\/e180e5c39bf8c56d773eb854294072b2fec4a0a0f052f70a3cdaf696f943716d?s=96&d=mm&r=g\",\"url\":\"https:\\\/\\\/secure.gravatar.com\\\/avatar\\\/e180e5c39bf8c56d773eb854294072b2fec4a0a0f052f70a3cdaf696f943716d?s=96&d=mm&r=g\",\"contentUrl\":\"https:\\\/\\\/secure.gravatar.com\\\/avatar\\\/e180e5c39bf8c56d773eb854294072b2fec4a0a0f052f70a3cdaf696f943716d?s=96&d=mm&r=g\",\"caption\":\"admin-z\"}}]}<\/script>\n<!-- \/ Yoast SEO plugin. -->","yoast_head_json":{"title":"Syrien und seine Bev\u00f6lkerung versinken im Elend - Freundschaft mit Valjevo e.V.","robots":{"index":"index","follow":"follow","max-snippet":"max-snippet:-1","max-image-preview":"max-image-preview:large","max-video-preview":"max-video-preview:-1"},"canonical":"https:\/\/www.freundschaft-mit-valjevo.de\/wordpress\/syrien-und-seine-bevoelkerung-versinken-im-elend\/","og_locale":"de_DE","og_type":"article","og_title":"Syrien und seine Bev\u00f6lkerung versinken im Elend - Freundschaft mit Valjevo e.V.","og_description":"Italienisches Krankenhaus braucht neuen Computertomographen In Syrien haben Not und Elend in den letzten Monaten weiter zugenommen. Seit Mitte Februar melden die syrischen Krankenh\u00e4user zudem&#8230;","og_url":"https:\/\/www.freundschaft-mit-valjevo.de\/wordpress\/syrien-und-seine-bevoelkerung-versinken-im-elend\/","og_site_name":"Freundschaft mit Valjevo e.V.","article_published_time":"2021-04-25T13:18:05+00:00","article_modified_time":"2021-08-26T07:12:10+00:00","og_image":[{"width":1000,"height":1000,"url":"https:\/\/www.freundschaft-mit-valjevo.de\/wordpress\/wp-content\/uploads\/2021\/04\/winterkleidung-2021-10.jpg","type":"image\/jpeg"}],"author":"admin-z","twitter_card":"summary_large_image","twitter_misc":{"Verfasst von":"admin-z","Gesch\u00e4tzte Lesezeit":"3\u00a0Minuten"},"schema":{"@context":"https:\/\/schema.org","@graph":[{"@type":"Article","@id":"https:\/\/www.freundschaft-mit-valjevo.de\/wordpress\/syrien-und-seine-bevoelkerung-versinken-im-elend\/#article","isPartOf":{"@id":"https:\/\/www.freundschaft-mit-valjevo.de\/wordpress\/syrien-und-seine-bevoelkerung-versinken-im-elend\/"},"author":{"name":"admin-z","@id":"https:\/\/www.freundschaft-mit-valjevo.de\/wordpress\/#\/schema\/person\/4fbd0cc7a0227a72529b76aeed6571e4"},"headline":"Syrien und seine Bev\u00f6lkerung versinken im Elend","datePublished":"2021-04-25T13:18:05+00:00","dateModified":"2021-08-26T07:12:10+00:00","mainEntityOfPage":{"@id":"https:\/\/www.freundschaft-mit-valjevo.de\/wordpress\/syrien-und-seine-bevoelkerung-versinken-im-elend\/"},"wordCount":626,"image":{"@id":"https:\/\/www.freundschaft-mit-valjevo.de\/wordpress\/syrien-und-seine-bevoelkerung-versinken-im-elend\/#primaryimage"},"thumbnailUrl":"https:\/\/www.freundschaft-mit-valjevo.de\/wordpress\/wp-content\/uploads\/2021\/04\/winterkleidung-2021-10.jpg","inLanguage":"de"},{"@type":"WebPage","@id":"https:\/\/www.freundschaft-mit-valjevo.de\/wordpress\/syrien-und-seine-bevoelkerung-versinken-im-elend\/","url":"https:\/\/www.freundschaft-mit-valjevo.de\/wordpress\/syrien-und-seine-bevoelkerung-versinken-im-elend\/","name":"Syrien und seine Bev\u00f6lkerung versinken im Elend - Freundschaft mit Valjevo e.V.","isPartOf":{"@id":"https:\/\/www.freundschaft-mit-valjevo.de\/wordpress\/#website"},"primaryImageOfPage":{"@id":"https:\/\/www.freundschaft-mit-valjevo.de\/wordpress\/syrien-und-seine-bevoelkerung-versinken-im-elend\/#primaryimage"},"image":{"@id":"https:\/\/www.freundschaft-mit-valjevo.de\/wordpress\/syrien-und-seine-bevoelkerung-versinken-im-elend\/#primaryimage"},"thumbnailUrl":"https:\/\/www.freundschaft-mit-valjevo.de\/wordpress\/wp-content\/uploads\/2021\/04\/winterkleidung-2021-10.jpg","datePublished":"2021-04-25T13:18:05+00:00","dateModified":"2021-08-26T07:12:10+00:00","author":{"@id":"https:\/\/www.freundschaft-mit-valjevo.de\/wordpress\/#\/schema\/person\/4fbd0cc7a0227a72529b76aeed6571e4"},"breadcrumb":{"@id":"https:\/\/www.freundschaft-mit-valjevo.de\/wordpress\/syrien-und-seine-bevoelkerung-versinken-im-elend\/#breadcrumb"},"inLanguage":"de","potentialAction":[{"@type":"ReadAction","target":["https:\/\/www.freundschaft-mit-valjevo.de\/wordpress\/syrien-und-seine-bevoelkerung-versinken-im-elend\/"]}]},{"@type":"ImageObject","inLanguage":"de","@id":"https:\/\/www.freundschaft-mit-valjevo.de\/wordpress\/syrien-und-seine-bevoelkerung-versinken-im-elend\/#primaryimage","url":"https:\/\/www.freundschaft-mit-valjevo.de\/wordpress\/wp-content\/uploads\/2021\/04\/winterkleidung-2021-10.jpg","contentUrl":"https:\/\/www.freundschaft-mit-valjevo.de\/wordpress\/wp-content\/uploads\/2021\/04\/winterkleidung-2021-10.jpg","width":1000,"height":1000},{"@type":"BreadcrumbList","@id":"https:\/\/www.freundschaft-mit-valjevo.de\/wordpress\/syrien-und-seine-bevoelkerung-versinken-im-elend\/#breadcrumb","itemListElement":[{"@type":"ListItem","position":1,"name":"Startseite","item":"https:\/\/www.freundschaft-mit-valjevo.de\/wordpress\/"},{"@type":"ListItem","position":2,"name":"Syrien und seine Bev\u00f6lkerung versinken im Elend"}]},{"@type":"WebSite","@id":"https:\/\/www.freundschaft-mit-valjevo.de\/wordpress\/#website","url":"https:\/\/www.freundschaft-mit-valjevo.de\/wordpress\/","name":"Freundschaft mit Valjevo e.V.","description":"F\u00fcr Frieden, Freundschaft und V\u00f6lkerverst\u00e4ndigung","potentialAction":[{"@type":"SearchAction","target":{"@type":"EntryPoint","urlTemplate":"https:\/\/www.freundschaft-mit-valjevo.de\/wordpress\/?s={search_term_string}"},"query-input":{"@type":"PropertyValueSpecification","valueRequired":true,"valueName":"search_term_string"}}],"inLanguage":"de"},{"@type":"Person","@id":"https:\/\/www.freundschaft-mit-valjevo.de\/wordpress\/#\/schema\/person\/4fbd0cc7a0227a72529b76aeed6571e4","name":"admin-z","image":{"@type":"ImageObject","inLanguage":"de","@id":"https:\/\/secure.gravatar.com\/avatar\/e180e5c39bf8c56d773eb854294072b2fec4a0a0f052f70a3cdaf696f943716d?s=96&d=mm&r=g","url":"https:\/\/secure.gravatar.com\/avatar\/e180e5c39bf8c56d773eb854294072b2fec4a0a0f052f70a3cdaf696f943716d?s=96&d=mm&r=g","contentUrl":"https:\/\/secure.gravatar.com\/avatar\/e180e5c39bf8c56d773eb854294072b2fec4a0a0f052f70a3cdaf696f943716d?s=96&d=mm&r=g","caption":"admin-z"}}]}},"_links":{"self":[{"href":"https:\/\/www.freundschaft-mit-valjevo.de\/wordpress\/wp-json\/wp\/v2\/posts\/1930","targetHints":{"allow":["GET"]}}],"collection":[{"href":"https:\/\/www.freundschaft-mit-valjevo.de\/wordpress\/wp-json\/wp\/v2\/posts"}],"about":[{"href":"https:\/\/www.freundschaft-mit-valjevo.de\/wordpress\/wp-json\/wp\/v2\/types\/post"}],"author":[{"embeddable":true,"href":"https:\/\/www.freundschaft-mit-valjevo.de\/wordpress\/wp-json\/wp\/v2\/users\/2"}],"replies":[{"embeddable":true,"href":"https:\/\/www.freundschaft-mit-valjevo.de\/wordpress\/wp-json\/wp\/v2\/comments?post=1930"}],"version-history":[{"count":2,"href":"https:\/\/www.freundschaft-mit-valjevo.de\/wordpress\/wp-json\/wp\/v2\/posts\/1930\/revisions"}],"predecessor-version":[{"id":1974,"href":"https:\/\/www.freundschaft-mit-valjevo.de\/wordpress\/wp-json\/wp\/v2\/posts\/1930\/revisions\/1974"}],"wp:featuredmedia":[{"embeddable":true,"href":"https:\/\/www.freundschaft-mit-valjevo.de\/wordpress\/wp-json\/wp\/v2\/media\/1935"}],"wp:attachment":[{"href":"https:\/\/www.freundschaft-mit-valjevo.de\/wordpress\/wp-json\/wp\/v2\/media?parent=1930"}],"wp:term":[{"taxonomy":"category","embeddable":true,"href":"https:\/\/www.freundschaft-mit-valjevo.de\/wordpress\/wp-json\/wp\/v2\/categories?post=1930"},{"taxonomy":"post_tag","embeddable":true,"href":"https:\/\/www.freundschaft-mit-valjevo.de\/wordpress\/wp-json\/wp\/v2\/tags?post=1930"}],"curies":[{"name":"wp","href":"https:\/\/api.w.org\/{rel}","templated":true}]}}