{"id":1950,"date":"2021-06-15T20:20:23","date_gmt":"2021-06-15T20:20:23","guid":{"rendered":"http:\/\/www.freundschaft-mit-valjevo.de\/wordpress\/?p=1950"},"modified":"2021-06-15T20:20:27","modified_gmt":"2021-06-15T20:20:27","slug":"vor-80-jahren-am-22-juni-1941-ueberfall-des-nationalsozialistischen-deutschland-auf-die-sowjetunion-welche-lehren-sollten-wir-heute-ziehen","status":"publish","type":"post","link":"https:\/\/www.freundschaft-mit-valjevo.de\/wordpress\/vor-80-jahren-am-22-juni-1941-ueberfall-des-nationalsozialistischen-deutschland-auf-die-sowjetunion-welche-lehren-sollten-wir-heute-ziehen\/","title":{"rendered":"Vor 80 Jahren, am 22. Juni 1941: \u00dcberfall des nationalsozialistischen Deutschland auf die Sowjetunion.  Welche Lehren sollten wir heute ziehen?"},"content":{"rendered":"\n<p>Dienstag, 22. Juni, 20 Uhr<br>Zentrum f\u00fcr Berufs- und Familienf\u00f6rderung<br>Rot-Kreuz-Str. 2, 85276 Pfaffenhofen<\/p>\n\n\n\n<p>Der Krieg gegen die Sowjetunion war ein Raub- und Vernichtungskrieg.\u00a0 Als Voraussetzung f\u00fcr den Aufstieg des Deutschen Reiches zur f\u00fchrenden Weltmacht sollte \u201eLebensraum im Osten\u201c mit seinem Erd\u00f6l, Manganerz, Eisenerz und Getreide erobert werden.\u00a0 30-40 Millionen Slawen und \u201eUntermenschen\u201c sollten ermordet, ausgehungert und \u201eausgesiedelt\u201c werden, um Platz f\u00fcr die Besiedlung durch Deutsche zu schaffen.\u00a0<\/p>\n\n\n\n<p>Aus der <strong>Aktennotiz <\/strong>einer Besprechung der Staatssekret\u00e4re vom 2.Mai 1941:<br>\u201eHierbei werden zweifellos zig Millionen Menschen verhungern, wenn von uns das f\u00fcr uns Notwendige aus dem Land herausgeholt wird.\u201c<br><\/p>\n\n\n\n<p>Referent:<br><strong>Dr. Manfred Wei\u00dfbecker<\/strong><br>Professor em. Friedrich-Schiller Universit\u00e4t Jena<br>Professor Dr. Wei\u00dfbecker hat sich mit zahlreichen Forschungsarbeiten zur \u00a0 Geschichte der Arbeiterbewegung, zu Faschismus und Widerstand einen Namen gemacht.\u00a0<br><\/p>\n","protected":false},"excerpt":{"rendered":"<p>Dienstag, 22. Juni, 20 UhrZentrum f\u00fcr Berufs- und Familienf\u00f6rderungRot-Kreuz-Str. 2, 85276 Pfaffenhofen Der Krieg gegen die Sowjetunion war ein Raub- und Vernichtungskrieg.\u00a0 Als Voraussetzung f\u00fcr&#8230;<\/p>\n<div class=\"more-link-wrapper\"><a class=\"more-link\" href=\"https:\/\/www.freundschaft-mit-valjevo.de\/wordpress\/vor-80-jahren-am-22-juni-1941-ueberfall-des-nationalsozialistischen-deutschland-auf-die-sowjetunion-welche-lehren-sollten-wir-heute-ziehen\/\">Weiterlesen<span class=\"screen-reader-text\">Vor 80 Jahren, am 22. Juni 1941: \u00dcberfall des nationalsozialistischen Deutschland auf die Sowjetunion.  Welche Lehren sollten wir heute ziehen?<\/span><\/a><\/div>\n","protected":false},"author":2,"featured_media":1951,"comment_status":"closed","ping_status":"closed","sticky":false,"template":"","format":"standard","meta":{"footnotes":""},"categories":[1],"tags":[],"class_list":["post-1950","post","type-post","status-publish","format-standard","has-post-thumbnail","hentry","category-allgemein","entry"],"yoast_head":"<!-- This site is optimized with the Yoast SEO plugin v27.4 - https:\/\/yoast.com\/product\/yoast-seo-wordpress\/ -->\n<title>Vor 80 Jahren, am 22. Juni 1941: \u00dcberfall des nationalsozialistischen Deutschland auf die Sowjetunion. Welche Lehren sollten wir heute ziehen? - Freundschaft mit Valjevo e.V.<\/title>\n<meta name=\"robots\" content=\"index, follow, max-snippet:-1, max-image-preview:large, max-video-preview:-1\" \/>\n<link rel=\"canonical\" href=\"https:\/\/www.freundschaft-mit-valjevo.de\/wordpress\/vor-80-jahren-am-22-juni-1941-ueberfall-des-nationalsozialistischen-deutschland-auf-die-sowjetunion-welche-lehren-sollten-wir-heute-ziehen\/\" \/>\n<meta property=\"og:locale\" content=\"de_DE\" \/>\n<meta property=\"og:type\" content=\"article\" \/>\n<meta property=\"og:title\" content=\"Vor 80 Jahren, am 22. Juni 1941: \u00dcberfall des nationalsozialistischen Deutschland auf die Sowjetunion. Welche Lehren sollten wir heute ziehen? - Freundschaft mit Valjevo e.V.\" \/>\n<meta property=\"og:description\" content=\"Dienstag, 22. Juni, 20 UhrZentrum f\u00fcr Berufs- und Familienf\u00f6rderungRot-Kreuz-Str. 2, 85276 Pfaffenhofen Der Krieg gegen die Sowjetunion war ein Raub- und Vernichtungskrieg.\u00a0 Als Voraussetzung f\u00fcr&#8230;\" \/>\n<meta property=\"og:url\" content=\"https:\/\/www.freundschaft-mit-valjevo.de\/wordpress\/vor-80-jahren-am-22-juni-1941-ueberfall-des-nationalsozialistischen-deutschland-auf-die-sowjetunion-welche-lehren-sollten-wir-heute-ziehen\/\" \/>\n<meta property=\"og:site_name\" content=\"Freundschaft mit Valjevo e.V.\" \/>\n<meta property=\"article:published_time\" content=\"2021-06-15T20:20:23+00:00\" \/>\n<meta property=\"article:modified_time\" content=\"2021-06-15T20:20:27+00:00\" \/>\n<meta property=\"og:image\" content=\"https:\/\/www.freundschaft-mit-valjevo.de\/wordpress\/wp-content\/uploads\/2021\/06\/Professor-Dr.-Wei\u00dfbecker.jpg\" \/>\n\t<meta property=\"og:image:width\" content=\"868\" \/>\n\t<meta property=\"og:image:height\" content=\"1150\" \/>\n\t<meta property=\"og:image:type\" content=\"image\/jpeg\" \/>\n<meta name=\"author\" content=\"admin-z\" \/>\n<meta name=\"twitter:card\" content=\"summary_large_image\" \/>\n<meta name=\"twitter:label1\" content=\"Verfasst von\" \/>\n\t<meta name=\"twitter:data1\" content=\"admin-z\" \/>\n\t<meta name=\"twitter:label2\" content=\"Gesch\u00e4tzte Lesezeit\" \/>\n\t<meta name=\"twitter:data2\" content=\"1\u00a0Minute\" \/>\n<script type=\"application\/ld+json\" class=\"yoast-schema-graph\">{\"@context\":\"https:\\\/\\\/schema.org\",\"@graph\":[{\"@type\":\"Article\",\"@id\":\"https:\\\/\\\/www.freundschaft-mit-valjevo.de\\\/wordpress\\\/vor-80-jahren-am-22-juni-1941-ueberfall-des-nationalsozialistischen-deutschland-auf-die-sowjetunion-welche-lehren-sollten-wir-heute-ziehen\\\/#article\",\"isPartOf\":{\"@id\":\"https:\\\/\\\/www.freundschaft-mit-valjevo.de\\\/wordpress\\\/vor-80-jahren-am-22-juni-1941-ueberfall-des-nationalsozialistischen-deutschland-auf-die-sowjetunion-welche-lehren-sollten-wir-heute-ziehen\\\/\"},\"author\":{\"name\":\"admin-z\",\"@id\":\"https:\\\/\\\/www.freundschaft-mit-valjevo.de\\\/wordpress\\\/#\\\/schema\\\/person\\\/4fbd0cc7a0227a72529b76aeed6571e4\"},\"headline\":\"Vor 80 Jahren, am 22. Juni 1941: \u00dcberfall des nationalsozialistischen Deutschland auf die Sowjetunion. Welche Lehren sollten wir heute ziehen?\",\"datePublished\":\"2021-06-15T20:20:23+00:00\",\"dateModified\":\"2021-06-15T20:20:27+00:00\",\"mainEntityOfPage\":{\"@id\":\"https:\\\/\\\/www.freundschaft-mit-valjevo.de\\\/wordpress\\\/vor-80-jahren-am-22-juni-1941-ueberfall-des-nationalsozialistischen-deutschland-auf-die-sowjetunion-welche-lehren-sollten-wir-heute-ziehen\\\/\"},\"wordCount\":145,\"image\":{\"@id\":\"https:\\\/\\\/www.freundschaft-mit-valjevo.de\\\/wordpress\\\/vor-80-jahren-am-22-juni-1941-ueberfall-des-nationalsozialistischen-deutschland-auf-die-sowjetunion-welche-lehren-sollten-wir-heute-ziehen\\\/#primaryimage\"},\"thumbnailUrl\":\"https:\\\/\\\/www.freundschaft-mit-valjevo.de\\\/wordpress\\\/wp-content\\\/uploads\\\/2021\\\/06\\\/Professor-Dr.-Wei\u00dfbecker.jpg\",\"inLanguage\":\"de\"},{\"@type\":\"WebPage\",\"@id\":\"https:\\\/\\\/www.freundschaft-mit-valjevo.de\\\/wordpress\\\/vor-80-jahren-am-22-juni-1941-ueberfall-des-nationalsozialistischen-deutschland-auf-die-sowjetunion-welche-lehren-sollten-wir-heute-ziehen\\\/\",\"url\":\"https:\\\/\\\/www.freundschaft-mit-valjevo.de\\\/wordpress\\\/vor-80-jahren-am-22-juni-1941-ueberfall-des-nationalsozialistischen-deutschland-auf-die-sowjetunion-welche-lehren-sollten-wir-heute-ziehen\\\/\",\"name\":\"Vor 80 Jahren, am 22. Juni 1941: \u00dcberfall des nationalsozialistischen Deutschland auf die Sowjetunion. Welche Lehren sollten wir heute ziehen? - Freundschaft mit Valjevo e.V.\",\"isPartOf\":{\"@id\":\"https:\\\/\\\/www.freundschaft-mit-valjevo.de\\\/wordpress\\\/#website\"},\"primaryImageOfPage\":{\"@id\":\"https:\\\/\\\/www.freundschaft-mit-valjevo.de\\\/wordpress\\\/vor-80-jahren-am-22-juni-1941-ueberfall-des-nationalsozialistischen-deutschland-auf-die-sowjetunion-welche-lehren-sollten-wir-heute-ziehen\\\/#primaryimage\"},\"image\":{\"@id\":\"https:\\\/\\\/www.freundschaft-mit-valjevo.de\\\/wordpress\\\/vor-80-jahren-am-22-juni-1941-ueberfall-des-nationalsozialistischen-deutschland-auf-die-sowjetunion-welche-lehren-sollten-wir-heute-ziehen\\\/#primaryimage\"},\"thumbnailUrl\":\"https:\\\/\\\/www.freundschaft-mit-valjevo.de\\\/wordpress\\\/wp-content\\\/uploads\\\/2021\\\/06\\\/Professor-Dr.-Wei\u00dfbecker.jpg\",\"datePublished\":\"2021-06-15T20:20:23+00:00\",\"dateModified\":\"2021-06-15T20:20:27+00:00\",\"author\":{\"@id\":\"https:\\\/\\\/www.freundschaft-mit-valjevo.de\\\/wordpress\\\/#\\\/schema\\\/person\\\/4fbd0cc7a0227a72529b76aeed6571e4\"},\"breadcrumb\":{\"@id\":\"https:\\\/\\\/www.freundschaft-mit-valjevo.de\\\/wordpress\\\/vor-80-jahren-am-22-juni-1941-ueberfall-des-nationalsozialistischen-deutschland-auf-die-sowjetunion-welche-lehren-sollten-wir-heute-ziehen\\\/#breadcrumb\"},\"inLanguage\":\"de\",\"potentialAction\":[{\"@type\":\"ReadAction\",\"target\":[\"https:\\\/\\\/www.freundschaft-mit-valjevo.de\\\/wordpress\\\/vor-80-jahren-am-22-juni-1941-ueberfall-des-nationalsozialistischen-deutschland-auf-die-sowjetunion-welche-lehren-sollten-wir-heute-ziehen\\\/\"]}]},{\"@type\":\"ImageObject\",\"inLanguage\":\"de\",\"@id\":\"https:\\\/\\\/www.freundschaft-mit-valjevo.de\\\/wordpress\\\/vor-80-jahren-am-22-juni-1941-ueberfall-des-nationalsozialistischen-deutschland-auf-die-sowjetunion-welche-lehren-sollten-wir-heute-ziehen\\\/#primaryimage\",\"url\":\"https:\\\/\\\/www.freundschaft-mit-valjevo.de\\\/wordpress\\\/wp-content\\\/uploads\\\/2021\\\/06\\\/Professor-Dr.-Wei\u00dfbecker.jpg\",\"contentUrl\":\"https:\\\/\\\/www.freundschaft-mit-valjevo.de\\\/wordpress\\\/wp-content\\\/uploads\\\/2021\\\/06\\\/Professor-Dr.-Wei\u00dfbecker.jpg\",\"width\":868,\"height\":1150},{\"@type\":\"BreadcrumbList\",\"@id\":\"https:\\\/\\\/www.freundschaft-mit-valjevo.de\\\/wordpress\\\/vor-80-jahren-am-22-juni-1941-ueberfall-des-nationalsozialistischen-deutschland-auf-die-sowjetunion-welche-lehren-sollten-wir-heute-ziehen\\\/#breadcrumb\",\"itemListElement\":[{\"@type\":\"ListItem\",\"position\":1,\"name\":\"Startseite\",\"item\":\"https:\\\/\\\/www.freundschaft-mit-valjevo.de\\\/wordpress\\\/\"},{\"@type\":\"ListItem\",\"position\":2,\"name\":\"Vor 80 Jahren, am 22. Juni 1941: \u00dcberfall des nationalsozialistischen Deutschland auf die Sowjetunion. Welche Lehren sollten wir heute ziehen?\"}]},{\"@type\":\"WebSite\",\"@id\":\"https:\\\/\\\/www.freundschaft-mit-valjevo.de\\\/wordpress\\\/#website\",\"url\":\"https:\\\/\\\/www.freundschaft-mit-valjevo.de\\\/wordpress\\\/\",\"name\":\"Freundschaft mit Valjevo e.V.\",\"description\":\"F\u00fcr Frieden, Freundschaft und V\u00f6lkerverst\u00e4ndigung\",\"potentialAction\":[{\"@type\":\"SearchAction\",\"target\":{\"@type\":\"EntryPoint\",\"urlTemplate\":\"https:\\\/\\\/www.freundschaft-mit-valjevo.de\\\/wordpress\\\/?s={search_term_string}\"},\"query-input\":{\"@type\":\"PropertyValueSpecification\",\"valueRequired\":true,\"valueName\":\"search_term_string\"}}],\"inLanguage\":\"de\"},{\"@type\":\"Person\",\"@id\":\"https:\\\/\\\/www.freundschaft-mit-valjevo.de\\\/wordpress\\\/#\\\/schema\\\/person\\\/4fbd0cc7a0227a72529b76aeed6571e4\",\"name\":\"admin-z\",\"image\":{\"@type\":\"ImageObject\",\"inLanguage\":\"de\",\"@id\":\"https:\\\/\\\/secure.gravatar.com\\\/avatar\\\/e180e5c39bf8c56d773eb854294072b2fec4a0a0f052f70a3cdaf696f943716d?s=96&d=mm&r=g\",\"url\":\"https:\\\/\\\/secure.gravatar.com\\\/avatar\\\/e180e5c39bf8c56d773eb854294072b2fec4a0a0f052f70a3cdaf696f943716d?s=96&d=mm&r=g\",\"contentUrl\":\"https:\\\/\\\/secure.gravatar.com\\\/avatar\\\/e180e5c39bf8c56d773eb854294072b2fec4a0a0f052f70a3cdaf696f943716d?s=96&d=mm&r=g\",\"caption\":\"admin-z\"}}]}<\/script>\n<!-- \/ Yoast SEO plugin. -->","yoast_head_json":{"title":"Vor 80 Jahren, am 22. Juni 1941: \u00dcberfall des nationalsozialistischen Deutschland auf die Sowjetunion. Welche Lehren sollten wir heute ziehen? - Freundschaft mit Valjevo e.V.","robots":{"index":"index","follow":"follow","max-snippet":"max-snippet:-1","max-image-preview":"max-image-preview:large","max-video-preview":"max-video-preview:-1"},"canonical":"https:\/\/www.freundschaft-mit-valjevo.de\/wordpress\/vor-80-jahren-am-22-juni-1941-ueberfall-des-nationalsozialistischen-deutschland-auf-die-sowjetunion-welche-lehren-sollten-wir-heute-ziehen\/","og_locale":"de_DE","og_type":"article","og_title":"Vor 80 Jahren, am 22. Juni 1941: \u00dcberfall des nationalsozialistischen Deutschland auf die Sowjetunion. Welche Lehren sollten wir heute ziehen? - Freundschaft mit Valjevo e.V.","og_description":"Dienstag, 22. Juni, 20 UhrZentrum f\u00fcr Berufs- und Familienf\u00f6rderungRot-Kreuz-Str. 2, 85276 Pfaffenhofen Der Krieg gegen die Sowjetunion war ein Raub- und Vernichtungskrieg.\u00a0 Als Voraussetzung f\u00fcr&#8230;","og_url":"https:\/\/www.freundschaft-mit-valjevo.de\/wordpress\/vor-80-jahren-am-22-juni-1941-ueberfall-des-nationalsozialistischen-deutschland-auf-die-sowjetunion-welche-lehren-sollten-wir-heute-ziehen\/","og_site_name":"Freundschaft mit Valjevo e.V.","article_published_time":"2021-06-15T20:20:23+00:00","article_modified_time":"2021-06-15T20:20:27+00:00","og_image":[{"width":868,"height":1150,"url":"https:\/\/www.freundschaft-mit-valjevo.de\/wordpress\/wp-content\/uploads\/2021\/06\/Professor-Dr.-Wei\u00dfbecker.jpg","type":"image\/jpeg"}],"author":"admin-z","twitter_card":"summary_large_image","twitter_misc":{"Verfasst von":"admin-z","Gesch\u00e4tzte Lesezeit":"1\u00a0Minute"},"schema":{"@context":"https:\/\/schema.org","@graph":[{"@type":"Article","@id":"https:\/\/www.freundschaft-mit-valjevo.de\/wordpress\/vor-80-jahren-am-22-juni-1941-ueberfall-des-nationalsozialistischen-deutschland-auf-die-sowjetunion-welche-lehren-sollten-wir-heute-ziehen\/#article","isPartOf":{"@id":"https:\/\/www.freundschaft-mit-valjevo.de\/wordpress\/vor-80-jahren-am-22-juni-1941-ueberfall-des-nationalsozialistischen-deutschland-auf-die-sowjetunion-welche-lehren-sollten-wir-heute-ziehen\/"},"author":{"name":"admin-z","@id":"https:\/\/www.freundschaft-mit-valjevo.de\/wordpress\/#\/schema\/person\/4fbd0cc7a0227a72529b76aeed6571e4"},"headline":"Vor 80 Jahren, am 22. Juni 1941: \u00dcberfall des nationalsozialistischen Deutschland auf die Sowjetunion. Welche Lehren sollten wir heute ziehen?","datePublished":"2021-06-15T20:20:23+00:00","dateModified":"2021-06-15T20:20:27+00:00","mainEntityOfPage":{"@id":"https:\/\/www.freundschaft-mit-valjevo.de\/wordpress\/vor-80-jahren-am-22-juni-1941-ueberfall-des-nationalsozialistischen-deutschland-auf-die-sowjetunion-welche-lehren-sollten-wir-heute-ziehen\/"},"wordCount":145,"image":{"@id":"https:\/\/www.freundschaft-mit-valjevo.de\/wordpress\/vor-80-jahren-am-22-juni-1941-ueberfall-des-nationalsozialistischen-deutschland-auf-die-sowjetunion-welche-lehren-sollten-wir-heute-ziehen\/#primaryimage"},"thumbnailUrl":"https:\/\/www.freundschaft-mit-valjevo.de\/wordpress\/wp-content\/uploads\/2021\/06\/Professor-Dr.-Wei\u00dfbecker.jpg","inLanguage":"de"},{"@type":"WebPage","@id":"https:\/\/www.freundschaft-mit-valjevo.de\/wordpress\/vor-80-jahren-am-22-juni-1941-ueberfall-des-nationalsozialistischen-deutschland-auf-die-sowjetunion-welche-lehren-sollten-wir-heute-ziehen\/","url":"https:\/\/www.freundschaft-mit-valjevo.de\/wordpress\/vor-80-jahren-am-22-juni-1941-ueberfall-des-nationalsozialistischen-deutschland-auf-die-sowjetunion-welche-lehren-sollten-wir-heute-ziehen\/","name":"Vor 80 Jahren, am 22. Juni 1941: \u00dcberfall des nationalsozialistischen Deutschland auf die Sowjetunion. Welche Lehren sollten wir heute ziehen? - Freundschaft mit Valjevo e.V.","isPartOf":{"@id":"https:\/\/www.freundschaft-mit-valjevo.de\/wordpress\/#website"},"primaryImageOfPage":{"@id":"https:\/\/www.freundschaft-mit-valjevo.de\/wordpress\/vor-80-jahren-am-22-juni-1941-ueberfall-des-nationalsozialistischen-deutschland-auf-die-sowjetunion-welche-lehren-sollten-wir-heute-ziehen\/#primaryimage"},"image":{"@id":"https:\/\/www.freundschaft-mit-valjevo.de\/wordpress\/vor-80-jahren-am-22-juni-1941-ueberfall-des-nationalsozialistischen-deutschland-auf-die-sowjetunion-welche-lehren-sollten-wir-heute-ziehen\/#primaryimage"},"thumbnailUrl":"https:\/\/www.freundschaft-mit-valjevo.de\/wordpress\/wp-content\/uploads\/2021\/06\/Professor-Dr.-Wei\u00dfbecker.jpg","datePublished":"2021-06-15T20:20:23+00:00","dateModified":"2021-06-15T20:20:27+00:00","author":{"@id":"https:\/\/www.freundschaft-mit-valjevo.de\/wordpress\/#\/schema\/person\/4fbd0cc7a0227a72529b76aeed6571e4"},"breadcrumb":{"@id":"https:\/\/www.freundschaft-mit-valjevo.de\/wordpress\/vor-80-jahren-am-22-juni-1941-ueberfall-des-nationalsozialistischen-deutschland-auf-die-sowjetunion-welche-lehren-sollten-wir-heute-ziehen\/#breadcrumb"},"inLanguage":"de","potentialAction":[{"@type":"ReadAction","target":["https:\/\/www.freundschaft-mit-valjevo.de\/wordpress\/vor-80-jahren-am-22-juni-1941-ueberfall-des-nationalsozialistischen-deutschland-auf-die-sowjetunion-welche-lehren-sollten-wir-heute-ziehen\/"]}]},{"@type":"ImageObject","inLanguage":"de","@id":"https:\/\/www.freundschaft-mit-valjevo.de\/wordpress\/vor-80-jahren-am-22-juni-1941-ueberfall-des-nationalsozialistischen-deutschland-auf-die-sowjetunion-welche-lehren-sollten-wir-heute-ziehen\/#primaryimage","url":"https:\/\/www.freundschaft-mit-valjevo.de\/wordpress\/wp-content\/uploads\/2021\/06\/Professor-Dr.-Wei\u00dfbecker.jpg","contentUrl":"https:\/\/www.freundschaft-mit-valjevo.de\/wordpress\/wp-content\/uploads\/2021\/06\/Professor-Dr.-Wei\u00dfbecker.jpg","width":868,"height":1150},{"@type":"BreadcrumbList","@id":"https:\/\/www.freundschaft-mit-valjevo.de\/wordpress\/vor-80-jahren-am-22-juni-1941-ueberfall-des-nationalsozialistischen-deutschland-auf-die-sowjetunion-welche-lehren-sollten-wir-heute-ziehen\/#breadcrumb","itemListElement":[{"@type":"ListItem","position":1,"name":"Startseite","item":"https:\/\/www.freundschaft-mit-valjevo.de\/wordpress\/"},{"@type":"ListItem","position":2,"name":"Vor 80 Jahren, am 22. Juni 1941: \u00dcberfall des nationalsozialistischen Deutschland auf die Sowjetunion. Welche Lehren sollten wir heute ziehen?"}]},{"@type":"WebSite","@id":"https:\/\/www.freundschaft-mit-valjevo.de\/wordpress\/#website","url":"https:\/\/www.freundschaft-mit-valjevo.de\/wordpress\/","name":"Freundschaft mit Valjevo e.V.","description":"F\u00fcr Frieden, Freundschaft und V\u00f6lkerverst\u00e4ndigung","potentialAction":[{"@type":"SearchAction","target":{"@type":"EntryPoint","urlTemplate":"https:\/\/www.freundschaft-mit-valjevo.de\/wordpress\/?s={search_term_string}"},"query-input":{"@type":"PropertyValueSpecification","valueRequired":true,"valueName":"search_term_string"}}],"inLanguage":"de"},{"@type":"Person","@id":"https:\/\/www.freundschaft-mit-valjevo.de\/wordpress\/#\/schema\/person\/4fbd0cc7a0227a72529b76aeed6571e4","name":"admin-z","image":{"@type":"ImageObject","inLanguage":"de","@id":"https:\/\/secure.gravatar.com\/avatar\/e180e5c39bf8c56d773eb854294072b2fec4a0a0f052f70a3cdaf696f943716d?s=96&d=mm&r=g","url":"https:\/\/secure.gravatar.com\/avatar\/e180e5c39bf8c56d773eb854294072b2fec4a0a0f052f70a3cdaf696f943716d?s=96&d=mm&r=g","contentUrl":"https:\/\/secure.gravatar.com\/avatar\/e180e5c39bf8c56d773eb854294072b2fec4a0a0f052f70a3cdaf696f943716d?s=96&d=mm&r=g","caption":"admin-z"}}]}},"_links":{"self":[{"href":"https:\/\/www.freundschaft-mit-valjevo.de\/wordpress\/wp-json\/wp\/v2\/posts\/1950","targetHints":{"allow":["GET"]}}],"collection":[{"href":"https:\/\/www.freundschaft-mit-valjevo.de\/wordpress\/wp-json\/wp\/v2\/posts"}],"about":[{"href":"https:\/\/www.freundschaft-mit-valjevo.de\/wordpress\/wp-json\/wp\/v2\/types\/post"}],"author":[{"embeddable":true,"href":"https:\/\/www.freundschaft-mit-valjevo.de\/wordpress\/wp-json\/wp\/v2\/users\/2"}],"replies":[{"embeddable":true,"href":"https:\/\/www.freundschaft-mit-valjevo.de\/wordpress\/wp-json\/wp\/v2\/comments?post=1950"}],"version-history":[{"count":1,"href":"https:\/\/www.freundschaft-mit-valjevo.de\/wordpress\/wp-json\/wp\/v2\/posts\/1950\/revisions"}],"predecessor-version":[{"id":1952,"href":"https:\/\/www.freundschaft-mit-valjevo.de\/wordpress\/wp-json\/wp\/v2\/posts\/1950\/revisions\/1952"}],"wp:featuredmedia":[{"embeddable":true,"href":"https:\/\/www.freundschaft-mit-valjevo.de\/wordpress\/wp-json\/wp\/v2\/media\/1951"}],"wp:attachment":[{"href":"https:\/\/www.freundschaft-mit-valjevo.de\/wordpress\/wp-json\/wp\/v2\/media?parent=1950"}],"wp:term":[{"taxonomy":"category","embeddable":true,"href":"https:\/\/www.freundschaft-mit-valjevo.de\/wordpress\/wp-json\/wp\/v2\/categories?post=1950"},{"taxonomy":"post_tag","embeddable":true,"href":"https:\/\/www.freundschaft-mit-valjevo.de\/wordpress\/wp-json\/wp\/v2\/tags?post=1950"}],"curies":[{"name":"wp","href":"https:\/\/api.w.org\/{rel}","templated":true}]}}