{"id":1954,"date":"2021-06-22T07:39:08","date_gmt":"2021-06-22T07:39:08","guid":{"rendered":"http:\/\/www.freundschaft-mit-valjevo.de\/wordpress\/?p=1954"},"modified":"2021-06-22T07:39:14","modified_gmt":"2021-06-22T07:39:14","slug":"ein-besuch-im-land-seiner-kindheit","status":"publish","type":"post","link":"https:\/\/www.freundschaft-mit-valjevo.de\/wordpress\/ein-besuch-im-land-seiner-kindheit\/","title":{"rendered":"Ein Besuch im Land seiner Kindheit"},"content":{"rendered":"\n<h4 class=\"wp-block-heading\">Ulli Wandersleb-M\u00fcnst und sein Urlaub 2019 am Seliger See in den Waldai\u2013H\u00f6hen Russlands<\/h4>\n\n\n\n<p>Vor 80 Jahren, genau am 22. Juni 1941, \u00fcberfiel das nationalsozialistische Deutschland die damalige Sowjetunion. Dieser Krieg hat den Lebenslauf des heute fast 78 j\u00e4hrige Pfaffenhofener Ulli Wandersleb \u2013 M\u00fcnst stark beeinflusst. 1943 in Dessau in Sachsen-Anhalt geboren, besuchte er nach der Zwangsumsiedelung nach Russland die Grundschule im russischen Uprawlentschenski Gorodok, einem St\u00e4dtchen in der N\u00e4he von Samara. Er machte sein Abitur in Kairo, studierte in Berlin und verbrachte sein Berufsleben als Ingenieur bei verschiedenen Industrieunternehmen in Bayern. Bei uns in Pfaffenhofen ist Ulli vor allem f\u00fcr sein unerm\u00fcdliches soziales und friedenspolitisches Engagement bekannt, als Gr\u00fcnder und langj\u00e4hriger Leiter des \u00f6rtlichen Mietervereines, seine Mitarbeit Werkstatt-Cafe im Mehrgenerationenhaus (MGH) und bei den \u201eFreunden von Valjevo\u201c. Die Verst\u00e4ndigung mit Russland, wo er sieben Jahre seiner Kindheit verbracht hat, ist Ulli Wandersleb-M\u00fcnst ein besonders wichtiges Anliegen. Im Juli 2019 hat er mit seiner Frau und zwei seiner erwachsenen S\u00f6hne das Land nochmals besucht.<\/p>\n\n\n\n<figure class=\"wp-block-image\"><img loading=\"lazy\" decoding=\"async\" width=\"1328\" height=\"747\" src=\"https:\/\/i0.wp.com\/www.freundschaft-mit-valjevo.de\/wordpress\/wp-content\/uploads\/2021\/06\/Ulli-Lokal-in-Fu\u00dfg\u00e4ngerzone-in-Moskau-20190731dasistINeinemLokal_Urwald.jpg?fit=700%2C394\" alt=\"\" class=\"wp-image-1959\" srcset=\"https:\/\/www.freundschaft-mit-valjevo.de\/wordpress\/wp-content\/uploads\/2021\/06\/Ulli-Lokal-in-Fu\u00dfg\u00e4ngerzone-in-Moskau-20190731dasistINeinemLokal_Urwald.jpg 1328w, https:\/\/www.freundschaft-mit-valjevo.de\/wordpress\/wp-content\/uploads\/2021\/06\/Ulli-Lokal-in-Fu\u00dfg\u00e4ngerzone-in-Moskau-20190731dasistINeinemLokal_Urwald-300x169.jpg 300w, https:\/\/www.freundschaft-mit-valjevo.de\/wordpress\/wp-content\/uploads\/2021\/06\/Ulli-Lokal-in-Fu\u00dfg\u00e4ngerzone-in-Moskau-20190731dasistINeinemLokal_Urwald-768x432.jpg 768w, https:\/\/www.freundschaft-mit-valjevo.de\/wordpress\/wp-content\/uploads\/2021\/06\/Ulli-Lokal-in-Fu\u00dfg\u00e4ngerzone-in-Moskau-20190731dasistINeinemLokal_Urwald-700x394.jpg 700w\" sizes=\"auto, (max-width: 1328px) 100vw, 1328px\" \/><figcaption>In einem Lokal in der Moskauer Fu\u00dfg\u00e4ngerzone <\/figcaption><\/figure>\n\n\n\n<p><strong>DIE ZWANGSUMSIEDLUNG NACH RUSSLAND<\/strong><\/p>\n\n\n\n<p>Die Schrecken des Krieges hat die Bev\u00f6lkerung von Dessau in Sachsen-Anhalt, wo Ulli Wandersleb im September 1943 geboren wurde, intensiv zu sp\u00fcren bekommen. Die britische Luftwaffe hatte die Stadt, Sitz wichtiger R\u00fcstungsbetriebe wie der Junkerswerke, in den beiden letzten Kriegsjahren wiederholt mit Brand- und Sprengbomben bombardiert. Hunderte von Menschen waren dabei ums Leben gekommen und die Innenstadt wurde zum gr\u00f6\u00dften Teil zerst\u00f6rt. Bei dem Flugzeughersteller Junkers waren Ulli`s Eltern seit 1938 besch\u00e4ftigt, der Vater als Metallograph und Materialpr\u00fcfingenieur, seine Mutter als B\u00fcrokraft. Der Krieg war bereits \u00fcber ein Jahr zu Ende, als die Familie in der Nacht vom 21. zum 22. Oktober 1946, gegen 4 Uhr morgens, durch heftiges Klingeln und Klopfen aus dem Schlaf geschreckt wurde. Bewaffnete russische Soldaten, so Ulli`s Mutter Frieda Wandersleb in ihren Notizen, betraten die Wohnung und teilten der Familie mit, die Junkers-Werke w\u00fcrden in die Sowjetunion verlegt. Als Fachkr\u00e4fte m\u00fcssten sie mitkommen, um das Werk dort wieder aufzubauen. Weitere Russen erschienen und hatten in k\u00fcrze die gesamte Wohnungseinrichtung verladen. Nach einer 10 t\u00e4gigen Zugreise traf Familie Wandersleb mit ihren beiden Kindern, dem damals 3 j\u00e4hrigen Ulli und der 11 j\u00e4hrigen Renate, mit vielen anderen Familien des Werkes am Bestimmungsort Uprawlentscheski Gorodok, einem kleinen Ort bei Samara an der Wolga, ein. Dort wurde ihnen zun\u00e4chst nur ein einziges Zimmer einer Vier\u2013Zimmer\u2013Wohnung zugewiesen. Die K\u00fcche hatten sie mit drei anderen Familien zu teilen. Eine der K\u00e4lte im russischen Winter entsprechende Kleidung hatten sie nicht mitgebracht. Wie den Wanderslebs war es in dieser Nacht mehreren Tausend Wissenschaftlern, Ingenieuren und Technikern und ihren Familienangeh\u00f6rigen in der sowjetischen Besatzungszone gegangen. Angesichts der gewaltigen Zerst\u00f6rungen und Menschenverluste, die die Sowjetunion im 2. Weltkrieg erlitten hatte, und ihrer Furcht vor einer kommenden Konfrontation mit den westlichen Siegerm\u00e4chten war die sowjetische Regierung bestrebt, deutsche Technologie und Expertenwissen f\u00fcr den Wiederaufbau ihres Landes zu nutzen.<\/p>\n\n\n\n<p><strong>ALS DEUTSCHE IN RUSSLAND 1946-53<\/strong><\/p>\n\n\n\n<div class=\"wp-block-image\"><figure class=\"alignleft\"><img loading=\"lazy\" decoding=\"async\" width=\"431\" height=\"308\" src=\"https:\/\/www.freundschaft-mit-valjevo.de\/wordpress\/wp-content\/uploads\/2021\/06\/Ulli-mit-Schwester-SchwimmUnterricht1951.jpg\" alt=\"\" class=\"wp-image-1956\" srcset=\"https:\/\/www.freundschaft-mit-valjevo.de\/wordpress\/wp-content\/uploads\/2021\/06\/Ulli-mit-Schwester-SchwimmUnterricht1951.jpg 431w, https:\/\/www.freundschaft-mit-valjevo.de\/wordpress\/wp-content\/uploads\/2021\/06\/Ulli-mit-Schwester-SchwimmUnterricht1951-300x214.jpg 300w\" sizes=\"auto, (max-width: 431px) 100vw, 431px\" \/><figcaption>Ulli mit seiner Schwester beim Schwimmen<\/figcaption><\/figure><\/div>\n\n\n\n<p>Die ersten Jahre, als auch die sowjetische Bev\u00f6lkerung gro\u00dfe Not litt, waren f\u00fcr die Familien der deutschen Fachkr\u00e4fte schwer, auch wenn sie, wie Ulli`s Schwester Renate Wandersleb in ihrer Biographie schreibt, bei der Versorgung mit Lebensmittelkarten besser als die einheimische Bev\u00f6lkerung gestellt wurden. Ihr Vater, der in seiner Jugend zun\u00e4chst eine Ausbildung als Friseur gemacht hatte, verdiente sich nach der Arbeit noch mit dem Haarschneiden deutscher Kollegen ein Zubrot, ihre Mutter mit N\u00e4harbeiten. Renate \u00fcbernahm bald das Kochen f\u00fcr die Familie und k\u00fcmmerte sich neben der Schule um ihren kleinen Bruder Ulli. Im \u201eKlub der Werkt\u00e4tigen\u201c berichtet sie, organisierten die Deutschen Feste und Kinoveranstaltungen mit alten Filmen der Ufa. Als junges M\u00e4dchen genoss sie im Sommer das Schwimmen mit Freunden in der Wolga und im Winter das Skilaufen in der \u201eherrlich verschneiten Umgebung\u201c. Ulli begeisterte sich mehr f\u00fcr die \u00fcppige Natur: M\u00e4use, Fr\u00f6sche, Eidechsen und Schlangen, Libellen und Hirschk\u00e4fern, Insekten und anderem Getier in der w\u00e4rmeren Zeit, und im Winter baute er gern mit Freunden H\u00f6hlen in den einige Meter hohen Schnee um den Steinh\u00e4usern.<\/p>\n\n\n\n<p>Bereits 1948 durften weniger qualifizierte Deutsche nach Hause zur\u00fcckkehren. Diejenigen, die in Russland zur\u00fcckbleiben mussten, waren bitter entt\u00e4uscht. Wenn sie gefragt wurden, wann sie zur\u00fcckkehren d\u00fcrfen, gaben sie alle die gleiche Antwort: \u201eMorgen vielleicht, ganz bestimmt!\u201c Es war geradezu ein \u201egefl\u00fcgeltes Wort\u201c.<\/p>\n\n\n\n<p>Im Fr\u00fchjahr 1953 konnten wieder viele der Deutschen in ihre Heimat zur\u00fcckkehren. Familie Wandersleb aber musste mit anderen als wichtig erachteten Fachkr\u00e4ften auf die Insel Gorodomlyja auf dem nordwestlich von Moskau gelegenen Seliger See umziehen. Dort erhielten sie eine sch\u00f6ne Wohnung. In den Betrieben auf Gorodomlyia wurde an der Weiterentwicklung ballistischer Fl\u00fcssigkeitsraketen gearbeitet. Auf dieser Insel gab es einen kleinen See, ein russisches Dorf und viel Wald mit einer \u00dcberf\u00fclle an Himbeeren, Blaubeeren und Preiselbeeren. F\u00fcr gr\u00f6\u00dfere Eink\u00e4ufe fuhr man mit der F\u00e4hre aufs Festland zur Stadt Ostaschkow. F\u00fcr Ulli war das halbe Jahr auf Gorodomlyja, wie er sagt, die sch\u00f6nste Zeit seiner Kindheit. Gerne erz\u00e4hlt er die Geschichte von seinem ersten eigenen \u201eHaustier\u201c, das er hier erhielt. Als er einmal am Steg angelte, kam ein russischer Bauer mit einem Kahn voller G\u00e4nse an. Ulli hat ihm eine Gans abgekauft. Das Tier brachte er unterm Arm nach Hause und sein Vater baute auf dem Balkon ein Gatter. Gro\u00df war die Aufregung, als sich die Gans eines Tages befreien konnte und mit lautem Geschrei wegflog. Wenige Tage sp\u00e4ter informierte ein Bauer die Familie, dass er die Gans geh\u00f6rt habe. Sie habe sich im Schilf des Sees mit ihrer Fussleine verh\u00e4ngt. Renate und Ulli befreiten die Gans und brachten sie wieder nach Hause. Ihre Mutter aber hatte wenig Verst\u00e4ndnis f\u00fcr das \u201eHaustier\u201c und lie\u00df es trotz des Protestes der Kinder schlachten. Von diesem G\u00e4nsebraten haben weder Ulli noch seine Schwester einen Bissen gegessen. Ende 1953 durfte die Familie endlich nach Deutschland zur\u00fcckkehren, Vater Wandersleb sogar erst im Juni 1954. 1960 geht er gemeinsam mit einem Team aus Ingenieuren, die alle mit ihm in Russland gearbeitet hatten, nach \u00c4gypten, um f\u00fcr die Regierung Gamal Abdel Nasser Flugzeug \u2013 Triebwerke zu bauen. So kommt es, dass Ulli sein Abitur in Kairo ablegt, mit einer respektablen \u201e2\u201c in Arabisch.<\/p>\n\n\n\n<p><strong>BEKOMMEN DIE DEUTSCHEN INGENIEURE EIN MUSEUM ?<\/strong><\/p>\n\n\n\n<figure class=\"wp-block-image\"><img loading=\"lazy\" decoding=\"async\" width=\"1040\" height=\"585\" src=\"https:\/\/i2.wp.com\/www.freundschaft-mit-valjevo.de\/wordpress\/wp-content\/uploads\/2021\/06\/Ulli-mit-Bootsfahrer-20190729zumAbschiedDeutschesBierWurst.jpg?fit=700%2C394\" alt=\"\" class=\"wp-image-1957\" srcset=\"https:\/\/www.freundschaft-mit-valjevo.de\/wordpress\/wp-content\/uploads\/2021\/06\/Ulli-mit-Bootsfahrer-20190729zumAbschiedDeutschesBierWurst.jpg 1040w, https:\/\/www.freundschaft-mit-valjevo.de\/wordpress\/wp-content\/uploads\/2021\/06\/Ulli-mit-Bootsfahrer-20190729zumAbschiedDeutschesBierWurst-300x169.jpg 300w, https:\/\/www.freundschaft-mit-valjevo.de\/wordpress\/wp-content\/uploads\/2021\/06\/Ulli-mit-Bootsfahrer-20190729zumAbschiedDeutschesBierWurst-768x432.jpg 768w, https:\/\/www.freundschaft-mit-valjevo.de\/wordpress\/wp-content\/uploads\/2021\/06\/Ulli-mit-Bootsfahrer-20190729zumAbschiedDeutschesBierWurst-700x394.jpg 700w\" sizes=\"auto, (max-width: 1040px) 100vw, 1040px\" \/><figcaption>Bier und Wurst aus Deutschland f\u00fcr den Bootsfahrer<\/figcaption><\/figure>\n\n\n\n<p>Bei seiner Urlaubsreise 2019 wollte Ulli Wandersleb \u2013 M\u00fcnst seiner Familie neben den Sehensw\u00fcrdigkeiten von Petersburg und Moskau auch den Seligersee und \u201eseine\u201c Insel Gorodomlyja zeigen. Sie reisten zur Stadt Ostaschkow. Von hier hoffte Ulli, mit einem Boot zur Insel \u00fcbersetzen zu k\u00f6nnen. Vor Ort erhielt er jedoch die Auskunft, dass sich auf der Insel Werke der russischen Weltraumorganisation Roskosmos befinden und sie deshalb f\u00fcr Touristen gesperrt sei. Ulli erz\u00e4hlte bei den Beh\u00f6rden seine Geschichte und bat um eine Sondergenehmigung. Bald darauf bekam er einen Anruf von einem Jewgenii Silkin, einem Ethnografen. Sie trafen sich und Herr Silkin berichtete, dass eine Russin, die auf der Insel t\u00e4tig ist, Dokumente und Erfahrungsberichte von Deutschen zusammenstellt, die einst auf Gorodomlya gearbeitet haben. Das Ziel sei ein Museum. Mit einem kleinen Motorboot brachte er die Familie Wandersleb\u2013M\u00fcnst zu einer Sandbank der Insel, die von den Einheimischen gerne zum Badeaufenthalt im Sommer genutzt wird. So konnte die Familie zumindest diesen schmalen, vielleicht zweihundert Meter langen Ausl\u00e4ufer der Insel bis zu den Sperranlagen betreten. Der Kontakt zu E. Silkin besteht bis heute weiter.<\/p>\n\n\n\n<p>Der Krieg, den das nationalsozialistische Deutschland mit dem \u00dcberfall auf Russland vor 80 Jahren am 22. Juni begann, war kein herk\u00f6mmlicher Krieg, wie Ulli Wandersleb betont. Es sei ein Vernichtungskrieg gegen die als \u201erassisch minderwertig\u201c diffamierte russische Bev\u00f6lkerung gewesen, mit dem Ziel, das Land auszupl\u00fcndern, das Leben von Millionen seiner B\u00fcrger auszul\u00f6schen und so neuen Lebensraum f\u00fcr deutsche Ansiedler zu schaffen. Es sei erstaunlich, so Ulli, wie herzlich, gastfreundlich und ohne Vorurteile deutsche Besucher heute trotzdem in Russland aufgenommen werden. Wir alle, meint er, m\u00fcssen daf\u00fcr sorgen, dass es nie mehr zu einem Krieg zwischen unseren beiden V\u00f6lkern kommt<br><\/p>\n","protected":false},"excerpt":{"rendered":"<p>Ulli Wandersleb-M\u00fcnst und sein Urlaub 2019 am Seliger See in den Waldai\u2013H\u00f6hen Russlands Vor 80 Jahren, genau am 22. Juni 1941, \u00fcberfiel das nationalsozialistische Deutschland&#8230;<\/p>\n<div class=\"more-link-wrapper\"><a class=\"more-link\" href=\"https:\/\/www.freundschaft-mit-valjevo.de\/wordpress\/ein-besuch-im-land-seiner-kindheit\/\">Weiterlesen<span class=\"screen-reader-text\">Ein Besuch im Land seiner Kindheit<\/span><\/a><\/div>\n","protected":false},"author":2,"featured_media":1955,"comment_status":"closed","ping_status":"closed","sticky":false,"template":"","format":"standard","meta":{"footnotes":""},"categories":[1],"tags":[],"class_list":["post-1954","post","type-post","status-publish","format-standard","has-post-thumbnail","hentry","category-allgemein","entry"],"yoast_head":"<!-- This site is optimized with the Yoast SEO plugin v27.4 - https:\/\/yoast.com\/product\/yoast-seo-wordpress\/ -->\n<title>Ein Besuch im Land seiner Kindheit - Freundschaft mit Valjevo e.V.<\/title>\n<meta name=\"robots\" content=\"index, follow, max-snippet:-1, max-image-preview:large, max-video-preview:-1\" \/>\n<link rel=\"canonical\" href=\"https:\/\/www.freundschaft-mit-valjevo.de\/wordpress\/ein-besuch-im-land-seiner-kindheit\/\" \/>\n<meta property=\"og:locale\" content=\"de_DE\" \/>\n<meta property=\"og:type\" content=\"article\" \/>\n<meta property=\"og:title\" content=\"Ein Besuch im Land seiner Kindheit - Freundschaft mit Valjevo e.V.\" \/>\n<meta property=\"og:description\" content=\"Ulli Wandersleb-M\u00fcnst und sein Urlaub 2019 am Seliger See in den Waldai\u2013H\u00f6hen Russlands Vor 80 Jahren, genau am 22. Juni 1941, \u00fcberfiel das nationalsozialistische Deutschland&#8230;\" \/>\n<meta property=\"og:url\" content=\"https:\/\/www.freundschaft-mit-valjevo.de\/wordpress\/ein-besuch-im-land-seiner-kindheit\/\" \/>\n<meta property=\"og:site_name\" content=\"Freundschaft mit Valjevo e.V.\" \/>\n<meta property=\"article:published_time\" content=\"2021-06-22T07:39:08+00:00\" \/>\n<meta property=\"article:modified_time\" content=\"2021-06-22T07:39:14+00:00\" \/>\n<meta property=\"og:image\" content=\"https:\/\/www.freundschaft-mit-valjevo.de\/wordpress\/wp-content\/uploads\/2021\/06\/Ulli-Insel-20190731GorodomlyaZiegenhaar.jpg\" \/>\n\t<meta property=\"og:image:width\" content=\"1280\" \/>\n\t<meta property=\"og:image:height\" content=\"720\" \/>\n\t<meta property=\"og:image:type\" content=\"image\/jpeg\" \/>\n<meta name=\"author\" content=\"admin-z\" \/>\n<meta name=\"twitter:card\" content=\"summary_large_image\" \/>\n<meta name=\"twitter:label1\" content=\"Verfasst von\" \/>\n\t<meta name=\"twitter:data1\" content=\"admin-z\" \/>\n\t<meta name=\"twitter:label2\" content=\"Gesch\u00e4tzte Lesezeit\" \/>\n\t<meta name=\"twitter:data2\" content=\"7\u00a0Minuten\" \/>\n<script type=\"application\/ld+json\" class=\"yoast-schema-graph\">{\"@context\":\"https:\\\/\\\/schema.org\",\"@graph\":[{\"@type\":\"Article\",\"@id\":\"https:\\\/\\\/www.freundschaft-mit-valjevo.de\\\/wordpress\\\/ein-besuch-im-land-seiner-kindheit\\\/#article\",\"isPartOf\":{\"@id\":\"https:\\\/\\\/www.freundschaft-mit-valjevo.de\\\/wordpress\\\/ein-besuch-im-land-seiner-kindheit\\\/\"},\"author\":{\"name\":\"admin-z\",\"@id\":\"https:\\\/\\\/www.freundschaft-mit-valjevo.de\\\/wordpress\\\/#\\\/schema\\\/person\\\/4fbd0cc7a0227a72529b76aeed6571e4\"},\"headline\":\"Ein Besuch im Land seiner Kindheit\",\"datePublished\":\"2021-06-22T07:39:08+00:00\",\"dateModified\":\"2021-06-22T07:39:14+00:00\",\"mainEntityOfPage\":{\"@id\":\"https:\\\/\\\/www.freundschaft-mit-valjevo.de\\\/wordpress\\\/ein-besuch-im-land-seiner-kindheit\\\/\"},\"wordCount\":1385,\"image\":{\"@id\":\"https:\\\/\\\/www.freundschaft-mit-valjevo.de\\\/wordpress\\\/ein-besuch-im-land-seiner-kindheit\\\/#primaryimage\"},\"thumbnailUrl\":\"https:\\\/\\\/www.freundschaft-mit-valjevo.de\\\/wordpress\\\/wp-content\\\/uploads\\\/2021\\\/06\\\/Ulli-Insel-20190731GorodomlyaZiegenhaar.jpg\",\"inLanguage\":\"de\"},{\"@type\":\"WebPage\",\"@id\":\"https:\\\/\\\/www.freundschaft-mit-valjevo.de\\\/wordpress\\\/ein-besuch-im-land-seiner-kindheit\\\/\",\"url\":\"https:\\\/\\\/www.freundschaft-mit-valjevo.de\\\/wordpress\\\/ein-besuch-im-land-seiner-kindheit\\\/\",\"name\":\"Ein Besuch im Land seiner Kindheit - Freundschaft mit Valjevo e.V.\",\"isPartOf\":{\"@id\":\"https:\\\/\\\/www.freundschaft-mit-valjevo.de\\\/wordpress\\\/#website\"},\"primaryImageOfPage\":{\"@id\":\"https:\\\/\\\/www.freundschaft-mit-valjevo.de\\\/wordpress\\\/ein-besuch-im-land-seiner-kindheit\\\/#primaryimage\"},\"image\":{\"@id\":\"https:\\\/\\\/www.freundschaft-mit-valjevo.de\\\/wordpress\\\/ein-besuch-im-land-seiner-kindheit\\\/#primaryimage\"},\"thumbnailUrl\":\"https:\\\/\\\/www.freundschaft-mit-valjevo.de\\\/wordpress\\\/wp-content\\\/uploads\\\/2021\\\/06\\\/Ulli-Insel-20190731GorodomlyaZiegenhaar.jpg\",\"datePublished\":\"2021-06-22T07:39:08+00:00\",\"dateModified\":\"2021-06-22T07:39:14+00:00\",\"author\":{\"@id\":\"https:\\\/\\\/www.freundschaft-mit-valjevo.de\\\/wordpress\\\/#\\\/schema\\\/person\\\/4fbd0cc7a0227a72529b76aeed6571e4\"},\"breadcrumb\":{\"@id\":\"https:\\\/\\\/www.freundschaft-mit-valjevo.de\\\/wordpress\\\/ein-besuch-im-land-seiner-kindheit\\\/#breadcrumb\"},\"inLanguage\":\"de\",\"potentialAction\":[{\"@type\":\"ReadAction\",\"target\":[\"https:\\\/\\\/www.freundschaft-mit-valjevo.de\\\/wordpress\\\/ein-besuch-im-land-seiner-kindheit\\\/\"]}]},{\"@type\":\"ImageObject\",\"inLanguage\":\"de\",\"@id\":\"https:\\\/\\\/www.freundschaft-mit-valjevo.de\\\/wordpress\\\/ein-besuch-im-land-seiner-kindheit\\\/#primaryimage\",\"url\":\"https:\\\/\\\/www.freundschaft-mit-valjevo.de\\\/wordpress\\\/wp-content\\\/uploads\\\/2021\\\/06\\\/Ulli-Insel-20190731GorodomlyaZiegenhaar.jpg\",\"contentUrl\":\"https:\\\/\\\/www.freundschaft-mit-valjevo.de\\\/wordpress\\\/wp-content\\\/uploads\\\/2021\\\/06\\\/Ulli-Insel-20190731GorodomlyaZiegenhaar.jpg\",\"width\":1280,\"height\":720},{\"@type\":\"BreadcrumbList\",\"@id\":\"https:\\\/\\\/www.freundschaft-mit-valjevo.de\\\/wordpress\\\/ein-besuch-im-land-seiner-kindheit\\\/#breadcrumb\",\"itemListElement\":[{\"@type\":\"ListItem\",\"position\":1,\"name\":\"Startseite\",\"item\":\"https:\\\/\\\/www.freundschaft-mit-valjevo.de\\\/wordpress\\\/\"},{\"@type\":\"ListItem\",\"position\":2,\"name\":\"Ein Besuch im Land seiner Kindheit\"}]},{\"@type\":\"WebSite\",\"@id\":\"https:\\\/\\\/www.freundschaft-mit-valjevo.de\\\/wordpress\\\/#website\",\"url\":\"https:\\\/\\\/www.freundschaft-mit-valjevo.de\\\/wordpress\\\/\",\"name\":\"Freundschaft mit Valjevo e.V.\",\"description\":\"F\u00fcr Frieden, Freundschaft und V\u00f6lkerverst\u00e4ndigung\",\"potentialAction\":[{\"@type\":\"SearchAction\",\"target\":{\"@type\":\"EntryPoint\",\"urlTemplate\":\"https:\\\/\\\/www.freundschaft-mit-valjevo.de\\\/wordpress\\\/?s={search_term_string}\"},\"query-input\":{\"@type\":\"PropertyValueSpecification\",\"valueRequired\":true,\"valueName\":\"search_term_string\"}}],\"inLanguage\":\"de\"},{\"@type\":\"Person\",\"@id\":\"https:\\\/\\\/www.freundschaft-mit-valjevo.de\\\/wordpress\\\/#\\\/schema\\\/person\\\/4fbd0cc7a0227a72529b76aeed6571e4\",\"name\":\"admin-z\",\"image\":{\"@type\":\"ImageObject\",\"inLanguage\":\"de\",\"@id\":\"https:\\\/\\\/secure.gravatar.com\\\/avatar\\\/e180e5c39bf8c56d773eb854294072b2fec4a0a0f052f70a3cdaf696f943716d?s=96&d=mm&r=g\",\"url\":\"https:\\\/\\\/secure.gravatar.com\\\/avatar\\\/e180e5c39bf8c56d773eb854294072b2fec4a0a0f052f70a3cdaf696f943716d?s=96&d=mm&r=g\",\"contentUrl\":\"https:\\\/\\\/secure.gravatar.com\\\/avatar\\\/e180e5c39bf8c56d773eb854294072b2fec4a0a0f052f70a3cdaf696f943716d?s=96&d=mm&r=g\",\"caption\":\"admin-z\"}}]}<\/script>\n<!-- \/ Yoast SEO plugin. -->","yoast_head_json":{"title":"Ein Besuch im Land seiner Kindheit - Freundschaft mit Valjevo e.V.","robots":{"index":"index","follow":"follow","max-snippet":"max-snippet:-1","max-image-preview":"max-image-preview:large","max-video-preview":"max-video-preview:-1"},"canonical":"https:\/\/www.freundschaft-mit-valjevo.de\/wordpress\/ein-besuch-im-land-seiner-kindheit\/","og_locale":"de_DE","og_type":"article","og_title":"Ein Besuch im Land seiner Kindheit - Freundschaft mit Valjevo e.V.","og_description":"Ulli Wandersleb-M\u00fcnst und sein Urlaub 2019 am Seliger See in den Waldai\u2013H\u00f6hen Russlands Vor 80 Jahren, genau am 22. Juni 1941, \u00fcberfiel das nationalsozialistische Deutschland&#8230;","og_url":"https:\/\/www.freundschaft-mit-valjevo.de\/wordpress\/ein-besuch-im-land-seiner-kindheit\/","og_site_name":"Freundschaft mit Valjevo e.V.","article_published_time":"2021-06-22T07:39:08+00:00","article_modified_time":"2021-06-22T07:39:14+00:00","og_image":[{"width":1280,"height":720,"url":"https:\/\/www.freundschaft-mit-valjevo.de\/wordpress\/wp-content\/uploads\/2021\/06\/Ulli-Insel-20190731GorodomlyaZiegenhaar.jpg","type":"image\/jpeg"}],"author":"admin-z","twitter_card":"summary_large_image","twitter_misc":{"Verfasst von":"admin-z","Gesch\u00e4tzte Lesezeit":"7\u00a0Minuten"},"schema":{"@context":"https:\/\/schema.org","@graph":[{"@type":"Article","@id":"https:\/\/www.freundschaft-mit-valjevo.de\/wordpress\/ein-besuch-im-land-seiner-kindheit\/#article","isPartOf":{"@id":"https:\/\/www.freundschaft-mit-valjevo.de\/wordpress\/ein-besuch-im-land-seiner-kindheit\/"},"author":{"name":"admin-z","@id":"https:\/\/www.freundschaft-mit-valjevo.de\/wordpress\/#\/schema\/person\/4fbd0cc7a0227a72529b76aeed6571e4"},"headline":"Ein Besuch im Land seiner Kindheit","datePublished":"2021-06-22T07:39:08+00:00","dateModified":"2021-06-22T07:39:14+00:00","mainEntityOfPage":{"@id":"https:\/\/www.freundschaft-mit-valjevo.de\/wordpress\/ein-besuch-im-land-seiner-kindheit\/"},"wordCount":1385,"image":{"@id":"https:\/\/www.freundschaft-mit-valjevo.de\/wordpress\/ein-besuch-im-land-seiner-kindheit\/#primaryimage"},"thumbnailUrl":"https:\/\/www.freundschaft-mit-valjevo.de\/wordpress\/wp-content\/uploads\/2021\/06\/Ulli-Insel-20190731GorodomlyaZiegenhaar.jpg","inLanguage":"de"},{"@type":"WebPage","@id":"https:\/\/www.freundschaft-mit-valjevo.de\/wordpress\/ein-besuch-im-land-seiner-kindheit\/","url":"https:\/\/www.freundschaft-mit-valjevo.de\/wordpress\/ein-besuch-im-land-seiner-kindheit\/","name":"Ein Besuch im Land seiner Kindheit - Freundschaft mit Valjevo e.V.","isPartOf":{"@id":"https:\/\/www.freundschaft-mit-valjevo.de\/wordpress\/#website"},"primaryImageOfPage":{"@id":"https:\/\/www.freundschaft-mit-valjevo.de\/wordpress\/ein-besuch-im-land-seiner-kindheit\/#primaryimage"},"image":{"@id":"https:\/\/www.freundschaft-mit-valjevo.de\/wordpress\/ein-besuch-im-land-seiner-kindheit\/#primaryimage"},"thumbnailUrl":"https:\/\/www.freundschaft-mit-valjevo.de\/wordpress\/wp-content\/uploads\/2021\/06\/Ulli-Insel-20190731GorodomlyaZiegenhaar.jpg","datePublished":"2021-06-22T07:39:08+00:00","dateModified":"2021-06-22T07:39:14+00:00","author":{"@id":"https:\/\/www.freundschaft-mit-valjevo.de\/wordpress\/#\/schema\/person\/4fbd0cc7a0227a72529b76aeed6571e4"},"breadcrumb":{"@id":"https:\/\/www.freundschaft-mit-valjevo.de\/wordpress\/ein-besuch-im-land-seiner-kindheit\/#breadcrumb"},"inLanguage":"de","potentialAction":[{"@type":"ReadAction","target":["https:\/\/www.freundschaft-mit-valjevo.de\/wordpress\/ein-besuch-im-land-seiner-kindheit\/"]}]},{"@type":"ImageObject","inLanguage":"de","@id":"https:\/\/www.freundschaft-mit-valjevo.de\/wordpress\/ein-besuch-im-land-seiner-kindheit\/#primaryimage","url":"https:\/\/www.freundschaft-mit-valjevo.de\/wordpress\/wp-content\/uploads\/2021\/06\/Ulli-Insel-20190731GorodomlyaZiegenhaar.jpg","contentUrl":"https:\/\/www.freundschaft-mit-valjevo.de\/wordpress\/wp-content\/uploads\/2021\/06\/Ulli-Insel-20190731GorodomlyaZiegenhaar.jpg","width":1280,"height":720},{"@type":"BreadcrumbList","@id":"https:\/\/www.freundschaft-mit-valjevo.de\/wordpress\/ein-besuch-im-land-seiner-kindheit\/#breadcrumb","itemListElement":[{"@type":"ListItem","position":1,"name":"Startseite","item":"https:\/\/www.freundschaft-mit-valjevo.de\/wordpress\/"},{"@type":"ListItem","position":2,"name":"Ein Besuch im Land seiner Kindheit"}]},{"@type":"WebSite","@id":"https:\/\/www.freundschaft-mit-valjevo.de\/wordpress\/#website","url":"https:\/\/www.freundschaft-mit-valjevo.de\/wordpress\/","name":"Freundschaft mit Valjevo e.V.","description":"F\u00fcr Frieden, Freundschaft und V\u00f6lkerverst\u00e4ndigung","potentialAction":[{"@type":"SearchAction","target":{"@type":"EntryPoint","urlTemplate":"https:\/\/www.freundschaft-mit-valjevo.de\/wordpress\/?s={search_term_string}"},"query-input":{"@type":"PropertyValueSpecification","valueRequired":true,"valueName":"search_term_string"}}],"inLanguage":"de"},{"@type":"Person","@id":"https:\/\/www.freundschaft-mit-valjevo.de\/wordpress\/#\/schema\/person\/4fbd0cc7a0227a72529b76aeed6571e4","name":"admin-z","image":{"@type":"ImageObject","inLanguage":"de","@id":"https:\/\/secure.gravatar.com\/avatar\/e180e5c39bf8c56d773eb854294072b2fec4a0a0f052f70a3cdaf696f943716d?s=96&d=mm&r=g","url":"https:\/\/secure.gravatar.com\/avatar\/e180e5c39bf8c56d773eb854294072b2fec4a0a0f052f70a3cdaf696f943716d?s=96&d=mm&r=g","contentUrl":"https:\/\/secure.gravatar.com\/avatar\/e180e5c39bf8c56d773eb854294072b2fec4a0a0f052f70a3cdaf696f943716d?s=96&d=mm&r=g","caption":"admin-z"}}]}},"_links":{"self":[{"href":"https:\/\/www.freundschaft-mit-valjevo.de\/wordpress\/wp-json\/wp\/v2\/posts\/1954","targetHints":{"allow":["GET"]}}],"collection":[{"href":"https:\/\/www.freundschaft-mit-valjevo.de\/wordpress\/wp-json\/wp\/v2\/posts"}],"about":[{"href":"https:\/\/www.freundschaft-mit-valjevo.de\/wordpress\/wp-json\/wp\/v2\/types\/post"}],"author":[{"embeddable":true,"href":"https:\/\/www.freundschaft-mit-valjevo.de\/wordpress\/wp-json\/wp\/v2\/users\/2"}],"replies":[{"embeddable":true,"href":"https:\/\/www.freundschaft-mit-valjevo.de\/wordpress\/wp-json\/wp\/v2\/comments?post=1954"}],"version-history":[{"count":1,"href":"https:\/\/www.freundschaft-mit-valjevo.de\/wordpress\/wp-json\/wp\/v2\/posts\/1954\/revisions"}],"predecessor-version":[{"id":1960,"href":"https:\/\/www.freundschaft-mit-valjevo.de\/wordpress\/wp-json\/wp\/v2\/posts\/1954\/revisions\/1960"}],"wp:featuredmedia":[{"embeddable":true,"href":"https:\/\/www.freundschaft-mit-valjevo.de\/wordpress\/wp-json\/wp\/v2\/media\/1955"}],"wp:attachment":[{"href":"https:\/\/www.freundschaft-mit-valjevo.de\/wordpress\/wp-json\/wp\/v2\/media?parent=1954"}],"wp:term":[{"taxonomy":"category","embeddable":true,"href":"https:\/\/www.freundschaft-mit-valjevo.de\/wordpress\/wp-json\/wp\/v2\/categories?post=1954"},{"taxonomy":"post_tag","embeddable":true,"href":"https:\/\/www.freundschaft-mit-valjevo.de\/wordpress\/wp-json\/wp\/v2\/tags?post=1954"}],"curies":[{"name":"wp","href":"https:\/\/api.w.org\/{rel}","templated":true}]}}