{"id":1961,"date":"2021-06-28T15:03:18","date_gmt":"2021-06-28T15:03:18","guid":{"rendered":"http:\/\/www.freundschaft-mit-valjevo.de\/wordpress\/?p=1961"},"modified":"2021-06-28T15:03:22","modified_gmt":"2021-06-28T15:03:22","slug":"ein-kolonialpolitischer-vernichtungskrieg","status":"publish","type":"post","link":"https:\/\/www.freundschaft-mit-valjevo.de\/wordpress\/ein-kolonialpolitischer-vernichtungskrieg\/","title":{"rendered":"Ein kolonialpolitischer Vernichtungskrieg"},"content":{"rendered":"\n<h4 class=\"wp-block-heading\"><strong>Manfred Wei\u00dfbecker sprach zum 80. Jahrestag des \u00dcberfalls auf Sowjetunion<\/strong><\/h4>\n\n\n\n<p>\u201eKalk\u00fcl und Wahn \u2013 ein Feindbild und der 22. Juni 1941\u201c, hatte Professor Dr. Manfred Wei\u00dfbecker seinen Vortrag zum 80. Jahrestages des \u00dcberfalls auf die Sowjetunion \u00fcberschrieben. Am 22. Juni 2021 sprach er auf Einladung unseres Vereins im \u201eZentrum f\u00fcr Berufs- und Familienforschung\u201c.<\/p>\n\n\n\n<p>Der Krieg gegen die Sowjetunion, so Professor Manfred Wei\u00dfbecker in seinem Diavortrag habe 27 Millionen Sowjetb\u00fcrgern, darunter 15 Millionen Zivilisten ihr Leben gekostet. Er bezeichnete ihn als einen \u201eEroberungs-, Bereicherungs- und kolonialpolitischer Vernichtungskrieg\u201c. Dies belegte er mit zahlreichen Zitaten aus Originaldokumenten. Ziel dieses Krieges, so Manfred Wei\u00dfbecker, sei es gewesen, ein wirtschaftlich autonomes \u201eGro\u00dfgermanisches Reich\u201c zu schaffen. Diese Weltmacht sollte sich auf eine geografisch angeschlossene Kolonie in Osteuropa st\u00fctzen k\u00f6nnen, die Getreide, Rohstoffe und billigste Arbeitskr\u00e4fte liefern und als Anlageplatz f\u00fcr deutsches Kapital und als Absatzmarkt f\u00fcr deutsche Industrieprodukte dienen sollte. Die eigene russische Industrie sollte zerst\u00f6rt,&nbsp; St\u00e4dte wie Moskau und Leningrad \u201eausradiert\u201c werden, wie Joseph Goebbels in seinem Tagesbuch festgehalten hat. Wei\u00dfbecker verwies auf die wirtschaftspolitischen Richtlinien vom 16. Juni 1941 (\u201eGr\u00fcne Mappe\u201c). Dort hei\u00dft es unmissverst\u00e4ndlich: \u201eSoviel wie m\u00f6glich Lebensmittel und Mineral\u00f6l f\u00fcr Deutschland zu gewinnen, ist das wirtschaftliche Hauptziel.\u201c Um Engp\u00e4sse bei der Versorgung und m\u00f6gliche Unzufriedenheit in der deutschen Bev\u00f6lkerung w\u00e4hrend des Krieges so vermeiden, hatte der Reichsminister f\u00fcr Ern\u00e4hrung und Landwirtschaft Herbert Backe bei einer Tagung von Staatssekret\u00e4ren und Offizieren laut Protokoll am 2. Mai 1941 erkl\u00e4rt: \u201e1. Der (am 1.9.1939 begonnene) Krieg ist nur weiterzuf\u00fchren, wenn die gesamte Wehrmacht im 3. Kriegsjahr aus Russland ern\u00e4hrt wird. 2. Hierbei werden zweifellos zig Millionen Menschen verhungern, wenn das f\u00fcr uns Notwendige aus dem Land herausgeholt wird.\u201c Das Verhungern von Millionen Sowjetb\u00fcrgern sei f\u00fcr die NS-F\u00fchrung ein erw\u00fcnschter \u201ebev\u00f6lkerungspolitischer Nebeneffekt\u201c gewesen. Bereits am 2. April 1941 hatte Alfred Rosenberg, Reichsminister f\u00fcr die besetzten Ostgebiete, geschrieben, es m\u00fcsse Platz f\u00fcr \u201edie Ansiedelung einer mengenm\u00e4\u00dfig bedeutenden deutschen Bev\u00f6lkerung\u201c gewonnen werden.\u201c Entsprechend habe der \u201eGeneralplan Ost\u201c mit dem \u201eGeneralsiedlungsplan\u201c vom September 1942 vorgesehen, rund 12 Millionen Deutschen, Volksdeutschen und skandinavischen \u201eAriern\u201c in einem 330.000 qkm gro\u00dfem Gebiet mit 360.100 landwirtschaftlichen G\u00fctern anzusiedeln. Die dort lebenden Menschen sollten deportiert oder ermordet werden. Ein solcher Krieg, mit dem der \u201ej\u00fcdische Bolschewismus\u201c ausgerottet werden sollte, sei nur mit einem zutiefst rassistischen Feindbild und unter Missachtung des V\u00f6lkerrechts (\u201eKommissarbefehl\u201c, Einsatzgruppen zur Liquidierung von F\u00fchrungskr\u00e4ften und der j\u00fcdischen Bev\u00f6lkerung) zu f\u00fchren gewesen. Dazu wurde die slawische Bev\u00f6lkerung wurde als charakterlich hinterh\u00e4ltig und niedertr\u00e4chtig, biologisch und kulturell minderwertig dargestellt, zu deren Versklavung und Vernichtung man berechtigt sei.<\/p>\n\n\n\n<p>Manfred Wei\u00dfbecker appellierte abschlie\u00dfend, diesen Krieg und seine Opfer, zu denen auch Millionen Deutsche geh\u00f6ren, nicht zu vergessen. Mit Aufr\u00fcstung und Konfrontation gegen\u00fcber Russland sei Schluss zu machen. F\u00fcr eine friedliche Zukunft sei eine Verst\u00e4ndigung mit seiner Bev\u00f6lkerung unumg\u00e4nglich.<\/p>\n\n\n\n<p><br><\/p>\n","protected":false},"excerpt":{"rendered":"<p>Manfred Wei\u00dfbecker sprach zum 80. Jahrestag des \u00dcberfalls auf Sowjetunion \u201eKalk\u00fcl und Wahn \u2013 ein Feindbild und der 22. Juni 1941\u201c, hatte Professor Dr. Manfred&#8230;<\/p>\n<div class=\"more-link-wrapper\"><a class=\"more-link\" href=\"https:\/\/www.freundschaft-mit-valjevo.de\/wordpress\/ein-kolonialpolitischer-vernichtungskrieg\/\">Weiterlesen<span class=\"screen-reader-text\">Ein kolonialpolitischer Vernichtungskrieg<\/span><\/a><\/div>\n","protected":false},"author":2,"featured_media":1717,"comment_status":"closed","ping_status":"closed","sticky":false,"template":"","format":"standard","meta":{"footnotes":""},"categories":[1],"tags":[],"class_list":["post-1961","post","type-post","status-publish","format-standard","has-post-thumbnail","hentry","category-allgemein","entry"],"yoast_head":"<!-- This site is optimized with the Yoast SEO plugin v27.4 - https:\/\/yoast.com\/product\/yoast-seo-wordpress\/ -->\n<title>Ein kolonialpolitischer Vernichtungskrieg - Freundschaft mit Valjevo e.V.<\/title>\n<meta name=\"robots\" content=\"index, follow, max-snippet:-1, max-image-preview:large, max-video-preview:-1\" \/>\n<link rel=\"canonical\" href=\"https:\/\/www.freundschaft-mit-valjevo.de\/wordpress\/ein-kolonialpolitischer-vernichtungskrieg\/\" \/>\n<meta property=\"og:locale\" content=\"de_DE\" \/>\n<meta property=\"og:type\" content=\"article\" \/>\n<meta property=\"og:title\" content=\"Ein kolonialpolitischer Vernichtungskrieg - Freundschaft mit Valjevo e.V.\" \/>\n<meta property=\"og:description\" content=\"Manfred Wei\u00dfbecker sprach zum 80. Jahrestag des \u00dcberfalls auf Sowjetunion \u201eKalk\u00fcl und Wahn \u2013 ein Feindbild und der 22. Juni 1941\u201c, hatte Professor Dr. Manfred&#8230;\" \/>\n<meta property=\"og:url\" content=\"https:\/\/www.freundschaft-mit-valjevo.de\/wordpress\/ein-kolonialpolitischer-vernichtungskrieg\/\" \/>\n<meta property=\"og:site_name\" content=\"Freundschaft mit Valjevo e.V.\" \/>\n<meta property=\"article:published_time\" content=\"2021-06-28T15:03:18+00:00\" \/>\n<meta property=\"article:modified_time\" content=\"2021-06-28T15:03:22+00:00\" \/>\n<meta property=\"og:image\" content=\"https:\/\/www.freundschaft-mit-valjevo.de\/wordpress\/wp-content\/uploads\/2019\/06\/1A11F2D3-2453-4A1E-99C3-DC37DBF556E3.jpeg\" \/>\n\t<meta property=\"og:image:width\" content=\"1920\" \/>\n\t<meta property=\"og:image:height\" content=\"1440\" \/>\n\t<meta property=\"og:image:type\" content=\"image\/jpeg\" \/>\n<meta name=\"author\" content=\"admin-z\" \/>\n<meta name=\"twitter:card\" content=\"summary_large_image\" \/>\n<meta name=\"twitter:label1\" content=\"Verfasst von\" \/>\n\t<meta name=\"twitter:data1\" content=\"admin-z\" \/>\n\t<meta name=\"twitter:label2\" content=\"Gesch\u00e4tzte Lesezeit\" \/>\n\t<meta name=\"twitter:data2\" content=\"2\u00a0Minuten\" \/>\n<script type=\"application\/ld+json\" class=\"yoast-schema-graph\">{\"@context\":\"https:\\\/\\\/schema.org\",\"@graph\":[{\"@type\":\"Article\",\"@id\":\"https:\\\/\\\/www.freundschaft-mit-valjevo.de\\\/wordpress\\\/ein-kolonialpolitischer-vernichtungskrieg\\\/#article\",\"isPartOf\":{\"@id\":\"https:\\\/\\\/www.freundschaft-mit-valjevo.de\\\/wordpress\\\/ein-kolonialpolitischer-vernichtungskrieg\\\/\"},\"author\":{\"name\":\"admin-z\",\"@id\":\"https:\\\/\\\/www.freundschaft-mit-valjevo.de\\\/wordpress\\\/#\\\/schema\\\/person\\\/4fbd0cc7a0227a72529b76aeed6571e4\"},\"headline\":\"Ein kolonialpolitischer Vernichtungskrieg\",\"datePublished\":\"2021-06-28T15:03:18+00:00\",\"dateModified\":\"2021-06-28T15:03:22+00:00\",\"mainEntityOfPage\":{\"@id\":\"https:\\\/\\\/www.freundschaft-mit-valjevo.de\\\/wordpress\\\/ein-kolonialpolitischer-vernichtungskrieg\\\/\"},\"wordCount\":498,\"image\":{\"@id\":\"https:\\\/\\\/www.freundschaft-mit-valjevo.de\\\/wordpress\\\/ein-kolonialpolitischer-vernichtungskrieg\\\/#primaryimage\"},\"thumbnailUrl\":\"https:\\\/\\\/www.freundschaft-mit-valjevo.de\\\/wordpress\\\/wp-content\\\/uploads\\\/2019\\\/06\\\/1A11F2D3-2453-4A1E-99C3-DC37DBF556E3.jpeg\",\"inLanguage\":\"de\"},{\"@type\":\"WebPage\",\"@id\":\"https:\\\/\\\/www.freundschaft-mit-valjevo.de\\\/wordpress\\\/ein-kolonialpolitischer-vernichtungskrieg\\\/\",\"url\":\"https:\\\/\\\/www.freundschaft-mit-valjevo.de\\\/wordpress\\\/ein-kolonialpolitischer-vernichtungskrieg\\\/\",\"name\":\"Ein kolonialpolitischer Vernichtungskrieg - Freundschaft mit Valjevo e.V.\",\"isPartOf\":{\"@id\":\"https:\\\/\\\/www.freundschaft-mit-valjevo.de\\\/wordpress\\\/#website\"},\"primaryImageOfPage\":{\"@id\":\"https:\\\/\\\/www.freundschaft-mit-valjevo.de\\\/wordpress\\\/ein-kolonialpolitischer-vernichtungskrieg\\\/#primaryimage\"},\"image\":{\"@id\":\"https:\\\/\\\/www.freundschaft-mit-valjevo.de\\\/wordpress\\\/ein-kolonialpolitischer-vernichtungskrieg\\\/#primaryimage\"},\"thumbnailUrl\":\"https:\\\/\\\/www.freundschaft-mit-valjevo.de\\\/wordpress\\\/wp-content\\\/uploads\\\/2019\\\/06\\\/1A11F2D3-2453-4A1E-99C3-DC37DBF556E3.jpeg\",\"datePublished\":\"2021-06-28T15:03:18+00:00\",\"dateModified\":\"2021-06-28T15:03:22+00:00\",\"author\":{\"@id\":\"https:\\\/\\\/www.freundschaft-mit-valjevo.de\\\/wordpress\\\/#\\\/schema\\\/person\\\/4fbd0cc7a0227a72529b76aeed6571e4\"},\"breadcrumb\":{\"@id\":\"https:\\\/\\\/www.freundschaft-mit-valjevo.de\\\/wordpress\\\/ein-kolonialpolitischer-vernichtungskrieg\\\/#breadcrumb\"},\"inLanguage\":\"de\",\"potentialAction\":[{\"@type\":\"ReadAction\",\"target\":[\"https:\\\/\\\/www.freundschaft-mit-valjevo.de\\\/wordpress\\\/ein-kolonialpolitischer-vernichtungskrieg\\\/\"]}]},{\"@type\":\"ImageObject\",\"inLanguage\":\"de\",\"@id\":\"https:\\\/\\\/www.freundschaft-mit-valjevo.de\\\/wordpress\\\/ein-kolonialpolitischer-vernichtungskrieg\\\/#primaryimage\",\"url\":\"https:\\\/\\\/www.freundschaft-mit-valjevo.de\\\/wordpress\\\/wp-content\\\/uploads\\\/2019\\\/06\\\/1A11F2D3-2453-4A1E-99C3-DC37DBF556E3.jpeg\",\"contentUrl\":\"https:\\\/\\\/www.freundschaft-mit-valjevo.de\\\/wordpress\\\/wp-content\\\/uploads\\\/2019\\\/06\\\/1A11F2D3-2453-4A1E-99C3-DC37DBF556E3.jpeg\",\"width\":1920,\"height\":1440},{\"@type\":\"BreadcrumbList\",\"@id\":\"https:\\\/\\\/www.freundschaft-mit-valjevo.de\\\/wordpress\\\/ein-kolonialpolitischer-vernichtungskrieg\\\/#breadcrumb\",\"itemListElement\":[{\"@type\":\"ListItem\",\"position\":1,\"name\":\"Startseite\",\"item\":\"https:\\\/\\\/www.freundschaft-mit-valjevo.de\\\/wordpress\\\/\"},{\"@type\":\"ListItem\",\"position\":2,\"name\":\"Ein kolonialpolitischer Vernichtungskrieg\"}]},{\"@type\":\"WebSite\",\"@id\":\"https:\\\/\\\/www.freundschaft-mit-valjevo.de\\\/wordpress\\\/#website\",\"url\":\"https:\\\/\\\/www.freundschaft-mit-valjevo.de\\\/wordpress\\\/\",\"name\":\"Freundschaft mit Valjevo e.V.\",\"description\":\"F\u00fcr Frieden, Freundschaft und V\u00f6lkerverst\u00e4ndigung\",\"potentialAction\":[{\"@type\":\"SearchAction\",\"target\":{\"@type\":\"EntryPoint\",\"urlTemplate\":\"https:\\\/\\\/www.freundschaft-mit-valjevo.de\\\/wordpress\\\/?s={search_term_string}\"},\"query-input\":{\"@type\":\"PropertyValueSpecification\",\"valueRequired\":true,\"valueName\":\"search_term_string\"}}],\"inLanguage\":\"de\"},{\"@type\":\"Person\",\"@id\":\"https:\\\/\\\/www.freundschaft-mit-valjevo.de\\\/wordpress\\\/#\\\/schema\\\/person\\\/4fbd0cc7a0227a72529b76aeed6571e4\",\"name\":\"admin-z\",\"image\":{\"@type\":\"ImageObject\",\"inLanguage\":\"de\",\"@id\":\"https:\\\/\\\/secure.gravatar.com\\\/avatar\\\/e180e5c39bf8c56d773eb854294072b2fec4a0a0f052f70a3cdaf696f943716d?s=96&d=mm&r=g\",\"url\":\"https:\\\/\\\/secure.gravatar.com\\\/avatar\\\/e180e5c39bf8c56d773eb854294072b2fec4a0a0f052f70a3cdaf696f943716d?s=96&d=mm&r=g\",\"contentUrl\":\"https:\\\/\\\/secure.gravatar.com\\\/avatar\\\/e180e5c39bf8c56d773eb854294072b2fec4a0a0f052f70a3cdaf696f943716d?s=96&d=mm&r=g\",\"caption\":\"admin-z\"}}]}<\/script>\n<!-- \/ Yoast SEO plugin. -->","yoast_head_json":{"title":"Ein kolonialpolitischer Vernichtungskrieg - Freundschaft mit Valjevo e.V.","robots":{"index":"index","follow":"follow","max-snippet":"max-snippet:-1","max-image-preview":"max-image-preview:large","max-video-preview":"max-video-preview:-1"},"canonical":"https:\/\/www.freundschaft-mit-valjevo.de\/wordpress\/ein-kolonialpolitischer-vernichtungskrieg\/","og_locale":"de_DE","og_type":"article","og_title":"Ein kolonialpolitischer Vernichtungskrieg - Freundschaft mit Valjevo e.V.","og_description":"Manfred Wei\u00dfbecker sprach zum 80. Jahrestag des \u00dcberfalls auf Sowjetunion \u201eKalk\u00fcl und Wahn \u2013 ein Feindbild und der 22. Juni 1941\u201c, hatte Professor Dr. Manfred&#8230;","og_url":"https:\/\/www.freundschaft-mit-valjevo.de\/wordpress\/ein-kolonialpolitischer-vernichtungskrieg\/","og_site_name":"Freundschaft mit Valjevo e.V.","article_published_time":"2021-06-28T15:03:18+00:00","article_modified_time":"2021-06-28T15:03:22+00:00","og_image":[{"width":1920,"height":1440,"url":"https:\/\/www.freundschaft-mit-valjevo.de\/wordpress\/wp-content\/uploads\/2019\/06\/1A11F2D3-2453-4A1E-99C3-DC37DBF556E3.jpeg","type":"image\/jpeg"}],"author":"admin-z","twitter_card":"summary_large_image","twitter_misc":{"Verfasst von":"admin-z","Gesch\u00e4tzte Lesezeit":"2\u00a0Minuten"},"schema":{"@context":"https:\/\/schema.org","@graph":[{"@type":"Article","@id":"https:\/\/www.freundschaft-mit-valjevo.de\/wordpress\/ein-kolonialpolitischer-vernichtungskrieg\/#article","isPartOf":{"@id":"https:\/\/www.freundschaft-mit-valjevo.de\/wordpress\/ein-kolonialpolitischer-vernichtungskrieg\/"},"author":{"name":"admin-z","@id":"https:\/\/www.freundschaft-mit-valjevo.de\/wordpress\/#\/schema\/person\/4fbd0cc7a0227a72529b76aeed6571e4"},"headline":"Ein kolonialpolitischer Vernichtungskrieg","datePublished":"2021-06-28T15:03:18+00:00","dateModified":"2021-06-28T15:03:22+00:00","mainEntityOfPage":{"@id":"https:\/\/www.freundschaft-mit-valjevo.de\/wordpress\/ein-kolonialpolitischer-vernichtungskrieg\/"},"wordCount":498,"image":{"@id":"https:\/\/www.freundschaft-mit-valjevo.de\/wordpress\/ein-kolonialpolitischer-vernichtungskrieg\/#primaryimage"},"thumbnailUrl":"https:\/\/www.freundschaft-mit-valjevo.de\/wordpress\/wp-content\/uploads\/2019\/06\/1A11F2D3-2453-4A1E-99C3-DC37DBF556E3.jpeg","inLanguage":"de"},{"@type":"WebPage","@id":"https:\/\/www.freundschaft-mit-valjevo.de\/wordpress\/ein-kolonialpolitischer-vernichtungskrieg\/","url":"https:\/\/www.freundschaft-mit-valjevo.de\/wordpress\/ein-kolonialpolitischer-vernichtungskrieg\/","name":"Ein kolonialpolitischer Vernichtungskrieg - Freundschaft mit Valjevo e.V.","isPartOf":{"@id":"https:\/\/www.freundschaft-mit-valjevo.de\/wordpress\/#website"},"primaryImageOfPage":{"@id":"https:\/\/www.freundschaft-mit-valjevo.de\/wordpress\/ein-kolonialpolitischer-vernichtungskrieg\/#primaryimage"},"image":{"@id":"https:\/\/www.freundschaft-mit-valjevo.de\/wordpress\/ein-kolonialpolitischer-vernichtungskrieg\/#primaryimage"},"thumbnailUrl":"https:\/\/www.freundschaft-mit-valjevo.de\/wordpress\/wp-content\/uploads\/2019\/06\/1A11F2D3-2453-4A1E-99C3-DC37DBF556E3.jpeg","datePublished":"2021-06-28T15:03:18+00:00","dateModified":"2021-06-28T15:03:22+00:00","author":{"@id":"https:\/\/www.freundschaft-mit-valjevo.de\/wordpress\/#\/schema\/person\/4fbd0cc7a0227a72529b76aeed6571e4"},"breadcrumb":{"@id":"https:\/\/www.freundschaft-mit-valjevo.de\/wordpress\/ein-kolonialpolitischer-vernichtungskrieg\/#breadcrumb"},"inLanguage":"de","potentialAction":[{"@type":"ReadAction","target":["https:\/\/www.freundschaft-mit-valjevo.de\/wordpress\/ein-kolonialpolitischer-vernichtungskrieg\/"]}]},{"@type":"ImageObject","inLanguage":"de","@id":"https:\/\/www.freundschaft-mit-valjevo.de\/wordpress\/ein-kolonialpolitischer-vernichtungskrieg\/#primaryimage","url":"https:\/\/www.freundschaft-mit-valjevo.de\/wordpress\/wp-content\/uploads\/2019\/06\/1A11F2D3-2453-4A1E-99C3-DC37DBF556E3.jpeg","contentUrl":"https:\/\/www.freundschaft-mit-valjevo.de\/wordpress\/wp-content\/uploads\/2019\/06\/1A11F2D3-2453-4A1E-99C3-DC37DBF556E3.jpeg","width":1920,"height":1440},{"@type":"BreadcrumbList","@id":"https:\/\/www.freundschaft-mit-valjevo.de\/wordpress\/ein-kolonialpolitischer-vernichtungskrieg\/#breadcrumb","itemListElement":[{"@type":"ListItem","position":1,"name":"Startseite","item":"https:\/\/www.freundschaft-mit-valjevo.de\/wordpress\/"},{"@type":"ListItem","position":2,"name":"Ein kolonialpolitischer Vernichtungskrieg"}]},{"@type":"WebSite","@id":"https:\/\/www.freundschaft-mit-valjevo.de\/wordpress\/#website","url":"https:\/\/www.freundschaft-mit-valjevo.de\/wordpress\/","name":"Freundschaft mit Valjevo e.V.","description":"F\u00fcr Frieden, Freundschaft und V\u00f6lkerverst\u00e4ndigung","potentialAction":[{"@type":"SearchAction","target":{"@type":"EntryPoint","urlTemplate":"https:\/\/www.freundschaft-mit-valjevo.de\/wordpress\/?s={search_term_string}"},"query-input":{"@type":"PropertyValueSpecification","valueRequired":true,"valueName":"search_term_string"}}],"inLanguage":"de"},{"@type":"Person","@id":"https:\/\/www.freundschaft-mit-valjevo.de\/wordpress\/#\/schema\/person\/4fbd0cc7a0227a72529b76aeed6571e4","name":"admin-z","image":{"@type":"ImageObject","inLanguage":"de","@id":"https:\/\/secure.gravatar.com\/avatar\/e180e5c39bf8c56d773eb854294072b2fec4a0a0f052f70a3cdaf696f943716d?s=96&d=mm&r=g","url":"https:\/\/secure.gravatar.com\/avatar\/e180e5c39bf8c56d773eb854294072b2fec4a0a0f052f70a3cdaf696f943716d?s=96&d=mm&r=g","contentUrl":"https:\/\/secure.gravatar.com\/avatar\/e180e5c39bf8c56d773eb854294072b2fec4a0a0f052f70a3cdaf696f943716d?s=96&d=mm&r=g","caption":"admin-z"}}]}},"_links":{"self":[{"href":"https:\/\/www.freundschaft-mit-valjevo.de\/wordpress\/wp-json\/wp\/v2\/posts\/1961","targetHints":{"allow":["GET"]}}],"collection":[{"href":"https:\/\/www.freundschaft-mit-valjevo.de\/wordpress\/wp-json\/wp\/v2\/posts"}],"about":[{"href":"https:\/\/www.freundschaft-mit-valjevo.de\/wordpress\/wp-json\/wp\/v2\/types\/post"}],"author":[{"embeddable":true,"href":"https:\/\/www.freundschaft-mit-valjevo.de\/wordpress\/wp-json\/wp\/v2\/users\/2"}],"replies":[{"embeddable":true,"href":"https:\/\/www.freundschaft-mit-valjevo.de\/wordpress\/wp-json\/wp\/v2\/comments?post=1961"}],"version-history":[{"count":1,"href":"https:\/\/www.freundschaft-mit-valjevo.de\/wordpress\/wp-json\/wp\/v2\/posts\/1961\/revisions"}],"predecessor-version":[{"id":1962,"href":"https:\/\/www.freundschaft-mit-valjevo.de\/wordpress\/wp-json\/wp\/v2\/posts\/1961\/revisions\/1962"}],"wp:featuredmedia":[{"embeddable":true,"href":"https:\/\/www.freundschaft-mit-valjevo.de\/wordpress\/wp-json\/wp\/v2\/media\/1717"}],"wp:attachment":[{"href":"https:\/\/www.freundschaft-mit-valjevo.de\/wordpress\/wp-json\/wp\/v2\/media?parent=1961"}],"wp:term":[{"taxonomy":"category","embeddable":true,"href":"https:\/\/www.freundschaft-mit-valjevo.de\/wordpress\/wp-json\/wp\/v2\/categories?post=1961"},{"taxonomy":"post_tag","embeddable":true,"href":"https:\/\/www.freundschaft-mit-valjevo.de\/wordpress\/wp-json\/wp\/v2\/tags?post=1961"}],"curies":[{"name":"wp","href":"https:\/\/api.w.org\/{rel}","templated":true}]}}