{"id":1971,"date":"2021-08-17T08:18:29","date_gmt":"2021-08-17T08:18:29","guid":{"rendered":"http:\/\/www.freundschaft-mit-valjevo.de\/wordpress\/?p=1971"},"modified":"2021-08-17T08:18:31","modified_gmt":"2021-08-17T08:18:31","slug":"20-jahre-kriegseinsatz-der-bundeswehr-in-afghanistan-was-wurde-fuer-die-bevoelkerung-erreicht","status":"publish","type":"post","link":"https:\/\/www.freundschaft-mit-valjevo.de\/wordpress\/20-jahre-kriegseinsatz-der-bundeswehr-in-afghanistan-was-wurde-fuer-die-bevoelkerung-erreicht\/","title":{"rendered":"20 JAHRE KRIEGSEINSATZ DER BUNDESWEHR IN AFGHANISTAN: WAS WURDE F\u00dcR DIE BEV\u00d6LKERUNG ERREICHT?"},"content":{"rendered":"\n<p><strong>Sonntag, 22. August, 19 Uhr, im \u201eZentrum f\u00fcr Berufs- und Familienf\u00f6rderung<\/strong><br><\/p>\n\n\n\n<p><strong>Referent \u00fcber skype:\u00a0Marc Th\u00f6rner, freier Journalist und Sachbuchautor (\u201eAfghanistanCodex\u201c) \u00a0<\/strong><br><\/p>\n\n\n\n<p>Im Herbst 2001 er\u00f6ffnete die US-Regierung unter George Bush mit dem Angriff auf Afghanistan ihren &#8222;Krieg gegen den Terror&#8220;. Nach blutigsten K\u00e4mpfen und schweren Bombardierungen durch die US-Luftwaffe wurden die Taliban gest\u00fcrzt und in Kabul eine Marionetten-Regierung eingesetzt. Mit dabei die Rot-Gr\u00fcne Bundesregierung unter <strong>Schr\u00f6der und dem gr\u00fcnen &#8222;Pazifisten&#8220; Joschka Fische<\/strong>r. Glaubt man ihren Worten, so hatten sie die Truppen der Bundeswehr nach Afghanistan&nbsp;gesandt, um Menschenrechte und Demokratie herzustellen, die Frauen zu befreien und mit dem Bau von Brunnen und Schulen der dortigen Bev\u00f6lkerung zum Wohlstand zu verhelfen.<\/p>\n\n\n\n<p>Jetzt &#8211; nachdem die afghanische Bev\u00f6lkerung 20 Jahren unter ihrer Besatzung leben musste &#8211; <strong>m\u00fcssen US-Truppen und Bundeswehr Rei\u00dfaus nehmen.<\/strong> Die von ihnen installierte Marionettenregierung aus &#8222;Warlords&#8220; und Drogenbaronen ist in Aufl\u00f6sung, die meisten ihrer Mitglieder mit Milliarden Dollar im Koffer ins Ausland gefl\u00fcchtet. &#8222;Das ist ein Desaster&#8230;Wir sind geradezu gedem\u00fctigt.&#8220;, so Bundeswehrgeneral a.D. Domr\u00f6se fassungslos und v\u00f6llig am Boden zerst\u00f6rt \u00fcber die Niederlage der NATO in der &#8222;Tagesschau&#8220;.<\/p>\n\n\n\n<p>Die Gesamtkosten dieses Krieges beliefen sich f\u00fcr die Nato-Staaten auf<strong> weit \u00fcber 2.000 Milliarden Dollar.<\/strong> Ist es da verst\u00e4ndlich, k\u00f6nnte man zynisch fragen, dass f\u00fcr die afghanische Bev\u00f6lkerung nicht viel \u00fcbrigblieb? Nach 20 Jahren Besatzung hat Afghanistan eine der h\u00f6chsten Kinder- und M\u00fcttersterblichkeitsraten der Welt, 60% seiner S\u00e4uglinge und Kinder sind unterern\u00e4hrt. Gleichzeitig boomt der Anbau und Export von Opium. Merkel und ihre Regierung, S\u00f6der, Scholz und B\u00e4rbock haben kein Interesse an der Aufarbeitung dieses Krieg mit <strong>weit \u00fcber 160.000 Toten.<\/strong>&nbsp;<\/p>\n\n\n\n<p>Bei unserer Veranstaltung wollen wir uns mit den Motiven der Nato f\u00fcr diesen Krieg und den Gr\u00fcnden ihres Scheiterns in Afghanistan auseinandersetzen.&nbsp;<\/p>\n","protected":false},"excerpt":{"rendered":"<p>Sonntag, 22. August, 19 Uhr, im \u201eZentrum f\u00fcr Berufs- und Familienf\u00f6rderung Referent \u00fcber skype:\u00a0Marc Th\u00f6rner, freier Journalist und Sachbuchautor (\u201eAfghanistanCodex\u201c) \u00a0 Im Herbst 2001 er\u00f6ffnete&#8230;<\/p>\n<div class=\"more-link-wrapper\"><a class=\"more-link\" href=\"https:\/\/www.freundschaft-mit-valjevo.de\/wordpress\/20-jahre-kriegseinsatz-der-bundeswehr-in-afghanistan-was-wurde-fuer-die-bevoelkerung-erreicht\/\">Weiterlesen<span class=\"screen-reader-text\">20 JAHRE KRIEGSEINSATZ DER BUNDESWEHR IN AFGHANISTAN: WAS WURDE F\u00dcR DIE BEV\u00d6LKERUNG ERREICHT?<\/span><\/a><\/div>\n","protected":false},"author":2,"featured_media":1972,"comment_status":"closed","ping_status":"closed","sticky":false,"template":"","format":"standard","meta":{"footnotes":""},"categories":[1],"tags":[],"class_list":["post-1971","post","type-post","status-publish","format-standard","has-post-thumbnail","hentry","category-allgemein","entry"],"yoast_head":"<!-- This site is optimized with the Yoast SEO plugin v27.4 - https:\/\/yoast.com\/product\/yoast-seo-wordpress\/ -->\n<title>20 JAHRE KRIEGSEINSATZ DER BUNDESWEHR IN AFGHANISTAN: WAS WURDE F\u00dcR DIE BEV\u00d6LKERUNG ERREICHT? - Freundschaft mit Valjevo e.V.<\/title>\n<meta name=\"robots\" content=\"index, follow, max-snippet:-1, max-image-preview:large, max-video-preview:-1\" \/>\n<link rel=\"canonical\" href=\"https:\/\/www.freundschaft-mit-valjevo.de\/wordpress\/20-jahre-kriegseinsatz-der-bundeswehr-in-afghanistan-was-wurde-fuer-die-bevoelkerung-erreicht\/\" \/>\n<meta property=\"og:locale\" content=\"de_DE\" \/>\n<meta property=\"og:type\" content=\"article\" \/>\n<meta property=\"og:title\" content=\"20 JAHRE KRIEGSEINSATZ DER BUNDESWEHR IN AFGHANISTAN: WAS WURDE F\u00dcR DIE BEV\u00d6LKERUNG ERREICHT? - Freundschaft mit Valjevo e.V.\" \/>\n<meta property=\"og:description\" content=\"Sonntag, 22. August, 19 Uhr, im \u201eZentrum f\u00fcr Berufs- und Familienf\u00f6rderung Referent \u00fcber skype:\u00a0Marc Th\u00f6rner, freier Journalist und Sachbuchautor (\u201eAfghanistanCodex\u201c) \u00a0 Im Herbst 2001 er\u00f6ffnete&#8230;\" \/>\n<meta property=\"og:url\" content=\"https:\/\/www.freundschaft-mit-valjevo.de\/wordpress\/20-jahre-kriegseinsatz-der-bundeswehr-in-afghanistan-was-wurde-fuer-die-bevoelkerung-erreicht\/\" \/>\n<meta property=\"og:site_name\" content=\"Freundschaft mit Valjevo e.V.\" \/>\n<meta property=\"article:published_time\" content=\"2021-08-17T08:18:29+00:00\" \/>\n<meta property=\"article:modified_time\" content=\"2021-08-17T08:18:31+00:00\" \/>\n<meta property=\"og:image\" content=\"https:\/\/www.freundschaft-mit-valjevo.de\/wordpress\/wp-content\/uploads\/2021\/08\/Thoerner_c_privat_2021_sw.jpg\" \/>\n\t<meta property=\"og:image:width\" content=\"912\" \/>\n\t<meta property=\"og:image:height\" content=\"945\" \/>\n\t<meta property=\"og:image:type\" content=\"image\/jpeg\" \/>\n<meta name=\"author\" content=\"admin-z\" \/>\n<meta name=\"twitter:card\" content=\"summary_large_image\" \/>\n<meta name=\"twitter:label1\" content=\"Verfasst von\" \/>\n\t<meta name=\"twitter:data1\" content=\"admin-z\" \/>\n\t<meta name=\"twitter:label2\" content=\"Gesch\u00e4tzte Lesezeit\" \/>\n\t<meta name=\"twitter:data2\" content=\"2\u00a0Minuten\" \/>\n<script type=\"application\/ld+json\" class=\"yoast-schema-graph\">{\"@context\":\"https:\\\/\\\/schema.org\",\"@graph\":[{\"@type\":\"Article\",\"@id\":\"https:\\\/\\\/www.freundschaft-mit-valjevo.de\\\/wordpress\\\/20-jahre-kriegseinsatz-der-bundeswehr-in-afghanistan-was-wurde-fuer-die-bevoelkerung-erreicht\\\/#article\",\"isPartOf\":{\"@id\":\"https:\\\/\\\/www.freundschaft-mit-valjevo.de\\\/wordpress\\\/20-jahre-kriegseinsatz-der-bundeswehr-in-afghanistan-was-wurde-fuer-die-bevoelkerung-erreicht\\\/\"},\"author\":{\"name\":\"admin-z\",\"@id\":\"https:\\\/\\\/www.freundschaft-mit-valjevo.de\\\/wordpress\\\/#\\\/schema\\\/person\\\/4fbd0cc7a0227a72529b76aeed6571e4\"},\"headline\":\"20 JAHRE KRIEGSEINSATZ DER BUNDESWEHR IN AFGHANISTAN: WAS WURDE F\u00dcR DIE BEV\u00d6LKERUNG ERREICHT?\",\"datePublished\":\"2021-08-17T08:18:29+00:00\",\"dateModified\":\"2021-08-17T08:18:31+00:00\",\"mainEntityOfPage\":{\"@id\":\"https:\\\/\\\/www.freundschaft-mit-valjevo.de\\\/wordpress\\\/20-jahre-kriegseinsatz-der-bundeswehr-in-afghanistan-was-wurde-fuer-die-bevoelkerung-erreicht\\\/\"},\"wordCount\":325,\"image\":{\"@id\":\"https:\\\/\\\/www.freundschaft-mit-valjevo.de\\\/wordpress\\\/20-jahre-kriegseinsatz-der-bundeswehr-in-afghanistan-was-wurde-fuer-die-bevoelkerung-erreicht\\\/#primaryimage\"},\"thumbnailUrl\":\"https:\\\/\\\/www.freundschaft-mit-valjevo.de\\\/wordpress\\\/wp-content\\\/uploads\\\/2021\\\/08\\\/Thoerner_c_privat_2021_sw.jpg\",\"inLanguage\":\"de\"},{\"@type\":\"WebPage\",\"@id\":\"https:\\\/\\\/www.freundschaft-mit-valjevo.de\\\/wordpress\\\/20-jahre-kriegseinsatz-der-bundeswehr-in-afghanistan-was-wurde-fuer-die-bevoelkerung-erreicht\\\/\",\"url\":\"https:\\\/\\\/www.freundschaft-mit-valjevo.de\\\/wordpress\\\/20-jahre-kriegseinsatz-der-bundeswehr-in-afghanistan-was-wurde-fuer-die-bevoelkerung-erreicht\\\/\",\"name\":\"20 JAHRE KRIEGSEINSATZ DER BUNDESWEHR IN AFGHANISTAN: WAS WURDE F\u00dcR DIE BEV\u00d6LKERUNG ERREICHT? - Freundschaft mit Valjevo e.V.\",\"isPartOf\":{\"@id\":\"https:\\\/\\\/www.freundschaft-mit-valjevo.de\\\/wordpress\\\/#website\"},\"primaryImageOfPage\":{\"@id\":\"https:\\\/\\\/www.freundschaft-mit-valjevo.de\\\/wordpress\\\/20-jahre-kriegseinsatz-der-bundeswehr-in-afghanistan-was-wurde-fuer-die-bevoelkerung-erreicht\\\/#primaryimage\"},\"image\":{\"@id\":\"https:\\\/\\\/www.freundschaft-mit-valjevo.de\\\/wordpress\\\/20-jahre-kriegseinsatz-der-bundeswehr-in-afghanistan-was-wurde-fuer-die-bevoelkerung-erreicht\\\/#primaryimage\"},\"thumbnailUrl\":\"https:\\\/\\\/www.freundschaft-mit-valjevo.de\\\/wordpress\\\/wp-content\\\/uploads\\\/2021\\\/08\\\/Thoerner_c_privat_2021_sw.jpg\",\"datePublished\":\"2021-08-17T08:18:29+00:00\",\"dateModified\":\"2021-08-17T08:18:31+00:00\",\"author\":{\"@id\":\"https:\\\/\\\/www.freundschaft-mit-valjevo.de\\\/wordpress\\\/#\\\/schema\\\/person\\\/4fbd0cc7a0227a72529b76aeed6571e4\"},\"breadcrumb\":{\"@id\":\"https:\\\/\\\/www.freundschaft-mit-valjevo.de\\\/wordpress\\\/20-jahre-kriegseinsatz-der-bundeswehr-in-afghanistan-was-wurde-fuer-die-bevoelkerung-erreicht\\\/#breadcrumb\"},\"inLanguage\":\"de\",\"potentialAction\":[{\"@type\":\"ReadAction\",\"target\":[\"https:\\\/\\\/www.freundschaft-mit-valjevo.de\\\/wordpress\\\/20-jahre-kriegseinsatz-der-bundeswehr-in-afghanistan-was-wurde-fuer-die-bevoelkerung-erreicht\\\/\"]}]},{\"@type\":\"ImageObject\",\"inLanguage\":\"de\",\"@id\":\"https:\\\/\\\/www.freundschaft-mit-valjevo.de\\\/wordpress\\\/20-jahre-kriegseinsatz-der-bundeswehr-in-afghanistan-was-wurde-fuer-die-bevoelkerung-erreicht\\\/#primaryimage\",\"url\":\"https:\\\/\\\/www.freundschaft-mit-valjevo.de\\\/wordpress\\\/wp-content\\\/uploads\\\/2021\\\/08\\\/Thoerner_c_privat_2021_sw.jpg\",\"contentUrl\":\"https:\\\/\\\/www.freundschaft-mit-valjevo.de\\\/wordpress\\\/wp-content\\\/uploads\\\/2021\\\/08\\\/Thoerner_c_privat_2021_sw.jpg\",\"width\":912,\"height\":945},{\"@type\":\"BreadcrumbList\",\"@id\":\"https:\\\/\\\/www.freundschaft-mit-valjevo.de\\\/wordpress\\\/20-jahre-kriegseinsatz-der-bundeswehr-in-afghanistan-was-wurde-fuer-die-bevoelkerung-erreicht\\\/#breadcrumb\",\"itemListElement\":[{\"@type\":\"ListItem\",\"position\":1,\"name\":\"Startseite\",\"item\":\"https:\\\/\\\/www.freundschaft-mit-valjevo.de\\\/wordpress\\\/\"},{\"@type\":\"ListItem\",\"position\":2,\"name\":\"20 JAHRE KRIEGSEINSATZ DER BUNDESWEHR IN AFGHANISTAN: WAS WURDE F\u00dcR DIE BEV\u00d6LKERUNG ERREICHT?\"}]},{\"@type\":\"WebSite\",\"@id\":\"https:\\\/\\\/www.freundschaft-mit-valjevo.de\\\/wordpress\\\/#website\",\"url\":\"https:\\\/\\\/www.freundschaft-mit-valjevo.de\\\/wordpress\\\/\",\"name\":\"Freundschaft mit Valjevo e.V.\",\"description\":\"F\u00fcr Frieden, Freundschaft und V\u00f6lkerverst\u00e4ndigung\",\"potentialAction\":[{\"@type\":\"SearchAction\",\"target\":{\"@type\":\"EntryPoint\",\"urlTemplate\":\"https:\\\/\\\/www.freundschaft-mit-valjevo.de\\\/wordpress\\\/?s={search_term_string}\"},\"query-input\":{\"@type\":\"PropertyValueSpecification\",\"valueRequired\":true,\"valueName\":\"search_term_string\"}}],\"inLanguage\":\"de\"},{\"@type\":\"Person\",\"@id\":\"https:\\\/\\\/www.freundschaft-mit-valjevo.de\\\/wordpress\\\/#\\\/schema\\\/person\\\/4fbd0cc7a0227a72529b76aeed6571e4\",\"name\":\"admin-z\",\"image\":{\"@type\":\"ImageObject\",\"inLanguage\":\"de\",\"@id\":\"https:\\\/\\\/secure.gravatar.com\\\/avatar\\\/e180e5c39bf8c56d773eb854294072b2fec4a0a0f052f70a3cdaf696f943716d?s=96&d=mm&r=g\",\"url\":\"https:\\\/\\\/secure.gravatar.com\\\/avatar\\\/e180e5c39bf8c56d773eb854294072b2fec4a0a0f052f70a3cdaf696f943716d?s=96&d=mm&r=g\",\"contentUrl\":\"https:\\\/\\\/secure.gravatar.com\\\/avatar\\\/e180e5c39bf8c56d773eb854294072b2fec4a0a0f052f70a3cdaf696f943716d?s=96&d=mm&r=g\",\"caption\":\"admin-z\"}}]}<\/script>\n<!-- \/ Yoast SEO plugin. -->","yoast_head_json":{"title":"20 JAHRE KRIEGSEINSATZ DER BUNDESWEHR IN AFGHANISTAN: WAS WURDE F\u00dcR DIE BEV\u00d6LKERUNG ERREICHT? - Freundschaft mit Valjevo e.V.","robots":{"index":"index","follow":"follow","max-snippet":"max-snippet:-1","max-image-preview":"max-image-preview:large","max-video-preview":"max-video-preview:-1"},"canonical":"https:\/\/www.freundschaft-mit-valjevo.de\/wordpress\/20-jahre-kriegseinsatz-der-bundeswehr-in-afghanistan-was-wurde-fuer-die-bevoelkerung-erreicht\/","og_locale":"de_DE","og_type":"article","og_title":"20 JAHRE KRIEGSEINSATZ DER BUNDESWEHR IN AFGHANISTAN: WAS WURDE F\u00dcR DIE BEV\u00d6LKERUNG ERREICHT? - Freundschaft mit Valjevo e.V.","og_description":"Sonntag, 22. August, 19 Uhr, im \u201eZentrum f\u00fcr Berufs- und Familienf\u00f6rderung Referent \u00fcber skype:\u00a0Marc Th\u00f6rner, freier Journalist und Sachbuchautor (\u201eAfghanistanCodex\u201c) \u00a0 Im Herbst 2001 er\u00f6ffnete&#8230;","og_url":"https:\/\/www.freundschaft-mit-valjevo.de\/wordpress\/20-jahre-kriegseinsatz-der-bundeswehr-in-afghanistan-was-wurde-fuer-die-bevoelkerung-erreicht\/","og_site_name":"Freundschaft mit Valjevo e.V.","article_published_time":"2021-08-17T08:18:29+00:00","article_modified_time":"2021-08-17T08:18:31+00:00","og_image":[{"width":912,"height":945,"url":"https:\/\/www.freundschaft-mit-valjevo.de\/wordpress\/wp-content\/uploads\/2021\/08\/Thoerner_c_privat_2021_sw.jpg","type":"image\/jpeg"}],"author":"admin-z","twitter_card":"summary_large_image","twitter_misc":{"Verfasst von":"admin-z","Gesch\u00e4tzte Lesezeit":"2\u00a0Minuten"},"schema":{"@context":"https:\/\/schema.org","@graph":[{"@type":"Article","@id":"https:\/\/www.freundschaft-mit-valjevo.de\/wordpress\/20-jahre-kriegseinsatz-der-bundeswehr-in-afghanistan-was-wurde-fuer-die-bevoelkerung-erreicht\/#article","isPartOf":{"@id":"https:\/\/www.freundschaft-mit-valjevo.de\/wordpress\/20-jahre-kriegseinsatz-der-bundeswehr-in-afghanistan-was-wurde-fuer-die-bevoelkerung-erreicht\/"},"author":{"name":"admin-z","@id":"https:\/\/www.freundschaft-mit-valjevo.de\/wordpress\/#\/schema\/person\/4fbd0cc7a0227a72529b76aeed6571e4"},"headline":"20 JAHRE KRIEGSEINSATZ DER BUNDESWEHR IN AFGHANISTAN: WAS WURDE F\u00dcR DIE BEV\u00d6LKERUNG ERREICHT?","datePublished":"2021-08-17T08:18:29+00:00","dateModified":"2021-08-17T08:18:31+00:00","mainEntityOfPage":{"@id":"https:\/\/www.freundschaft-mit-valjevo.de\/wordpress\/20-jahre-kriegseinsatz-der-bundeswehr-in-afghanistan-was-wurde-fuer-die-bevoelkerung-erreicht\/"},"wordCount":325,"image":{"@id":"https:\/\/www.freundschaft-mit-valjevo.de\/wordpress\/20-jahre-kriegseinsatz-der-bundeswehr-in-afghanistan-was-wurde-fuer-die-bevoelkerung-erreicht\/#primaryimage"},"thumbnailUrl":"https:\/\/www.freundschaft-mit-valjevo.de\/wordpress\/wp-content\/uploads\/2021\/08\/Thoerner_c_privat_2021_sw.jpg","inLanguage":"de"},{"@type":"WebPage","@id":"https:\/\/www.freundschaft-mit-valjevo.de\/wordpress\/20-jahre-kriegseinsatz-der-bundeswehr-in-afghanistan-was-wurde-fuer-die-bevoelkerung-erreicht\/","url":"https:\/\/www.freundschaft-mit-valjevo.de\/wordpress\/20-jahre-kriegseinsatz-der-bundeswehr-in-afghanistan-was-wurde-fuer-die-bevoelkerung-erreicht\/","name":"20 JAHRE KRIEGSEINSATZ DER BUNDESWEHR IN AFGHANISTAN: WAS WURDE F\u00dcR DIE BEV\u00d6LKERUNG ERREICHT? - Freundschaft mit Valjevo e.V.","isPartOf":{"@id":"https:\/\/www.freundschaft-mit-valjevo.de\/wordpress\/#website"},"primaryImageOfPage":{"@id":"https:\/\/www.freundschaft-mit-valjevo.de\/wordpress\/20-jahre-kriegseinsatz-der-bundeswehr-in-afghanistan-was-wurde-fuer-die-bevoelkerung-erreicht\/#primaryimage"},"image":{"@id":"https:\/\/www.freundschaft-mit-valjevo.de\/wordpress\/20-jahre-kriegseinsatz-der-bundeswehr-in-afghanistan-was-wurde-fuer-die-bevoelkerung-erreicht\/#primaryimage"},"thumbnailUrl":"https:\/\/www.freundschaft-mit-valjevo.de\/wordpress\/wp-content\/uploads\/2021\/08\/Thoerner_c_privat_2021_sw.jpg","datePublished":"2021-08-17T08:18:29+00:00","dateModified":"2021-08-17T08:18:31+00:00","author":{"@id":"https:\/\/www.freundschaft-mit-valjevo.de\/wordpress\/#\/schema\/person\/4fbd0cc7a0227a72529b76aeed6571e4"},"breadcrumb":{"@id":"https:\/\/www.freundschaft-mit-valjevo.de\/wordpress\/20-jahre-kriegseinsatz-der-bundeswehr-in-afghanistan-was-wurde-fuer-die-bevoelkerung-erreicht\/#breadcrumb"},"inLanguage":"de","potentialAction":[{"@type":"ReadAction","target":["https:\/\/www.freundschaft-mit-valjevo.de\/wordpress\/20-jahre-kriegseinsatz-der-bundeswehr-in-afghanistan-was-wurde-fuer-die-bevoelkerung-erreicht\/"]}]},{"@type":"ImageObject","inLanguage":"de","@id":"https:\/\/www.freundschaft-mit-valjevo.de\/wordpress\/20-jahre-kriegseinsatz-der-bundeswehr-in-afghanistan-was-wurde-fuer-die-bevoelkerung-erreicht\/#primaryimage","url":"https:\/\/www.freundschaft-mit-valjevo.de\/wordpress\/wp-content\/uploads\/2021\/08\/Thoerner_c_privat_2021_sw.jpg","contentUrl":"https:\/\/www.freundschaft-mit-valjevo.de\/wordpress\/wp-content\/uploads\/2021\/08\/Thoerner_c_privat_2021_sw.jpg","width":912,"height":945},{"@type":"BreadcrumbList","@id":"https:\/\/www.freundschaft-mit-valjevo.de\/wordpress\/20-jahre-kriegseinsatz-der-bundeswehr-in-afghanistan-was-wurde-fuer-die-bevoelkerung-erreicht\/#breadcrumb","itemListElement":[{"@type":"ListItem","position":1,"name":"Startseite","item":"https:\/\/www.freundschaft-mit-valjevo.de\/wordpress\/"},{"@type":"ListItem","position":2,"name":"20 JAHRE KRIEGSEINSATZ DER BUNDESWEHR IN AFGHANISTAN: WAS WURDE F\u00dcR DIE BEV\u00d6LKERUNG ERREICHT?"}]},{"@type":"WebSite","@id":"https:\/\/www.freundschaft-mit-valjevo.de\/wordpress\/#website","url":"https:\/\/www.freundschaft-mit-valjevo.de\/wordpress\/","name":"Freundschaft mit Valjevo e.V.","description":"F\u00fcr Frieden, Freundschaft und V\u00f6lkerverst\u00e4ndigung","potentialAction":[{"@type":"SearchAction","target":{"@type":"EntryPoint","urlTemplate":"https:\/\/www.freundschaft-mit-valjevo.de\/wordpress\/?s={search_term_string}"},"query-input":{"@type":"PropertyValueSpecification","valueRequired":true,"valueName":"search_term_string"}}],"inLanguage":"de"},{"@type":"Person","@id":"https:\/\/www.freundschaft-mit-valjevo.de\/wordpress\/#\/schema\/person\/4fbd0cc7a0227a72529b76aeed6571e4","name":"admin-z","image":{"@type":"ImageObject","inLanguage":"de","@id":"https:\/\/secure.gravatar.com\/avatar\/e180e5c39bf8c56d773eb854294072b2fec4a0a0f052f70a3cdaf696f943716d?s=96&d=mm&r=g","url":"https:\/\/secure.gravatar.com\/avatar\/e180e5c39bf8c56d773eb854294072b2fec4a0a0f052f70a3cdaf696f943716d?s=96&d=mm&r=g","contentUrl":"https:\/\/secure.gravatar.com\/avatar\/e180e5c39bf8c56d773eb854294072b2fec4a0a0f052f70a3cdaf696f943716d?s=96&d=mm&r=g","caption":"admin-z"}}]}},"_links":{"self":[{"href":"https:\/\/www.freundschaft-mit-valjevo.de\/wordpress\/wp-json\/wp\/v2\/posts\/1971","targetHints":{"allow":["GET"]}}],"collection":[{"href":"https:\/\/www.freundschaft-mit-valjevo.de\/wordpress\/wp-json\/wp\/v2\/posts"}],"about":[{"href":"https:\/\/www.freundschaft-mit-valjevo.de\/wordpress\/wp-json\/wp\/v2\/types\/post"}],"author":[{"embeddable":true,"href":"https:\/\/www.freundschaft-mit-valjevo.de\/wordpress\/wp-json\/wp\/v2\/users\/2"}],"replies":[{"embeddable":true,"href":"https:\/\/www.freundschaft-mit-valjevo.de\/wordpress\/wp-json\/wp\/v2\/comments?post=1971"}],"version-history":[{"count":1,"href":"https:\/\/www.freundschaft-mit-valjevo.de\/wordpress\/wp-json\/wp\/v2\/posts\/1971\/revisions"}],"predecessor-version":[{"id":1973,"href":"https:\/\/www.freundschaft-mit-valjevo.de\/wordpress\/wp-json\/wp\/v2\/posts\/1971\/revisions\/1973"}],"wp:featuredmedia":[{"embeddable":true,"href":"https:\/\/www.freundschaft-mit-valjevo.de\/wordpress\/wp-json\/wp\/v2\/media\/1972"}],"wp:attachment":[{"href":"https:\/\/www.freundschaft-mit-valjevo.de\/wordpress\/wp-json\/wp\/v2\/media?parent=1971"}],"wp:term":[{"taxonomy":"category","embeddable":true,"href":"https:\/\/www.freundschaft-mit-valjevo.de\/wordpress\/wp-json\/wp\/v2\/categories?post=1971"},{"taxonomy":"post_tag","embeddable":true,"href":"https:\/\/www.freundschaft-mit-valjevo.de\/wordpress\/wp-json\/wp\/v2\/tags?post=1971"}],"curies":[{"name":"wp","href":"https:\/\/api.w.org\/{rel}","templated":true}]}}