{"id":1982,"date":"2021-10-05T15:45:58","date_gmt":"2021-10-05T15:45:58","guid":{"rendered":"http:\/\/www.freundschaft-mit-valjevo.de\/wordpress\/?p=1982"},"modified":"2021-10-05T15:46:00","modified_gmt":"2021-10-05T15:46:00","slug":"menschenwuerdiger-lebensabend-muss-gesichert-werden","status":"publish","type":"post","link":"https:\/\/www.freundschaft-mit-valjevo.de\/wordpress\/menschenwuerdiger-lebensabend-muss-gesichert-werden\/","title":{"rendered":"Menschenw\u00fcrdiger Lebensabend muss gesichert werden"},"content":{"rendered":"\n<h2 class=\"wp-block-heading\">Andre Schinck sprach \u00fcber Pflegenotstand in der Altenpflege<br><\/h2>\n\n\n\n<p>\u00dcber den Pflegenotstand in der Altenpflege sprach am Samstag, den 25. September Einrichtungsleiter Andre Schinck bei uns zum Thema \u201ePflegenotstand in der Altenpflege\u201c. Dank der sommerlichen Temperaturen konnte unsere Veranstaltung im Freien im Hof des \u201eZentrums f\u00fcr Berufs- und Familienf\u00f6rderung\u201c stattfinden.<\/p>\n\n\n\n<p>Rund 4,1 Mio. unserer B\u00fcrger sind pflegebed\u00fcrftig. 80% von ihnen werden zu Hause gepflegt, etwa 20% leben in Senioren- und Pflegeheimen. Eine solche Einrichtung mit 130 Betten leitet Andre Schinck seit 19 Jahren. Die Arbeit der Altenpfleger, so Schinck, ist k\u00f6rperlich anstrengend, in der Regel mit Wochenenddienst und \u00fcberwiegend auch mit Schichtarbeit verbunden. Man m\u00fcsse die Arbeit mit Menschen wollen und die entsprechende soziale Einstellung mitbringen, um sich f\u00fcr diesen Beruf zu entscheiden, der f\u00fcr unsere Gesellschaft so wichtig sei. Mit der steigenden Lebenserwartung sei die Zahl der Pflegebed\u00fcrftigen seit 2005 um 25% gestiegen. Die Regierungen h\u00e4tten es vers\u00e4umt, rechtzeitig mit deutlich verbesserter Bezahlung, Arbeits- und Ausbildungsbedingungen f\u00fcr die erforderlichen zus\u00e4tzlichen Pflegekr\u00e4fte zu sorgen. Heute fehlten mindestens 100.000 Vollzeitkr\u00e4fte in der Altenpflege. Das sei der Grund, weshalb die Arbeitsbelastung in diesem Bereich so gro\u00df sei. Wegen dieser hohen Belastung w\u00fcrden viele junge Auszubildende ihre Ausbildung abbrechen, sei der Krankenstand verglichen mit anderen Wirtschaftszweigen sehr hoch und gingen viele \u00e4ltere Pflegekr\u00e4fte vorzeitig in Rente. Dazu komme noch die Abwerbung durch die Krankenh\u00e4user, die Pflegekr\u00e4ften eine bessere Bezahlung bieten w\u00fcrden. Die Leidtragenden des Personalmangels seien letztlich unsere Pflegebed\u00fcrftigen. In der anschlie\u00dfenden Diskussion ging es auch um die hohe Zahl von Sterbef\u00e4llen in den Pflegeheimen w\u00e4hrend der Pandemie. Schinck wies daraufhin, dass viele Bewohner bereits ein sehr hohes Alter haben und durch Vorerkrankungen geschw\u00e4cht sind. In vielen Einrichtungen habe Schutzausr\u00fcstung f\u00fcr das Personal im ben\u00f6tigen Umfang gefehlt. Er bezweifelte, ob das generelle Verbot des Besuchs von Angeh\u00f6rigen \u00fcber lange Monate hinweg richtig gewesen sei und nicht vielmehr zu einer massiven Verschlechterung des Zustandes der Bewohner gef\u00fchrt habe. Abschlie\u00dfend wies Schinck daraufhin, dass sich der Pflegenotstand in Altenpflege noch versch\u00e4rfen wird, wenn die Politik nicht konsequent dagegen steuere. Um den Beruf des Altenpflegers attraktiver zu machen, sei die Bezahlung und die gesellschaftliche Anerkennung deutlich zu verbessern. Zudem schl\u00e4gt er vor, Quereinsteiger mit einer berufsbegleitenden und entsprechend bezahlten Ausbildung f\u00fcr diesen Beruf zu gewinnen. Bei allen Belastungen, die die Altenpflege mit sich bringe, d\u00fcrfe man nicht \u00fcbersehen, was man an Dankbarkeit von den Pflegebed\u00fcrftigen zur\u00fcckerhalte. Die Teilnehmer der Veranstaltung waren sich einig, dass f\u00fcr unsere Alten und Pflegebed\u00fcrftigen ein menschenw\u00fcrdiger Lebensabend gesichert sein muss.&nbsp; &nbsp;<\/p>\n","protected":false},"excerpt":{"rendered":"<p>Andre Schinck sprach \u00fcber Pflegenotstand in der Altenpflege \u00dcber den Pflegenotstand in der Altenpflege sprach am Samstag, den 25. September Einrichtungsleiter Andre Schinck bei uns&#8230;<\/p>\n<div class=\"more-link-wrapper\"><a class=\"more-link\" href=\"https:\/\/www.freundschaft-mit-valjevo.de\/wordpress\/menschenwuerdiger-lebensabend-muss-gesichert-werden\/\">Weiterlesen<span class=\"screen-reader-text\">Menschenw\u00fcrdiger Lebensabend muss gesichert werden<\/span><\/a><\/div>\n","protected":false},"author":2,"featured_media":1983,"comment_status":"closed","ping_status":"closed","sticky":false,"template":"","format":"standard","meta":{"footnotes":""},"categories":[1],"tags":[],"class_list":["post-1982","post","type-post","status-publish","format-standard","has-post-thumbnail","hentry","category-allgemein","entry"],"yoast_head":"<!-- This site is optimized with the Yoast SEO plugin v27.4 - https:\/\/yoast.com\/product\/yoast-seo-wordpress\/ -->\n<title>Menschenw\u00fcrdiger Lebensabend muss gesichert werden - Freundschaft mit Valjevo e.V.<\/title>\n<meta name=\"robots\" content=\"index, follow, max-snippet:-1, max-image-preview:large, max-video-preview:-1\" \/>\n<link rel=\"canonical\" href=\"https:\/\/www.freundschaft-mit-valjevo.de\/wordpress\/menschenwuerdiger-lebensabend-muss-gesichert-werden\/\" \/>\n<meta property=\"og:locale\" content=\"de_DE\" \/>\n<meta property=\"og:type\" content=\"article\" \/>\n<meta property=\"og:title\" content=\"Menschenw\u00fcrdiger Lebensabend muss gesichert werden - Freundschaft mit Valjevo e.V.\" \/>\n<meta property=\"og:description\" content=\"Andre Schinck sprach \u00fcber Pflegenotstand in der Altenpflege \u00dcber den Pflegenotstand in der Altenpflege sprach am Samstag, den 25. September Einrichtungsleiter Andre Schinck bei uns&#8230;\" \/>\n<meta property=\"og:url\" content=\"https:\/\/www.freundschaft-mit-valjevo.de\/wordpress\/menschenwuerdiger-lebensabend-muss-gesichert-werden\/\" \/>\n<meta property=\"og:site_name\" content=\"Freundschaft mit Valjevo e.V.\" \/>\n<meta property=\"article:published_time\" content=\"2021-10-05T15:45:58+00:00\" \/>\n<meta property=\"article:modified_time\" content=\"2021-10-05T15:46:00+00:00\" \/>\n<meta property=\"og:image\" content=\"https:\/\/www.freundschaft-mit-valjevo.de\/wordpress\/wp-content\/uploads\/2021\/10\/Andre-Schinck-1-e1633448884344.png\" \/>\n\t<meta property=\"og:image:width\" content=\"686\" \/>\n\t<meta property=\"og:image:height\" content=\"446\" \/>\n\t<meta property=\"og:image:type\" content=\"image\/png\" \/>\n<meta name=\"author\" content=\"admin-z\" \/>\n<meta name=\"twitter:card\" content=\"summary_large_image\" \/>\n<meta name=\"twitter:label1\" content=\"Verfasst von\" \/>\n\t<meta name=\"twitter:data1\" content=\"admin-z\" \/>\n\t<meta name=\"twitter:label2\" content=\"Gesch\u00e4tzte Lesezeit\" \/>\n\t<meta name=\"twitter:data2\" content=\"2\u00a0Minuten\" \/>\n<script type=\"application\/ld+json\" class=\"yoast-schema-graph\">{\"@context\":\"https:\\\/\\\/schema.org\",\"@graph\":[{\"@type\":\"Article\",\"@id\":\"https:\\\/\\\/www.freundschaft-mit-valjevo.de\\\/wordpress\\\/menschenwuerdiger-lebensabend-muss-gesichert-werden\\\/#article\",\"isPartOf\":{\"@id\":\"https:\\\/\\\/www.freundschaft-mit-valjevo.de\\\/wordpress\\\/menschenwuerdiger-lebensabend-muss-gesichert-werden\\\/\"},\"author\":{\"name\":\"admin-z\",\"@id\":\"https:\\\/\\\/www.freundschaft-mit-valjevo.de\\\/wordpress\\\/#\\\/schema\\\/person\\\/4fbd0cc7a0227a72529b76aeed6571e4\"},\"headline\":\"Menschenw\u00fcrdiger Lebensabend muss gesichert werden\",\"datePublished\":\"2021-10-05T15:45:58+00:00\",\"dateModified\":\"2021-10-05T15:46:00+00:00\",\"mainEntityOfPage\":{\"@id\":\"https:\\\/\\\/www.freundschaft-mit-valjevo.de\\\/wordpress\\\/menschenwuerdiger-lebensabend-muss-gesichert-werden\\\/\"},\"wordCount\":447,\"image\":{\"@id\":\"https:\\\/\\\/www.freundschaft-mit-valjevo.de\\\/wordpress\\\/menschenwuerdiger-lebensabend-muss-gesichert-werden\\\/#primaryimage\"},\"thumbnailUrl\":\"https:\\\/\\\/www.freundschaft-mit-valjevo.de\\\/wordpress\\\/wp-content\\\/uploads\\\/2021\\\/10\\\/Andre-Schinck-1-e1633448884344.png\",\"inLanguage\":\"de\"},{\"@type\":\"WebPage\",\"@id\":\"https:\\\/\\\/www.freundschaft-mit-valjevo.de\\\/wordpress\\\/menschenwuerdiger-lebensabend-muss-gesichert-werden\\\/\",\"url\":\"https:\\\/\\\/www.freundschaft-mit-valjevo.de\\\/wordpress\\\/menschenwuerdiger-lebensabend-muss-gesichert-werden\\\/\",\"name\":\"Menschenw\u00fcrdiger Lebensabend muss gesichert werden - Freundschaft mit Valjevo e.V.\",\"isPartOf\":{\"@id\":\"https:\\\/\\\/www.freundschaft-mit-valjevo.de\\\/wordpress\\\/#website\"},\"primaryImageOfPage\":{\"@id\":\"https:\\\/\\\/www.freundschaft-mit-valjevo.de\\\/wordpress\\\/menschenwuerdiger-lebensabend-muss-gesichert-werden\\\/#primaryimage\"},\"image\":{\"@id\":\"https:\\\/\\\/www.freundschaft-mit-valjevo.de\\\/wordpress\\\/menschenwuerdiger-lebensabend-muss-gesichert-werden\\\/#primaryimage\"},\"thumbnailUrl\":\"https:\\\/\\\/www.freundschaft-mit-valjevo.de\\\/wordpress\\\/wp-content\\\/uploads\\\/2021\\\/10\\\/Andre-Schinck-1-e1633448884344.png\",\"datePublished\":\"2021-10-05T15:45:58+00:00\",\"dateModified\":\"2021-10-05T15:46:00+00:00\",\"author\":{\"@id\":\"https:\\\/\\\/www.freundschaft-mit-valjevo.de\\\/wordpress\\\/#\\\/schema\\\/person\\\/4fbd0cc7a0227a72529b76aeed6571e4\"},\"breadcrumb\":{\"@id\":\"https:\\\/\\\/www.freundschaft-mit-valjevo.de\\\/wordpress\\\/menschenwuerdiger-lebensabend-muss-gesichert-werden\\\/#breadcrumb\"},\"inLanguage\":\"de\",\"potentialAction\":[{\"@type\":\"ReadAction\",\"target\":[\"https:\\\/\\\/www.freundschaft-mit-valjevo.de\\\/wordpress\\\/menschenwuerdiger-lebensabend-muss-gesichert-werden\\\/\"]}]},{\"@type\":\"ImageObject\",\"inLanguage\":\"de\",\"@id\":\"https:\\\/\\\/www.freundschaft-mit-valjevo.de\\\/wordpress\\\/menschenwuerdiger-lebensabend-muss-gesichert-werden\\\/#primaryimage\",\"url\":\"https:\\\/\\\/www.freundschaft-mit-valjevo.de\\\/wordpress\\\/wp-content\\\/uploads\\\/2021\\\/10\\\/Andre-Schinck-1-e1633448884344.png\",\"contentUrl\":\"https:\\\/\\\/www.freundschaft-mit-valjevo.de\\\/wordpress\\\/wp-content\\\/uploads\\\/2021\\\/10\\\/Andre-Schinck-1-e1633448884344.png\",\"width\":686,\"height\":446},{\"@type\":\"BreadcrumbList\",\"@id\":\"https:\\\/\\\/www.freundschaft-mit-valjevo.de\\\/wordpress\\\/menschenwuerdiger-lebensabend-muss-gesichert-werden\\\/#breadcrumb\",\"itemListElement\":[{\"@type\":\"ListItem\",\"position\":1,\"name\":\"Startseite\",\"item\":\"https:\\\/\\\/www.freundschaft-mit-valjevo.de\\\/wordpress\\\/\"},{\"@type\":\"ListItem\",\"position\":2,\"name\":\"Menschenw\u00fcrdiger Lebensabend muss gesichert werden\"}]},{\"@type\":\"WebSite\",\"@id\":\"https:\\\/\\\/www.freundschaft-mit-valjevo.de\\\/wordpress\\\/#website\",\"url\":\"https:\\\/\\\/www.freundschaft-mit-valjevo.de\\\/wordpress\\\/\",\"name\":\"Freundschaft mit Valjevo e.V.\",\"description\":\"F\u00fcr Frieden, Freundschaft und V\u00f6lkerverst\u00e4ndigung\",\"potentialAction\":[{\"@type\":\"SearchAction\",\"target\":{\"@type\":\"EntryPoint\",\"urlTemplate\":\"https:\\\/\\\/www.freundschaft-mit-valjevo.de\\\/wordpress\\\/?s={search_term_string}\"},\"query-input\":{\"@type\":\"PropertyValueSpecification\",\"valueRequired\":true,\"valueName\":\"search_term_string\"}}],\"inLanguage\":\"de\"},{\"@type\":\"Person\",\"@id\":\"https:\\\/\\\/www.freundschaft-mit-valjevo.de\\\/wordpress\\\/#\\\/schema\\\/person\\\/4fbd0cc7a0227a72529b76aeed6571e4\",\"name\":\"admin-z\",\"image\":{\"@type\":\"ImageObject\",\"inLanguage\":\"de\",\"@id\":\"https:\\\/\\\/secure.gravatar.com\\\/avatar\\\/e180e5c39bf8c56d773eb854294072b2fec4a0a0f052f70a3cdaf696f943716d?s=96&d=mm&r=g\",\"url\":\"https:\\\/\\\/secure.gravatar.com\\\/avatar\\\/e180e5c39bf8c56d773eb854294072b2fec4a0a0f052f70a3cdaf696f943716d?s=96&d=mm&r=g\",\"contentUrl\":\"https:\\\/\\\/secure.gravatar.com\\\/avatar\\\/e180e5c39bf8c56d773eb854294072b2fec4a0a0f052f70a3cdaf696f943716d?s=96&d=mm&r=g\",\"caption\":\"admin-z\"}}]}<\/script>\n<!-- \/ Yoast SEO plugin. -->","yoast_head_json":{"title":"Menschenw\u00fcrdiger Lebensabend muss gesichert werden - Freundschaft mit Valjevo e.V.","robots":{"index":"index","follow":"follow","max-snippet":"max-snippet:-1","max-image-preview":"max-image-preview:large","max-video-preview":"max-video-preview:-1"},"canonical":"https:\/\/www.freundschaft-mit-valjevo.de\/wordpress\/menschenwuerdiger-lebensabend-muss-gesichert-werden\/","og_locale":"de_DE","og_type":"article","og_title":"Menschenw\u00fcrdiger Lebensabend muss gesichert werden - Freundschaft mit Valjevo e.V.","og_description":"Andre Schinck sprach \u00fcber Pflegenotstand in der Altenpflege \u00dcber den Pflegenotstand in der Altenpflege sprach am Samstag, den 25. September Einrichtungsleiter Andre Schinck bei uns&#8230;","og_url":"https:\/\/www.freundschaft-mit-valjevo.de\/wordpress\/menschenwuerdiger-lebensabend-muss-gesichert-werden\/","og_site_name":"Freundschaft mit Valjevo e.V.","article_published_time":"2021-10-05T15:45:58+00:00","article_modified_time":"2021-10-05T15:46:00+00:00","og_image":[{"width":686,"height":446,"url":"https:\/\/www.freundschaft-mit-valjevo.de\/wordpress\/wp-content\/uploads\/2021\/10\/Andre-Schinck-1-e1633448884344.png","type":"image\/png"}],"author":"admin-z","twitter_card":"summary_large_image","twitter_misc":{"Verfasst von":"admin-z","Gesch\u00e4tzte Lesezeit":"2\u00a0Minuten"},"schema":{"@context":"https:\/\/schema.org","@graph":[{"@type":"Article","@id":"https:\/\/www.freundschaft-mit-valjevo.de\/wordpress\/menschenwuerdiger-lebensabend-muss-gesichert-werden\/#article","isPartOf":{"@id":"https:\/\/www.freundschaft-mit-valjevo.de\/wordpress\/menschenwuerdiger-lebensabend-muss-gesichert-werden\/"},"author":{"name":"admin-z","@id":"https:\/\/www.freundschaft-mit-valjevo.de\/wordpress\/#\/schema\/person\/4fbd0cc7a0227a72529b76aeed6571e4"},"headline":"Menschenw\u00fcrdiger Lebensabend muss gesichert werden","datePublished":"2021-10-05T15:45:58+00:00","dateModified":"2021-10-05T15:46:00+00:00","mainEntityOfPage":{"@id":"https:\/\/www.freundschaft-mit-valjevo.de\/wordpress\/menschenwuerdiger-lebensabend-muss-gesichert-werden\/"},"wordCount":447,"image":{"@id":"https:\/\/www.freundschaft-mit-valjevo.de\/wordpress\/menschenwuerdiger-lebensabend-muss-gesichert-werden\/#primaryimage"},"thumbnailUrl":"https:\/\/www.freundschaft-mit-valjevo.de\/wordpress\/wp-content\/uploads\/2021\/10\/Andre-Schinck-1-e1633448884344.png","inLanguage":"de"},{"@type":"WebPage","@id":"https:\/\/www.freundschaft-mit-valjevo.de\/wordpress\/menschenwuerdiger-lebensabend-muss-gesichert-werden\/","url":"https:\/\/www.freundschaft-mit-valjevo.de\/wordpress\/menschenwuerdiger-lebensabend-muss-gesichert-werden\/","name":"Menschenw\u00fcrdiger Lebensabend muss gesichert werden - Freundschaft mit Valjevo e.V.","isPartOf":{"@id":"https:\/\/www.freundschaft-mit-valjevo.de\/wordpress\/#website"},"primaryImageOfPage":{"@id":"https:\/\/www.freundschaft-mit-valjevo.de\/wordpress\/menschenwuerdiger-lebensabend-muss-gesichert-werden\/#primaryimage"},"image":{"@id":"https:\/\/www.freundschaft-mit-valjevo.de\/wordpress\/menschenwuerdiger-lebensabend-muss-gesichert-werden\/#primaryimage"},"thumbnailUrl":"https:\/\/www.freundschaft-mit-valjevo.de\/wordpress\/wp-content\/uploads\/2021\/10\/Andre-Schinck-1-e1633448884344.png","datePublished":"2021-10-05T15:45:58+00:00","dateModified":"2021-10-05T15:46:00+00:00","author":{"@id":"https:\/\/www.freundschaft-mit-valjevo.de\/wordpress\/#\/schema\/person\/4fbd0cc7a0227a72529b76aeed6571e4"},"breadcrumb":{"@id":"https:\/\/www.freundschaft-mit-valjevo.de\/wordpress\/menschenwuerdiger-lebensabend-muss-gesichert-werden\/#breadcrumb"},"inLanguage":"de","potentialAction":[{"@type":"ReadAction","target":["https:\/\/www.freundschaft-mit-valjevo.de\/wordpress\/menschenwuerdiger-lebensabend-muss-gesichert-werden\/"]}]},{"@type":"ImageObject","inLanguage":"de","@id":"https:\/\/www.freundschaft-mit-valjevo.de\/wordpress\/menschenwuerdiger-lebensabend-muss-gesichert-werden\/#primaryimage","url":"https:\/\/www.freundschaft-mit-valjevo.de\/wordpress\/wp-content\/uploads\/2021\/10\/Andre-Schinck-1-e1633448884344.png","contentUrl":"https:\/\/www.freundschaft-mit-valjevo.de\/wordpress\/wp-content\/uploads\/2021\/10\/Andre-Schinck-1-e1633448884344.png","width":686,"height":446},{"@type":"BreadcrumbList","@id":"https:\/\/www.freundschaft-mit-valjevo.de\/wordpress\/menschenwuerdiger-lebensabend-muss-gesichert-werden\/#breadcrumb","itemListElement":[{"@type":"ListItem","position":1,"name":"Startseite","item":"https:\/\/www.freundschaft-mit-valjevo.de\/wordpress\/"},{"@type":"ListItem","position":2,"name":"Menschenw\u00fcrdiger Lebensabend muss gesichert werden"}]},{"@type":"WebSite","@id":"https:\/\/www.freundschaft-mit-valjevo.de\/wordpress\/#website","url":"https:\/\/www.freundschaft-mit-valjevo.de\/wordpress\/","name":"Freundschaft mit Valjevo e.V.","description":"F\u00fcr Frieden, Freundschaft und V\u00f6lkerverst\u00e4ndigung","potentialAction":[{"@type":"SearchAction","target":{"@type":"EntryPoint","urlTemplate":"https:\/\/www.freundschaft-mit-valjevo.de\/wordpress\/?s={search_term_string}"},"query-input":{"@type":"PropertyValueSpecification","valueRequired":true,"valueName":"search_term_string"}}],"inLanguage":"de"},{"@type":"Person","@id":"https:\/\/www.freundschaft-mit-valjevo.de\/wordpress\/#\/schema\/person\/4fbd0cc7a0227a72529b76aeed6571e4","name":"admin-z","image":{"@type":"ImageObject","inLanguage":"de","@id":"https:\/\/secure.gravatar.com\/avatar\/e180e5c39bf8c56d773eb854294072b2fec4a0a0f052f70a3cdaf696f943716d?s=96&d=mm&r=g","url":"https:\/\/secure.gravatar.com\/avatar\/e180e5c39bf8c56d773eb854294072b2fec4a0a0f052f70a3cdaf696f943716d?s=96&d=mm&r=g","contentUrl":"https:\/\/secure.gravatar.com\/avatar\/e180e5c39bf8c56d773eb854294072b2fec4a0a0f052f70a3cdaf696f943716d?s=96&d=mm&r=g","caption":"admin-z"}}]}},"_links":{"self":[{"href":"https:\/\/www.freundschaft-mit-valjevo.de\/wordpress\/wp-json\/wp\/v2\/posts\/1982","targetHints":{"allow":["GET"]}}],"collection":[{"href":"https:\/\/www.freundschaft-mit-valjevo.de\/wordpress\/wp-json\/wp\/v2\/posts"}],"about":[{"href":"https:\/\/www.freundschaft-mit-valjevo.de\/wordpress\/wp-json\/wp\/v2\/types\/post"}],"author":[{"embeddable":true,"href":"https:\/\/www.freundschaft-mit-valjevo.de\/wordpress\/wp-json\/wp\/v2\/users\/2"}],"replies":[{"embeddable":true,"href":"https:\/\/www.freundschaft-mit-valjevo.de\/wordpress\/wp-json\/wp\/v2\/comments?post=1982"}],"version-history":[{"count":1,"href":"https:\/\/www.freundschaft-mit-valjevo.de\/wordpress\/wp-json\/wp\/v2\/posts\/1982\/revisions"}],"predecessor-version":[{"id":1984,"href":"https:\/\/www.freundschaft-mit-valjevo.de\/wordpress\/wp-json\/wp\/v2\/posts\/1982\/revisions\/1984"}],"wp:featuredmedia":[{"embeddable":true,"href":"https:\/\/www.freundschaft-mit-valjevo.de\/wordpress\/wp-json\/wp\/v2\/media\/1983"}],"wp:attachment":[{"href":"https:\/\/www.freundschaft-mit-valjevo.de\/wordpress\/wp-json\/wp\/v2\/media?parent=1982"}],"wp:term":[{"taxonomy":"category","embeddable":true,"href":"https:\/\/www.freundschaft-mit-valjevo.de\/wordpress\/wp-json\/wp\/v2\/categories?post=1982"},{"taxonomy":"post_tag","embeddable":true,"href":"https:\/\/www.freundschaft-mit-valjevo.de\/wordpress\/wp-json\/wp\/v2\/tags?post=1982"}],"curies":[{"name":"wp","href":"https:\/\/api.w.org\/{rel}","templated":true}]}}