{"id":1986,"date":"2021-10-19T19:05:19","date_gmt":"2021-10-19T19:05:19","guid":{"rendered":"http:\/\/www.freundschaft-mit-valjevo.de\/wordpress\/?p=1986"},"modified":"2021-10-19T19:36:43","modified_gmt":"2021-10-19T19:36:43","slug":"verfassung-und-grundrechte-in-zeiten-der-pandemie","status":"publish","type":"post","link":"https:\/\/www.freundschaft-mit-valjevo.de\/wordpress\/verfassung-und-grundrechte-in-zeiten-der-pandemie\/","title":{"rendered":"Verfassung und Grundrechte in Zeiten der Pandemie"},"content":{"rendered":"\n<h2 class=\"wp-block-heading\"><strong>Vortrag und Diskussion mit Professor Dr. Norman Paech<\/strong><br><\/h2>\n\n\n\n<p><strong>Dienstag, 26. Oktober, 19 Uhr<\/strong><br><strong>\u201eZentrum f\u00fcr Berufs- und Familienf\u00f6rderung\u201c<\/strong><br><strong>Rotkreuzstra\u00dfe 2, 85276 Pfaffenhofen<\/strong><\/p>\n\n\n\n<p>Seit am 28. M\u00e4rz 2020 das \u201eGesetz zum Schutz der Bev\u00f6lkerung bei einer epidemischen Lage von nationaler Tragweite\u201c in Kraft trat, haben wir eine Reihe weitreichender Einschr\u00e4nkungen bei den Grundrechten erlebt: N\u00e4chtliche Ausgangssperren und Kontaktbeschr\u00e4nkungen, Einzelhandelsgesch\u00e4fte mussten schlie\u00dfen, Gastst\u00e4tten, Freizeit- und Kultureinrichtungen durften nicht \u00f6ffnen,&nbsp;<\/p>\n\n\n\n<p>Sch\u00fcler und Studenten konnten ihr Recht auf Bildung nur sehr eingeschr\u00e4nkt wahrnehmen, die Versammlungsfreizeit war zeitweise vollst\u00e4ndig suspendiert. Waren diese Eingriffe f\u00fcr die Bek\u00e4mpfung der Pandemie geeignet, waren sie erforderlich und waren sie angemessen und somit mit dem Grundgesetz vereinbar?&nbsp;<\/p>\n\n\n\n<figure class=\"wp-block-image\"><img loading=\"lazy\" decoding=\"async\" width=\"700\" height=\"484\" src=\"https:\/\/www.freundschaft-mit-valjevo.de\/wordpress\/wp-content\/uploads\/2021\/10\/norman-Paech-3-700x484.png\" alt=\"Dr. Norman Paech\" class=\"wp-image-1987\" srcset=\"https:\/\/www.freundschaft-mit-valjevo.de\/wordpress\/wp-content\/uploads\/2021\/10\/norman-Paech-3-700x484.png 700w, https:\/\/www.freundschaft-mit-valjevo.de\/wordpress\/wp-content\/uploads\/2021\/10\/norman-Paech-3-300x207.png 300w, https:\/\/www.freundschaft-mit-valjevo.de\/wordpress\/wp-content\/uploads\/2021\/10\/norman-Paech-3-768x531.png 768w, https:\/\/www.freundschaft-mit-valjevo.de\/wordpress\/wp-content\/uploads\/2021\/10\/norman-Paech-3.png 1280w\" sizes=\"auto, (max-width: 700px) 100vw, 700px\" \/><figcaption>Dr. Norman Paech<\/figcaption><\/figure>\n\n\n\n<p>\u201eUnserer rechtstaatlichen Demokratie entspricht es\u201c, so der fr\u00fchere Pr\u00e4sident des Bundesverfassungsgerichtes Hans-J\u00fcrgen Papier in einem Interview mit der NZZ,\u201c dass alle wesentlichen Entscheidungen zur Aus\u00fcbung sowie zur Einschr\u00e4nkung der Grundrechte vom Parlament getroffen werden.\u201c Waren&nbsp; Kanzlerin und Ministerpr\u00e4sidentenrunde berechtigt, an seiner Stelle eigenst\u00e4ndig wichtige Anti-Corona-Ma\u00dfnahmen zu beschlie\u00dfen?&nbsp;<\/p>\n\n\n\n<p>Und wie sind 2 G und 3 G Regeln mit unserem Grundgesetz und dem Diskriminierungsverbot vereinbar? Mit der 2G Regelung werden Ungeimpfte vom \u00f6ffentlichen Leben ausgeschlossen. Bei der 3G Regelung mit kostenpflichtigen Schnelltest ist der Besuch von Restaurants, Kinos, Museen oder Konzerten f\u00fcr sie so teuer, so dass sie vor der T\u00fcre bleiben m\u00fcssten. Darf mittels solcher Regelungen indirekt ein Impfzwang durchgesetzt werden?&nbsp;<\/p>\n\n\n\n<p>Diese Fragen wollen wir mit Dr. Norman Paech, emeritierter Professor f\u00fcr \u00d6ffentliches Recht an der Universit\u00e4t Hamburg, diskutieren. Der Eintritt ist frei. <\/p>\n\n\n\n<p><strong>Um jeden Interessierten die Teilnahme zu erm\u00f6glichen, haben wir f\u00fcr den Abend kostenlose Schnelltests vor Ort organisiert.<\/strong><br><\/p>\n","protected":false},"excerpt":{"rendered":"<p>Vortrag und Diskussion mit Professor Dr. Norman Paech Dienstag, 26. Oktober, 19 Uhr\u201eZentrum f\u00fcr Berufs- und Familienf\u00f6rderung\u201cRotkreuzstra\u00dfe 2, 85276 Pfaffenhofen Seit am 28. M\u00e4rz 2020&#8230;<\/p>\n<div class=\"more-link-wrapper\"><a class=\"more-link\" href=\"https:\/\/www.freundschaft-mit-valjevo.de\/wordpress\/verfassung-und-grundrechte-in-zeiten-der-pandemie\/\">Weiterlesen<span class=\"screen-reader-text\">Verfassung und Grundrechte in Zeiten der Pandemie<\/span><\/a><\/div>\n","protected":false},"author":2,"featured_media":1764,"comment_status":"closed","ping_status":"closed","sticky":false,"template":"","format":"standard","meta":{"footnotes":""},"categories":[1],"tags":[],"class_list":["post-1986","post","type-post","status-publish","format-standard","has-post-thumbnail","hentry","category-allgemein","entry"],"yoast_head":"<!-- This site is optimized with the Yoast SEO plugin v27.4 - https:\/\/yoast.com\/product\/yoast-seo-wordpress\/ -->\n<title>Verfassung und Grundrechte in Zeiten der Pandemie - Freundschaft mit Valjevo e.V.<\/title>\n<meta name=\"robots\" content=\"index, follow, max-snippet:-1, max-image-preview:large, max-video-preview:-1\" \/>\n<link rel=\"canonical\" href=\"https:\/\/www.freundschaft-mit-valjevo.de\/wordpress\/verfassung-und-grundrechte-in-zeiten-der-pandemie\/\" \/>\n<meta property=\"og:locale\" content=\"de_DE\" \/>\n<meta property=\"og:type\" content=\"article\" \/>\n<meta property=\"og:title\" content=\"Verfassung und Grundrechte in Zeiten der Pandemie - Freundschaft mit Valjevo e.V.\" \/>\n<meta property=\"og:description\" content=\"Vortrag und Diskussion mit Professor Dr. Norman Paech Dienstag, 26. Oktober, 19 Uhr\u201eZentrum f\u00fcr Berufs- und Familienf\u00f6rderung\u201cRotkreuzstra\u00dfe 2, 85276 Pfaffenhofen Seit am 28. M\u00e4rz 2020&#8230;\" \/>\n<meta property=\"og:url\" content=\"https:\/\/www.freundschaft-mit-valjevo.de\/wordpress\/verfassung-und-grundrechte-in-zeiten-der-pandemie\/\" \/>\n<meta property=\"og:site_name\" content=\"Freundschaft mit Valjevo e.V.\" \/>\n<meta property=\"article:published_time\" content=\"2021-10-19T19:05:19+00:00\" \/>\n<meta property=\"article:modified_time\" content=\"2021-10-19T19:36:43+00:00\" \/>\n<meta property=\"og:image\" content=\"https:\/\/www.freundschaft-mit-valjevo.de\/wordpress\/wp-content\/uploads\/2019\/09\/immigration-1804471_1280.jpg\" \/>\n\t<meta property=\"og:image:width\" content=\"1280\" \/>\n\t<meta property=\"og:image:height\" content=\"1024\" \/>\n\t<meta property=\"og:image:type\" content=\"image\/jpeg\" \/>\n<meta name=\"author\" content=\"admin-z\" \/>\n<meta name=\"twitter:card\" content=\"summary_large_image\" \/>\n<meta name=\"twitter:label1\" content=\"Verfasst von\" \/>\n\t<meta name=\"twitter:data1\" content=\"admin-z\" \/>\n\t<meta name=\"twitter:label2\" content=\"Gesch\u00e4tzte Lesezeit\" \/>\n\t<meta name=\"twitter:data2\" content=\"1\u00a0Minute\" \/>\n<script type=\"application\/ld+json\" class=\"yoast-schema-graph\">{\"@context\":\"https:\\\/\\\/schema.org\",\"@graph\":[{\"@type\":\"Article\",\"@id\":\"https:\\\/\\\/www.freundschaft-mit-valjevo.de\\\/wordpress\\\/verfassung-und-grundrechte-in-zeiten-der-pandemie\\\/#article\",\"isPartOf\":{\"@id\":\"https:\\\/\\\/www.freundschaft-mit-valjevo.de\\\/wordpress\\\/verfassung-und-grundrechte-in-zeiten-der-pandemie\\\/\"},\"author\":{\"name\":\"admin-z\",\"@id\":\"https:\\\/\\\/www.freundschaft-mit-valjevo.de\\\/wordpress\\\/#\\\/schema\\\/person\\\/4fbd0cc7a0227a72529b76aeed6571e4\"},\"headline\":\"Verfassung und Grundrechte in Zeiten der Pandemie\",\"datePublished\":\"2021-10-19T19:05:19+00:00\",\"dateModified\":\"2021-10-19T19:36:43+00:00\",\"mainEntityOfPage\":{\"@id\":\"https:\\\/\\\/www.freundschaft-mit-valjevo.de\\\/wordpress\\\/verfassung-und-grundrechte-in-zeiten-der-pandemie\\\/\"},\"wordCount\":295,\"image\":{\"@id\":\"https:\\\/\\\/www.freundschaft-mit-valjevo.de\\\/wordpress\\\/verfassung-und-grundrechte-in-zeiten-der-pandemie\\\/#primaryimage\"},\"thumbnailUrl\":\"https:\\\/\\\/www.freundschaft-mit-valjevo.de\\\/wordpress\\\/wp-content\\\/uploads\\\/2019\\\/09\\\/immigration-1804471_1280.jpg\",\"inLanguage\":\"de\"},{\"@type\":\"WebPage\",\"@id\":\"https:\\\/\\\/www.freundschaft-mit-valjevo.de\\\/wordpress\\\/verfassung-und-grundrechte-in-zeiten-der-pandemie\\\/\",\"url\":\"https:\\\/\\\/www.freundschaft-mit-valjevo.de\\\/wordpress\\\/verfassung-und-grundrechte-in-zeiten-der-pandemie\\\/\",\"name\":\"Verfassung und Grundrechte in Zeiten der Pandemie - Freundschaft mit Valjevo e.V.\",\"isPartOf\":{\"@id\":\"https:\\\/\\\/www.freundschaft-mit-valjevo.de\\\/wordpress\\\/#website\"},\"primaryImageOfPage\":{\"@id\":\"https:\\\/\\\/www.freundschaft-mit-valjevo.de\\\/wordpress\\\/verfassung-und-grundrechte-in-zeiten-der-pandemie\\\/#primaryimage\"},\"image\":{\"@id\":\"https:\\\/\\\/www.freundschaft-mit-valjevo.de\\\/wordpress\\\/verfassung-und-grundrechte-in-zeiten-der-pandemie\\\/#primaryimage\"},\"thumbnailUrl\":\"https:\\\/\\\/www.freundschaft-mit-valjevo.de\\\/wordpress\\\/wp-content\\\/uploads\\\/2019\\\/09\\\/immigration-1804471_1280.jpg\",\"datePublished\":\"2021-10-19T19:05:19+00:00\",\"dateModified\":\"2021-10-19T19:36:43+00:00\",\"author\":{\"@id\":\"https:\\\/\\\/www.freundschaft-mit-valjevo.de\\\/wordpress\\\/#\\\/schema\\\/person\\\/4fbd0cc7a0227a72529b76aeed6571e4\"},\"breadcrumb\":{\"@id\":\"https:\\\/\\\/www.freundschaft-mit-valjevo.de\\\/wordpress\\\/verfassung-und-grundrechte-in-zeiten-der-pandemie\\\/#breadcrumb\"},\"inLanguage\":\"de\",\"potentialAction\":[{\"@type\":\"ReadAction\",\"target\":[\"https:\\\/\\\/www.freundschaft-mit-valjevo.de\\\/wordpress\\\/verfassung-und-grundrechte-in-zeiten-der-pandemie\\\/\"]}]},{\"@type\":\"ImageObject\",\"inLanguage\":\"de\",\"@id\":\"https:\\\/\\\/www.freundschaft-mit-valjevo.de\\\/wordpress\\\/verfassung-und-grundrechte-in-zeiten-der-pandemie\\\/#primaryimage\",\"url\":\"https:\\\/\\\/www.freundschaft-mit-valjevo.de\\\/wordpress\\\/wp-content\\\/uploads\\\/2019\\\/09\\\/immigration-1804471_1280.jpg\",\"contentUrl\":\"https:\\\/\\\/www.freundschaft-mit-valjevo.de\\\/wordpress\\\/wp-content\\\/uploads\\\/2019\\\/09\\\/immigration-1804471_1280.jpg\",\"width\":1280,\"height\":1024},{\"@type\":\"BreadcrumbList\",\"@id\":\"https:\\\/\\\/www.freundschaft-mit-valjevo.de\\\/wordpress\\\/verfassung-und-grundrechte-in-zeiten-der-pandemie\\\/#breadcrumb\",\"itemListElement\":[{\"@type\":\"ListItem\",\"position\":1,\"name\":\"Startseite\",\"item\":\"https:\\\/\\\/www.freundschaft-mit-valjevo.de\\\/wordpress\\\/\"},{\"@type\":\"ListItem\",\"position\":2,\"name\":\"Verfassung und Grundrechte in Zeiten der Pandemie\"}]},{\"@type\":\"WebSite\",\"@id\":\"https:\\\/\\\/www.freundschaft-mit-valjevo.de\\\/wordpress\\\/#website\",\"url\":\"https:\\\/\\\/www.freundschaft-mit-valjevo.de\\\/wordpress\\\/\",\"name\":\"Freundschaft mit Valjevo e.V.\",\"description\":\"F\u00fcr Frieden, Freundschaft und V\u00f6lkerverst\u00e4ndigung\",\"potentialAction\":[{\"@type\":\"SearchAction\",\"target\":{\"@type\":\"EntryPoint\",\"urlTemplate\":\"https:\\\/\\\/www.freundschaft-mit-valjevo.de\\\/wordpress\\\/?s={search_term_string}\"},\"query-input\":{\"@type\":\"PropertyValueSpecification\",\"valueRequired\":true,\"valueName\":\"search_term_string\"}}],\"inLanguage\":\"de\"},{\"@type\":\"Person\",\"@id\":\"https:\\\/\\\/www.freundschaft-mit-valjevo.de\\\/wordpress\\\/#\\\/schema\\\/person\\\/4fbd0cc7a0227a72529b76aeed6571e4\",\"name\":\"admin-z\",\"image\":{\"@type\":\"ImageObject\",\"inLanguage\":\"de\",\"@id\":\"https:\\\/\\\/secure.gravatar.com\\\/avatar\\\/e180e5c39bf8c56d773eb854294072b2fec4a0a0f052f70a3cdaf696f943716d?s=96&d=mm&r=g\",\"url\":\"https:\\\/\\\/secure.gravatar.com\\\/avatar\\\/e180e5c39bf8c56d773eb854294072b2fec4a0a0f052f70a3cdaf696f943716d?s=96&d=mm&r=g\",\"contentUrl\":\"https:\\\/\\\/secure.gravatar.com\\\/avatar\\\/e180e5c39bf8c56d773eb854294072b2fec4a0a0f052f70a3cdaf696f943716d?s=96&d=mm&r=g\",\"caption\":\"admin-z\"}}]}<\/script>\n<!-- \/ Yoast SEO plugin. -->","yoast_head_json":{"title":"Verfassung und Grundrechte in Zeiten der Pandemie - Freundschaft mit Valjevo e.V.","robots":{"index":"index","follow":"follow","max-snippet":"max-snippet:-1","max-image-preview":"max-image-preview:large","max-video-preview":"max-video-preview:-1"},"canonical":"https:\/\/www.freundschaft-mit-valjevo.de\/wordpress\/verfassung-und-grundrechte-in-zeiten-der-pandemie\/","og_locale":"de_DE","og_type":"article","og_title":"Verfassung und Grundrechte in Zeiten der Pandemie - Freundschaft mit Valjevo e.V.","og_description":"Vortrag und Diskussion mit Professor Dr. Norman Paech Dienstag, 26. Oktober, 19 Uhr\u201eZentrum f\u00fcr Berufs- und Familienf\u00f6rderung\u201cRotkreuzstra\u00dfe 2, 85276 Pfaffenhofen Seit am 28. M\u00e4rz 2020&#8230;","og_url":"https:\/\/www.freundschaft-mit-valjevo.de\/wordpress\/verfassung-und-grundrechte-in-zeiten-der-pandemie\/","og_site_name":"Freundschaft mit Valjevo e.V.","article_published_time":"2021-10-19T19:05:19+00:00","article_modified_time":"2021-10-19T19:36:43+00:00","og_image":[{"width":1280,"height":1024,"url":"https:\/\/www.freundschaft-mit-valjevo.de\/wordpress\/wp-content\/uploads\/2019\/09\/immigration-1804471_1280.jpg","type":"image\/jpeg"}],"author":"admin-z","twitter_card":"summary_large_image","twitter_misc":{"Verfasst von":"admin-z","Gesch\u00e4tzte Lesezeit":"1\u00a0Minute"},"schema":{"@context":"https:\/\/schema.org","@graph":[{"@type":"Article","@id":"https:\/\/www.freundschaft-mit-valjevo.de\/wordpress\/verfassung-und-grundrechte-in-zeiten-der-pandemie\/#article","isPartOf":{"@id":"https:\/\/www.freundschaft-mit-valjevo.de\/wordpress\/verfassung-und-grundrechte-in-zeiten-der-pandemie\/"},"author":{"name":"admin-z","@id":"https:\/\/www.freundschaft-mit-valjevo.de\/wordpress\/#\/schema\/person\/4fbd0cc7a0227a72529b76aeed6571e4"},"headline":"Verfassung und Grundrechte in Zeiten der Pandemie","datePublished":"2021-10-19T19:05:19+00:00","dateModified":"2021-10-19T19:36:43+00:00","mainEntityOfPage":{"@id":"https:\/\/www.freundschaft-mit-valjevo.de\/wordpress\/verfassung-und-grundrechte-in-zeiten-der-pandemie\/"},"wordCount":295,"image":{"@id":"https:\/\/www.freundschaft-mit-valjevo.de\/wordpress\/verfassung-und-grundrechte-in-zeiten-der-pandemie\/#primaryimage"},"thumbnailUrl":"https:\/\/www.freundschaft-mit-valjevo.de\/wordpress\/wp-content\/uploads\/2019\/09\/immigration-1804471_1280.jpg","inLanguage":"de"},{"@type":"WebPage","@id":"https:\/\/www.freundschaft-mit-valjevo.de\/wordpress\/verfassung-und-grundrechte-in-zeiten-der-pandemie\/","url":"https:\/\/www.freundschaft-mit-valjevo.de\/wordpress\/verfassung-und-grundrechte-in-zeiten-der-pandemie\/","name":"Verfassung und Grundrechte in Zeiten der Pandemie - Freundschaft mit Valjevo e.V.","isPartOf":{"@id":"https:\/\/www.freundschaft-mit-valjevo.de\/wordpress\/#website"},"primaryImageOfPage":{"@id":"https:\/\/www.freundschaft-mit-valjevo.de\/wordpress\/verfassung-und-grundrechte-in-zeiten-der-pandemie\/#primaryimage"},"image":{"@id":"https:\/\/www.freundschaft-mit-valjevo.de\/wordpress\/verfassung-und-grundrechte-in-zeiten-der-pandemie\/#primaryimage"},"thumbnailUrl":"https:\/\/www.freundschaft-mit-valjevo.de\/wordpress\/wp-content\/uploads\/2019\/09\/immigration-1804471_1280.jpg","datePublished":"2021-10-19T19:05:19+00:00","dateModified":"2021-10-19T19:36:43+00:00","author":{"@id":"https:\/\/www.freundschaft-mit-valjevo.de\/wordpress\/#\/schema\/person\/4fbd0cc7a0227a72529b76aeed6571e4"},"breadcrumb":{"@id":"https:\/\/www.freundschaft-mit-valjevo.de\/wordpress\/verfassung-und-grundrechte-in-zeiten-der-pandemie\/#breadcrumb"},"inLanguage":"de","potentialAction":[{"@type":"ReadAction","target":["https:\/\/www.freundschaft-mit-valjevo.de\/wordpress\/verfassung-und-grundrechte-in-zeiten-der-pandemie\/"]}]},{"@type":"ImageObject","inLanguage":"de","@id":"https:\/\/www.freundschaft-mit-valjevo.de\/wordpress\/verfassung-und-grundrechte-in-zeiten-der-pandemie\/#primaryimage","url":"https:\/\/www.freundschaft-mit-valjevo.de\/wordpress\/wp-content\/uploads\/2019\/09\/immigration-1804471_1280.jpg","contentUrl":"https:\/\/www.freundschaft-mit-valjevo.de\/wordpress\/wp-content\/uploads\/2019\/09\/immigration-1804471_1280.jpg","width":1280,"height":1024},{"@type":"BreadcrumbList","@id":"https:\/\/www.freundschaft-mit-valjevo.de\/wordpress\/verfassung-und-grundrechte-in-zeiten-der-pandemie\/#breadcrumb","itemListElement":[{"@type":"ListItem","position":1,"name":"Startseite","item":"https:\/\/www.freundschaft-mit-valjevo.de\/wordpress\/"},{"@type":"ListItem","position":2,"name":"Verfassung und Grundrechte in Zeiten der Pandemie"}]},{"@type":"WebSite","@id":"https:\/\/www.freundschaft-mit-valjevo.de\/wordpress\/#website","url":"https:\/\/www.freundschaft-mit-valjevo.de\/wordpress\/","name":"Freundschaft mit Valjevo e.V.","description":"F\u00fcr Frieden, Freundschaft und V\u00f6lkerverst\u00e4ndigung","potentialAction":[{"@type":"SearchAction","target":{"@type":"EntryPoint","urlTemplate":"https:\/\/www.freundschaft-mit-valjevo.de\/wordpress\/?s={search_term_string}"},"query-input":{"@type":"PropertyValueSpecification","valueRequired":true,"valueName":"search_term_string"}}],"inLanguage":"de"},{"@type":"Person","@id":"https:\/\/www.freundschaft-mit-valjevo.de\/wordpress\/#\/schema\/person\/4fbd0cc7a0227a72529b76aeed6571e4","name":"admin-z","image":{"@type":"ImageObject","inLanguage":"de","@id":"https:\/\/secure.gravatar.com\/avatar\/e180e5c39bf8c56d773eb854294072b2fec4a0a0f052f70a3cdaf696f943716d?s=96&d=mm&r=g","url":"https:\/\/secure.gravatar.com\/avatar\/e180e5c39bf8c56d773eb854294072b2fec4a0a0f052f70a3cdaf696f943716d?s=96&d=mm&r=g","contentUrl":"https:\/\/secure.gravatar.com\/avatar\/e180e5c39bf8c56d773eb854294072b2fec4a0a0f052f70a3cdaf696f943716d?s=96&d=mm&r=g","caption":"admin-z"}}]}},"_links":{"self":[{"href":"https:\/\/www.freundschaft-mit-valjevo.de\/wordpress\/wp-json\/wp\/v2\/posts\/1986","targetHints":{"allow":["GET"]}}],"collection":[{"href":"https:\/\/www.freundschaft-mit-valjevo.de\/wordpress\/wp-json\/wp\/v2\/posts"}],"about":[{"href":"https:\/\/www.freundschaft-mit-valjevo.de\/wordpress\/wp-json\/wp\/v2\/types\/post"}],"author":[{"embeddable":true,"href":"https:\/\/www.freundschaft-mit-valjevo.de\/wordpress\/wp-json\/wp\/v2\/users\/2"}],"replies":[{"embeddable":true,"href":"https:\/\/www.freundschaft-mit-valjevo.de\/wordpress\/wp-json\/wp\/v2\/comments?post=1986"}],"version-history":[{"count":3,"href":"https:\/\/www.freundschaft-mit-valjevo.de\/wordpress\/wp-json\/wp\/v2\/posts\/1986\/revisions"}],"predecessor-version":[{"id":1991,"href":"https:\/\/www.freundschaft-mit-valjevo.de\/wordpress\/wp-json\/wp\/v2\/posts\/1986\/revisions\/1991"}],"wp:featuredmedia":[{"embeddable":true,"href":"https:\/\/www.freundschaft-mit-valjevo.de\/wordpress\/wp-json\/wp\/v2\/media\/1764"}],"wp:attachment":[{"href":"https:\/\/www.freundschaft-mit-valjevo.de\/wordpress\/wp-json\/wp\/v2\/media?parent=1986"}],"wp:term":[{"taxonomy":"category","embeddable":true,"href":"https:\/\/www.freundschaft-mit-valjevo.de\/wordpress\/wp-json\/wp\/v2\/categories?post=1986"},{"taxonomy":"post_tag","embeddable":true,"href":"https:\/\/www.freundschaft-mit-valjevo.de\/wordpress\/wp-json\/wp\/v2\/tags?post=1986"}],"curies":[{"name":"wp","href":"https:\/\/api.w.org\/{rel}","templated":true}]}}