{"id":2004,"date":"2021-11-30T19:35:51","date_gmt":"2021-11-30T19:35:51","guid":{"rendered":"http:\/\/www.freundschaft-mit-valjevo.de\/wordpress\/?p=2004"},"modified":"2021-11-30T19:35:56","modified_gmt":"2021-11-30T19:35:56","slug":"ueber-die-eigene-verantwortung-nachdenken","status":"publish","type":"post","link":"https:\/\/www.freundschaft-mit-valjevo.de\/wordpress\/ueber-die-eigene-verantwortung-nachdenken\/","title":{"rendered":"\u00dcber die eigene Verantwortung nachdenken"},"content":{"rendered":"\n<p>Am 22.11.2021 hat der \u201eDonaukurier\u201c unter der \u00dcberschrift <strong>\u201e\u00dcber die eigene Verantwortung nachdenken\u201c<\/strong> einen Leserbrief von Bernd Duschner zu den Fl\u00fcchtlingen an der polnisch-wei\u00dfrussischen Grenze ver\u00f6ffentlicht:<\/p>\n\n\n\n<p>Die Zahl der Fl\u00fcchtlinge, die in die EU dr\u00e4ngen, w\u00e4chst. Laut dem \u201eBundesamt f\u00fcr Migration und Fl\u00fcchtlinge\u201c wurden in diesem Jahr bis einschlie\u00dflich Oktober bereits 115.000 Erstantr\u00e4ge auf Asyl gestellt. Die gr\u00f6\u00dfte Gruppe bilden&nbsp; die Syrer mit 45.000 Fl\u00fcchtlingen, ein Anstieg gegen\u00fcber dem Vorjahr um 52,8%. Es folgen Afghanen und Iraker. Seit \u00fcber 5 Jahren unterst\u00fctzt unsere&nbsp; Friedensgruppe \u201eFreundschaft mit Valjevo\u201c in Pfaffenhofen das Italienische Krankenhaus der Don \u2013 Bosko Schwestern in Damaskus. Auch dieses Krankenhaus haben in den letzten Wochen drei \u00c4rzte verlassen, um f\u00fcr sich und ihre Familien eine Zukunft im Ausland zu finden. Die Leiterin, Schwester Carol Tahhan, hat uns die Gr\u00fcnde erl\u00e4utert:<\/p>\n\n\n\n<p>Zwar wird in Syrien nicht mehr gek\u00e4mpft. Nach wie vor aber halten USA und EU an ihren Wirtschaftssanktionen gegen das Land fest. Sie verhindern, dass Syrien notwendige Wirtschaftsg\u00fcter zum Wiederaufbau und f\u00fcr die Versorgung seiner Bev\u00f6lkerung importieren kann. Sie unterbinden technische Hilfe und Investitionen in dem Land, das sich nach 10 Jahren Krieg in gr\u00f6\u00dfter Not befindet. Der UN-Generalsekret\u00e4r hatte angesichts der aktuellen Pandemie die Aufhebung der Sanktionen gefordert. Trotzdem hat die EU sie weiter verl\u00e4ngert. Im Herbst 2019 haben US-Truppen zudem die wichtigsten \u00d6lquellen im Osten des Landes besetzt, wohl wissend, dass die syrische Kraftwerke ohne dieses \u00d6l die Bev\u00f6lkerung nur stundenweise mit Strom versorgen k\u00f6nnen. Heute, so das Weltern\u00e4hrungsprogramm der UNO, leiden 60% der syrischen Bev\u00f6lkerung Hunger, das sind 12,4 Millionen Menschen. Wie uns Schwester Carol Tahhan schreibt, gibt es selbst in Damaskus seit Monaten nur wenige Stunden Strom, keinen Treibstoff, kein Heiz\u00f6l. Die Lebensmittelpreise haben sich in den letzten 12 Monaten verdoppelt, Gem\u00fcse, Obst oder gar Fleisch sind f\u00fcr die meisten Syrer unerschwinglich teuer geworden. M\u00fcssen wir uns wundern, wenn sie versuchen, dem Elend zu entkommen? Die Bundesregierung ist emp\u00f6rt, wenn Drittstaaten die Fl\u00fcchtlinge nicht aufhalten. Den Balken im eigenen Auge will sie nicht sehen. Sie sollte \u00fcber die eigene Verantwortung nachdenken und Konsequenzen ziehen: Schlussmachen mit Milit\u00e4rinterventionen in fremde L\u00e4nder und mit den Wirtschaftssanktionen, die nur Elend und damit Fl\u00fcchtlinge produzieren.&nbsp; &nbsp;<br><\/p>\n","protected":false},"excerpt":{"rendered":"<p>Am 22.11.2021 hat der \u201eDonaukurier\u201c unter der \u00dcberschrift \u201e\u00dcber die eigene Verantwortung nachdenken\u201c einen Leserbrief von Bernd Duschner zu den Fl\u00fcchtlingen an der polnisch-wei\u00dfrussischen Grenze&#8230;<\/p>\n<div class=\"more-link-wrapper\"><a class=\"more-link\" href=\"https:\/\/www.freundschaft-mit-valjevo.de\/wordpress\/ueber-die-eigene-verantwortung-nachdenken\/\">Weiterlesen<span class=\"screen-reader-text\">\u00dcber die eigene Verantwortung nachdenken<\/span><\/a><\/div>\n","protected":false},"author":2,"featured_media":0,"comment_status":"closed","ping_status":"closed","sticky":false,"template":"","format":"standard","meta":{"footnotes":""},"categories":[1],"tags":[],"class_list":["post-2004","post","type-post","status-publish","format-standard","hentry","category-allgemein","entry"],"yoast_head":"<!-- This site is optimized with the Yoast SEO plugin v27.4 - https:\/\/yoast.com\/product\/yoast-seo-wordpress\/ -->\n<title>\u00dcber die eigene Verantwortung nachdenken - Freundschaft mit Valjevo e.V.<\/title>\n<meta name=\"robots\" content=\"index, follow, max-snippet:-1, max-image-preview:large, max-video-preview:-1\" \/>\n<link rel=\"canonical\" href=\"https:\/\/www.freundschaft-mit-valjevo.de\/wordpress\/ueber-die-eigene-verantwortung-nachdenken\/\" \/>\n<meta property=\"og:locale\" content=\"de_DE\" \/>\n<meta property=\"og:type\" content=\"article\" \/>\n<meta property=\"og:title\" content=\"\u00dcber die eigene Verantwortung nachdenken - Freundschaft mit Valjevo e.V.\" \/>\n<meta property=\"og:description\" content=\"Am 22.11.2021 hat der \u201eDonaukurier\u201c unter der \u00dcberschrift \u201e\u00dcber die eigene Verantwortung nachdenken\u201c einen Leserbrief von Bernd Duschner zu den Fl\u00fcchtlingen an der polnisch-wei\u00dfrussischen Grenze&#8230;\" \/>\n<meta property=\"og:url\" content=\"https:\/\/www.freundschaft-mit-valjevo.de\/wordpress\/ueber-die-eigene-verantwortung-nachdenken\/\" \/>\n<meta property=\"og:site_name\" content=\"Freundschaft mit Valjevo e.V.\" \/>\n<meta property=\"article:published_time\" content=\"2021-11-30T19:35:51+00:00\" \/>\n<meta property=\"article:modified_time\" content=\"2021-11-30T19:35:56+00:00\" \/>\n<meta name=\"author\" content=\"admin-z\" \/>\n<meta name=\"twitter:card\" content=\"summary_large_image\" \/>\n<meta name=\"twitter:label1\" content=\"Verfasst von\" \/>\n\t<meta name=\"twitter:data1\" content=\"admin-z\" \/>\n\t<meta name=\"twitter:label2\" content=\"Gesch\u00e4tzte Lesezeit\" \/>\n\t<meta name=\"twitter:data2\" content=\"2\u00a0Minuten\" \/>\n<script type=\"application\/ld+json\" class=\"yoast-schema-graph\">{\"@context\":\"https:\\\/\\\/schema.org\",\"@graph\":[{\"@type\":\"Article\",\"@id\":\"https:\\\/\\\/www.freundschaft-mit-valjevo.de\\\/wordpress\\\/ueber-die-eigene-verantwortung-nachdenken\\\/#article\",\"isPartOf\":{\"@id\":\"https:\\\/\\\/www.freundschaft-mit-valjevo.de\\\/wordpress\\\/ueber-die-eigene-verantwortung-nachdenken\\\/\"},\"author\":{\"name\":\"admin-z\",\"@id\":\"https:\\\/\\\/www.freundschaft-mit-valjevo.de\\\/wordpress\\\/#\\\/schema\\\/person\\\/4fbd0cc7a0227a72529b76aeed6571e4\"},\"headline\":\"\u00dcber die eigene Verantwortung nachdenken\",\"datePublished\":\"2021-11-30T19:35:51+00:00\",\"dateModified\":\"2021-11-30T19:35:56+00:00\",\"mainEntityOfPage\":{\"@id\":\"https:\\\/\\\/www.freundschaft-mit-valjevo.de\\\/wordpress\\\/ueber-die-eigene-verantwortung-nachdenken\\\/\"},\"wordCount\":392,\"inLanguage\":\"de\"},{\"@type\":\"WebPage\",\"@id\":\"https:\\\/\\\/www.freundschaft-mit-valjevo.de\\\/wordpress\\\/ueber-die-eigene-verantwortung-nachdenken\\\/\",\"url\":\"https:\\\/\\\/www.freundschaft-mit-valjevo.de\\\/wordpress\\\/ueber-die-eigene-verantwortung-nachdenken\\\/\",\"name\":\"\u00dcber die eigene Verantwortung nachdenken - Freundschaft mit Valjevo e.V.\",\"isPartOf\":{\"@id\":\"https:\\\/\\\/www.freundschaft-mit-valjevo.de\\\/wordpress\\\/#website\"},\"datePublished\":\"2021-11-30T19:35:51+00:00\",\"dateModified\":\"2021-11-30T19:35:56+00:00\",\"author\":{\"@id\":\"https:\\\/\\\/www.freundschaft-mit-valjevo.de\\\/wordpress\\\/#\\\/schema\\\/person\\\/4fbd0cc7a0227a72529b76aeed6571e4\"},\"breadcrumb\":{\"@id\":\"https:\\\/\\\/www.freundschaft-mit-valjevo.de\\\/wordpress\\\/ueber-die-eigene-verantwortung-nachdenken\\\/#breadcrumb\"},\"inLanguage\":\"de\",\"potentialAction\":[{\"@type\":\"ReadAction\",\"target\":[\"https:\\\/\\\/www.freundschaft-mit-valjevo.de\\\/wordpress\\\/ueber-die-eigene-verantwortung-nachdenken\\\/\"]}]},{\"@type\":\"BreadcrumbList\",\"@id\":\"https:\\\/\\\/www.freundschaft-mit-valjevo.de\\\/wordpress\\\/ueber-die-eigene-verantwortung-nachdenken\\\/#breadcrumb\",\"itemListElement\":[{\"@type\":\"ListItem\",\"position\":1,\"name\":\"Startseite\",\"item\":\"https:\\\/\\\/www.freundschaft-mit-valjevo.de\\\/wordpress\\\/\"},{\"@type\":\"ListItem\",\"position\":2,\"name\":\"\u00dcber die eigene Verantwortung nachdenken\"}]},{\"@type\":\"WebSite\",\"@id\":\"https:\\\/\\\/www.freundschaft-mit-valjevo.de\\\/wordpress\\\/#website\",\"url\":\"https:\\\/\\\/www.freundschaft-mit-valjevo.de\\\/wordpress\\\/\",\"name\":\"Freundschaft mit Valjevo e.V.\",\"description\":\"F\u00fcr Frieden, Freundschaft und V\u00f6lkerverst\u00e4ndigung\",\"potentialAction\":[{\"@type\":\"SearchAction\",\"target\":{\"@type\":\"EntryPoint\",\"urlTemplate\":\"https:\\\/\\\/www.freundschaft-mit-valjevo.de\\\/wordpress\\\/?s={search_term_string}\"},\"query-input\":{\"@type\":\"PropertyValueSpecification\",\"valueRequired\":true,\"valueName\":\"search_term_string\"}}],\"inLanguage\":\"de\"},{\"@type\":\"Person\",\"@id\":\"https:\\\/\\\/www.freundschaft-mit-valjevo.de\\\/wordpress\\\/#\\\/schema\\\/person\\\/4fbd0cc7a0227a72529b76aeed6571e4\",\"name\":\"admin-z\",\"image\":{\"@type\":\"ImageObject\",\"inLanguage\":\"de\",\"@id\":\"https:\\\/\\\/secure.gravatar.com\\\/avatar\\\/e180e5c39bf8c56d773eb854294072b2fec4a0a0f052f70a3cdaf696f943716d?s=96&d=mm&r=g\",\"url\":\"https:\\\/\\\/secure.gravatar.com\\\/avatar\\\/e180e5c39bf8c56d773eb854294072b2fec4a0a0f052f70a3cdaf696f943716d?s=96&d=mm&r=g\",\"contentUrl\":\"https:\\\/\\\/secure.gravatar.com\\\/avatar\\\/e180e5c39bf8c56d773eb854294072b2fec4a0a0f052f70a3cdaf696f943716d?s=96&d=mm&r=g\",\"caption\":\"admin-z\"}}]}<\/script>\n<!-- \/ Yoast SEO plugin. -->","yoast_head_json":{"title":"\u00dcber die eigene Verantwortung nachdenken - Freundschaft mit Valjevo e.V.","robots":{"index":"index","follow":"follow","max-snippet":"max-snippet:-1","max-image-preview":"max-image-preview:large","max-video-preview":"max-video-preview:-1"},"canonical":"https:\/\/www.freundschaft-mit-valjevo.de\/wordpress\/ueber-die-eigene-verantwortung-nachdenken\/","og_locale":"de_DE","og_type":"article","og_title":"\u00dcber die eigene Verantwortung nachdenken - Freundschaft mit Valjevo e.V.","og_description":"Am 22.11.2021 hat der \u201eDonaukurier\u201c unter der \u00dcberschrift \u201e\u00dcber die eigene Verantwortung nachdenken\u201c einen Leserbrief von Bernd Duschner zu den Fl\u00fcchtlingen an der polnisch-wei\u00dfrussischen Grenze&#8230;","og_url":"https:\/\/www.freundschaft-mit-valjevo.de\/wordpress\/ueber-die-eigene-verantwortung-nachdenken\/","og_site_name":"Freundschaft mit Valjevo e.V.","article_published_time":"2021-11-30T19:35:51+00:00","article_modified_time":"2021-11-30T19:35:56+00:00","author":"admin-z","twitter_card":"summary_large_image","twitter_misc":{"Verfasst von":"admin-z","Gesch\u00e4tzte Lesezeit":"2\u00a0Minuten"},"schema":{"@context":"https:\/\/schema.org","@graph":[{"@type":"Article","@id":"https:\/\/www.freundschaft-mit-valjevo.de\/wordpress\/ueber-die-eigene-verantwortung-nachdenken\/#article","isPartOf":{"@id":"https:\/\/www.freundschaft-mit-valjevo.de\/wordpress\/ueber-die-eigene-verantwortung-nachdenken\/"},"author":{"name":"admin-z","@id":"https:\/\/www.freundschaft-mit-valjevo.de\/wordpress\/#\/schema\/person\/4fbd0cc7a0227a72529b76aeed6571e4"},"headline":"\u00dcber die eigene Verantwortung nachdenken","datePublished":"2021-11-30T19:35:51+00:00","dateModified":"2021-11-30T19:35:56+00:00","mainEntityOfPage":{"@id":"https:\/\/www.freundschaft-mit-valjevo.de\/wordpress\/ueber-die-eigene-verantwortung-nachdenken\/"},"wordCount":392,"inLanguage":"de"},{"@type":"WebPage","@id":"https:\/\/www.freundschaft-mit-valjevo.de\/wordpress\/ueber-die-eigene-verantwortung-nachdenken\/","url":"https:\/\/www.freundschaft-mit-valjevo.de\/wordpress\/ueber-die-eigene-verantwortung-nachdenken\/","name":"\u00dcber die eigene Verantwortung nachdenken - Freundschaft mit Valjevo e.V.","isPartOf":{"@id":"https:\/\/www.freundschaft-mit-valjevo.de\/wordpress\/#website"},"datePublished":"2021-11-30T19:35:51+00:00","dateModified":"2021-11-30T19:35:56+00:00","author":{"@id":"https:\/\/www.freundschaft-mit-valjevo.de\/wordpress\/#\/schema\/person\/4fbd0cc7a0227a72529b76aeed6571e4"},"breadcrumb":{"@id":"https:\/\/www.freundschaft-mit-valjevo.de\/wordpress\/ueber-die-eigene-verantwortung-nachdenken\/#breadcrumb"},"inLanguage":"de","potentialAction":[{"@type":"ReadAction","target":["https:\/\/www.freundschaft-mit-valjevo.de\/wordpress\/ueber-die-eigene-verantwortung-nachdenken\/"]}]},{"@type":"BreadcrumbList","@id":"https:\/\/www.freundschaft-mit-valjevo.de\/wordpress\/ueber-die-eigene-verantwortung-nachdenken\/#breadcrumb","itemListElement":[{"@type":"ListItem","position":1,"name":"Startseite","item":"https:\/\/www.freundschaft-mit-valjevo.de\/wordpress\/"},{"@type":"ListItem","position":2,"name":"\u00dcber die eigene Verantwortung nachdenken"}]},{"@type":"WebSite","@id":"https:\/\/www.freundschaft-mit-valjevo.de\/wordpress\/#website","url":"https:\/\/www.freundschaft-mit-valjevo.de\/wordpress\/","name":"Freundschaft mit Valjevo e.V.","description":"F\u00fcr Frieden, Freundschaft und V\u00f6lkerverst\u00e4ndigung","potentialAction":[{"@type":"SearchAction","target":{"@type":"EntryPoint","urlTemplate":"https:\/\/www.freundschaft-mit-valjevo.de\/wordpress\/?s={search_term_string}"},"query-input":{"@type":"PropertyValueSpecification","valueRequired":true,"valueName":"search_term_string"}}],"inLanguage":"de"},{"@type":"Person","@id":"https:\/\/www.freundschaft-mit-valjevo.de\/wordpress\/#\/schema\/person\/4fbd0cc7a0227a72529b76aeed6571e4","name":"admin-z","image":{"@type":"ImageObject","inLanguage":"de","@id":"https:\/\/secure.gravatar.com\/avatar\/e180e5c39bf8c56d773eb854294072b2fec4a0a0f052f70a3cdaf696f943716d?s=96&d=mm&r=g","url":"https:\/\/secure.gravatar.com\/avatar\/e180e5c39bf8c56d773eb854294072b2fec4a0a0f052f70a3cdaf696f943716d?s=96&d=mm&r=g","contentUrl":"https:\/\/secure.gravatar.com\/avatar\/e180e5c39bf8c56d773eb854294072b2fec4a0a0f052f70a3cdaf696f943716d?s=96&d=mm&r=g","caption":"admin-z"}}]}},"_links":{"self":[{"href":"https:\/\/www.freundschaft-mit-valjevo.de\/wordpress\/wp-json\/wp\/v2\/posts\/2004","targetHints":{"allow":["GET"]}}],"collection":[{"href":"https:\/\/www.freundschaft-mit-valjevo.de\/wordpress\/wp-json\/wp\/v2\/posts"}],"about":[{"href":"https:\/\/www.freundschaft-mit-valjevo.de\/wordpress\/wp-json\/wp\/v2\/types\/post"}],"author":[{"embeddable":true,"href":"https:\/\/www.freundschaft-mit-valjevo.de\/wordpress\/wp-json\/wp\/v2\/users\/2"}],"replies":[{"embeddable":true,"href":"https:\/\/www.freundschaft-mit-valjevo.de\/wordpress\/wp-json\/wp\/v2\/comments?post=2004"}],"version-history":[{"count":1,"href":"https:\/\/www.freundschaft-mit-valjevo.de\/wordpress\/wp-json\/wp\/v2\/posts\/2004\/revisions"}],"predecessor-version":[{"id":2005,"href":"https:\/\/www.freundschaft-mit-valjevo.de\/wordpress\/wp-json\/wp\/v2\/posts\/2004\/revisions\/2005"}],"wp:attachment":[{"href":"https:\/\/www.freundschaft-mit-valjevo.de\/wordpress\/wp-json\/wp\/v2\/media?parent=2004"}],"wp:term":[{"taxonomy":"category","embeddable":true,"href":"https:\/\/www.freundschaft-mit-valjevo.de\/wordpress\/wp-json\/wp\/v2\/categories?post=2004"},{"taxonomy":"post_tag","embeddable":true,"href":"https:\/\/www.freundschaft-mit-valjevo.de\/wordpress\/wp-json\/wp\/v2\/tags?post=2004"}],"curies":[{"name":"wp","href":"https:\/\/api.w.org\/{rel}","templated":true}]}}