{"id":2023,"date":"2022-04-26T14:57:23","date_gmt":"2022-04-26T14:57:23","guid":{"rendered":"http:\/\/www.freundschaft-mit-valjevo.de\/wordpress\/?p=2023"},"modified":"2022-04-26T14:57:26","modified_gmt":"2022-04-26T14:57:26","slug":"wohin-steuert-unser-land","status":"publish","type":"post","link":"https:\/\/www.freundschaft-mit-valjevo.de\/wordpress\/wohin-steuert-unser-land\/","title":{"rendered":"WOHIN STEUERT UNSER LAND?"},"content":{"rendered":"\n<p>Vortrag und Diskussion mit<strong>\u00a0Albrecht M\u00fcller<\/strong>,\u00a0<strong>Herausgeber der NachDenkSeiten<\/strong><br>Samstag, 30. April, 19 Uhr\u00a030<br>&#8222;Zentrum f\u00fcr Berufs- und Familienf\u00f6rderung&#8220;<br>Rotkreustr. 2, Pfaffenhofen\u00a0<br><br>Auf den Einmarsch russischer Truppen im Osten und S\u00fcden der Ukraine hat die Bundesregierung mit einem gewaltigen Aufr\u00fcstungsprogramm reagiert. Die Milit\u00e4rausgaben werden, wie von den USA seit Jahren gefordert, auf 2% des Bruttoinlandsproduktes erh\u00f6ht, der Bundeswehr zus\u00e4tzlich 100 Milliarden unter dem Namen &#8222;Sonderverm\u00f6gen&#8220; zur Verf\u00fcgung gestellt. Gleichzeitig wurde die wirtschaftliche Zusammenarbeit mit Russland weitgehend beendet. Russische Konten in USA und EU\u00a0 wurden &#8222;eingefroren&#8220;, Nordstream 2 gestoppt und \u00fcber einen v\u00f6lligen Importstopp f\u00fcr russisches Gas, \u00d6l und Kohle wird ernsthaft diskutiert. Die USA k\u00f6nnen zufrieden sein!<br><\/p>\n\n\n\n<p>Welche Folgen werden diese Ma\u00dfnahmen f\u00fcr unser Land, unsere Wirtschaft, unsere energieintensive und exportorientierte Industrie, f\u00fcr uns B\u00fcrger haben? Sind die Sanktionen und die Waffenlieferungen in das Kriegsgebiet tats\u00e4chlich dazu geeignet, Friedensverhandlungen zu f\u00f6rdern oder wird mit ihnen nur noch zus\u00e4tzliches \u00d6l ins Feuer gesch\u00fcttet? Mit den Waffenlieferungen an die Ukraine ist Deutschland Kriegspartei. Welche Auswirkungen sind f\u00fcr das gesellschaftliche Klima in unserem Lande zu bef\u00fcrchten? &nbsp;&nbsp;<br><\/p>\n\n\n\n<p><strong>Albrecht M\u00fcller<\/strong>&nbsp;hat Volkswirtschaft und Soziologie studiert. F\u00fcr Willy Brandt und Helmut Schmidt hat er von 1973-1982 die Planungsabteilung des Bundeskanzleramtes geleitet. F\u00fcr beide Kanzler war die Verst\u00e4ndigung mit Russland ein wichtiges Anliegen. Heute kommentiert Albrecht M\u00fcller als Herausgeber der vielgelesenen NachDenkSeiten tagt\u00e4glich die politische Entwicklung unseres Landes. F\u00fcr seinen Vortrag, die anschlie\u00dfende Diskussion und zur Beantwortung der Fragen aus dem Publikum ist uns Albrecht M\u00fcller per Internet zugeschaltet. &nbsp;&nbsp;<\/p>\n","protected":false},"excerpt":{"rendered":"<p>Vortrag und Diskussion mit\u00a0Albrecht M\u00fcller,\u00a0Herausgeber der NachDenkSeitenSamstag, 30. April, 19 Uhr\u00a030&#8222;Zentrum f\u00fcr Berufs- und Familienf\u00f6rderung&#8220;Rotkreustr. 2, Pfaffenhofen\u00a0 Auf den Einmarsch russischer Truppen im Osten und&#8230;<\/p>\n<div class=\"more-link-wrapper\"><a class=\"more-link\" href=\"https:\/\/www.freundschaft-mit-valjevo.de\/wordpress\/wohin-steuert-unser-land\/\">Weiterlesen<span class=\"screen-reader-text\">WOHIN STEUERT UNSER LAND?<\/span><\/a><\/div>\n","protected":false},"author":2,"featured_media":1816,"comment_status":"closed","ping_status":"closed","sticky":false,"template":"","format":"standard","meta":{"footnotes":""},"categories":[1],"tags":[],"class_list":["post-2023","post","type-post","status-publish","format-standard","has-post-thumbnail","hentry","category-allgemein","entry"],"yoast_head":"<!-- This site is optimized with the Yoast SEO plugin v27.4 - https:\/\/yoast.com\/product\/yoast-seo-wordpress\/ -->\n<title>WOHIN STEUERT UNSER LAND? - Freundschaft mit Valjevo e.V.<\/title>\n<meta name=\"robots\" content=\"index, follow, max-snippet:-1, max-image-preview:large, max-video-preview:-1\" \/>\n<link rel=\"canonical\" href=\"https:\/\/www.freundschaft-mit-valjevo.de\/wordpress\/wohin-steuert-unser-land\/\" \/>\n<meta property=\"og:locale\" content=\"de_DE\" \/>\n<meta property=\"og:type\" content=\"article\" \/>\n<meta property=\"og:title\" content=\"WOHIN STEUERT UNSER LAND? - Freundschaft mit Valjevo e.V.\" \/>\n<meta property=\"og:description\" content=\"Vortrag und Diskussion mit\u00a0Albrecht M\u00fcller,\u00a0Herausgeber der NachDenkSeitenSamstag, 30. April, 19 Uhr\u00a030&#8222;Zentrum f\u00fcr Berufs- und Familienf\u00f6rderung&#8220;Rotkreustr. 2, Pfaffenhofen\u00a0 Auf den Einmarsch russischer Truppen im Osten und&#8230;\" \/>\n<meta property=\"og:url\" content=\"https:\/\/www.freundschaft-mit-valjevo.de\/wordpress\/wohin-steuert-unser-land\/\" \/>\n<meta property=\"og:site_name\" content=\"Freundschaft mit Valjevo e.V.\" \/>\n<meta property=\"article:published_time\" content=\"2022-04-26T14:57:23+00:00\" \/>\n<meta property=\"article:modified_time\" content=\"2022-04-26T14:57:26+00:00\" \/>\n<meta property=\"og:image\" content=\"https:\/\/www.freundschaft-mit-valjevo.de\/wordpress\/wp-content\/uploads\/2020\/02\/Albrecht-M\u00fcller-091112_LJ_PHT02-2.jpg\" \/>\n\t<meta property=\"og:image:width\" content=\"765\" \/>\n\t<meta property=\"og:image:height\" content=\"1013\" \/>\n\t<meta property=\"og:image:type\" content=\"image\/jpeg\" \/>\n<meta name=\"author\" content=\"admin-z\" \/>\n<meta name=\"twitter:card\" content=\"summary_large_image\" \/>\n<meta name=\"twitter:label1\" content=\"Verfasst von\" \/>\n\t<meta name=\"twitter:data1\" content=\"admin-z\" \/>\n\t<meta name=\"twitter:label2\" content=\"Gesch\u00e4tzte Lesezeit\" \/>\n\t<meta name=\"twitter:data2\" content=\"1\u00a0Minute\" \/>\n<script type=\"application\/ld+json\" class=\"yoast-schema-graph\">{\"@context\":\"https:\\\/\\\/schema.org\",\"@graph\":[{\"@type\":\"Article\",\"@id\":\"https:\\\/\\\/www.freundschaft-mit-valjevo.de\\\/wordpress\\\/wohin-steuert-unser-land\\\/#article\",\"isPartOf\":{\"@id\":\"https:\\\/\\\/www.freundschaft-mit-valjevo.de\\\/wordpress\\\/wohin-steuert-unser-land\\\/\"},\"author\":{\"name\":\"admin-z\",\"@id\":\"https:\\\/\\\/www.freundschaft-mit-valjevo.de\\\/wordpress\\\/#\\\/schema\\\/person\\\/4fbd0cc7a0227a72529b76aeed6571e4\"},\"headline\":\"WOHIN STEUERT UNSER LAND?\",\"datePublished\":\"2022-04-26T14:57:23+00:00\",\"dateModified\":\"2022-04-26T14:57:26+00:00\",\"mainEntityOfPage\":{\"@id\":\"https:\\\/\\\/www.freundschaft-mit-valjevo.de\\\/wordpress\\\/wohin-steuert-unser-land\\\/\"},\"wordCount\":277,\"image\":{\"@id\":\"https:\\\/\\\/www.freundschaft-mit-valjevo.de\\\/wordpress\\\/wohin-steuert-unser-land\\\/#primaryimage\"},\"thumbnailUrl\":\"https:\\\/\\\/www.freundschaft-mit-valjevo.de\\\/wordpress\\\/wp-content\\\/uploads\\\/2020\\\/02\\\/Albrecht-M\u00fcller-091112_LJ_PHT02-2.jpg\",\"inLanguage\":\"de\"},{\"@type\":\"WebPage\",\"@id\":\"https:\\\/\\\/www.freundschaft-mit-valjevo.de\\\/wordpress\\\/wohin-steuert-unser-land\\\/\",\"url\":\"https:\\\/\\\/www.freundschaft-mit-valjevo.de\\\/wordpress\\\/wohin-steuert-unser-land\\\/\",\"name\":\"WOHIN STEUERT UNSER LAND? - Freundschaft mit Valjevo e.V.\",\"isPartOf\":{\"@id\":\"https:\\\/\\\/www.freundschaft-mit-valjevo.de\\\/wordpress\\\/#website\"},\"primaryImageOfPage\":{\"@id\":\"https:\\\/\\\/www.freundschaft-mit-valjevo.de\\\/wordpress\\\/wohin-steuert-unser-land\\\/#primaryimage\"},\"image\":{\"@id\":\"https:\\\/\\\/www.freundschaft-mit-valjevo.de\\\/wordpress\\\/wohin-steuert-unser-land\\\/#primaryimage\"},\"thumbnailUrl\":\"https:\\\/\\\/www.freundschaft-mit-valjevo.de\\\/wordpress\\\/wp-content\\\/uploads\\\/2020\\\/02\\\/Albrecht-M\u00fcller-091112_LJ_PHT02-2.jpg\",\"datePublished\":\"2022-04-26T14:57:23+00:00\",\"dateModified\":\"2022-04-26T14:57:26+00:00\",\"author\":{\"@id\":\"https:\\\/\\\/www.freundschaft-mit-valjevo.de\\\/wordpress\\\/#\\\/schema\\\/person\\\/4fbd0cc7a0227a72529b76aeed6571e4\"},\"breadcrumb\":{\"@id\":\"https:\\\/\\\/www.freundschaft-mit-valjevo.de\\\/wordpress\\\/wohin-steuert-unser-land\\\/#breadcrumb\"},\"inLanguage\":\"de\",\"potentialAction\":[{\"@type\":\"ReadAction\",\"target\":[\"https:\\\/\\\/www.freundschaft-mit-valjevo.de\\\/wordpress\\\/wohin-steuert-unser-land\\\/\"]}]},{\"@type\":\"ImageObject\",\"inLanguage\":\"de\",\"@id\":\"https:\\\/\\\/www.freundschaft-mit-valjevo.de\\\/wordpress\\\/wohin-steuert-unser-land\\\/#primaryimage\",\"url\":\"https:\\\/\\\/www.freundschaft-mit-valjevo.de\\\/wordpress\\\/wp-content\\\/uploads\\\/2020\\\/02\\\/Albrecht-M\u00fcller-091112_LJ_PHT02-2.jpg\",\"contentUrl\":\"https:\\\/\\\/www.freundschaft-mit-valjevo.de\\\/wordpress\\\/wp-content\\\/uploads\\\/2020\\\/02\\\/Albrecht-M\u00fcller-091112_LJ_PHT02-2.jpg\",\"width\":765,\"height\":1013,\"caption\":\"Albrecht M\u00fcller\"},{\"@type\":\"BreadcrumbList\",\"@id\":\"https:\\\/\\\/www.freundschaft-mit-valjevo.de\\\/wordpress\\\/wohin-steuert-unser-land\\\/#breadcrumb\",\"itemListElement\":[{\"@type\":\"ListItem\",\"position\":1,\"name\":\"Startseite\",\"item\":\"https:\\\/\\\/www.freundschaft-mit-valjevo.de\\\/wordpress\\\/\"},{\"@type\":\"ListItem\",\"position\":2,\"name\":\"WOHIN STEUERT UNSER LAND?\"}]},{\"@type\":\"WebSite\",\"@id\":\"https:\\\/\\\/www.freundschaft-mit-valjevo.de\\\/wordpress\\\/#website\",\"url\":\"https:\\\/\\\/www.freundschaft-mit-valjevo.de\\\/wordpress\\\/\",\"name\":\"Freundschaft mit Valjevo e.V.\",\"description\":\"F\u00fcr Frieden, Freundschaft und V\u00f6lkerverst\u00e4ndigung\",\"potentialAction\":[{\"@type\":\"SearchAction\",\"target\":{\"@type\":\"EntryPoint\",\"urlTemplate\":\"https:\\\/\\\/www.freundschaft-mit-valjevo.de\\\/wordpress\\\/?s={search_term_string}\"},\"query-input\":{\"@type\":\"PropertyValueSpecification\",\"valueRequired\":true,\"valueName\":\"search_term_string\"}}],\"inLanguage\":\"de\"},{\"@type\":\"Person\",\"@id\":\"https:\\\/\\\/www.freundschaft-mit-valjevo.de\\\/wordpress\\\/#\\\/schema\\\/person\\\/4fbd0cc7a0227a72529b76aeed6571e4\",\"name\":\"admin-z\",\"image\":{\"@type\":\"ImageObject\",\"inLanguage\":\"de\",\"@id\":\"https:\\\/\\\/secure.gravatar.com\\\/avatar\\\/e180e5c39bf8c56d773eb854294072b2fec4a0a0f052f70a3cdaf696f943716d?s=96&d=mm&r=g\",\"url\":\"https:\\\/\\\/secure.gravatar.com\\\/avatar\\\/e180e5c39bf8c56d773eb854294072b2fec4a0a0f052f70a3cdaf696f943716d?s=96&d=mm&r=g\",\"contentUrl\":\"https:\\\/\\\/secure.gravatar.com\\\/avatar\\\/e180e5c39bf8c56d773eb854294072b2fec4a0a0f052f70a3cdaf696f943716d?s=96&d=mm&r=g\",\"caption\":\"admin-z\"}}]}<\/script>\n<!-- \/ Yoast SEO plugin. -->","yoast_head_json":{"title":"WOHIN STEUERT UNSER LAND? - Freundschaft mit Valjevo e.V.","robots":{"index":"index","follow":"follow","max-snippet":"max-snippet:-1","max-image-preview":"max-image-preview:large","max-video-preview":"max-video-preview:-1"},"canonical":"https:\/\/www.freundschaft-mit-valjevo.de\/wordpress\/wohin-steuert-unser-land\/","og_locale":"de_DE","og_type":"article","og_title":"WOHIN STEUERT UNSER LAND? - Freundschaft mit Valjevo e.V.","og_description":"Vortrag und Diskussion mit\u00a0Albrecht M\u00fcller,\u00a0Herausgeber der NachDenkSeitenSamstag, 30. April, 19 Uhr\u00a030&#8222;Zentrum f\u00fcr Berufs- und Familienf\u00f6rderung&#8220;Rotkreustr. 2, Pfaffenhofen\u00a0 Auf den Einmarsch russischer Truppen im Osten und&#8230;","og_url":"https:\/\/www.freundschaft-mit-valjevo.de\/wordpress\/wohin-steuert-unser-land\/","og_site_name":"Freundschaft mit Valjevo e.V.","article_published_time":"2022-04-26T14:57:23+00:00","article_modified_time":"2022-04-26T14:57:26+00:00","og_image":[{"width":765,"height":1013,"url":"https:\/\/www.freundschaft-mit-valjevo.de\/wordpress\/wp-content\/uploads\/2020\/02\/Albrecht-M\u00fcller-091112_LJ_PHT02-2.jpg","type":"image\/jpeg"}],"author":"admin-z","twitter_card":"summary_large_image","twitter_misc":{"Verfasst von":"admin-z","Gesch\u00e4tzte Lesezeit":"1\u00a0Minute"},"schema":{"@context":"https:\/\/schema.org","@graph":[{"@type":"Article","@id":"https:\/\/www.freundschaft-mit-valjevo.de\/wordpress\/wohin-steuert-unser-land\/#article","isPartOf":{"@id":"https:\/\/www.freundschaft-mit-valjevo.de\/wordpress\/wohin-steuert-unser-land\/"},"author":{"name":"admin-z","@id":"https:\/\/www.freundschaft-mit-valjevo.de\/wordpress\/#\/schema\/person\/4fbd0cc7a0227a72529b76aeed6571e4"},"headline":"WOHIN STEUERT UNSER LAND?","datePublished":"2022-04-26T14:57:23+00:00","dateModified":"2022-04-26T14:57:26+00:00","mainEntityOfPage":{"@id":"https:\/\/www.freundschaft-mit-valjevo.de\/wordpress\/wohin-steuert-unser-land\/"},"wordCount":277,"image":{"@id":"https:\/\/www.freundschaft-mit-valjevo.de\/wordpress\/wohin-steuert-unser-land\/#primaryimage"},"thumbnailUrl":"https:\/\/www.freundschaft-mit-valjevo.de\/wordpress\/wp-content\/uploads\/2020\/02\/Albrecht-M\u00fcller-091112_LJ_PHT02-2.jpg","inLanguage":"de"},{"@type":"WebPage","@id":"https:\/\/www.freundschaft-mit-valjevo.de\/wordpress\/wohin-steuert-unser-land\/","url":"https:\/\/www.freundschaft-mit-valjevo.de\/wordpress\/wohin-steuert-unser-land\/","name":"WOHIN STEUERT UNSER LAND? - Freundschaft mit Valjevo e.V.","isPartOf":{"@id":"https:\/\/www.freundschaft-mit-valjevo.de\/wordpress\/#website"},"primaryImageOfPage":{"@id":"https:\/\/www.freundschaft-mit-valjevo.de\/wordpress\/wohin-steuert-unser-land\/#primaryimage"},"image":{"@id":"https:\/\/www.freundschaft-mit-valjevo.de\/wordpress\/wohin-steuert-unser-land\/#primaryimage"},"thumbnailUrl":"https:\/\/www.freundschaft-mit-valjevo.de\/wordpress\/wp-content\/uploads\/2020\/02\/Albrecht-M\u00fcller-091112_LJ_PHT02-2.jpg","datePublished":"2022-04-26T14:57:23+00:00","dateModified":"2022-04-26T14:57:26+00:00","author":{"@id":"https:\/\/www.freundschaft-mit-valjevo.de\/wordpress\/#\/schema\/person\/4fbd0cc7a0227a72529b76aeed6571e4"},"breadcrumb":{"@id":"https:\/\/www.freundschaft-mit-valjevo.de\/wordpress\/wohin-steuert-unser-land\/#breadcrumb"},"inLanguage":"de","potentialAction":[{"@type":"ReadAction","target":["https:\/\/www.freundschaft-mit-valjevo.de\/wordpress\/wohin-steuert-unser-land\/"]}]},{"@type":"ImageObject","inLanguage":"de","@id":"https:\/\/www.freundschaft-mit-valjevo.de\/wordpress\/wohin-steuert-unser-land\/#primaryimage","url":"https:\/\/www.freundschaft-mit-valjevo.de\/wordpress\/wp-content\/uploads\/2020\/02\/Albrecht-M\u00fcller-091112_LJ_PHT02-2.jpg","contentUrl":"https:\/\/www.freundschaft-mit-valjevo.de\/wordpress\/wp-content\/uploads\/2020\/02\/Albrecht-M\u00fcller-091112_LJ_PHT02-2.jpg","width":765,"height":1013,"caption":"Albrecht M\u00fcller"},{"@type":"BreadcrumbList","@id":"https:\/\/www.freundschaft-mit-valjevo.de\/wordpress\/wohin-steuert-unser-land\/#breadcrumb","itemListElement":[{"@type":"ListItem","position":1,"name":"Startseite","item":"https:\/\/www.freundschaft-mit-valjevo.de\/wordpress\/"},{"@type":"ListItem","position":2,"name":"WOHIN STEUERT UNSER LAND?"}]},{"@type":"WebSite","@id":"https:\/\/www.freundschaft-mit-valjevo.de\/wordpress\/#website","url":"https:\/\/www.freundschaft-mit-valjevo.de\/wordpress\/","name":"Freundschaft mit Valjevo e.V.","description":"F\u00fcr Frieden, Freundschaft und V\u00f6lkerverst\u00e4ndigung","potentialAction":[{"@type":"SearchAction","target":{"@type":"EntryPoint","urlTemplate":"https:\/\/www.freundschaft-mit-valjevo.de\/wordpress\/?s={search_term_string}"},"query-input":{"@type":"PropertyValueSpecification","valueRequired":true,"valueName":"search_term_string"}}],"inLanguage":"de"},{"@type":"Person","@id":"https:\/\/www.freundschaft-mit-valjevo.de\/wordpress\/#\/schema\/person\/4fbd0cc7a0227a72529b76aeed6571e4","name":"admin-z","image":{"@type":"ImageObject","inLanguage":"de","@id":"https:\/\/secure.gravatar.com\/avatar\/e180e5c39bf8c56d773eb854294072b2fec4a0a0f052f70a3cdaf696f943716d?s=96&d=mm&r=g","url":"https:\/\/secure.gravatar.com\/avatar\/e180e5c39bf8c56d773eb854294072b2fec4a0a0f052f70a3cdaf696f943716d?s=96&d=mm&r=g","contentUrl":"https:\/\/secure.gravatar.com\/avatar\/e180e5c39bf8c56d773eb854294072b2fec4a0a0f052f70a3cdaf696f943716d?s=96&d=mm&r=g","caption":"admin-z"}}]}},"_links":{"self":[{"href":"https:\/\/www.freundschaft-mit-valjevo.de\/wordpress\/wp-json\/wp\/v2\/posts\/2023","targetHints":{"allow":["GET"]}}],"collection":[{"href":"https:\/\/www.freundschaft-mit-valjevo.de\/wordpress\/wp-json\/wp\/v2\/posts"}],"about":[{"href":"https:\/\/www.freundschaft-mit-valjevo.de\/wordpress\/wp-json\/wp\/v2\/types\/post"}],"author":[{"embeddable":true,"href":"https:\/\/www.freundschaft-mit-valjevo.de\/wordpress\/wp-json\/wp\/v2\/users\/2"}],"replies":[{"embeddable":true,"href":"https:\/\/www.freundschaft-mit-valjevo.de\/wordpress\/wp-json\/wp\/v2\/comments?post=2023"}],"version-history":[{"count":1,"href":"https:\/\/www.freundschaft-mit-valjevo.de\/wordpress\/wp-json\/wp\/v2\/posts\/2023\/revisions"}],"predecessor-version":[{"id":2024,"href":"https:\/\/www.freundschaft-mit-valjevo.de\/wordpress\/wp-json\/wp\/v2\/posts\/2023\/revisions\/2024"}],"wp:featuredmedia":[{"embeddable":true,"href":"https:\/\/www.freundschaft-mit-valjevo.de\/wordpress\/wp-json\/wp\/v2\/media\/1816"}],"wp:attachment":[{"href":"https:\/\/www.freundschaft-mit-valjevo.de\/wordpress\/wp-json\/wp\/v2\/media?parent=2023"}],"wp:term":[{"taxonomy":"category","embeddable":true,"href":"https:\/\/www.freundschaft-mit-valjevo.de\/wordpress\/wp-json\/wp\/v2\/categories?post=2023"},{"taxonomy":"post_tag","embeddable":true,"href":"https:\/\/www.freundschaft-mit-valjevo.de\/wordpress\/wp-json\/wp\/v2\/tags?post=2023"}],"curies":[{"name":"wp","href":"https:\/\/api.w.org\/{rel}","templated":true}]}}