{"id":2030,"date":"2022-06-18T10:40:42","date_gmt":"2022-06-18T10:40:42","guid":{"rendered":"http:\/\/www.freundschaft-mit-valjevo.de\/wordpress\/?p=2030"},"modified":"2022-06-18T10:49:13","modified_gmt":"2022-06-18T10:49:13","slug":"mit-waffenlieferungen-zum-frieden-in-der-ukraine","status":"publish","type":"post","link":"https:\/\/www.freundschaft-mit-valjevo.de\/wordpress\/mit-waffenlieferungen-zum-frieden-in-der-ukraine\/","title":{"rendered":"Mit Waffenlieferungen zum Frieden in der Ukraine?"},"content":{"rendered":"\n<p><strong>Vortrag mit anschlie\u00dfender Diskussion mit<\/strong><br><strong>Jacques Baud<\/strong><br>Oberst a.D. beim Generalstab der Schweizer Armee<br><\/p>\n\n\n\n<p>Donnerstag, 30. Juni, 20 Uhr<br><strong>\u201eZentrum f\u00fcr Berufs- und Familienf\u00f6rderung\u201c<\/strong><br><strong>Rotkreuzstra\u00dfe 2, 86276 Pfaffenhofen<\/strong><br><\/p>\n\n\n\n<p>Auf dem R\u00fccken der ukrainischen Bev\u00f6lkerung findet seit einigen Monaten ein \u00e4u\u00dferst blutiger Stellvertreterkrieg zwischen den Gro\u00dfm\u00e4chten statt. Was sind die Hintergr\u00fcnde? Wie konnte es zu diesem Krieg kommen? Was war vorher in der Ukraine geschehen? W\u00e4re dieser Krieg vermeidbar gewesen? Sind Waffenlieferungen an die Ukraine und Sanktionen gegen Russland ein Mittel, um Frieden zu erreichen oder wird mit ihnen nur weiteres \u00d6l ins Feuer gegossen?<\/p>\n\n\n\n<figure class=\"wp-block-image\"><img loading=\"lazy\" decoding=\"async\" width=\"700\" height=\"933\" src=\"https:\/\/www.freundschaft-mit-valjevo.de\/wordpress\/wp-content\/uploads\/2022\/06\/2E6781CA-FD5C-4141-96AF-8A7B6C638D04-700x933.jpeg\" alt=\"\" class=\"wp-image-2033\" srcset=\"https:\/\/www.freundschaft-mit-valjevo.de\/wordpress\/wp-content\/uploads\/2022\/06\/2E6781CA-FD5C-4141-96AF-8A7B6C638D04-700x933.jpeg 700w, https:\/\/www.freundschaft-mit-valjevo.de\/wordpress\/wp-content\/uploads\/2022\/06\/2E6781CA-FD5C-4141-96AF-8A7B6C638D04-225x300.jpeg 225w, https:\/\/www.freundschaft-mit-valjevo.de\/wordpress\/wp-content\/uploads\/2022\/06\/2E6781CA-FD5C-4141-96AF-8A7B6C638D04-768x1024.jpeg 768w, https:\/\/www.freundschaft-mit-valjevo.de\/wordpress\/wp-content\/uploads\/2022\/06\/2E6781CA-FD5C-4141-96AF-8A7B6C638D04.jpeg 1920w\" sizes=\"auto, (max-width: 700px) 100vw, 700px\" \/><figcaption>Jacques Baud<\/figcaption><\/figure>\n\n\n\n<p>Unser Referent:<br>Jacques Baud war Mitglied des strategischen Nachrichtendienstes der Schweiz. Er arbeitete als Leiter f\u00fcr die Friedensoperationen der Vereinten Nationen und Afrikanische Union. Baud war f\u00fcnf Jahre lang bei der NATO f\u00fcr den Kampf gegen die Verbreitung von Kleinwaffen zust\u00e4ndig. Kurz nach dem Zusammenbruch der UdSSR war er an Gespr\u00e4chen mit h\u00f6chsten russischen Milit\u00e4rs und Geheimdienstmitarbeitern beteiligt. Bei der NATO verfolgte Baud die Ukraine-Krise 2014 und beteiligte sich an Programmen zur Unterst\u00fctzung der Ukraine.&nbsp;<\/p>\n\n\n\n<p>Baud ist Autor mehrerer B\u00fccher \u00fcber Geheimdienste, Krieg und Terrorismus.&nbsp;<\/p>\n\n\n\n<p>Sein aktuelles Buch \u201ePoutine, ma\u00eetre du jeu?\u201c besch\u00e4ftigt sich mit der russischen Politik und der Ukraine. In der Schweizer Zeitung \u201eZeitgeschehen im Fokus\u201c hat Baud eine Reihe h\u00f6chstinformativer Artikel zum Krieg in der Ukraine ver\u00f6ffentlicht.&nbsp;<br><\/p>\n","protected":false},"excerpt":{"rendered":"<p>Vortrag mit anschlie\u00dfender Diskussion mitJacques BaudOberst a.D. beim Generalstab der Schweizer Armee Donnerstag, 30. Juni, 20 Uhr\u201eZentrum f\u00fcr Berufs- und Familienf\u00f6rderung\u201cRotkreuzstra\u00dfe 2, 86276 Pfaffenhofen Auf&#8230;<\/p>\n<div class=\"more-link-wrapper\"><a class=\"more-link\" href=\"https:\/\/www.freundschaft-mit-valjevo.de\/wordpress\/mit-waffenlieferungen-zum-frieden-in-der-ukraine\/\">Weiterlesen<span class=\"screen-reader-text\">Mit Waffenlieferungen zum Frieden in der Ukraine?<\/span><\/a><\/div>\n","protected":false},"author":2,"featured_media":2035,"comment_status":"closed","ping_status":"closed","sticky":false,"template":"","format":"standard","meta":{"footnotes":""},"categories":[1],"tags":[],"class_list":["post-2030","post","type-post","status-publish","format-standard","has-post-thumbnail","hentry","category-allgemein","entry"],"yoast_head":"<!-- This site is optimized with the Yoast SEO plugin v27.4 - https:\/\/yoast.com\/product\/yoast-seo-wordpress\/ -->\n<title>Mit Waffenlieferungen zum Frieden in der Ukraine? - Freundschaft mit Valjevo e.V.<\/title>\n<meta name=\"robots\" content=\"index, follow, max-snippet:-1, max-image-preview:large, max-video-preview:-1\" \/>\n<link rel=\"canonical\" href=\"https:\/\/www.freundschaft-mit-valjevo.de\/wordpress\/mit-waffenlieferungen-zum-frieden-in-der-ukraine\/\" \/>\n<meta property=\"og:locale\" content=\"de_DE\" \/>\n<meta property=\"og:type\" content=\"article\" \/>\n<meta property=\"og:title\" content=\"Mit Waffenlieferungen zum Frieden in der Ukraine? - Freundschaft mit Valjevo e.V.\" \/>\n<meta property=\"og:description\" content=\"Vortrag mit anschlie\u00dfender Diskussion mitJacques BaudOberst a.D. beim Generalstab der Schweizer Armee Donnerstag, 30. Juni, 20 Uhr\u201eZentrum f\u00fcr Berufs- und Familienf\u00f6rderung\u201cRotkreuzstra\u00dfe 2, 86276 Pfaffenhofen Auf&#8230;\" \/>\n<meta property=\"og:url\" content=\"https:\/\/www.freundschaft-mit-valjevo.de\/wordpress\/mit-waffenlieferungen-zum-frieden-in-der-ukraine\/\" \/>\n<meta property=\"og:site_name\" content=\"Freundschaft mit Valjevo e.V.\" \/>\n<meta property=\"article:published_time\" content=\"2022-06-18T10:40:42+00:00\" \/>\n<meta property=\"article:modified_time\" content=\"2022-06-18T10:49:13+00:00\" \/>\n<meta property=\"og:image\" content=\"https:\/\/www.freundschaft-mit-valjevo.de\/wordpress\/wp-content\/uploads\/2022\/06\/explosion-67557_1280.jpg\" \/>\n\t<meta property=\"og:image:width\" content=\"1280\" \/>\n\t<meta property=\"og:image:height\" content=\"671\" \/>\n\t<meta property=\"og:image:type\" content=\"image\/jpeg\" \/>\n<meta name=\"author\" content=\"admin-z\" \/>\n<meta name=\"twitter:card\" content=\"summary_large_image\" \/>\n<meta name=\"twitter:label1\" content=\"Verfasst von\" \/>\n\t<meta name=\"twitter:data1\" content=\"admin-z\" \/>\n\t<meta name=\"twitter:label2\" content=\"Gesch\u00e4tzte Lesezeit\" \/>\n\t<meta name=\"twitter:data2\" content=\"1\u00a0Minute\" \/>\n<script type=\"application\/ld+json\" class=\"yoast-schema-graph\">{\"@context\":\"https:\\\/\\\/schema.org\",\"@graph\":[{\"@type\":\"Article\",\"@id\":\"https:\\\/\\\/www.freundschaft-mit-valjevo.de\\\/wordpress\\\/mit-waffenlieferungen-zum-frieden-in-der-ukraine\\\/#article\",\"isPartOf\":{\"@id\":\"https:\\\/\\\/www.freundschaft-mit-valjevo.de\\\/wordpress\\\/mit-waffenlieferungen-zum-frieden-in-der-ukraine\\\/\"},\"author\":{\"name\":\"admin-z\",\"@id\":\"https:\\\/\\\/www.freundschaft-mit-valjevo.de\\\/wordpress\\\/#\\\/schema\\\/person\\\/4fbd0cc7a0227a72529b76aeed6571e4\"},\"headline\":\"Mit Waffenlieferungen zum Frieden in der Ukraine?\",\"datePublished\":\"2022-06-18T10:40:42+00:00\",\"dateModified\":\"2022-06-18T10:49:13+00:00\",\"mainEntityOfPage\":{\"@id\":\"https:\\\/\\\/www.freundschaft-mit-valjevo.de\\\/wordpress\\\/mit-waffenlieferungen-zum-frieden-in-der-ukraine\\\/\"},\"wordCount\":246,\"image\":{\"@id\":\"https:\\\/\\\/www.freundschaft-mit-valjevo.de\\\/wordpress\\\/mit-waffenlieferungen-zum-frieden-in-der-ukraine\\\/#primaryimage\"},\"thumbnailUrl\":\"https:\\\/\\\/www.freundschaft-mit-valjevo.de\\\/wordpress\\\/wp-content\\\/uploads\\\/2022\\\/06\\\/explosion-67557_1280.jpg\",\"inLanguage\":\"de\"},{\"@type\":\"WebPage\",\"@id\":\"https:\\\/\\\/www.freundschaft-mit-valjevo.de\\\/wordpress\\\/mit-waffenlieferungen-zum-frieden-in-der-ukraine\\\/\",\"url\":\"https:\\\/\\\/www.freundschaft-mit-valjevo.de\\\/wordpress\\\/mit-waffenlieferungen-zum-frieden-in-der-ukraine\\\/\",\"name\":\"Mit Waffenlieferungen zum Frieden in der Ukraine? - Freundschaft mit Valjevo e.V.\",\"isPartOf\":{\"@id\":\"https:\\\/\\\/www.freundschaft-mit-valjevo.de\\\/wordpress\\\/#website\"},\"primaryImageOfPage\":{\"@id\":\"https:\\\/\\\/www.freundschaft-mit-valjevo.de\\\/wordpress\\\/mit-waffenlieferungen-zum-frieden-in-der-ukraine\\\/#primaryimage\"},\"image\":{\"@id\":\"https:\\\/\\\/www.freundschaft-mit-valjevo.de\\\/wordpress\\\/mit-waffenlieferungen-zum-frieden-in-der-ukraine\\\/#primaryimage\"},\"thumbnailUrl\":\"https:\\\/\\\/www.freundschaft-mit-valjevo.de\\\/wordpress\\\/wp-content\\\/uploads\\\/2022\\\/06\\\/explosion-67557_1280.jpg\",\"datePublished\":\"2022-06-18T10:40:42+00:00\",\"dateModified\":\"2022-06-18T10:49:13+00:00\",\"author\":{\"@id\":\"https:\\\/\\\/www.freundschaft-mit-valjevo.de\\\/wordpress\\\/#\\\/schema\\\/person\\\/4fbd0cc7a0227a72529b76aeed6571e4\"},\"breadcrumb\":{\"@id\":\"https:\\\/\\\/www.freundschaft-mit-valjevo.de\\\/wordpress\\\/mit-waffenlieferungen-zum-frieden-in-der-ukraine\\\/#breadcrumb\"},\"inLanguage\":\"de\",\"potentialAction\":[{\"@type\":\"ReadAction\",\"target\":[\"https:\\\/\\\/www.freundschaft-mit-valjevo.de\\\/wordpress\\\/mit-waffenlieferungen-zum-frieden-in-der-ukraine\\\/\"]}]},{\"@type\":\"ImageObject\",\"inLanguage\":\"de\",\"@id\":\"https:\\\/\\\/www.freundschaft-mit-valjevo.de\\\/wordpress\\\/mit-waffenlieferungen-zum-frieden-in-der-ukraine\\\/#primaryimage\",\"url\":\"https:\\\/\\\/www.freundschaft-mit-valjevo.de\\\/wordpress\\\/wp-content\\\/uploads\\\/2022\\\/06\\\/explosion-67557_1280.jpg\",\"contentUrl\":\"https:\\\/\\\/www.freundschaft-mit-valjevo.de\\\/wordpress\\\/wp-content\\\/uploads\\\/2022\\\/06\\\/explosion-67557_1280.jpg\",\"width\":1280,\"height\":671},{\"@type\":\"BreadcrumbList\",\"@id\":\"https:\\\/\\\/www.freundschaft-mit-valjevo.de\\\/wordpress\\\/mit-waffenlieferungen-zum-frieden-in-der-ukraine\\\/#breadcrumb\",\"itemListElement\":[{\"@type\":\"ListItem\",\"position\":1,\"name\":\"Startseite\",\"item\":\"https:\\\/\\\/www.freundschaft-mit-valjevo.de\\\/wordpress\\\/\"},{\"@type\":\"ListItem\",\"position\":2,\"name\":\"Mit Waffenlieferungen zum Frieden in der Ukraine?\"}]},{\"@type\":\"WebSite\",\"@id\":\"https:\\\/\\\/www.freundschaft-mit-valjevo.de\\\/wordpress\\\/#website\",\"url\":\"https:\\\/\\\/www.freundschaft-mit-valjevo.de\\\/wordpress\\\/\",\"name\":\"Freundschaft mit Valjevo e.V.\",\"description\":\"F\u00fcr Frieden, Freundschaft und V\u00f6lkerverst\u00e4ndigung\",\"potentialAction\":[{\"@type\":\"SearchAction\",\"target\":{\"@type\":\"EntryPoint\",\"urlTemplate\":\"https:\\\/\\\/www.freundschaft-mit-valjevo.de\\\/wordpress\\\/?s={search_term_string}\"},\"query-input\":{\"@type\":\"PropertyValueSpecification\",\"valueRequired\":true,\"valueName\":\"search_term_string\"}}],\"inLanguage\":\"de\"},{\"@type\":\"Person\",\"@id\":\"https:\\\/\\\/www.freundschaft-mit-valjevo.de\\\/wordpress\\\/#\\\/schema\\\/person\\\/4fbd0cc7a0227a72529b76aeed6571e4\",\"name\":\"admin-z\",\"image\":{\"@type\":\"ImageObject\",\"inLanguage\":\"de\",\"@id\":\"https:\\\/\\\/secure.gravatar.com\\\/avatar\\\/e180e5c39bf8c56d773eb854294072b2fec4a0a0f052f70a3cdaf696f943716d?s=96&d=mm&r=g\",\"url\":\"https:\\\/\\\/secure.gravatar.com\\\/avatar\\\/e180e5c39bf8c56d773eb854294072b2fec4a0a0f052f70a3cdaf696f943716d?s=96&d=mm&r=g\",\"contentUrl\":\"https:\\\/\\\/secure.gravatar.com\\\/avatar\\\/e180e5c39bf8c56d773eb854294072b2fec4a0a0f052f70a3cdaf696f943716d?s=96&d=mm&r=g\",\"caption\":\"admin-z\"}}]}<\/script>\n<!-- \/ Yoast SEO plugin. -->","yoast_head_json":{"title":"Mit Waffenlieferungen zum Frieden in der Ukraine? - Freundschaft mit Valjevo e.V.","robots":{"index":"index","follow":"follow","max-snippet":"max-snippet:-1","max-image-preview":"max-image-preview:large","max-video-preview":"max-video-preview:-1"},"canonical":"https:\/\/www.freundschaft-mit-valjevo.de\/wordpress\/mit-waffenlieferungen-zum-frieden-in-der-ukraine\/","og_locale":"de_DE","og_type":"article","og_title":"Mit Waffenlieferungen zum Frieden in der Ukraine? - Freundschaft mit Valjevo e.V.","og_description":"Vortrag mit anschlie\u00dfender Diskussion mitJacques BaudOberst a.D. beim Generalstab der Schweizer Armee Donnerstag, 30. Juni, 20 Uhr\u201eZentrum f\u00fcr Berufs- und Familienf\u00f6rderung\u201cRotkreuzstra\u00dfe 2, 86276 Pfaffenhofen Auf&#8230;","og_url":"https:\/\/www.freundschaft-mit-valjevo.de\/wordpress\/mit-waffenlieferungen-zum-frieden-in-der-ukraine\/","og_site_name":"Freundschaft mit Valjevo e.V.","article_published_time":"2022-06-18T10:40:42+00:00","article_modified_time":"2022-06-18T10:49:13+00:00","og_image":[{"width":1280,"height":671,"url":"https:\/\/www.freundschaft-mit-valjevo.de\/wordpress\/wp-content\/uploads\/2022\/06\/explosion-67557_1280.jpg","type":"image\/jpeg"}],"author":"admin-z","twitter_card":"summary_large_image","twitter_misc":{"Verfasst von":"admin-z","Gesch\u00e4tzte Lesezeit":"1\u00a0Minute"},"schema":{"@context":"https:\/\/schema.org","@graph":[{"@type":"Article","@id":"https:\/\/www.freundschaft-mit-valjevo.de\/wordpress\/mit-waffenlieferungen-zum-frieden-in-der-ukraine\/#article","isPartOf":{"@id":"https:\/\/www.freundschaft-mit-valjevo.de\/wordpress\/mit-waffenlieferungen-zum-frieden-in-der-ukraine\/"},"author":{"name":"admin-z","@id":"https:\/\/www.freundschaft-mit-valjevo.de\/wordpress\/#\/schema\/person\/4fbd0cc7a0227a72529b76aeed6571e4"},"headline":"Mit Waffenlieferungen zum Frieden in der Ukraine?","datePublished":"2022-06-18T10:40:42+00:00","dateModified":"2022-06-18T10:49:13+00:00","mainEntityOfPage":{"@id":"https:\/\/www.freundschaft-mit-valjevo.de\/wordpress\/mit-waffenlieferungen-zum-frieden-in-der-ukraine\/"},"wordCount":246,"image":{"@id":"https:\/\/www.freundschaft-mit-valjevo.de\/wordpress\/mit-waffenlieferungen-zum-frieden-in-der-ukraine\/#primaryimage"},"thumbnailUrl":"https:\/\/www.freundschaft-mit-valjevo.de\/wordpress\/wp-content\/uploads\/2022\/06\/explosion-67557_1280.jpg","inLanguage":"de"},{"@type":"WebPage","@id":"https:\/\/www.freundschaft-mit-valjevo.de\/wordpress\/mit-waffenlieferungen-zum-frieden-in-der-ukraine\/","url":"https:\/\/www.freundschaft-mit-valjevo.de\/wordpress\/mit-waffenlieferungen-zum-frieden-in-der-ukraine\/","name":"Mit Waffenlieferungen zum Frieden in der Ukraine? - Freundschaft mit Valjevo e.V.","isPartOf":{"@id":"https:\/\/www.freundschaft-mit-valjevo.de\/wordpress\/#website"},"primaryImageOfPage":{"@id":"https:\/\/www.freundschaft-mit-valjevo.de\/wordpress\/mit-waffenlieferungen-zum-frieden-in-der-ukraine\/#primaryimage"},"image":{"@id":"https:\/\/www.freundschaft-mit-valjevo.de\/wordpress\/mit-waffenlieferungen-zum-frieden-in-der-ukraine\/#primaryimage"},"thumbnailUrl":"https:\/\/www.freundschaft-mit-valjevo.de\/wordpress\/wp-content\/uploads\/2022\/06\/explosion-67557_1280.jpg","datePublished":"2022-06-18T10:40:42+00:00","dateModified":"2022-06-18T10:49:13+00:00","author":{"@id":"https:\/\/www.freundschaft-mit-valjevo.de\/wordpress\/#\/schema\/person\/4fbd0cc7a0227a72529b76aeed6571e4"},"breadcrumb":{"@id":"https:\/\/www.freundschaft-mit-valjevo.de\/wordpress\/mit-waffenlieferungen-zum-frieden-in-der-ukraine\/#breadcrumb"},"inLanguage":"de","potentialAction":[{"@type":"ReadAction","target":["https:\/\/www.freundschaft-mit-valjevo.de\/wordpress\/mit-waffenlieferungen-zum-frieden-in-der-ukraine\/"]}]},{"@type":"ImageObject","inLanguage":"de","@id":"https:\/\/www.freundschaft-mit-valjevo.de\/wordpress\/mit-waffenlieferungen-zum-frieden-in-der-ukraine\/#primaryimage","url":"https:\/\/www.freundschaft-mit-valjevo.de\/wordpress\/wp-content\/uploads\/2022\/06\/explosion-67557_1280.jpg","contentUrl":"https:\/\/www.freundschaft-mit-valjevo.de\/wordpress\/wp-content\/uploads\/2022\/06\/explosion-67557_1280.jpg","width":1280,"height":671},{"@type":"BreadcrumbList","@id":"https:\/\/www.freundschaft-mit-valjevo.de\/wordpress\/mit-waffenlieferungen-zum-frieden-in-der-ukraine\/#breadcrumb","itemListElement":[{"@type":"ListItem","position":1,"name":"Startseite","item":"https:\/\/www.freundschaft-mit-valjevo.de\/wordpress\/"},{"@type":"ListItem","position":2,"name":"Mit Waffenlieferungen zum Frieden in der Ukraine?"}]},{"@type":"WebSite","@id":"https:\/\/www.freundschaft-mit-valjevo.de\/wordpress\/#website","url":"https:\/\/www.freundschaft-mit-valjevo.de\/wordpress\/","name":"Freundschaft mit Valjevo e.V.","description":"F\u00fcr Frieden, Freundschaft und V\u00f6lkerverst\u00e4ndigung","potentialAction":[{"@type":"SearchAction","target":{"@type":"EntryPoint","urlTemplate":"https:\/\/www.freundschaft-mit-valjevo.de\/wordpress\/?s={search_term_string}"},"query-input":{"@type":"PropertyValueSpecification","valueRequired":true,"valueName":"search_term_string"}}],"inLanguage":"de"},{"@type":"Person","@id":"https:\/\/www.freundschaft-mit-valjevo.de\/wordpress\/#\/schema\/person\/4fbd0cc7a0227a72529b76aeed6571e4","name":"admin-z","image":{"@type":"ImageObject","inLanguage":"de","@id":"https:\/\/secure.gravatar.com\/avatar\/e180e5c39bf8c56d773eb854294072b2fec4a0a0f052f70a3cdaf696f943716d?s=96&d=mm&r=g","url":"https:\/\/secure.gravatar.com\/avatar\/e180e5c39bf8c56d773eb854294072b2fec4a0a0f052f70a3cdaf696f943716d?s=96&d=mm&r=g","contentUrl":"https:\/\/secure.gravatar.com\/avatar\/e180e5c39bf8c56d773eb854294072b2fec4a0a0f052f70a3cdaf696f943716d?s=96&d=mm&r=g","caption":"admin-z"}}]}},"_links":{"self":[{"href":"https:\/\/www.freundschaft-mit-valjevo.de\/wordpress\/wp-json\/wp\/v2\/posts\/2030","targetHints":{"allow":["GET"]}}],"collection":[{"href":"https:\/\/www.freundschaft-mit-valjevo.de\/wordpress\/wp-json\/wp\/v2\/posts"}],"about":[{"href":"https:\/\/www.freundschaft-mit-valjevo.de\/wordpress\/wp-json\/wp\/v2\/types\/post"}],"author":[{"embeddable":true,"href":"https:\/\/www.freundschaft-mit-valjevo.de\/wordpress\/wp-json\/wp\/v2\/users\/2"}],"replies":[{"embeddable":true,"href":"https:\/\/www.freundschaft-mit-valjevo.de\/wordpress\/wp-json\/wp\/v2\/comments?post=2030"}],"version-history":[{"count":3,"href":"https:\/\/www.freundschaft-mit-valjevo.de\/wordpress\/wp-json\/wp\/v2\/posts\/2030\/revisions"}],"predecessor-version":[{"id":2034,"href":"https:\/\/www.freundschaft-mit-valjevo.de\/wordpress\/wp-json\/wp\/v2\/posts\/2030\/revisions\/2034"}],"wp:featuredmedia":[{"embeddable":true,"href":"https:\/\/www.freundschaft-mit-valjevo.de\/wordpress\/wp-json\/wp\/v2\/media\/2035"}],"wp:attachment":[{"href":"https:\/\/www.freundschaft-mit-valjevo.de\/wordpress\/wp-json\/wp\/v2\/media?parent=2030"}],"wp:term":[{"taxonomy":"category","embeddable":true,"href":"https:\/\/www.freundschaft-mit-valjevo.de\/wordpress\/wp-json\/wp\/v2\/categories?post=2030"},{"taxonomy":"post_tag","embeddable":true,"href":"https:\/\/www.freundschaft-mit-valjevo.de\/wordpress\/wp-json\/wp\/v2\/tags?post=2030"}],"curies":[{"name":"wp","href":"https:\/\/api.w.org\/{rel}","templated":true}]}}