{"id":2037,"date":"2022-07-18T09:56:09","date_gmt":"2022-07-18T09:56:09","guid":{"rendered":"http:\/\/www.freundschaft-mit-valjevo.de\/wordpress\/?p=2037"},"modified":"2022-07-18T10:02:36","modified_gmt":"2022-07-18T10:02:36","slug":"ohne-strom-ohne-heizoel-ohne-treibstoff","status":"publish","type":"post","link":"https:\/\/www.freundschaft-mit-valjevo.de\/wordpress\/ohne-strom-ohne-heizoel-ohne-treibstoff\/","title":{"rendered":"Ohne Strom, ohne Heiz\u00f6l, ohne Treibstoff"},"content":{"rendered":"\n<h2 class=\"wp-block-heading\"><strong>Karin Leukefeld \u00fcber das Leben im heutigen Syrien<\/strong><\/h2>\n\n\n\n<p>Einen gro\u00dfen Teil des Jahres verbringt Karin Leukefeld in Syrien. Als freie Journalistin und Auslandskorrespondentin berichtet sie seit 2005 von dort f\u00fcr deutschsprachige Zeitungen und Sender. Am Sonntag, den 10. Juli, sprach sie auf einer Veranstaltung unseres Vereins im \u201eZentrum f\u00fcr Berufs- und Familienf\u00f6rderung\u201c.<\/p>\n\n\n\n<figure class=\"wp-block-image\"><img loading=\"lazy\" decoding=\"async\" width=\"4896\" height=\"3672\" src=\"https:\/\/i0.wp.com\/www.freundschaft-mit-valjevo.de\/wordpress\/wp-content\/uploads\/2022\/07\/Leukefeld-im-ZBF.jpeg?fit=700%2C525\" alt=\"\" class=\"wp-image-2038\" srcset=\"https:\/\/www.freundschaft-mit-valjevo.de\/wordpress\/wp-content\/uploads\/2022\/07\/Leukefeld-im-ZBF.jpeg 4896w, https:\/\/www.freundschaft-mit-valjevo.de\/wordpress\/wp-content\/uploads\/2022\/07\/Leukefeld-im-ZBF-300x225.jpeg 300w, https:\/\/www.freundschaft-mit-valjevo.de\/wordpress\/wp-content\/uploads\/2022\/07\/Leukefeld-im-ZBF-768x576.jpeg 768w, https:\/\/www.freundschaft-mit-valjevo.de\/wordpress\/wp-content\/uploads\/2022\/07\/Leukefeld-im-ZBF-700x525.jpeg 700w\" sizes=\"auto, (max-width: 4896px) 100vw, 4896px\" \/><figcaption>Karin Leukefeld<\/figcaption><\/figure>\n\n\n\n<p>Syrien, so Leukefeld, hat eine sehr g\u00fcnstige Lage. Es liegt direkt am Mittelmeer in einer Region, wo sich seit dem Altertum Verkehrswege aus Asien nach Europa, und von Afrika nach Europa kreuzen. Als sie 2005 zum ersten Mal nach Syrien kam, sei es ein aufstrebendes Land gewesen, das mit seinen reichen Kultursch\u00e4tzen auch viele Touristen anzog. Heute nach einem Jahrzehnt Krieg herrsche dort bittere Armut. Nur etwa 70% des Landes werde von der syrischen Regierung in Damaskus kontrolliert. Die Region Idlib im Nordwesten werde von Dschihadisten, Teile im Norden von der T\u00fcrkei, der Nordosten von den kurdischen demokratischen Kr\u00e4ften beherrscht, die milit\u00e4risch mit den USA zusammenarbeiten. Leukefeld sieht die Gefahr, dass sich die Teilung des Landes verfestigt. So werde in den Schulen in den Gebieten unter t\u00fcrkischer Herrschaft nach t\u00fcrkischen, im Nordosten nach kurdischen Lehrpl\u00e4nen unterrichtet. Unter der Aufsplitterung des Landes leide die Wirtschaft. Die syrische Industrie sei jetzt von den Regionen abgeschnitten, aus denen sie vorher ihre Rohstoffe wie Baumwolle, Getreide und \u00d6l bezogen hat. Dazu komme, dass US- Truppen die wichtigsten \u00d6lfelder besetzt halten, so dass Strom, Heiz\u00f6l und Treibstoff extrem teuer und kaum zu bekommen sind. Unver\u00e4ndert halten USA und EU zudem an ihren Sanktionen fest. Sie unterbinden den Import wichtiger G\u00fcter, unterbinden Investitionen und jede Kreditaufnahme f\u00fcr den Wiederaufbau des Landes. Keine Wiederaufbauhilfe, keine diplomatischen Beziehungen, keine Aufhebung der Sanktionen seien nach Josep Borrell, dem \u201eHohen Vertreter der EU f\u00fcr Au\u00dfen- und Sicherheitspolitik\u201c , die roten Linien der EU. Ohne einen Wiederaufbau aber wird das Elend in Syrien bleiben und die Millionen Syrer, die bereits \u00fcber Jahre hinweg unter elenden Bedingungen in Fl\u00fcchtlingslagern im Libanon, Jordanien und der T\u00fcrkei ausharren, werden nicht zur\u00fcckkehren. In diesen Fl\u00fcchtlingslagern au\u00dferhalb Syriens, so Leukefeld, erhielten sie \u00fcber den UNHCR zumindest eine Minimalversorgung. Es seien leider geostrategische \u00dcberlegungen, \u00d6l und Gas, die die Politik der EU bestimmten, die Menschen der Region und ihre Bed\u00fcrfnisse spielten f\u00fcr die Entscheidungen der EU dagegen keine Rolle.<br> Auf Unterst\u00fctzung von au\u00dfen f\u00fcr sein \u00dcberleben ist auch das \u201eItalienische Krankenhaus\u201c in Damaskus angewiesen, das wir seit mittlerweile 6 Jahren unterst\u00fctzen. Frau Leukefeld hat es vor wenigen Wochen wieder besucht. Dank Spenden, die unser Verein gesammelt hat, konnten wir nach dem general\u00fcberholten Computertomographen im vergangenen Jahr jetzt eine Reihe neuer Krankenhausbetten finanzieren. F\u00fcr die Weiterf\u00fchrung unserer humanit\u00e4ren Arbeit bitten wir um Spenden auf unser Konto bei der Sparkasse Pfaffenhofen, IBAN DE 06 7215 1650 0008 0119 91, Stichwort \u201eKrankenhaus Damaskus\u201c.<\/p>\n\n\n\n<div style=\"padding-bottom: 56.25%; position: relative;\"><iframe loading=\"lazy\" width=\"100%\" height=\"100%\" src=\"https:\/\/odysee.com\/$\/embed\/10-07-22_PAF-Leukefeld_\/6f5caf55a9a0df2a872f954a202ccf59a2e5ca68\" frameborder=\"0\" allow=\"accelerometer; autoplay; encrypted-media; gyroscope; picture-in-picture; fullscreen\"  style=\"position: absolute; top: 0px; left: 0px; width: 100%; height: 100%;\"><small>Odysee embedding powered by <a href=\"https:\/\/embed.tube\">embed.tube<\/a><\/small><\/iframe><\/div>\n\n\n\n<p><br><\/p>\n","protected":false},"excerpt":{"rendered":"<p>Karin Leukefeld \u00fcber das Leben im heutigen Syrien Einen gro\u00dfen Teil des Jahres verbringt Karin Leukefeld in Syrien. Als freie Journalistin und Auslandskorrespondentin berichtet sie&#8230;<\/p>\n<div class=\"more-link-wrapper\"><a class=\"more-link\" href=\"https:\/\/www.freundschaft-mit-valjevo.de\/wordpress\/ohne-strom-ohne-heizoel-ohne-treibstoff\/\">Weiterlesen<span class=\"screen-reader-text\">Ohne Strom, ohne Heiz\u00f6l, ohne Treibstoff<\/span><\/a><\/div>\n","protected":false},"author":2,"featured_media":0,"comment_status":"closed","ping_status":"closed","sticky":false,"template":"","format":"standard","meta":{"footnotes":""},"categories":[1],"tags":[],"class_list":["post-2037","post","type-post","status-publish","format-standard","hentry","category-allgemein","entry"],"yoast_head":"<!-- This site is optimized with the Yoast SEO plugin v27.4 - https:\/\/yoast.com\/product\/yoast-seo-wordpress\/ -->\n<title>Ohne Strom, ohne Heiz\u00f6l, ohne Treibstoff - Freundschaft mit Valjevo e.V.<\/title>\n<meta name=\"robots\" content=\"index, follow, max-snippet:-1, max-image-preview:large, max-video-preview:-1\" \/>\n<link rel=\"canonical\" href=\"https:\/\/www.freundschaft-mit-valjevo.de\/wordpress\/ohne-strom-ohne-heizoel-ohne-treibstoff\/\" \/>\n<meta property=\"og:locale\" content=\"de_DE\" \/>\n<meta property=\"og:type\" content=\"article\" \/>\n<meta property=\"og:title\" content=\"Ohne Strom, ohne Heiz\u00f6l, ohne Treibstoff - Freundschaft mit Valjevo e.V.\" \/>\n<meta property=\"og:description\" content=\"Karin Leukefeld \u00fcber das Leben im heutigen Syrien Einen gro\u00dfen Teil des Jahres verbringt Karin Leukefeld in Syrien. Als freie Journalistin und Auslandskorrespondentin berichtet sie&#8230;\" \/>\n<meta property=\"og:url\" content=\"https:\/\/www.freundschaft-mit-valjevo.de\/wordpress\/ohne-strom-ohne-heizoel-ohne-treibstoff\/\" \/>\n<meta property=\"og:site_name\" content=\"Freundschaft mit Valjevo e.V.\" \/>\n<meta property=\"article:published_time\" content=\"2022-07-18T09:56:09+00:00\" \/>\n<meta property=\"article:modified_time\" content=\"2022-07-18T10:02:36+00:00\" \/>\n<meta property=\"og:image\" content=\"https:\/\/i0.wp.com\/www.freundschaft-mit-valjevo.de\/wordpress\/wp-content\/uploads\/2022\/07\/Leukefeld-im-ZBF.jpeg?fit=700%2C525\" \/>\n<meta name=\"author\" content=\"admin-z\" \/>\n<meta name=\"twitter:card\" content=\"summary_large_image\" \/>\n<meta name=\"twitter:label1\" content=\"Verfasst von\" \/>\n\t<meta name=\"twitter:data1\" content=\"admin-z\" \/>\n\t<meta name=\"twitter:label2\" content=\"Gesch\u00e4tzte Lesezeit\" \/>\n\t<meta name=\"twitter:data2\" content=\"2\u00a0Minuten\" \/>\n<script type=\"application\/ld+json\" class=\"yoast-schema-graph\">{\"@context\":\"https:\\\/\\\/schema.org\",\"@graph\":[{\"@type\":\"Article\",\"@id\":\"https:\\\/\\\/www.freundschaft-mit-valjevo.de\\\/wordpress\\\/ohne-strom-ohne-heizoel-ohne-treibstoff\\\/#article\",\"isPartOf\":{\"@id\":\"https:\\\/\\\/www.freundschaft-mit-valjevo.de\\\/wordpress\\\/ohne-strom-ohne-heizoel-ohne-treibstoff\\\/\"},\"author\":{\"name\":\"admin-z\",\"@id\":\"https:\\\/\\\/www.freundschaft-mit-valjevo.de\\\/wordpress\\\/#\\\/schema\\\/person\\\/4fbd0cc7a0227a72529b76aeed6571e4\"},\"headline\":\"Ohne Strom, ohne Heiz\u00f6l, ohne Treibstoff\",\"datePublished\":\"2022-07-18T09:56:09+00:00\",\"dateModified\":\"2022-07-18T10:02:36+00:00\",\"mainEntityOfPage\":{\"@id\":\"https:\\\/\\\/www.freundschaft-mit-valjevo.de\\\/wordpress\\\/ohne-strom-ohne-heizoel-ohne-treibstoff\\\/\"},\"wordCount\":491,\"image\":{\"@id\":\"https:\\\/\\\/www.freundschaft-mit-valjevo.de\\\/wordpress\\\/ohne-strom-ohne-heizoel-ohne-treibstoff\\\/#primaryimage\"},\"thumbnailUrl\":\"https:\\\/\\\/i0.wp.com\\\/www.freundschaft-mit-valjevo.de\\\/wordpress\\\/wp-content\\\/uploads\\\/2022\\\/07\\\/Leukefeld-im-ZBF.jpeg?fit=700%2C525\",\"inLanguage\":\"de\"},{\"@type\":\"WebPage\",\"@id\":\"https:\\\/\\\/www.freundschaft-mit-valjevo.de\\\/wordpress\\\/ohne-strom-ohne-heizoel-ohne-treibstoff\\\/\",\"url\":\"https:\\\/\\\/www.freundschaft-mit-valjevo.de\\\/wordpress\\\/ohne-strom-ohne-heizoel-ohne-treibstoff\\\/\",\"name\":\"Ohne Strom, ohne Heiz\u00f6l, ohne Treibstoff - Freundschaft mit Valjevo e.V.\",\"isPartOf\":{\"@id\":\"https:\\\/\\\/www.freundschaft-mit-valjevo.de\\\/wordpress\\\/#website\"},\"primaryImageOfPage\":{\"@id\":\"https:\\\/\\\/www.freundschaft-mit-valjevo.de\\\/wordpress\\\/ohne-strom-ohne-heizoel-ohne-treibstoff\\\/#primaryimage\"},\"image\":{\"@id\":\"https:\\\/\\\/www.freundschaft-mit-valjevo.de\\\/wordpress\\\/ohne-strom-ohne-heizoel-ohne-treibstoff\\\/#primaryimage\"},\"thumbnailUrl\":\"https:\\\/\\\/i0.wp.com\\\/www.freundschaft-mit-valjevo.de\\\/wordpress\\\/wp-content\\\/uploads\\\/2022\\\/07\\\/Leukefeld-im-ZBF.jpeg?fit=700%2C525\",\"datePublished\":\"2022-07-18T09:56:09+00:00\",\"dateModified\":\"2022-07-18T10:02:36+00:00\",\"author\":{\"@id\":\"https:\\\/\\\/www.freundschaft-mit-valjevo.de\\\/wordpress\\\/#\\\/schema\\\/person\\\/4fbd0cc7a0227a72529b76aeed6571e4\"},\"breadcrumb\":{\"@id\":\"https:\\\/\\\/www.freundschaft-mit-valjevo.de\\\/wordpress\\\/ohne-strom-ohne-heizoel-ohne-treibstoff\\\/#breadcrumb\"},\"inLanguage\":\"de\",\"potentialAction\":[{\"@type\":\"ReadAction\",\"target\":[\"https:\\\/\\\/www.freundschaft-mit-valjevo.de\\\/wordpress\\\/ohne-strom-ohne-heizoel-ohne-treibstoff\\\/\"]}]},{\"@type\":\"ImageObject\",\"inLanguage\":\"de\",\"@id\":\"https:\\\/\\\/www.freundschaft-mit-valjevo.de\\\/wordpress\\\/ohne-strom-ohne-heizoel-ohne-treibstoff\\\/#primaryimage\",\"url\":\"https:\\\/\\\/i0.wp.com\\\/www.freundschaft-mit-valjevo.de\\\/wordpress\\\/wp-content\\\/uploads\\\/2022\\\/07\\\/Leukefeld-im-ZBF.jpeg?fit=700%2C525\",\"contentUrl\":\"https:\\\/\\\/i0.wp.com\\\/www.freundschaft-mit-valjevo.de\\\/wordpress\\\/wp-content\\\/uploads\\\/2022\\\/07\\\/Leukefeld-im-ZBF.jpeg?fit=700%2C525\"},{\"@type\":\"BreadcrumbList\",\"@id\":\"https:\\\/\\\/www.freundschaft-mit-valjevo.de\\\/wordpress\\\/ohne-strom-ohne-heizoel-ohne-treibstoff\\\/#breadcrumb\",\"itemListElement\":[{\"@type\":\"ListItem\",\"position\":1,\"name\":\"Startseite\",\"item\":\"https:\\\/\\\/www.freundschaft-mit-valjevo.de\\\/wordpress\\\/\"},{\"@type\":\"ListItem\",\"position\":2,\"name\":\"Ohne Strom, ohne Heiz\u00f6l, ohne Treibstoff\"}]},{\"@type\":\"WebSite\",\"@id\":\"https:\\\/\\\/www.freundschaft-mit-valjevo.de\\\/wordpress\\\/#website\",\"url\":\"https:\\\/\\\/www.freundschaft-mit-valjevo.de\\\/wordpress\\\/\",\"name\":\"Freundschaft mit Valjevo e.V.\",\"description\":\"F\u00fcr Frieden, Freundschaft und V\u00f6lkerverst\u00e4ndigung\",\"potentialAction\":[{\"@type\":\"SearchAction\",\"target\":{\"@type\":\"EntryPoint\",\"urlTemplate\":\"https:\\\/\\\/www.freundschaft-mit-valjevo.de\\\/wordpress\\\/?s={search_term_string}\"},\"query-input\":{\"@type\":\"PropertyValueSpecification\",\"valueRequired\":true,\"valueName\":\"search_term_string\"}}],\"inLanguage\":\"de\"},{\"@type\":\"Person\",\"@id\":\"https:\\\/\\\/www.freundschaft-mit-valjevo.de\\\/wordpress\\\/#\\\/schema\\\/person\\\/4fbd0cc7a0227a72529b76aeed6571e4\",\"name\":\"admin-z\",\"image\":{\"@type\":\"ImageObject\",\"inLanguage\":\"de\",\"@id\":\"https:\\\/\\\/secure.gravatar.com\\\/avatar\\\/e180e5c39bf8c56d773eb854294072b2fec4a0a0f052f70a3cdaf696f943716d?s=96&d=mm&r=g\",\"url\":\"https:\\\/\\\/secure.gravatar.com\\\/avatar\\\/e180e5c39bf8c56d773eb854294072b2fec4a0a0f052f70a3cdaf696f943716d?s=96&d=mm&r=g\",\"contentUrl\":\"https:\\\/\\\/secure.gravatar.com\\\/avatar\\\/e180e5c39bf8c56d773eb854294072b2fec4a0a0f052f70a3cdaf696f943716d?s=96&d=mm&r=g\",\"caption\":\"admin-z\"}}]}<\/script>\n<!-- \/ Yoast SEO plugin. -->","yoast_head_json":{"title":"Ohne Strom, ohne Heiz\u00f6l, ohne Treibstoff - Freundschaft mit Valjevo e.V.","robots":{"index":"index","follow":"follow","max-snippet":"max-snippet:-1","max-image-preview":"max-image-preview:large","max-video-preview":"max-video-preview:-1"},"canonical":"https:\/\/www.freundschaft-mit-valjevo.de\/wordpress\/ohne-strom-ohne-heizoel-ohne-treibstoff\/","og_locale":"de_DE","og_type":"article","og_title":"Ohne Strom, ohne Heiz\u00f6l, ohne Treibstoff - Freundschaft mit Valjevo e.V.","og_description":"Karin Leukefeld \u00fcber das Leben im heutigen Syrien Einen gro\u00dfen Teil des Jahres verbringt Karin Leukefeld in Syrien. Als freie Journalistin und Auslandskorrespondentin berichtet sie&#8230;","og_url":"https:\/\/www.freundschaft-mit-valjevo.de\/wordpress\/ohne-strom-ohne-heizoel-ohne-treibstoff\/","og_site_name":"Freundschaft mit Valjevo e.V.","article_published_time":"2022-07-18T09:56:09+00:00","article_modified_time":"2022-07-18T10:02:36+00:00","og_image":[{"url":"https:\/\/i0.wp.com\/www.freundschaft-mit-valjevo.de\/wordpress\/wp-content\/uploads\/2022\/07\/Leukefeld-im-ZBF.jpeg?fit=700%2C525","type":"","width":"","height":""}],"author":"admin-z","twitter_card":"summary_large_image","twitter_misc":{"Verfasst von":"admin-z","Gesch\u00e4tzte Lesezeit":"2\u00a0Minuten"},"schema":{"@context":"https:\/\/schema.org","@graph":[{"@type":"Article","@id":"https:\/\/www.freundschaft-mit-valjevo.de\/wordpress\/ohne-strom-ohne-heizoel-ohne-treibstoff\/#article","isPartOf":{"@id":"https:\/\/www.freundschaft-mit-valjevo.de\/wordpress\/ohne-strom-ohne-heizoel-ohne-treibstoff\/"},"author":{"name":"admin-z","@id":"https:\/\/www.freundschaft-mit-valjevo.de\/wordpress\/#\/schema\/person\/4fbd0cc7a0227a72529b76aeed6571e4"},"headline":"Ohne Strom, ohne Heiz\u00f6l, ohne Treibstoff","datePublished":"2022-07-18T09:56:09+00:00","dateModified":"2022-07-18T10:02:36+00:00","mainEntityOfPage":{"@id":"https:\/\/www.freundschaft-mit-valjevo.de\/wordpress\/ohne-strom-ohne-heizoel-ohne-treibstoff\/"},"wordCount":491,"image":{"@id":"https:\/\/www.freundschaft-mit-valjevo.de\/wordpress\/ohne-strom-ohne-heizoel-ohne-treibstoff\/#primaryimage"},"thumbnailUrl":"https:\/\/i0.wp.com\/www.freundschaft-mit-valjevo.de\/wordpress\/wp-content\/uploads\/2022\/07\/Leukefeld-im-ZBF.jpeg?fit=700%2C525","inLanguage":"de"},{"@type":"WebPage","@id":"https:\/\/www.freundschaft-mit-valjevo.de\/wordpress\/ohne-strom-ohne-heizoel-ohne-treibstoff\/","url":"https:\/\/www.freundschaft-mit-valjevo.de\/wordpress\/ohne-strom-ohne-heizoel-ohne-treibstoff\/","name":"Ohne Strom, ohne Heiz\u00f6l, ohne Treibstoff - Freundschaft mit Valjevo e.V.","isPartOf":{"@id":"https:\/\/www.freundschaft-mit-valjevo.de\/wordpress\/#website"},"primaryImageOfPage":{"@id":"https:\/\/www.freundschaft-mit-valjevo.de\/wordpress\/ohne-strom-ohne-heizoel-ohne-treibstoff\/#primaryimage"},"image":{"@id":"https:\/\/www.freundschaft-mit-valjevo.de\/wordpress\/ohne-strom-ohne-heizoel-ohne-treibstoff\/#primaryimage"},"thumbnailUrl":"https:\/\/i0.wp.com\/www.freundschaft-mit-valjevo.de\/wordpress\/wp-content\/uploads\/2022\/07\/Leukefeld-im-ZBF.jpeg?fit=700%2C525","datePublished":"2022-07-18T09:56:09+00:00","dateModified":"2022-07-18T10:02:36+00:00","author":{"@id":"https:\/\/www.freundschaft-mit-valjevo.de\/wordpress\/#\/schema\/person\/4fbd0cc7a0227a72529b76aeed6571e4"},"breadcrumb":{"@id":"https:\/\/www.freundschaft-mit-valjevo.de\/wordpress\/ohne-strom-ohne-heizoel-ohne-treibstoff\/#breadcrumb"},"inLanguage":"de","potentialAction":[{"@type":"ReadAction","target":["https:\/\/www.freundschaft-mit-valjevo.de\/wordpress\/ohne-strom-ohne-heizoel-ohne-treibstoff\/"]}]},{"@type":"ImageObject","inLanguage":"de","@id":"https:\/\/www.freundschaft-mit-valjevo.de\/wordpress\/ohne-strom-ohne-heizoel-ohne-treibstoff\/#primaryimage","url":"https:\/\/i0.wp.com\/www.freundschaft-mit-valjevo.de\/wordpress\/wp-content\/uploads\/2022\/07\/Leukefeld-im-ZBF.jpeg?fit=700%2C525","contentUrl":"https:\/\/i0.wp.com\/www.freundschaft-mit-valjevo.de\/wordpress\/wp-content\/uploads\/2022\/07\/Leukefeld-im-ZBF.jpeg?fit=700%2C525"},{"@type":"BreadcrumbList","@id":"https:\/\/www.freundschaft-mit-valjevo.de\/wordpress\/ohne-strom-ohne-heizoel-ohne-treibstoff\/#breadcrumb","itemListElement":[{"@type":"ListItem","position":1,"name":"Startseite","item":"https:\/\/www.freundschaft-mit-valjevo.de\/wordpress\/"},{"@type":"ListItem","position":2,"name":"Ohne Strom, ohne Heiz\u00f6l, ohne Treibstoff"}]},{"@type":"WebSite","@id":"https:\/\/www.freundschaft-mit-valjevo.de\/wordpress\/#website","url":"https:\/\/www.freundschaft-mit-valjevo.de\/wordpress\/","name":"Freundschaft mit Valjevo e.V.","description":"F\u00fcr Frieden, Freundschaft und V\u00f6lkerverst\u00e4ndigung","potentialAction":[{"@type":"SearchAction","target":{"@type":"EntryPoint","urlTemplate":"https:\/\/www.freundschaft-mit-valjevo.de\/wordpress\/?s={search_term_string}"},"query-input":{"@type":"PropertyValueSpecification","valueRequired":true,"valueName":"search_term_string"}}],"inLanguage":"de"},{"@type":"Person","@id":"https:\/\/www.freundschaft-mit-valjevo.de\/wordpress\/#\/schema\/person\/4fbd0cc7a0227a72529b76aeed6571e4","name":"admin-z","image":{"@type":"ImageObject","inLanguage":"de","@id":"https:\/\/secure.gravatar.com\/avatar\/e180e5c39bf8c56d773eb854294072b2fec4a0a0f052f70a3cdaf696f943716d?s=96&d=mm&r=g","url":"https:\/\/secure.gravatar.com\/avatar\/e180e5c39bf8c56d773eb854294072b2fec4a0a0f052f70a3cdaf696f943716d?s=96&d=mm&r=g","contentUrl":"https:\/\/secure.gravatar.com\/avatar\/e180e5c39bf8c56d773eb854294072b2fec4a0a0f052f70a3cdaf696f943716d?s=96&d=mm&r=g","caption":"admin-z"}}]}},"_links":{"self":[{"href":"https:\/\/www.freundschaft-mit-valjevo.de\/wordpress\/wp-json\/wp\/v2\/posts\/2037","targetHints":{"allow":["GET"]}}],"collection":[{"href":"https:\/\/www.freundschaft-mit-valjevo.de\/wordpress\/wp-json\/wp\/v2\/posts"}],"about":[{"href":"https:\/\/www.freundschaft-mit-valjevo.de\/wordpress\/wp-json\/wp\/v2\/types\/post"}],"author":[{"embeddable":true,"href":"https:\/\/www.freundschaft-mit-valjevo.de\/wordpress\/wp-json\/wp\/v2\/users\/2"}],"replies":[{"embeddable":true,"href":"https:\/\/www.freundschaft-mit-valjevo.de\/wordpress\/wp-json\/wp\/v2\/comments?post=2037"}],"version-history":[{"count":2,"href":"https:\/\/www.freundschaft-mit-valjevo.de\/wordpress\/wp-json\/wp\/v2\/posts\/2037\/revisions"}],"predecessor-version":[{"id":2041,"href":"https:\/\/www.freundschaft-mit-valjevo.de\/wordpress\/wp-json\/wp\/v2\/posts\/2037\/revisions\/2041"}],"wp:attachment":[{"href":"https:\/\/www.freundschaft-mit-valjevo.de\/wordpress\/wp-json\/wp\/v2\/media?parent=2037"}],"wp:term":[{"taxonomy":"category","embeddable":true,"href":"https:\/\/www.freundschaft-mit-valjevo.de\/wordpress\/wp-json\/wp\/v2\/categories?post=2037"},{"taxonomy":"post_tag","embeddable":true,"href":"https:\/\/www.freundschaft-mit-valjevo.de\/wordpress\/wp-json\/wp\/v2\/tags?post=2037"}],"curies":[{"name":"wp","href":"https:\/\/api.w.org\/{rel}","templated":true}]}}