{"id":2055,"date":"2022-09-20T12:14:48","date_gmt":"2022-09-20T12:14:48","guid":{"rendered":"http:\/\/www.freundschaft-mit-valjevo.de\/wordpress\/?p=2055"},"modified":"2022-09-20T12:14:51","modified_gmt":"2022-09-20T12:14:51","slug":"gastfamilien-fuer-schueler-aus-valjevo-gesucht-3","status":"publish","type":"post","link":"https:\/\/www.freundschaft-mit-valjevo.de\/wordpress\/gastfamilien-fuer-schueler-aus-valjevo-gesucht-3\/","title":{"rendered":"Gastfamilien f\u00fcr Sch\u00fcler aus Valjevo gesucht"},"content":{"rendered":"\n<h3 class=\"wp-block-heading\">Vom Krieg zur Freundschaft zweier St\u00e4dte<\/h3>\n\n\n\n<p>F\u00fcr eine Woche, vom 25. September bis 1. Oktober, wird eine Sch\u00fclergruppe aus der serbischen Stadt Valjevo mit ihren beiden Deutschlehrerinnen Pfaffenhofen besuchen. F\u00fcr sie sucht unser \u201eFreundschaft mit Valjevo\u201c noch Gastfamilien, bei denen Jugendlichen Unterkunft, Fr\u00fchst\u00fcck und Abendessen erhalten k\u00f6nnen.<\/p>\n\n\n\n<figure class=\"wp-block-image\"><img loading=\"lazy\" decoding=\"async\" width=\"1166\" height=\"2136\" src=\"https:\/\/i1.wp.com\/www.freundschaft-mit-valjevo.de\/wordpress\/wp-content\/uploads\/2022\/09\/Sch\u00fcler-2022-1.jpeg?fit=700%2C1282\" alt=\"\" class=\"wp-image-2057\" srcset=\"https:\/\/www.freundschaft-mit-valjevo.de\/wordpress\/wp-content\/uploads\/2022\/09\/Sch\u00fcler-2022-1.jpeg 1166w, https:\/\/www.freundschaft-mit-valjevo.de\/wordpress\/wp-content\/uploads\/2022\/09\/Sch\u00fcler-2022-1-164x300.jpeg 164w, https:\/\/www.freundschaft-mit-valjevo.de\/wordpress\/wp-content\/uploads\/2022\/09\/Sch\u00fcler-2022-1-768x1407.jpeg 768w, https:\/\/www.freundschaft-mit-valjevo.de\/wordpress\/wp-content\/uploads\/2022\/09\/Sch\u00fcler-2022-1-700x1282.jpeg 700w\" sizes=\"auto, (max-width: 1166px) 100vw, 1166px\" \/><figcaption>Sch\u00fclerin, An\u0111elija Vuji\u0107<\/figcaption><\/figure>\n\n\n\n<p>Der Krieg der Nato gegen die damalige Bundesrepublik Jugoslawien 1999 liegt mittlerweile mehr als 2 Jahrzehnte zur\u00fcck. Bereits kurz nach dem Kriegsende waren wir damals im Oktober und erneut im Dezember 1999 mit gro\u00dfen Sattelz\u00fcgen mit Hilfsg\u00fctern in die stark bombardierte serbische Stadt Valjevo aufgebrochen. F\u00fcr die dortige Bev\u00f6lkerung hatten wir Medikamente und medizinische Ger\u00e4te, Lebensmittel und Kleidung geladen. S\u00e4mtliche Kinderg\u00e4rten unserer Stadt, viele Schulen, Betriebe und B\u00fcrger hatten mit Sach- und Geldspenden diese Transporte erm\u00f6glicht. Darauf konnte Anfang Mai 2000 unser damaliger, mittlerweile verstorbener B\u00fcrgermeister Hans Prechter die erste Sch\u00fclergruppe aus Valjevo im Rathaus empfangen. Bereits im Juni 2000, gab die Folkloregruppe \u201eKrusik\u201c bei den \u201eEurop\u00e4ischen Kulturtagen\u201c unserer Stadt ein Konzert. Das Eis war gebrochen, eine Freundschaft zwischen den B\u00fcrgern unserer beiden St\u00e4dte hatte begonnen. Rund 350 Jugendliche aus Valjevo haben seitdem mit einer Sch\u00fclergruppe unsere Stadt besucht.<br><\/p>\n\n\n\n<figure class=\"wp-block-image\"><img loading=\"lazy\" decoding=\"async\" width=\"1600\" height=\"1200\" src=\"https:\/\/i2.wp.com\/www.freundschaft-mit-valjevo.de\/wordpress\/wp-content\/uploads\/2022\/09\/Lehrerinnen-2022-1.jpeg?fit=700%2C525\" alt=\"\" class=\"wp-image-2058\" srcset=\"https:\/\/www.freundschaft-mit-valjevo.de\/wordpress\/wp-content\/uploads\/2022\/09\/Lehrerinnen-2022-1.jpeg 1600w, https:\/\/www.freundschaft-mit-valjevo.de\/wordpress\/wp-content\/uploads\/2022\/09\/Lehrerinnen-2022-1-300x225.jpeg 300w, https:\/\/www.freundschaft-mit-valjevo.de\/wordpress\/wp-content\/uploads\/2022\/09\/Lehrerinnen-2022-1-768x576.jpeg 768w, https:\/\/www.freundschaft-mit-valjevo.de\/wordpress\/wp-content\/uploads\/2022\/09\/Lehrerinnen-2022-1-700x525.jpeg 700w\" sizes=\"auto, (max-width: 1600px) 100vw, 1600px\" \/><figcaption>Die beiden Lehrerinnen links Frau Mirkovic, rechts Frau Vasiljevic\u00a0<\/figcaption><\/figure>\n\n\n\n<p>Die Jugendlichen im Alter von 16-18 Jahren, die jetzt in der letzten Septemberwoche mit ihren beiden Deutschlehrerinnen Ivana Vasiljevic und Katarina Mirkovic vom dortigen Gymnasium nach Pfaffenhofen kommen, freuen sich sehr auf unsere Stadt. Sie besuchen in Valjevo unterschiedliche Schulen, das Gymnasium, die Realschule oder eine berufsbildende Schule und lernen bereits seit einigen Jahren Deutsch. <br><\/p>\n\n\n\n<p><br><\/p>\n\n\n\n<figure class=\"wp-block-image\"><img loading=\"lazy\" decoding=\"async\" width=\"1600\" height=\"1312\" src=\"https:\/\/i0.wp.com\/www.freundschaft-mit-valjevo.de\/wordpress\/wp-content\/uploads\/2022\/09\/Sch\u00fcler-2022-2-.jpeg?fit=700%2C574\" alt=\"\" class=\"wp-image-2056\" srcset=\"https:\/\/www.freundschaft-mit-valjevo.de\/wordpress\/wp-content\/uploads\/2022\/09\/Sch\u00fcler-2022-2-.jpeg 1600w, https:\/\/www.freundschaft-mit-valjevo.de\/wordpress\/wp-content\/uploads\/2022\/09\/Sch\u00fcler-2022-2--300x246.jpeg 300w, https:\/\/www.freundschaft-mit-valjevo.de\/wordpress\/wp-content\/uploads\/2022\/09\/Sch\u00fcler-2022-2--768x630.jpeg 768w, https:\/\/www.freundschaft-mit-valjevo.de\/wordpress\/wp-content\/uploads\/2022\/09\/Sch\u00fcler-2022-2--700x574.jpeg 700w\" sizes=\"auto, (max-width: 1600px) 100vw, 1600px\" \/><figcaption>Sch\u00fclerin, An\u0111elina Denadi\u0107<\/figcaption><\/figure>\n\n\n\n<p>Unser Verein \u201eFreundschaft mit Valjevo\u201c hat f\u00fcr sie ein umfangreiches Programm f\u00fcr die einzelnen Tage vorbereitet. Zu diesem Programm geh\u00f6ren Besuche von Schulen, Lehrwerkst\u00e4tten und Betrieben, Tagesausfl\u00fcge nach M\u00fcnchen, Regensburg und N\u00fcrnberg, Erfahrungs- und Meinungsaustausch mit unseren Jugendlichen, B\u00fcrgern und lokalen Politikern.<br><br>Familien, die die M\u00f6glichkeit haben und bereit sind, Jugendliche in dieser Zeit bei sich aufzunehmen, werden gebeten, sich mit Bernd Duschner, Tel.: 0171- 3374658, oder Christine Rist, 0176-55425917, in Verbindung setzen.<\/p>\n","protected":false},"excerpt":{"rendered":"<p>Vom Krieg zur Freundschaft zweier St\u00e4dte F\u00fcr eine Woche, vom 25. September bis 1. Oktober, wird eine Sch\u00fclergruppe aus der serbischen Stadt Valjevo mit ihren&#8230;<\/p>\n<div class=\"more-link-wrapper\"><a class=\"more-link\" href=\"https:\/\/www.freundschaft-mit-valjevo.de\/wordpress\/gastfamilien-fuer-schueler-aus-valjevo-gesucht-3\/\">Weiterlesen<span class=\"screen-reader-text\">Gastfamilien f\u00fcr Sch\u00fcler aus Valjevo gesucht<\/span><\/a><\/div>\n","protected":false},"author":2,"featured_media":0,"comment_status":"closed","ping_status":"closed","sticky":false,"template":"","format":"standard","meta":{"footnotes":""},"categories":[1],"tags":[],"class_list":["post-2055","post","type-post","status-publish","format-standard","hentry","category-allgemein","entry"],"yoast_head":"<!-- This site is optimized with the Yoast SEO plugin v27.4 - https:\/\/yoast.com\/product\/yoast-seo-wordpress\/ -->\n<title>Gastfamilien f\u00fcr Sch\u00fcler aus Valjevo gesucht - Freundschaft mit Valjevo e.V.<\/title>\n<meta name=\"robots\" content=\"index, follow, max-snippet:-1, max-image-preview:large, max-video-preview:-1\" \/>\n<link rel=\"canonical\" href=\"https:\/\/www.freundschaft-mit-valjevo.de\/wordpress\/gastfamilien-fuer-schueler-aus-valjevo-gesucht-3\/\" \/>\n<meta property=\"og:locale\" content=\"de_DE\" \/>\n<meta property=\"og:type\" content=\"article\" \/>\n<meta property=\"og:title\" content=\"Gastfamilien f\u00fcr Sch\u00fcler aus Valjevo gesucht - Freundschaft mit Valjevo e.V.\" \/>\n<meta property=\"og:description\" content=\"Vom Krieg zur Freundschaft zweier St\u00e4dte F\u00fcr eine Woche, vom 25. September bis 1. Oktober, wird eine Sch\u00fclergruppe aus der serbischen Stadt Valjevo mit ihren&#8230;\" \/>\n<meta property=\"og:url\" content=\"https:\/\/www.freundschaft-mit-valjevo.de\/wordpress\/gastfamilien-fuer-schueler-aus-valjevo-gesucht-3\/\" \/>\n<meta property=\"og:site_name\" content=\"Freundschaft mit Valjevo e.V.\" \/>\n<meta property=\"article:published_time\" content=\"2022-09-20T12:14:48+00:00\" \/>\n<meta property=\"article:modified_time\" content=\"2022-09-20T12:14:51+00:00\" \/>\n<meta property=\"og:image\" content=\"https:\/\/i2.wp.com\/www.freundschaft-mit-valjevo.de\/wordpress\/wp-content\/uploads\/2022\/09\/Lehrerinnen-2022-1.jpeg?fit=700%2C525\" \/>\n<meta name=\"author\" content=\"admin-z\" \/>\n<meta name=\"twitter:card\" content=\"summary_large_image\" \/>\n<meta name=\"twitter:label1\" content=\"Verfasst von\" \/>\n\t<meta name=\"twitter:data1\" content=\"admin-z\" \/>\n\t<meta name=\"twitter:label2\" content=\"Gesch\u00e4tzte Lesezeit\" \/>\n\t<meta name=\"twitter:data2\" content=\"2\u00a0Minuten\" \/>\n<script type=\"application\/ld+json\" class=\"yoast-schema-graph\">{\"@context\":\"https:\\\/\\\/schema.org\",\"@graph\":[{\"@type\":\"Article\",\"@id\":\"https:\\\/\\\/www.freundschaft-mit-valjevo.de\\\/wordpress\\\/gastfamilien-fuer-schueler-aus-valjevo-gesucht-3\\\/#article\",\"isPartOf\":{\"@id\":\"https:\\\/\\\/www.freundschaft-mit-valjevo.de\\\/wordpress\\\/gastfamilien-fuer-schueler-aus-valjevo-gesucht-3\\\/\"},\"author\":{\"name\":\"admin-z\",\"@id\":\"https:\\\/\\\/www.freundschaft-mit-valjevo.de\\\/wordpress\\\/#\\\/schema\\\/person\\\/4fbd0cc7a0227a72529b76aeed6571e4\"},\"headline\":\"Gastfamilien f\u00fcr Sch\u00fcler aus Valjevo gesucht\",\"datePublished\":\"2022-09-20T12:14:48+00:00\",\"dateModified\":\"2022-09-20T12:14:51+00:00\",\"mainEntityOfPage\":{\"@id\":\"https:\\\/\\\/www.freundschaft-mit-valjevo.de\\\/wordpress\\\/gastfamilien-fuer-schueler-aus-valjevo-gesucht-3\\\/\"},\"wordCount\":365,\"image\":{\"@id\":\"https:\\\/\\\/www.freundschaft-mit-valjevo.de\\\/wordpress\\\/gastfamilien-fuer-schueler-aus-valjevo-gesucht-3\\\/#primaryimage\"},\"thumbnailUrl\":\"https:\\\/\\\/i2.wp.com\\\/www.freundschaft-mit-valjevo.de\\\/wordpress\\\/wp-content\\\/uploads\\\/2022\\\/09\\\/Lehrerinnen-2022-1.jpeg?fit=700%2C525\",\"inLanguage\":\"de\"},{\"@type\":\"WebPage\",\"@id\":\"https:\\\/\\\/www.freundschaft-mit-valjevo.de\\\/wordpress\\\/gastfamilien-fuer-schueler-aus-valjevo-gesucht-3\\\/\",\"url\":\"https:\\\/\\\/www.freundschaft-mit-valjevo.de\\\/wordpress\\\/gastfamilien-fuer-schueler-aus-valjevo-gesucht-3\\\/\",\"name\":\"Gastfamilien f\u00fcr Sch\u00fcler aus Valjevo gesucht - Freundschaft mit Valjevo e.V.\",\"isPartOf\":{\"@id\":\"https:\\\/\\\/www.freundschaft-mit-valjevo.de\\\/wordpress\\\/#website\"},\"primaryImageOfPage\":{\"@id\":\"https:\\\/\\\/www.freundschaft-mit-valjevo.de\\\/wordpress\\\/gastfamilien-fuer-schueler-aus-valjevo-gesucht-3\\\/#primaryimage\"},\"image\":{\"@id\":\"https:\\\/\\\/www.freundschaft-mit-valjevo.de\\\/wordpress\\\/gastfamilien-fuer-schueler-aus-valjevo-gesucht-3\\\/#primaryimage\"},\"thumbnailUrl\":\"https:\\\/\\\/i2.wp.com\\\/www.freundschaft-mit-valjevo.de\\\/wordpress\\\/wp-content\\\/uploads\\\/2022\\\/09\\\/Lehrerinnen-2022-1.jpeg?fit=700%2C525\",\"datePublished\":\"2022-09-20T12:14:48+00:00\",\"dateModified\":\"2022-09-20T12:14:51+00:00\",\"author\":{\"@id\":\"https:\\\/\\\/www.freundschaft-mit-valjevo.de\\\/wordpress\\\/#\\\/schema\\\/person\\\/4fbd0cc7a0227a72529b76aeed6571e4\"},\"breadcrumb\":{\"@id\":\"https:\\\/\\\/www.freundschaft-mit-valjevo.de\\\/wordpress\\\/gastfamilien-fuer-schueler-aus-valjevo-gesucht-3\\\/#breadcrumb\"},\"inLanguage\":\"de\",\"potentialAction\":[{\"@type\":\"ReadAction\",\"target\":[\"https:\\\/\\\/www.freundschaft-mit-valjevo.de\\\/wordpress\\\/gastfamilien-fuer-schueler-aus-valjevo-gesucht-3\\\/\"]}]},{\"@type\":\"ImageObject\",\"inLanguage\":\"de\",\"@id\":\"https:\\\/\\\/www.freundschaft-mit-valjevo.de\\\/wordpress\\\/gastfamilien-fuer-schueler-aus-valjevo-gesucht-3\\\/#primaryimage\",\"url\":\"https:\\\/\\\/i2.wp.com\\\/www.freundschaft-mit-valjevo.de\\\/wordpress\\\/wp-content\\\/uploads\\\/2022\\\/09\\\/Lehrerinnen-2022-1.jpeg?fit=700%2C525\",\"contentUrl\":\"https:\\\/\\\/i2.wp.com\\\/www.freundschaft-mit-valjevo.de\\\/wordpress\\\/wp-content\\\/uploads\\\/2022\\\/09\\\/Lehrerinnen-2022-1.jpeg?fit=700%2C525\"},{\"@type\":\"BreadcrumbList\",\"@id\":\"https:\\\/\\\/www.freundschaft-mit-valjevo.de\\\/wordpress\\\/gastfamilien-fuer-schueler-aus-valjevo-gesucht-3\\\/#breadcrumb\",\"itemListElement\":[{\"@type\":\"ListItem\",\"position\":1,\"name\":\"Startseite\",\"item\":\"https:\\\/\\\/www.freundschaft-mit-valjevo.de\\\/wordpress\\\/\"},{\"@type\":\"ListItem\",\"position\":2,\"name\":\"Gastfamilien f\u00fcr Sch\u00fcler aus Valjevo gesucht\"}]},{\"@type\":\"WebSite\",\"@id\":\"https:\\\/\\\/www.freundschaft-mit-valjevo.de\\\/wordpress\\\/#website\",\"url\":\"https:\\\/\\\/www.freundschaft-mit-valjevo.de\\\/wordpress\\\/\",\"name\":\"Freundschaft mit Valjevo e.V.\",\"description\":\"F\u00fcr Frieden, Freundschaft und V\u00f6lkerverst\u00e4ndigung\",\"potentialAction\":[{\"@type\":\"SearchAction\",\"target\":{\"@type\":\"EntryPoint\",\"urlTemplate\":\"https:\\\/\\\/www.freundschaft-mit-valjevo.de\\\/wordpress\\\/?s={search_term_string}\"},\"query-input\":{\"@type\":\"PropertyValueSpecification\",\"valueRequired\":true,\"valueName\":\"search_term_string\"}}],\"inLanguage\":\"de\"},{\"@type\":\"Person\",\"@id\":\"https:\\\/\\\/www.freundschaft-mit-valjevo.de\\\/wordpress\\\/#\\\/schema\\\/person\\\/4fbd0cc7a0227a72529b76aeed6571e4\",\"name\":\"admin-z\",\"image\":{\"@type\":\"ImageObject\",\"inLanguage\":\"de\",\"@id\":\"https:\\\/\\\/secure.gravatar.com\\\/avatar\\\/e180e5c39bf8c56d773eb854294072b2fec4a0a0f052f70a3cdaf696f943716d?s=96&d=mm&r=g\",\"url\":\"https:\\\/\\\/secure.gravatar.com\\\/avatar\\\/e180e5c39bf8c56d773eb854294072b2fec4a0a0f052f70a3cdaf696f943716d?s=96&d=mm&r=g\",\"contentUrl\":\"https:\\\/\\\/secure.gravatar.com\\\/avatar\\\/e180e5c39bf8c56d773eb854294072b2fec4a0a0f052f70a3cdaf696f943716d?s=96&d=mm&r=g\",\"caption\":\"admin-z\"}}]}<\/script>\n<!-- \/ Yoast SEO plugin. -->","yoast_head_json":{"title":"Gastfamilien f\u00fcr Sch\u00fcler aus Valjevo gesucht - Freundschaft mit Valjevo e.V.","robots":{"index":"index","follow":"follow","max-snippet":"max-snippet:-1","max-image-preview":"max-image-preview:large","max-video-preview":"max-video-preview:-1"},"canonical":"https:\/\/www.freundschaft-mit-valjevo.de\/wordpress\/gastfamilien-fuer-schueler-aus-valjevo-gesucht-3\/","og_locale":"de_DE","og_type":"article","og_title":"Gastfamilien f\u00fcr Sch\u00fcler aus Valjevo gesucht - Freundschaft mit Valjevo e.V.","og_description":"Vom Krieg zur Freundschaft zweier St\u00e4dte F\u00fcr eine Woche, vom 25. September bis 1. Oktober, wird eine Sch\u00fclergruppe aus der serbischen Stadt Valjevo mit ihren&#8230;","og_url":"https:\/\/www.freundschaft-mit-valjevo.de\/wordpress\/gastfamilien-fuer-schueler-aus-valjevo-gesucht-3\/","og_site_name":"Freundschaft mit Valjevo e.V.","article_published_time":"2022-09-20T12:14:48+00:00","article_modified_time":"2022-09-20T12:14:51+00:00","og_image":[{"url":"https:\/\/i2.wp.com\/www.freundschaft-mit-valjevo.de\/wordpress\/wp-content\/uploads\/2022\/09\/Lehrerinnen-2022-1.jpeg?fit=700%2C525","type":"","width":"","height":""}],"author":"admin-z","twitter_card":"summary_large_image","twitter_misc":{"Verfasst von":"admin-z","Gesch\u00e4tzte Lesezeit":"2\u00a0Minuten"},"schema":{"@context":"https:\/\/schema.org","@graph":[{"@type":"Article","@id":"https:\/\/www.freundschaft-mit-valjevo.de\/wordpress\/gastfamilien-fuer-schueler-aus-valjevo-gesucht-3\/#article","isPartOf":{"@id":"https:\/\/www.freundschaft-mit-valjevo.de\/wordpress\/gastfamilien-fuer-schueler-aus-valjevo-gesucht-3\/"},"author":{"name":"admin-z","@id":"https:\/\/www.freundschaft-mit-valjevo.de\/wordpress\/#\/schema\/person\/4fbd0cc7a0227a72529b76aeed6571e4"},"headline":"Gastfamilien f\u00fcr Sch\u00fcler aus Valjevo gesucht","datePublished":"2022-09-20T12:14:48+00:00","dateModified":"2022-09-20T12:14:51+00:00","mainEntityOfPage":{"@id":"https:\/\/www.freundschaft-mit-valjevo.de\/wordpress\/gastfamilien-fuer-schueler-aus-valjevo-gesucht-3\/"},"wordCount":365,"image":{"@id":"https:\/\/www.freundschaft-mit-valjevo.de\/wordpress\/gastfamilien-fuer-schueler-aus-valjevo-gesucht-3\/#primaryimage"},"thumbnailUrl":"https:\/\/i2.wp.com\/www.freundschaft-mit-valjevo.de\/wordpress\/wp-content\/uploads\/2022\/09\/Lehrerinnen-2022-1.jpeg?fit=700%2C525","inLanguage":"de"},{"@type":"WebPage","@id":"https:\/\/www.freundschaft-mit-valjevo.de\/wordpress\/gastfamilien-fuer-schueler-aus-valjevo-gesucht-3\/","url":"https:\/\/www.freundschaft-mit-valjevo.de\/wordpress\/gastfamilien-fuer-schueler-aus-valjevo-gesucht-3\/","name":"Gastfamilien f\u00fcr Sch\u00fcler aus Valjevo gesucht - Freundschaft mit Valjevo e.V.","isPartOf":{"@id":"https:\/\/www.freundschaft-mit-valjevo.de\/wordpress\/#website"},"primaryImageOfPage":{"@id":"https:\/\/www.freundschaft-mit-valjevo.de\/wordpress\/gastfamilien-fuer-schueler-aus-valjevo-gesucht-3\/#primaryimage"},"image":{"@id":"https:\/\/www.freundschaft-mit-valjevo.de\/wordpress\/gastfamilien-fuer-schueler-aus-valjevo-gesucht-3\/#primaryimage"},"thumbnailUrl":"https:\/\/i2.wp.com\/www.freundschaft-mit-valjevo.de\/wordpress\/wp-content\/uploads\/2022\/09\/Lehrerinnen-2022-1.jpeg?fit=700%2C525","datePublished":"2022-09-20T12:14:48+00:00","dateModified":"2022-09-20T12:14:51+00:00","author":{"@id":"https:\/\/www.freundschaft-mit-valjevo.de\/wordpress\/#\/schema\/person\/4fbd0cc7a0227a72529b76aeed6571e4"},"breadcrumb":{"@id":"https:\/\/www.freundschaft-mit-valjevo.de\/wordpress\/gastfamilien-fuer-schueler-aus-valjevo-gesucht-3\/#breadcrumb"},"inLanguage":"de","potentialAction":[{"@type":"ReadAction","target":["https:\/\/www.freundschaft-mit-valjevo.de\/wordpress\/gastfamilien-fuer-schueler-aus-valjevo-gesucht-3\/"]}]},{"@type":"ImageObject","inLanguage":"de","@id":"https:\/\/www.freundschaft-mit-valjevo.de\/wordpress\/gastfamilien-fuer-schueler-aus-valjevo-gesucht-3\/#primaryimage","url":"https:\/\/i2.wp.com\/www.freundschaft-mit-valjevo.de\/wordpress\/wp-content\/uploads\/2022\/09\/Lehrerinnen-2022-1.jpeg?fit=700%2C525","contentUrl":"https:\/\/i2.wp.com\/www.freundschaft-mit-valjevo.de\/wordpress\/wp-content\/uploads\/2022\/09\/Lehrerinnen-2022-1.jpeg?fit=700%2C525"},{"@type":"BreadcrumbList","@id":"https:\/\/www.freundschaft-mit-valjevo.de\/wordpress\/gastfamilien-fuer-schueler-aus-valjevo-gesucht-3\/#breadcrumb","itemListElement":[{"@type":"ListItem","position":1,"name":"Startseite","item":"https:\/\/www.freundschaft-mit-valjevo.de\/wordpress\/"},{"@type":"ListItem","position":2,"name":"Gastfamilien f\u00fcr Sch\u00fcler aus Valjevo gesucht"}]},{"@type":"WebSite","@id":"https:\/\/www.freundschaft-mit-valjevo.de\/wordpress\/#website","url":"https:\/\/www.freundschaft-mit-valjevo.de\/wordpress\/","name":"Freundschaft mit Valjevo e.V.","description":"F\u00fcr Frieden, Freundschaft und V\u00f6lkerverst\u00e4ndigung","potentialAction":[{"@type":"SearchAction","target":{"@type":"EntryPoint","urlTemplate":"https:\/\/www.freundschaft-mit-valjevo.de\/wordpress\/?s={search_term_string}"},"query-input":{"@type":"PropertyValueSpecification","valueRequired":true,"valueName":"search_term_string"}}],"inLanguage":"de"},{"@type":"Person","@id":"https:\/\/www.freundschaft-mit-valjevo.de\/wordpress\/#\/schema\/person\/4fbd0cc7a0227a72529b76aeed6571e4","name":"admin-z","image":{"@type":"ImageObject","inLanguage":"de","@id":"https:\/\/secure.gravatar.com\/avatar\/e180e5c39bf8c56d773eb854294072b2fec4a0a0f052f70a3cdaf696f943716d?s=96&d=mm&r=g","url":"https:\/\/secure.gravatar.com\/avatar\/e180e5c39bf8c56d773eb854294072b2fec4a0a0f052f70a3cdaf696f943716d?s=96&d=mm&r=g","contentUrl":"https:\/\/secure.gravatar.com\/avatar\/e180e5c39bf8c56d773eb854294072b2fec4a0a0f052f70a3cdaf696f943716d?s=96&d=mm&r=g","caption":"admin-z"}}]}},"_links":{"self":[{"href":"https:\/\/www.freundschaft-mit-valjevo.de\/wordpress\/wp-json\/wp\/v2\/posts\/2055","targetHints":{"allow":["GET"]}}],"collection":[{"href":"https:\/\/www.freundschaft-mit-valjevo.de\/wordpress\/wp-json\/wp\/v2\/posts"}],"about":[{"href":"https:\/\/www.freundschaft-mit-valjevo.de\/wordpress\/wp-json\/wp\/v2\/types\/post"}],"author":[{"embeddable":true,"href":"https:\/\/www.freundschaft-mit-valjevo.de\/wordpress\/wp-json\/wp\/v2\/users\/2"}],"replies":[{"embeddable":true,"href":"https:\/\/www.freundschaft-mit-valjevo.de\/wordpress\/wp-json\/wp\/v2\/comments?post=2055"}],"version-history":[{"count":1,"href":"https:\/\/www.freundschaft-mit-valjevo.de\/wordpress\/wp-json\/wp\/v2\/posts\/2055\/revisions"}],"predecessor-version":[{"id":2059,"href":"https:\/\/www.freundschaft-mit-valjevo.de\/wordpress\/wp-json\/wp\/v2\/posts\/2055\/revisions\/2059"}],"wp:attachment":[{"href":"https:\/\/www.freundschaft-mit-valjevo.de\/wordpress\/wp-json\/wp\/v2\/media?parent=2055"}],"wp:term":[{"taxonomy":"category","embeddable":true,"href":"https:\/\/www.freundschaft-mit-valjevo.de\/wordpress\/wp-json\/wp\/v2\/categories?post=2055"},{"taxonomy":"post_tag","embeddable":true,"href":"https:\/\/www.freundschaft-mit-valjevo.de\/wordpress\/wp-json\/wp\/v2\/tags?post=2055"}],"curies":[{"name":"wp","href":"https:\/\/api.w.org\/{rel}","templated":true}]}}