{"id":2061,"date":"2022-10-12T08:14:56","date_gmt":"2022-10-12T08:14:56","guid":{"rendered":"http:\/\/www.freundschaft-mit-valjevo.de\/wordpress\/?p=2061"},"modified":"2022-10-12T08:15:28","modified_gmt":"2022-10-12T08:15:28","slug":"die-energiekrise-sind-die-deindustrialisierung-unseres-landes-und-die-verarmung-breiter-teile-unserer-bevoelkerung-noch-zu-vermeiden","status":"publish","type":"post","link":"https:\/\/www.freundschaft-mit-valjevo.de\/wordpress\/die-energiekrise-sind-die-deindustrialisierung-unseres-landes-und-die-verarmung-breiter-teile-unserer-bevoelkerung-noch-zu-vermeiden\/","title":{"rendered":"DIE ENERGIEKRISE. SIND DIE DEINDUSTRIALISIERUNG UNSERES LANDES UND DIE VERARMUNG BREITER TEILE UNSERER BEV\u00d6LKERUNG NOCH ZU VERMEIDEN ?"},"content":{"rendered":"\n<p><strong>REITAG, 14. OKTOBER, 19 UHR 30, Festsaal des Rathauses Pfaffenhofen, Hauptplatz 1<\/strong><\/p>\n\n\n\n<p><strong>REFERENT: KLAUS ERNST, MdB, VORSITZENDER DES BUNDESTAGSAUSSCHUSSES F\u00dcR KLIMASCHUTZ UND ENERGIE<\/strong><\/p>\n\n\n\n<p>Liebe Freunde,<\/p>\n\n\n\n<p>die Folgen der Wirtschaftssanktionen gegen Russland und der Verzicht auf kosteng\u00fcnstige russische Energie werden immer sp\u00fcrbarer:<\/p>\n\n\n\n<p>Die Energiepreise sind im September 2022 verglichen zum Vorjahresmonat um 43,9% gestiegen. Immer mehr unserer B\u00fcrger k\u00f6nnen ihre hohen Gasabschl\u00e4ge und Energierechnungen nicht mehr bezahlen. Die Preise f\u00fcr Nahrungsmittel stiegen im gleichen Zeitraum um 18,7%. Insbesondere Geringverdienern, Rentnern, alleinerziehende M\u00fctter, Hartz-IV &#8211; Empf\u00e4ngern droht bitterste Armut.<\/p>\n\n\n\n<p>Mittlerweile muss unsere Industrie im Gro\u00dfhandel f\u00fcr 2023 einen 8-fach h\u00f6heren Gaspreis als ihre Konkurrenten in den USA zahlen. Sie verliert damit ihre Konkurrenzf\u00e4higkeit. Stark betroffen sind die energieintensiven Unternehmen der Metallbranche, der Chemieindustrie, D\u00fcngemittelhersteller und Grundstoffindustrien wie \u00d6l, Glas, Keramik und Papier. Millionen Arbeitspl\u00e4tze in der Industrie, im Mittelstand und Dienstleistungssektor sind gef\u00e4hrdet.<\/p>\n\n\n\n<p>Unser Referent:<\/p>\n\n\n\n<figure class=\"wp-block-image\"><img loading=\"lazy\" decoding=\"async\" width=\"1707\" height=\"2560\" src=\"https:\/\/i1.wp.com\/www.freundschaft-mit-valjevo.de\/wordpress\/wp-content\/uploads\/2022\/10\/Klaus-Ernst-1.jpg?fit=700%2C1050\" alt=\"\" class=\"wp-image-2062\" srcset=\"https:\/\/www.freundschaft-mit-valjevo.de\/wordpress\/wp-content\/uploads\/2022\/10\/Klaus-Ernst-1.jpg 1707w, https:\/\/www.freundschaft-mit-valjevo.de\/wordpress\/wp-content\/uploads\/2022\/10\/Klaus-Ernst-1-200x300.jpg 200w, https:\/\/www.freundschaft-mit-valjevo.de\/wordpress\/wp-content\/uploads\/2022\/10\/Klaus-Ernst-1-768x1152.jpg 768w, https:\/\/www.freundschaft-mit-valjevo.de\/wordpress\/wp-content\/uploads\/2022\/10\/Klaus-Ernst-1-700x1050.jpg 700w\" sizes=\"auto, (max-width: 1707px) 100vw, 1707px\" \/><figcaption><strong>Klaus Ernst<\/strong><\/figcaption><\/figure>\n\n\n\n<p>Klaus Ernst wurde 1954 in M\u00fcnchen geboren. Er hat eine Ausbildung zum Elektromechaniker gemacht und sp\u00e4ter sein Studium als Diplom-Volkswirt und Sozial\u00f6konom\u00a0 abgeschlossen. Von 1995-2010 arbeitete er als gew\u00e4hlter 1. Bevollm\u00e4chtigter der IG Metall in der Industriestadt Schweinfurt. Seit 2005 Mitglied des Deutschen Bundestages leitete er seit Februar 2018 als Vorsitzender den Bundestagsausschuss f\u00fcr Wirtschaft und Energie und seit Dezember 2021 den Bundestagsausschuss f\u00fcr Klimaschutz und Energie.<\/p>\n","protected":false},"excerpt":{"rendered":"<p>REITAG, 14. OKTOBER, 19 UHR 30, Festsaal des Rathauses Pfaffenhofen, Hauptplatz 1 REFERENT: KLAUS ERNST, MdB, VORSITZENDER DES BUNDESTAGSAUSSCHUSSES F\u00dcR KLIMASCHUTZ UND ENERGIE Liebe Freunde,&#8230;<\/p>\n<div class=\"more-link-wrapper\"><a class=\"more-link\" href=\"https:\/\/www.freundschaft-mit-valjevo.de\/wordpress\/die-energiekrise-sind-die-deindustrialisierung-unseres-landes-und-die-verarmung-breiter-teile-unserer-bevoelkerung-noch-zu-vermeiden\/\">Weiterlesen<span class=\"screen-reader-text\">DIE ENERGIEKRISE. SIND DIE DEINDUSTRIALISIERUNG UNSERES LANDES UND DIE VERARMUNG BREITER TEILE UNSERER BEV\u00d6LKERUNG NOCH ZU VERMEIDEN ?<\/span><\/a><\/div>\n","protected":false},"author":2,"featured_media":0,"comment_status":"closed","ping_status":"closed","sticky":false,"template":"","format":"standard","meta":{"footnotes":""},"categories":[1],"tags":[],"class_list":["post-2061","post","type-post","status-publish","format-standard","hentry","category-allgemein","entry"],"yoast_head":"<!-- This site is optimized with the Yoast SEO plugin v27.4 - https:\/\/yoast.com\/product\/yoast-seo-wordpress\/ -->\n<title>DIE ENERGIEKRISE. SIND DIE DEINDUSTRIALISIERUNG UNSERES LANDES UND DIE VERARMUNG BREITER TEILE UNSERER BEV\u00d6LKERUNG NOCH ZU VERMEIDEN ? - Freundschaft mit Valjevo e.V.<\/title>\n<meta name=\"robots\" content=\"index, follow, max-snippet:-1, max-image-preview:large, max-video-preview:-1\" \/>\n<link rel=\"canonical\" href=\"https:\/\/www.freundschaft-mit-valjevo.de\/wordpress\/die-energiekrise-sind-die-deindustrialisierung-unseres-landes-und-die-verarmung-breiter-teile-unserer-bevoelkerung-noch-zu-vermeiden\/\" \/>\n<meta property=\"og:locale\" content=\"de_DE\" \/>\n<meta property=\"og:type\" content=\"article\" \/>\n<meta property=\"og:title\" content=\"DIE ENERGIEKRISE. SIND DIE DEINDUSTRIALISIERUNG UNSERES LANDES UND DIE VERARMUNG BREITER TEILE UNSERER BEV\u00d6LKERUNG NOCH ZU VERMEIDEN ? - Freundschaft mit Valjevo e.V.\" \/>\n<meta property=\"og:description\" content=\"REITAG, 14. OKTOBER, 19 UHR 30, Festsaal des Rathauses Pfaffenhofen, Hauptplatz 1 REFERENT: KLAUS ERNST, MdB, VORSITZENDER DES BUNDESTAGSAUSSCHUSSES F\u00dcR KLIMASCHUTZ UND ENERGIE Liebe Freunde,&#8230;\" \/>\n<meta property=\"og:url\" content=\"https:\/\/www.freundschaft-mit-valjevo.de\/wordpress\/die-energiekrise-sind-die-deindustrialisierung-unseres-landes-und-die-verarmung-breiter-teile-unserer-bevoelkerung-noch-zu-vermeiden\/\" \/>\n<meta property=\"og:site_name\" content=\"Freundschaft mit Valjevo e.V.\" \/>\n<meta property=\"article:published_time\" content=\"2022-10-12T08:14:56+00:00\" \/>\n<meta property=\"article:modified_time\" content=\"2022-10-12T08:15:28+00:00\" \/>\n<meta property=\"og:image\" content=\"https:\/\/i1.wp.com\/www.freundschaft-mit-valjevo.de\/wordpress\/wp-content\/uploads\/2022\/10\/Klaus-Ernst-1.jpg?fit=700%2C1050\" \/>\n<meta name=\"author\" content=\"admin-z\" \/>\n<meta name=\"twitter:card\" content=\"summary_large_image\" \/>\n<meta name=\"twitter:label1\" content=\"Verfasst von\" \/>\n\t<meta name=\"twitter:data1\" content=\"admin-z\" \/>\n\t<meta name=\"twitter:label2\" content=\"Gesch\u00e4tzte Lesezeit\" \/>\n\t<meta name=\"twitter:data2\" content=\"1\u00a0Minute\" \/>\n<script type=\"application\/ld+json\" class=\"yoast-schema-graph\">{\"@context\":\"https:\\\/\\\/schema.org\",\"@graph\":[{\"@type\":\"Article\",\"@id\":\"https:\\\/\\\/www.freundschaft-mit-valjevo.de\\\/wordpress\\\/die-energiekrise-sind-die-deindustrialisierung-unseres-landes-und-die-verarmung-breiter-teile-unserer-bevoelkerung-noch-zu-vermeiden\\\/#article\",\"isPartOf\":{\"@id\":\"https:\\\/\\\/www.freundschaft-mit-valjevo.de\\\/wordpress\\\/die-energiekrise-sind-die-deindustrialisierung-unseres-landes-und-die-verarmung-breiter-teile-unserer-bevoelkerung-noch-zu-vermeiden\\\/\"},\"author\":{\"name\":\"admin-z\",\"@id\":\"https:\\\/\\\/www.freundschaft-mit-valjevo.de\\\/wordpress\\\/#\\\/schema\\\/person\\\/4fbd0cc7a0227a72529b76aeed6571e4\"},\"headline\":\"DIE ENERGIEKRISE. SIND DIE DEINDUSTRIALISIERUNG UNSERES LANDES UND DIE VERARMUNG BREITER TEILE UNSERER BEV\u00d6LKERUNG NOCH ZU VERMEIDEN ?\",\"datePublished\":\"2022-10-12T08:14:56+00:00\",\"dateModified\":\"2022-10-12T08:15:28+00:00\",\"mainEntityOfPage\":{\"@id\":\"https:\\\/\\\/www.freundschaft-mit-valjevo.de\\\/wordpress\\\/die-energiekrise-sind-die-deindustrialisierung-unseres-landes-und-die-verarmung-breiter-teile-unserer-bevoelkerung-noch-zu-vermeiden\\\/\"},\"wordCount\":240,\"image\":{\"@id\":\"https:\\\/\\\/www.freundschaft-mit-valjevo.de\\\/wordpress\\\/die-energiekrise-sind-die-deindustrialisierung-unseres-landes-und-die-verarmung-breiter-teile-unserer-bevoelkerung-noch-zu-vermeiden\\\/#primaryimage\"},\"thumbnailUrl\":\"https:\\\/\\\/i1.wp.com\\\/www.freundschaft-mit-valjevo.de\\\/wordpress\\\/wp-content\\\/uploads\\\/2022\\\/10\\\/Klaus-Ernst-1.jpg?fit=700%2C1050\",\"inLanguage\":\"de\"},{\"@type\":\"WebPage\",\"@id\":\"https:\\\/\\\/www.freundschaft-mit-valjevo.de\\\/wordpress\\\/die-energiekrise-sind-die-deindustrialisierung-unseres-landes-und-die-verarmung-breiter-teile-unserer-bevoelkerung-noch-zu-vermeiden\\\/\",\"url\":\"https:\\\/\\\/www.freundschaft-mit-valjevo.de\\\/wordpress\\\/die-energiekrise-sind-die-deindustrialisierung-unseres-landes-und-die-verarmung-breiter-teile-unserer-bevoelkerung-noch-zu-vermeiden\\\/\",\"name\":\"DIE ENERGIEKRISE. SIND DIE DEINDUSTRIALISIERUNG UNSERES LANDES UND DIE VERARMUNG BREITER TEILE UNSERER BEV\u00d6LKERUNG NOCH ZU VERMEIDEN ? - Freundschaft mit Valjevo e.V.\",\"isPartOf\":{\"@id\":\"https:\\\/\\\/www.freundschaft-mit-valjevo.de\\\/wordpress\\\/#website\"},\"primaryImageOfPage\":{\"@id\":\"https:\\\/\\\/www.freundschaft-mit-valjevo.de\\\/wordpress\\\/die-energiekrise-sind-die-deindustrialisierung-unseres-landes-und-die-verarmung-breiter-teile-unserer-bevoelkerung-noch-zu-vermeiden\\\/#primaryimage\"},\"image\":{\"@id\":\"https:\\\/\\\/www.freundschaft-mit-valjevo.de\\\/wordpress\\\/die-energiekrise-sind-die-deindustrialisierung-unseres-landes-und-die-verarmung-breiter-teile-unserer-bevoelkerung-noch-zu-vermeiden\\\/#primaryimage\"},\"thumbnailUrl\":\"https:\\\/\\\/i1.wp.com\\\/www.freundschaft-mit-valjevo.de\\\/wordpress\\\/wp-content\\\/uploads\\\/2022\\\/10\\\/Klaus-Ernst-1.jpg?fit=700%2C1050\",\"datePublished\":\"2022-10-12T08:14:56+00:00\",\"dateModified\":\"2022-10-12T08:15:28+00:00\",\"author\":{\"@id\":\"https:\\\/\\\/www.freundschaft-mit-valjevo.de\\\/wordpress\\\/#\\\/schema\\\/person\\\/4fbd0cc7a0227a72529b76aeed6571e4\"},\"breadcrumb\":{\"@id\":\"https:\\\/\\\/www.freundschaft-mit-valjevo.de\\\/wordpress\\\/die-energiekrise-sind-die-deindustrialisierung-unseres-landes-und-die-verarmung-breiter-teile-unserer-bevoelkerung-noch-zu-vermeiden\\\/#breadcrumb\"},\"inLanguage\":\"de\",\"potentialAction\":[{\"@type\":\"ReadAction\",\"target\":[\"https:\\\/\\\/www.freundschaft-mit-valjevo.de\\\/wordpress\\\/die-energiekrise-sind-die-deindustrialisierung-unseres-landes-und-die-verarmung-breiter-teile-unserer-bevoelkerung-noch-zu-vermeiden\\\/\"]}]},{\"@type\":\"ImageObject\",\"inLanguage\":\"de\",\"@id\":\"https:\\\/\\\/www.freundschaft-mit-valjevo.de\\\/wordpress\\\/die-energiekrise-sind-die-deindustrialisierung-unseres-landes-und-die-verarmung-breiter-teile-unserer-bevoelkerung-noch-zu-vermeiden\\\/#primaryimage\",\"url\":\"https:\\\/\\\/i1.wp.com\\\/www.freundschaft-mit-valjevo.de\\\/wordpress\\\/wp-content\\\/uploads\\\/2022\\\/10\\\/Klaus-Ernst-1.jpg?fit=700%2C1050\",\"contentUrl\":\"https:\\\/\\\/i1.wp.com\\\/www.freundschaft-mit-valjevo.de\\\/wordpress\\\/wp-content\\\/uploads\\\/2022\\\/10\\\/Klaus-Ernst-1.jpg?fit=700%2C1050\"},{\"@type\":\"BreadcrumbList\",\"@id\":\"https:\\\/\\\/www.freundschaft-mit-valjevo.de\\\/wordpress\\\/die-energiekrise-sind-die-deindustrialisierung-unseres-landes-und-die-verarmung-breiter-teile-unserer-bevoelkerung-noch-zu-vermeiden\\\/#breadcrumb\",\"itemListElement\":[{\"@type\":\"ListItem\",\"position\":1,\"name\":\"Startseite\",\"item\":\"https:\\\/\\\/www.freundschaft-mit-valjevo.de\\\/wordpress\\\/\"},{\"@type\":\"ListItem\",\"position\":2,\"name\":\"DIE ENERGIEKRISE. SIND DIE DEINDUSTRIALISIERUNG UNSERES LANDES UND DIE VERARMUNG BREITER TEILE UNSERER BEV\u00d6LKERUNG NOCH ZU VERMEIDEN ?\"}]},{\"@type\":\"WebSite\",\"@id\":\"https:\\\/\\\/www.freundschaft-mit-valjevo.de\\\/wordpress\\\/#website\",\"url\":\"https:\\\/\\\/www.freundschaft-mit-valjevo.de\\\/wordpress\\\/\",\"name\":\"Freundschaft mit Valjevo e.V.\",\"description\":\"F\u00fcr Frieden, Freundschaft und V\u00f6lkerverst\u00e4ndigung\",\"potentialAction\":[{\"@type\":\"SearchAction\",\"target\":{\"@type\":\"EntryPoint\",\"urlTemplate\":\"https:\\\/\\\/www.freundschaft-mit-valjevo.de\\\/wordpress\\\/?s={search_term_string}\"},\"query-input\":{\"@type\":\"PropertyValueSpecification\",\"valueRequired\":true,\"valueName\":\"search_term_string\"}}],\"inLanguage\":\"de\"},{\"@type\":\"Person\",\"@id\":\"https:\\\/\\\/www.freundschaft-mit-valjevo.de\\\/wordpress\\\/#\\\/schema\\\/person\\\/4fbd0cc7a0227a72529b76aeed6571e4\",\"name\":\"admin-z\",\"image\":{\"@type\":\"ImageObject\",\"inLanguage\":\"de\",\"@id\":\"https:\\\/\\\/secure.gravatar.com\\\/avatar\\\/e180e5c39bf8c56d773eb854294072b2fec4a0a0f052f70a3cdaf696f943716d?s=96&d=mm&r=g\",\"url\":\"https:\\\/\\\/secure.gravatar.com\\\/avatar\\\/e180e5c39bf8c56d773eb854294072b2fec4a0a0f052f70a3cdaf696f943716d?s=96&d=mm&r=g\",\"contentUrl\":\"https:\\\/\\\/secure.gravatar.com\\\/avatar\\\/e180e5c39bf8c56d773eb854294072b2fec4a0a0f052f70a3cdaf696f943716d?s=96&d=mm&r=g\",\"caption\":\"admin-z\"}}]}<\/script>\n<!-- \/ Yoast SEO plugin. -->","yoast_head_json":{"title":"DIE ENERGIEKRISE. SIND DIE DEINDUSTRIALISIERUNG UNSERES LANDES UND DIE VERARMUNG BREITER TEILE UNSERER BEV\u00d6LKERUNG NOCH ZU VERMEIDEN ? - Freundschaft mit Valjevo e.V.","robots":{"index":"index","follow":"follow","max-snippet":"max-snippet:-1","max-image-preview":"max-image-preview:large","max-video-preview":"max-video-preview:-1"},"canonical":"https:\/\/www.freundschaft-mit-valjevo.de\/wordpress\/die-energiekrise-sind-die-deindustrialisierung-unseres-landes-und-die-verarmung-breiter-teile-unserer-bevoelkerung-noch-zu-vermeiden\/","og_locale":"de_DE","og_type":"article","og_title":"DIE ENERGIEKRISE. SIND DIE DEINDUSTRIALISIERUNG UNSERES LANDES UND DIE VERARMUNG BREITER TEILE UNSERER BEV\u00d6LKERUNG NOCH ZU VERMEIDEN ? - Freundschaft mit Valjevo e.V.","og_description":"REITAG, 14. OKTOBER, 19 UHR 30, Festsaal des Rathauses Pfaffenhofen, Hauptplatz 1 REFERENT: KLAUS ERNST, MdB, VORSITZENDER DES BUNDESTAGSAUSSCHUSSES F\u00dcR KLIMASCHUTZ UND ENERGIE Liebe Freunde,&#8230;","og_url":"https:\/\/www.freundschaft-mit-valjevo.de\/wordpress\/die-energiekrise-sind-die-deindustrialisierung-unseres-landes-und-die-verarmung-breiter-teile-unserer-bevoelkerung-noch-zu-vermeiden\/","og_site_name":"Freundschaft mit Valjevo e.V.","article_published_time":"2022-10-12T08:14:56+00:00","article_modified_time":"2022-10-12T08:15:28+00:00","og_image":[{"url":"https:\/\/i1.wp.com\/www.freundschaft-mit-valjevo.de\/wordpress\/wp-content\/uploads\/2022\/10\/Klaus-Ernst-1.jpg?fit=700%2C1050","type":"","width":"","height":""}],"author":"admin-z","twitter_card":"summary_large_image","twitter_misc":{"Verfasst von":"admin-z","Gesch\u00e4tzte Lesezeit":"1\u00a0Minute"},"schema":{"@context":"https:\/\/schema.org","@graph":[{"@type":"Article","@id":"https:\/\/www.freundschaft-mit-valjevo.de\/wordpress\/die-energiekrise-sind-die-deindustrialisierung-unseres-landes-und-die-verarmung-breiter-teile-unserer-bevoelkerung-noch-zu-vermeiden\/#article","isPartOf":{"@id":"https:\/\/www.freundschaft-mit-valjevo.de\/wordpress\/die-energiekrise-sind-die-deindustrialisierung-unseres-landes-und-die-verarmung-breiter-teile-unserer-bevoelkerung-noch-zu-vermeiden\/"},"author":{"name":"admin-z","@id":"https:\/\/www.freundschaft-mit-valjevo.de\/wordpress\/#\/schema\/person\/4fbd0cc7a0227a72529b76aeed6571e4"},"headline":"DIE ENERGIEKRISE. SIND DIE DEINDUSTRIALISIERUNG UNSERES LANDES UND DIE VERARMUNG BREITER TEILE UNSERER BEV\u00d6LKERUNG NOCH ZU VERMEIDEN ?","datePublished":"2022-10-12T08:14:56+00:00","dateModified":"2022-10-12T08:15:28+00:00","mainEntityOfPage":{"@id":"https:\/\/www.freundschaft-mit-valjevo.de\/wordpress\/die-energiekrise-sind-die-deindustrialisierung-unseres-landes-und-die-verarmung-breiter-teile-unserer-bevoelkerung-noch-zu-vermeiden\/"},"wordCount":240,"image":{"@id":"https:\/\/www.freundschaft-mit-valjevo.de\/wordpress\/die-energiekrise-sind-die-deindustrialisierung-unseres-landes-und-die-verarmung-breiter-teile-unserer-bevoelkerung-noch-zu-vermeiden\/#primaryimage"},"thumbnailUrl":"https:\/\/i1.wp.com\/www.freundschaft-mit-valjevo.de\/wordpress\/wp-content\/uploads\/2022\/10\/Klaus-Ernst-1.jpg?fit=700%2C1050","inLanguage":"de"},{"@type":"WebPage","@id":"https:\/\/www.freundschaft-mit-valjevo.de\/wordpress\/die-energiekrise-sind-die-deindustrialisierung-unseres-landes-und-die-verarmung-breiter-teile-unserer-bevoelkerung-noch-zu-vermeiden\/","url":"https:\/\/www.freundschaft-mit-valjevo.de\/wordpress\/die-energiekrise-sind-die-deindustrialisierung-unseres-landes-und-die-verarmung-breiter-teile-unserer-bevoelkerung-noch-zu-vermeiden\/","name":"DIE ENERGIEKRISE. SIND DIE DEINDUSTRIALISIERUNG UNSERES LANDES UND DIE VERARMUNG BREITER TEILE UNSERER BEV\u00d6LKERUNG NOCH ZU VERMEIDEN ? - Freundschaft mit Valjevo e.V.","isPartOf":{"@id":"https:\/\/www.freundschaft-mit-valjevo.de\/wordpress\/#website"},"primaryImageOfPage":{"@id":"https:\/\/www.freundschaft-mit-valjevo.de\/wordpress\/die-energiekrise-sind-die-deindustrialisierung-unseres-landes-und-die-verarmung-breiter-teile-unserer-bevoelkerung-noch-zu-vermeiden\/#primaryimage"},"image":{"@id":"https:\/\/www.freundschaft-mit-valjevo.de\/wordpress\/die-energiekrise-sind-die-deindustrialisierung-unseres-landes-und-die-verarmung-breiter-teile-unserer-bevoelkerung-noch-zu-vermeiden\/#primaryimage"},"thumbnailUrl":"https:\/\/i1.wp.com\/www.freundschaft-mit-valjevo.de\/wordpress\/wp-content\/uploads\/2022\/10\/Klaus-Ernst-1.jpg?fit=700%2C1050","datePublished":"2022-10-12T08:14:56+00:00","dateModified":"2022-10-12T08:15:28+00:00","author":{"@id":"https:\/\/www.freundschaft-mit-valjevo.de\/wordpress\/#\/schema\/person\/4fbd0cc7a0227a72529b76aeed6571e4"},"breadcrumb":{"@id":"https:\/\/www.freundschaft-mit-valjevo.de\/wordpress\/die-energiekrise-sind-die-deindustrialisierung-unseres-landes-und-die-verarmung-breiter-teile-unserer-bevoelkerung-noch-zu-vermeiden\/#breadcrumb"},"inLanguage":"de","potentialAction":[{"@type":"ReadAction","target":["https:\/\/www.freundschaft-mit-valjevo.de\/wordpress\/die-energiekrise-sind-die-deindustrialisierung-unseres-landes-und-die-verarmung-breiter-teile-unserer-bevoelkerung-noch-zu-vermeiden\/"]}]},{"@type":"ImageObject","inLanguage":"de","@id":"https:\/\/www.freundschaft-mit-valjevo.de\/wordpress\/die-energiekrise-sind-die-deindustrialisierung-unseres-landes-und-die-verarmung-breiter-teile-unserer-bevoelkerung-noch-zu-vermeiden\/#primaryimage","url":"https:\/\/i1.wp.com\/www.freundschaft-mit-valjevo.de\/wordpress\/wp-content\/uploads\/2022\/10\/Klaus-Ernst-1.jpg?fit=700%2C1050","contentUrl":"https:\/\/i1.wp.com\/www.freundschaft-mit-valjevo.de\/wordpress\/wp-content\/uploads\/2022\/10\/Klaus-Ernst-1.jpg?fit=700%2C1050"},{"@type":"BreadcrumbList","@id":"https:\/\/www.freundschaft-mit-valjevo.de\/wordpress\/die-energiekrise-sind-die-deindustrialisierung-unseres-landes-und-die-verarmung-breiter-teile-unserer-bevoelkerung-noch-zu-vermeiden\/#breadcrumb","itemListElement":[{"@type":"ListItem","position":1,"name":"Startseite","item":"https:\/\/www.freundschaft-mit-valjevo.de\/wordpress\/"},{"@type":"ListItem","position":2,"name":"DIE ENERGIEKRISE. SIND DIE DEINDUSTRIALISIERUNG UNSERES LANDES UND DIE VERARMUNG BREITER TEILE UNSERER BEV\u00d6LKERUNG NOCH ZU VERMEIDEN ?"}]},{"@type":"WebSite","@id":"https:\/\/www.freundschaft-mit-valjevo.de\/wordpress\/#website","url":"https:\/\/www.freundschaft-mit-valjevo.de\/wordpress\/","name":"Freundschaft mit Valjevo e.V.","description":"F\u00fcr Frieden, Freundschaft und V\u00f6lkerverst\u00e4ndigung","potentialAction":[{"@type":"SearchAction","target":{"@type":"EntryPoint","urlTemplate":"https:\/\/www.freundschaft-mit-valjevo.de\/wordpress\/?s={search_term_string}"},"query-input":{"@type":"PropertyValueSpecification","valueRequired":true,"valueName":"search_term_string"}}],"inLanguage":"de"},{"@type":"Person","@id":"https:\/\/www.freundschaft-mit-valjevo.de\/wordpress\/#\/schema\/person\/4fbd0cc7a0227a72529b76aeed6571e4","name":"admin-z","image":{"@type":"ImageObject","inLanguage":"de","@id":"https:\/\/secure.gravatar.com\/avatar\/e180e5c39bf8c56d773eb854294072b2fec4a0a0f052f70a3cdaf696f943716d?s=96&d=mm&r=g","url":"https:\/\/secure.gravatar.com\/avatar\/e180e5c39bf8c56d773eb854294072b2fec4a0a0f052f70a3cdaf696f943716d?s=96&d=mm&r=g","contentUrl":"https:\/\/secure.gravatar.com\/avatar\/e180e5c39bf8c56d773eb854294072b2fec4a0a0f052f70a3cdaf696f943716d?s=96&d=mm&r=g","caption":"admin-z"}}]}},"_links":{"self":[{"href":"https:\/\/www.freundschaft-mit-valjevo.de\/wordpress\/wp-json\/wp\/v2\/posts\/2061","targetHints":{"allow":["GET"]}}],"collection":[{"href":"https:\/\/www.freundschaft-mit-valjevo.de\/wordpress\/wp-json\/wp\/v2\/posts"}],"about":[{"href":"https:\/\/www.freundschaft-mit-valjevo.de\/wordpress\/wp-json\/wp\/v2\/types\/post"}],"author":[{"embeddable":true,"href":"https:\/\/www.freundschaft-mit-valjevo.de\/wordpress\/wp-json\/wp\/v2\/users\/2"}],"replies":[{"embeddable":true,"href":"https:\/\/www.freundschaft-mit-valjevo.de\/wordpress\/wp-json\/wp\/v2\/comments?post=2061"}],"version-history":[{"count":2,"href":"https:\/\/www.freundschaft-mit-valjevo.de\/wordpress\/wp-json\/wp\/v2\/posts\/2061\/revisions"}],"predecessor-version":[{"id":2064,"href":"https:\/\/www.freundschaft-mit-valjevo.de\/wordpress\/wp-json\/wp\/v2\/posts\/2061\/revisions\/2064"}],"wp:attachment":[{"href":"https:\/\/www.freundschaft-mit-valjevo.de\/wordpress\/wp-json\/wp\/v2\/media?parent=2061"}],"wp:term":[{"taxonomy":"category","embeddable":true,"href":"https:\/\/www.freundschaft-mit-valjevo.de\/wordpress\/wp-json\/wp\/v2\/categories?post=2061"},{"taxonomy":"post_tag","embeddable":true,"href":"https:\/\/www.freundschaft-mit-valjevo.de\/wordpress\/wp-json\/wp\/v2\/tags?post=2061"}],"curies":[{"name":"wp","href":"https:\/\/api.w.org\/{rel}","templated":true}]}}