{"id":2066,"date":"2022-10-27T13:27:19","date_gmt":"2022-10-27T13:27:19","guid":{"rendered":"http:\/\/www.freundschaft-mit-valjevo.de\/wordpress\/?p=2066"},"modified":"2022-10-27T13:28:49","modified_gmt":"2022-10-27T13:28:49","slug":"eine-unvergesslich-schoene-woche-in-pfaffenhofen","status":"publish","type":"post","link":"https:\/\/www.freundschaft-mit-valjevo.de\/wordpress\/eine-unvergesslich-schoene-woche-in-pfaffenhofen\/","title":{"rendered":"Eine unvergesslich sch\u00f6ne Woche in Pfaffenhofen"},"content":{"rendered":"\n<p><strong>Sch\u00fclergruppe aus Valjevo begeistert von unserer Stadt<\/strong><\/p>\n\n\n\n<p>In der letzten Septemberwoche hat eine Gruppe von 8 Sch\u00fclerinnen aus der serbischen Stadt Valjevo mit den beiden Deutschlehrerinnen des dortigen Gymnasium Katarina Mirkovic und Ivana Vukovic unsere Stadt besucht. Unser Verein \u201eFreundschaft mit Valjevo e.V.\u201c hatte f\u00fcr sie ein informatives Programm vorbereitet. Untergebracht waren die Jugendlichen w\u00e4hrend ihres 7-t\u00e4gigen Aufenthaltes bei Pfaffenhofener Familien.<\/p>\n\n\n\n<figure class=\"wp-block-image\"><img loading=\"lazy\" decoding=\"async\" width=\"4624\" height=\"2604\" src=\"https:\/\/i0.wp.com\/www.freundschaft-mit-valjevo.de\/wordpress\/wp-content\/uploads\/2022\/10\/sch\u00fclerbesuch-2022-18.jpg?fit=700%2C394\" alt=\"\" class=\"wp-image-2067\" srcset=\"https:\/\/www.freundschaft-mit-valjevo.de\/wordpress\/wp-content\/uploads\/2022\/10\/sch\u00fclerbesuch-2022-18.jpg 4624w, https:\/\/www.freundschaft-mit-valjevo.de\/wordpress\/wp-content\/uploads\/2022\/10\/sch\u00fclerbesuch-2022-18-300x169.jpg 300w, https:\/\/www.freundschaft-mit-valjevo.de\/wordpress\/wp-content\/uploads\/2022\/10\/sch\u00fclerbesuch-2022-18-768x432.jpg 768w, https:\/\/www.freundschaft-mit-valjevo.de\/wordpress\/wp-content\/uploads\/2022\/10\/sch\u00fclerbesuch-2022-18-700x394.jpg 700w\" sizes=\"auto, (max-width: 4624px) 100vw, 4624px\" \/><\/figure>\n\n\n\n<p>Einen Beitrag zur Auss\u00f6hnung, f\u00fcr Verst\u00e4ndigung und Frieden wollten wir unmittelbar nach dem Nato-Krieg gegen Jugoslawien leisten, als wir Anfang Mai 2000 die erste Sch\u00fclergruppe aus Serbien mit einem eigenen Bus nach Pfaffenhofen gebracht haben. Mittlerweile ist f\u00fcr uns\u00a0 eine feste Tradition, jedes Jahr eine Sch\u00fclergruppe aus Valjevo in unsere Stadt einzuladen. Ihr Programm begann am Montag, den 25.9.22\u00a0 mit einem Besuch am Schyren-Gymnasium. Dort konnten sie f\u00fcr einen Vormittag am Unterricht teilnehmen. Darauf folgten einige erholsame Stunden Schwimmen im neugebauten Gerolsbad, die sie nach den Strapazen der Anreise sehr genossen. Wie alle Besucher, die aus dem Ausland nach Bayern kommen, wollten unsere G\u00e4ste auch unsere Landeshauptstadt M\u00fcnchen kennenlernen. Nach einer informativen Stadtf\u00fchrung besuchten die jungen Serbinnen w\u00e4hrend ihrer 2 Tage in M\u00fcnchen das Schloss Nymphenburg mit der ber\u00fchmten Sch\u00f6nheitengalerie von K\u00f6nig Ludwig I., das Museum \u201eMensch und Natur\u201c und das Stadtmuseum mit seiner sehr empfehlenswerten Ausstellung \u201eM\u00fcnchen in der NS-Zeit\u201c. Das \u201eshopping\u201c durfte nicht zu kurz kommen, sind doch gute Textilien und Drogerieartikel nach ihren Aussagen bei uns preisg\u00fcnstiger als in Serbien. <\/p>\n\n\n\n<figure class=\"wp-block-image\"><img loading=\"lazy\" decoding=\"async\" width=\"4896\" height=\"3672\" src=\"https:\/\/i1.wp.com\/www.freundschaft-mit-valjevo.de\/wordpress\/wp-content\/uploads\/2022\/10\/Sch\u00fclerbesuch-2022-13-1.jpg?fit=700%2C525\" alt=\"\" class=\"wp-image-2070\" srcset=\"https:\/\/www.freundschaft-mit-valjevo.de\/wordpress\/wp-content\/uploads\/2022\/10\/Sch\u00fclerbesuch-2022-13-1.jpg 4896w, https:\/\/www.freundschaft-mit-valjevo.de\/wordpress\/wp-content\/uploads\/2022\/10\/Sch\u00fclerbesuch-2022-13-1-300x225.jpg 300w, https:\/\/www.freundschaft-mit-valjevo.de\/wordpress\/wp-content\/uploads\/2022\/10\/Sch\u00fclerbesuch-2022-13-1-768x576.jpg 768w, https:\/\/www.freundschaft-mit-valjevo.de\/wordpress\/wp-content\/uploads\/2022\/10\/Sch\u00fclerbesuch-2022-13-1-700x525.jpg 700w\" sizes=\"auto, (max-width: 4896px) 100vw, 4896px\" \/><\/figure>\n\n\n\n<p>Zum Programm geh\u00f6rte ein Tag in der fr\u00e4nkischen Metropole N\u00fcrnberg mit der Kaiserburg und dem historischen Albrecht-D\u00fcrer Haus. Dort f\u00fchrte sie eine Schauspielerin in der Rolle der Frau des Renaissance-K\u00fcnstlers durch sein Haus, berichtete anschaulich \u00fcber das Leben in einem Haushalt im 16. Jahrhundert und zeigte, mit welchen Mitteln Albrecht D\u00fcrer seine Farben herstellte und seine Werke schuf. F\u00fcr die Sch\u00fclerinnen war es einer der H\u00f6hepunkte ihres Aufenthaltes. Die Themen Gesunde Ern\u00e4hrung, \u00f6kologischer Anbau und Unabh\u00e4ngigkeit in der eigenen Energieversorgung spielen auch in Serbien eine wachsende Bedeutung. Der 500 Hektar gro\u00dfe landwirtschaftliche Betrieb Gut Eichethof in Hohenkammer ist ein bedeutender \u00d6ko-Saatgutvermehrer, besitzt eine moderne Saatgutaufbereitungsanlage, eine leistungsstarke Biogasanlage und betreibt auch Tierhaltung. Bei einer Betriebsf\u00fchrung konnten die jungen Serbinnen bei diesem Vorzeigebetrieb die Arbeitsweise und Vorz\u00fcge der \u00f6kologischen Landwirtschaft kennenlernen. Ein Besuch des Internationalen Kulturgartens mit Stadtrat Manfred \u201eMensch\u201c Mayer und ein Empfang beim 2. B\u00fcrgermeister Roland D\u00f6rfler rundeten das Programm ab.<\/p>\n\n\n\n<p>Bei ihrem Abschied zur\u00fcck nach Serbien waren sich Sch\u00fclerinnen und Lehrerinnen einig: Es waren wundersch\u00f6ne und sehr informative Tage. Ihr ganz besonderer Dank aber galt den Gastfamilien, die ihnen diesen Aufenthalt erm\u00f6glicht und sie liebevoll betreut haben.&nbsp;<br><\/p>\n\n\n\n<p><br><\/p>\n","protected":false},"excerpt":{"rendered":"<p>Sch\u00fclergruppe aus Valjevo begeistert von unserer Stadt In der letzten Septemberwoche hat eine Gruppe von 8 Sch\u00fclerinnen aus der serbischen Stadt Valjevo mit den beiden&#8230;<\/p>\n<div class=\"more-link-wrapper\"><a class=\"more-link\" href=\"https:\/\/www.freundschaft-mit-valjevo.de\/wordpress\/eine-unvergesslich-schoene-woche-in-pfaffenhofen\/\">Weiterlesen<span class=\"screen-reader-text\">Eine unvergesslich sch\u00f6ne Woche in Pfaffenhofen<\/span><\/a><\/div>\n","protected":false},"author":2,"featured_media":0,"comment_status":"closed","ping_status":"closed","sticky":false,"template":"","format":"standard","meta":{"footnotes":""},"categories":[1],"tags":[],"class_list":["post-2066","post","type-post","status-publish","format-standard","hentry","category-allgemein","entry"],"yoast_head":"<!-- This site is optimized with the Yoast SEO plugin v27.4 - https:\/\/yoast.com\/product\/yoast-seo-wordpress\/ -->\n<title>Eine unvergesslich sch\u00f6ne Woche in Pfaffenhofen - Freundschaft mit Valjevo e.V.<\/title>\n<meta name=\"robots\" content=\"index, follow, max-snippet:-1, max-image-preview:large, max-video-preview:-1\" \/>\n<link rel=\"canonical\" href=\"https:\/\/www.freundschaft-mit-valjevo.de\/wordpress\/eine-unvergesslich-schoene-woche-in-pfaffenhofen\/\" \/>\n<meta property=\"og:locale\" content=\"de_DE\" \/>\n<meta property=\"og:type\" content=\"article\" \/>\n<meta property=\"og:title\" content=\"Eine unvergesslich sch\u00f6ne Woche in Pfaffenhofen - Freundschaft mit Valjevo e.V.\" \/>\n<meta property=\"og:description\" content=\"Sch\u00fclergruppe aus Valjevo begeistert von unserer Stadt In der letzten Septemberwoche hat eine Gruppe von 8 Sch\u00fclerinnen aus der serbischen Stadt Valjevo mit den beiden&#8230;\" \/>\n<meta property=\"og:url\" content=\"https:\/\/www.freundschaft-mit-valjevo.de\/wordpress\/eine-unvergesslich-schoene-woche-in-pfaffenhofen\/\" \/>\n<meta property=\"og:site_name\" content=\"Freundschaft mit Valjevo e.V.\" \/>\n<meta property=\"article:published_time\" content=\"2022-10-27T13:27:19+00:00\" \/>\n<meta property=\"article:modified_time\" content=\"2022-10-27T13:28:49+00:00\" \/>\n<meta name=\"author\" content=\"admin-z\" \/>\n<meta name=\"twitter:card\" content=\"summary_large_image\" \/>\n<meta name=\"twitter:label1\" content=\"Verfasst von\" \/>\n\t<meta name=\"twitter:data1\" content=\"admin-z\" \/>\n\t<meta name=\"twitter:label2\" content=\"Gesch\u00e4tzte Lesezeit\" \/>\n\t<meta name=\"twitter:data2\" content=\"2\u00a0Minuten\" \/>\n<script type=\"application\/ld+json\" class=\"yoast-schema-graph\">{\"@context\":\"https:\\\/\\\/schema.org\",\"@graph\":[{\"@type\":\"Article\",\"@id\":\"https:\\\/\\\/www.freundschaft-mit-valjevo.de\\\/wordpress\\\/eine-unvergesslich-schoene-woche-in-pfaffenhofen\\\/#article\",\"isPartOf\":{\"@id\":\"https:\\\/\\\/www.freundschaft-mit-valjevo.de\\\/wordpress\\\/eine-unvergesslich-schoene-woche-in-pfaffenhofen\\\/\"},\"author\":{\"name\":\"admin-z\",\"@id\":\"https:\\\/\\\/www.freundschaft-mit-valjevo.de\\\/wordpress\\\/#\\\/schema\\\/person\\\/4fbd0cc7a0227a72529b76aeed6571e4\"},\"headline\":\"Eine unvergesslich sch\u00f6ne Woche in Pfaffenhofen\",\"datePublished\":\"2022-10-27T13:27:19+00:00\",\"dateModified\":\"2022-10-27T13:28:49+00:00\",\"mainEntityOfPage\":{\"@id\":\"https:\\\/\\\/www.freundschaft-mit-valjevo.de\\\/wordpress\\\/eine-unvergesslich-schoene-woche-in-pfaffenhofen\\\/\"},\"wordCount\":468,\"inLanguage\":\"de\"},{\"@type\":\"WebPage\",\"@id\":\"https:\\\/\\\/www.freundschaft-mit-valjevo.de\\\/wordpress\\\/eine-unvergesslich-schoene-woche-in-pfaffenhofen\\\/\",\"url\":\"https:\\\/\\\/www.freundschaft-mit-valjevo.de\\\/wordpress\\\/eine-unvergesslich-schoene-woche-in-pfaffenhofen\\\/\",\"name\":\"Eine unvergesslich sch\u00f6ne Woche in Pfaffenhofen - Freundschaft mit Valjevo e.V.\",\"isPartOf\":{\"@id\":\"https:\\\/\\\/www.freundschaft-mit-valjevo.de\\\/wordpress\\\/#website\"},\"datePublished\":\"2022-10-27T13:27:19+00:00\",\"dateModified\":\"2022-10-27T13:28:49+00:00\",\"author\":{\"@id\":\"https:\\\/\\\/www.freundschaft-mit-valjevo.de\\\/wordpress\\\/#\\\/schema\\\/person\\\/4fbd0cc7a0227a72529b76aeed6571e4\"},\"breadcrumb\":{\"@id\":\"https:\\\/\\\/www.freundschaft-mit-valjevo.de\\\/wordpress\\\/eine-unvergesslich-schoene-woche-in-pfaffenhofen\\\/#breadcrumb\"},\"inLanguage\":\"de\",\"potentialAction\":[{\"@type\":\"ReadAction\",\"target\":[\"https:\\\/\\\/www.freundschaft-mit-valjevo.de\\\/wordpress\\\/eine-unvergesslich-schoene-woche-in-pfaffenhofen\\\/\"]}]},{\"@type\":\"BreadcrumbList\",\"@id\":\"https:\\\/\\\/www.freundschaft-mit-valjevo.de\\\/wordpress\\\/eine-unvergesslich-schoene-woche-in-pfaffenhofen\\\/#breadcrumb\",\"itemListElement\":[{\"@type\":\"ListItem\",\"position\":1,\"name\":\"Startseite\",\"item\":\"https:\\\/\\\/www.freundschaft-mit-valjevo.de\\\/wordpress\\\/\"},{\"@type\":\"ListItem\",\"position\":2,\"name\":\"Eine unvergesslich sch\u00f6ne Woche in Pfaffenhofen\"}]},{\"@type\":\"WebSite\",\"@id\":\"https:\\\/\\\/www.freundschaft-mit-valjevo.de\\\/wordpress\\\/#website\",\"url\":\"https:\\\/\\\/www.freundschaft-mit-valjevo.de\\\/wordpress\\\/\",\"name\":\"Freundschaft mit Valjevo e.V.\",\"description\":\"F\u00fcr Frieden, Freundschaft und V\u00f6lkerverst\u00e4ndigung\",\"potentialAction\":[{\"@type\":\"SearchAction\",\"target\":{\"@type\":\"EntryPoint\",\"urlTemplate\":\"https:\\\/\\\/www.freundschaft-mit-valjevo.de\\\/wordpress\\\/?s={search_term_string}\"},\"query-input\":{\"@type\":\"PropertyValueSpecification\",\"valueRequired\":true,\"valueName\":\"search_term_string\"}}],\"inLanguage\":\"de\"},{\"@type\":\"Person\",\"@id\":\"https:\\\/\\\/www.freundschaft-mit-valjevo.de\\\/wordpress\\\/#\\\/schema\\\/person\\\/4fbd0cc7a0227a72529b76aeed6571e4\",\"name\":\"admin-z\",\"image\":{\"@type\":\"ImageObject\",\"inLanguage\":\"de\",\"@id\":\"https:\\\/\\\/secure.gravatar.com\\\/avatar\\\/e180e5c39bf8c56d773eb854294072b2fec4a0a0f052f70a3cdaf696f943716d?s=96&d=mm&r=g\",\"url\":\"https:\\\/\\\/secure.gravatar.com\\\/avatar\\\/e180e5c39bf8c56d773eb854294072b2fec4a0a0f052f70a3cdaf696f943716d?s=96&d=mm&r=g\",\"contentUrl\":\"https:\\\/\\\/secure.gravatar.com\\\/avatar\\\/e180e5c39bf8c56d773eb854294072b2fec4a0a0f052f70a3cdaf696f943716d?s=96&d=mm&r=g\",\"caption\":\"admin-z\"}}]}<\/script>\n<!-- \/ Yoast SEO plugin. -->","yoast_head_json":{"title":"Eine unvergesslich sch\u00f6ne Woche in Pfaffenhofen - Freundschaft mit Valjevo e.V.","robots":{"index":"index","follow":"follow","max-snippet":"max-snippet:-1","max-image-preview":"max-image-preview:large","max-video-preview":"max-video-preview:-1"},"canonical":"https:\/\/www.freundschaft-mit-valjevo.de\/wordpress\/eine-unvergesslich-schoene-woche-in-pfaffenhofen\/","og_locale":"de_DE","og_type":"article","og_title":"Eine unvergesslich sch\u00f6ne Woche in Pfaffenhofen - Freundschaft mit Valjevo e.V.","og_description":"Sch\u00fclergruppe aus Valjevo begeistert von unserer Stadt In der letzten Septemberwoche hat eine Gruppe von 8 Sch\u00fclerinnen aus der serbischen Stadt Valjevo mit den beiden&#8230;","og_url":"https:\/\/www.freundschaft-mit-valjevo.de\/wordpress\/eine-unvergesslich-schoene-woche-in-pfaffenhofen\/","og_site_name":"Freundschaft mit Valjevo e.V.","article_published_time":"2022-10-27T13:27:19+00:00","article_modified_time":"2022-10-27T13:28:49+00:00","author":"admin-z","twitter_card":"summary_large_image","twitter_misc":{"Verfasst von":"admin-z","Gesch\u00e4tzte Lesezeit":"2\u00a0Minuten"},"schema":{"@context":"https:\/\/schema.org","@graph":[{"@type":"Article","@id":"https:\/\/www.freundschaft-mit-valjevo.de\/wordpress\/eine-unvergesslich-schoene-woche-in-pfaffenhofen\/#article","isPartOf":{"@id":"https:\/\/www.freundschaft-mit-valjevo.de\/wordpress\/eine-unvergesslich-schoene-woche-in-pfaffenhofen\/"},"author":{"name":"admin-z","@id":"https:\/\/www.freundschaft-mit-valjevo.de\/wordpress\/#\/schema\/person\/4fbd0cc7a0227a72529b76aeed6571e4"},"headline":"Eine unvergesslich sch\u00f6ne Woche in Pfaffenhofen","datePublished":"2022-10-27T13:27:19+00:00","dateModified":"2022-10-27T13:28:49+00:00","mainEntityOfPage":{"@id":"https:\/\/www.freundschaft-mit-valjevo.de\/wordpress\/eine-unvergesslich-schoene-woche-in-pfaffenhofen\/"},"wordCount":468,"inLanguage":"de"},{"@type":"WebPage","@id":"https:\/\/www.freundschaft-mit-valjevo.de\/wordpress\/eine-unvergesslich-schoene-woche-in-pfaffenhofen\/","url":"https:\/\/www.freundschaft-mit-valjevo.de\/wordpress\/eine-unvergesslich-schoene-woche-in-pfaffenhofen\/","name":"Eine unvergesslich sch\u00f6ne Woche in Pfaffenhofen - Freundschaft mit Valjevo e.V.","isPartOf":{"@id":"https:\/\/www.freundschaft-mit-valjevo.de\/wordpress\/#website"},"datePublished":"2022-10-27T13:27:19+00:00","dateModified":"2022-10-27T13:28:49+00:00","author":{"@id":"https:\/\/www.freundschaft-mit-valjevo.de\/wordpress\/#\/schema\/person\/4fbd0cc7a0227a72529b76aeed6571e4"},"breadcrumb":{"@id":"https:\/\/www.freundschaft-mit-valjevo.de\/wordpress\/eine-unvergesslich-schoene-woche-in-pfaffenhofen\/#breadcrumb"},"inLanguage":"de","potentialAction":[{"@type":"ReadAction","target":["https:\/\/www.freundschaft-mit-valjevo.de\/wordpress\/eine-unvergesslich-schoene-woche-in-pfaffenhofen\/"]}]},{"@type":"BreadcrumbList","@id":"https:\/\/www.freundschaft-mit-valjevo.de\/wordpress\/eine-unvergesslich-schoene-woche-in-pfaffenhofen\/#breadcrumb","itemListElement":[{"@type":"ListItem","position":1,"name":"Startseite","item":"https:\/\/www.freundschaft-mit-valjevo.de\/wordpress\/"},{"@type":"ListItem","position":2,"name":"Eine unvergesslich sch\u00f6ne Woche in Pfaffenhofen"}]},{"@type":"WebSite","@id":"https:\/\/www.freundschaft-mit-valjevo.de\/wordpress\/#website","url":"https:\/\/www.freundschaft-mit-valjevo.de\/wordpress\/","name":"Freundschaft mit Valjevo e.V.","description":"F\u00fcr Frieden, Freundschaft und V\u00f6lkerverst\u00e4ndigung","potentialAction":[{"@type":"SearchAction","target":{"@type":"EntryPoint","urlTemplate":"https:\/\/www.freundschaft-mit-valjevo.de\/wordpress\/?s={search_term_string}"},"query-input":{"@type":"PropertyValueSpecification","valueRequired":true,"valueName":"search_term_string"}}],"inLanguage":"de"},{"@type":"Person","@id":"https:\/\/www.freundschaft-mit-valjevo.de\/wordpress\/#\/schema\/person\/4fbd0cc7a0227a72529b76aeed6571e4","name":"admin-z","image":{"@type":"ImageObject","inLanguage":"de","@id":"https:\/\/secure.gravatar.com\/avatar\/e180e5c39bf8c56d773eb854294072b2fec4a0a0f052f70a3cdaf696f943716d?s=96&d=mm&r=g","url":"https:\/\/secure.gravatar.com\/avatar\/e180e5c39bf8c56d773eb854294072b2fec4a0a0f052f70a3cdaf696f943716d?s=96&d=mm&r=g","contentUrl":"https:\/\/secure.gravatar.com\/avatar\/e180e5c39bf8c56d773eb854294072b2fec4a0a0f052f70a3cdaf696f943716d?s=96&d=mm&r=g","caption":"admin-z"}}]}},"_links":{"self":[{"href":"https:\/\/www.freundschaft-mit-valjevo.de\/wordpress\/wp-json\/wp\/v2\/posts\/2066","targetHints":{"allow":["GET"]}}],"collection":[{"href":"https:\/\/www.freundschaft-mit-valjevo.de\/wordpress\/wp-json\/wp\/v2\/posts"}],"about":[{"href":"https:\/\/www.freundschaft-mit-valjevo.de\/wordpress\/wp-json\/wp\/v2\/types\/post"}],"author":[{"embeddable":true,"href":"https:\/\/www.freundschaft-mit-valjevo.de\/wordpress\/wp-json\/wp\/v2\/users\/2"}],"replies":[{"embeddable":true,"href":"https:\/\/www.freundschaft-mit-valjevo.de\/wordpress\/wp-json\/wp\/v2\/comments?post=2066"}],"version-history":[{"count":2,"href":"https:\/\/www.freundschaft-mit-valjevo.de\/wordpress\/wp-json\/wp\/v2\/posts\/2066\/revisions"}],"predecessor-version":[{"id":2071,"href":"https:\/\/www.freundschaft-mit-valjevo.de\/wordpress\/wp-json\/wp\/v2\/posts\/2066\/revisions\/2071"}],"wp:attachment":[{"href":"https:\/\/www.freundschaft-mit-valjevo.de\/wordpress\/wp-json\/wp\/v2\/media?parent=2066"}],"wp:term":[{"taxonomy":"category","embeddable":true,"href":"https:\/\/www.freundschaft-mit-valjevo.de\/wordpress\/wp-json\/wp\/v2\/categories?post=2066"},{"taxonomy":"post_tag","embeddable":true,"href":"https:\/\/www.freundschaft-mit-valjevo.de\/wordpress\/wp-json\/wp\/v2\/tags?post=2066"}],"curies":[{"name":"wp","href":"https:\/\/api.w.org\/{rel}","templated":true}]}}