{"id":2131,"date":"2023-04-03T18:45:50","date_gmt":"2023-04-03T18:45:50","guid":{"rendered":"http:\/\/www.freundschaft-mit-valjevo.de\/wordpress\/?p=2131"},"modified":"2023-04-03T18:46:41","modified_gmt":"2023-04-03T18:46:41","slug":"unsere-medien-in-der-pandemie","status":"publish","type":"post","link":"https:\/\/www.freundschaft-mit-valjevo.de\/wordpress\/unsere-medien-in-der-pandemie\/","title":{"rendered":"Unsere Medien in der Pandemie"},"content":{"rendered":"\n<h3 class=\"wp-block-heading\"><br>Vortrag und Diskussion mit Professor Dr. Michael Meyen, Ludwig-Maximilian-Universit\u00e4t M\u00fcnchen<\/h3>\n\n\n\n<h3 class=\"wp-block-heading\"><br><\/h3>\n\n\n\n<h3 class=\"wp-block-heading\">Dienstag, 18. April, 19 Uhr, im Zentrum f\u00fcr Berufs- und Familienf\u00f6rderung, Rotkreuzstra\u00dfe 2, Pfaffenhofen<\/h3>\n\n\n\n<p>Wir&nbsp;erwarten&nbsp;von den Medien, dass sie unvoreingenommen sachlich informieren und unterschiedliche Sichtweisen gelten lassen. Gerade w\u00e4hrend der Pandemie haben viele B\u00fcrger den Eindruck gewonnen, die Berichterstattung unserer Medien sei v\u00f6llig einseitig. Nur die Bef\u00fcrworter der Ma\u00dfnahmen der Regierung und ihr genehme Wissenschaftler seien zu Wort gekommen. Wissenschaftler mit anderen Auffassungen und gar Gegner&nbsp;einerImpfpflicht und der genbasierten Impfstoffe seien hingegen ausgegrenzt und diffamiert worden. Das Thema der betr\u00e4chtlichen Impfsch\u00e4den werde bis heute nicht aufgearbeitet.<\/p>\n\n\n\n<p>Was ist richtig an diesen Vorw\u00fcrfen? Wer bestimmt, was wir in den Medien zu lesen bekommen? Haben Politik und Wirtschaft unsere Medien in der Hand? Wie frei sind Journalisten in ihrer Berichterstattung? Braucht es Ver\u00e4nderungen in der Medienwelt, und wenn ja, welche?&nbsp;<\/p>\n\n\n<div class=\"wp-block-image\">\n<figure class=\"aligncenter size-large\"><a href=\"https:\/\/www.freundschaft-mit-valjevo.de\/wordpress\/wp-content\/uploads\/2023\/04\/michael-eba2a3fde942a38cf7b71a293176a8f79b8058acab0464adb624db1578aafbf2.jpeg\"><img loading=\"lazy\" decoding=\"async\" width=\"700\" height=\"856\" src=\"https:\/\/www.freundschaft-mit-valjevo.de\/wordpress\/wp-content\/uploads\/2023\/04\/michael-eba2a3fde942a38cf7b71a293176a8f79b8058acab0464adb624db1578aafbf2-700x856.jpeg\" alt=\"\" class=\"wp-image-2132\" srcset=\"https:\/\/www.freundschaft-mit-valjevo.de\/wordpress\/wp-content\/uploads\/2023\/04\/michael-eba2a3fde942a38cf7b71a293176a8f79b8058acab0464adb624db1578aafbf2-700x856.jpeg 700w, https:\/\/www.freundschaft-mit-valjevo.de\/wordpress\/wp-content\/uploads\/2023\/04\/michael-eba2a3fde942a38cf7b71a293176a8f79b8058acab0464adb624db1578aafbf2-245x300.jpeg 245w, https:\/\/www.freundschaft-mit-valjevo.de\/wordpress\/wp-content\/uploads\/2023\/04\/michael-eba2a3fde942a38cf7b71a293176a8f79b8058acab0464adb624db1578aafbf2.jpeg 720w\" sizes=\"auto, (max-width: 700px) 100vw, 700px\" \/><\/a><figcaption class=\"wp-element-caption\">Unser Referent: Michael Meyen<\/figcaption><\/figure>\n<\/div>\n\n\n<p>Michael Meyen hat als Journalist bei der Leipziger Volkszeitung und beim Radio gearbeitet. Seit 2002 ist er Professor f\u00fcr Allgemeine und Systematische Kommunikationswissenschaften an der Ludwig-Maximilian Universit\u00e4t M\u00fcnchen. Michael Meyen ist&nbsp;Autor des Bestsellers \u201eDie PropagandaMatrix\u201c<\/p>\n","protected":false},"excerpt":{"rendered":"<p>Vortrag und Diskussion mit Professor Dr. Michael Meyen, Ludwig-Maximilian-Universit\u00e4t M\u00fcnchen Dienstag, 18. April, 19 Uhr, im Zentrum f\u00fcr Berufs- und Familienf\u00f6rderung, Rotkreuzstra\u00dfe 2, Pfaffenhofen Wir&nbsp;erwarten&nbsp;von&#8230;<\/p>\n<div class=\"more-link-wrapper\"><a class=\"more-link\" href=\"https:\/\/www.freundschaft-mit-valjevo.de\/wordpress\/unsere-medien-in-der-pandemie\/\">Weiterlesen<span class=\"screen-reader-text\">Unsere Medien in der Pandemie<\/span><\/a><\/div>\n","protected":false},"author":2,"featured_media":0,"comment_status":"closed","ping_status":"closed","sticky":false,"template":"","format":"standard","meta":{"footnotes":""},"categories":[1],"tags":[10],"class_list":["post-2131","post","type-post","status-publish","format-standard","hentry","category-allgemein","tag-veranstaltungen","entry"],"yoast_head":"<!-- This site is optimized with the Yoast SEO plugin v27.4 - https:\/\/yoast.com\/product\/yoast-seo-wordpress\/ -->\n<title>Unsere Medien in der Pandemie - Freundschaft mit Valjevo e.V.<\/title>\n<meta name=\"robots\" content=\"index, follow, max-snippet:-1, max-image-preview:large, max-video-preview:-1\" \/>\n<link rel=\"canonical\" href=\"https:\/\/www.freundschaft-mit-valjevo.de\/wordpress\/unsere-medien-in-der-pandemie\/\" \/>\n<meta property=\"og:locale\" content=\"de_DE\" \/>\n<meta property=\"og:type\" content=\"article\" \/>\n<meta property=\"og:title\" content=\"Unsere Medien in der Pandemie - Freundschaft mit Valjevo e.V.\" \/>\n<meta property=\"og:description\" content=\"Vortrag und Diskussion mit Professor Dr. Michael Meyen, Ludwig-Maximilian-Universit\u00e4t M\u00fcnchen Dienstag, 18. April, 19 Uhr, im Zentrum f\u00fcr Berufs- und Familienf\u00f6rderung, Rotkreuzstra\u00dfe 2, Pfaffenhofen Wir&nbsp;erwarten&nbsp;von&#8230;\" \/>\n<meta property=\"og:url\" content=\"https:\/\/www.freundschaft-mit-valjevo.de\/wordpress\/unsere-medien-in-der-pandemie\/\" \/>\n<meta property=\"og:site_name\" content=\"Freundschaft mit Valjevo e.V.\" \/>\n<meta property=\"article:published_time\" content=\"2023-04-03T18:45:50+00:00\" \/>\n<meta property=\"article:modified_time\" content=\"2023-04-03T18:46:41+00:00\" \/>\n<meta property=\"og:image\" content=\"http:\/\/www.freundschaft-mit-valjevo.de\/wordpress\/wp-content\/uploads\/2023\/04\/michael-eba2a3fde942a38cf7b71a293176a8f79b8058acab0464adb624db1578aafbf2-700x856.jpeg\" \/>\n<meta name=\"author\" content=\"admin-z\" \/>\n<meta name=\"twitter:card\" content=\"summary_large_image\" \/>\n<meta name=\"twitter:label1\" content=\"Verfasst von\" \/>\n\t<meta name=\"twitter:data1\" content=\"admin-z\" \/>\n\t<meta name=\"twitter:label2\" content=\"Gesch\u00e4tzte Lesezeit\" \/>\n\t<meta name=\"twitter:data2\" content=\"2\u00a0Minuten\" \/>\n<script type=\"application\/ld+json\" class=\"yoast-schema-graph\">{\"@context\":\"https:\\\/\\\/schema.org\",\"@graph\":[{\"@type\":\"Article\",\"@id\":\"https:\\\/\\\/www.freundschaft-mit-valjevo.de\\\/wordpress\\\/unsere-medien-in-der-pandemie\\\/#article\",\"isPartOf\":{\"@id\":\"https:\\\/\\\/www.freundschaft-mit-valjevo.de\\\/wordpress\\\/unsere-medien-in-der-pandemie\\\/\"},\"author\":{\"name\":\"admin-z\",\"@id\":\"https:\\\/\\\/www.freundschaft-mit-valjevo.de\\\/wordpress\\\/#\\\/schema\\\/person\\\/4fbd0cc7a0227a72529b76aeed6571e4\"},\"headline\":\"Unsere Medien in der Pandemie\",\"datePublished\":\"2023-04-03T18:45:50+00:00\",\"dateModified\":\"2023-04-03T18:46:41+00:00\",\"mainEntityOfPage\":{\"@id\":\"https:\\\/\\\/www.freundschaft-mit-valjevo.de\\\/wordpress\\\/unsere-medien-in-der-pandemie\\\/\"},\"wordCount\":204,\"image\":{\"@id\":\"https:\\\/\\\/www.freundschaft-mit-valjevo.de\\\/wordpress\\\/unsere-medien-in-der-pandemie\\\/#primaryimage\"},\"thumbnailUrl\":\"http:\\\/\\\/www.freundschaft-mit-valjevo.de\\\/wordpress\\\/wp-content\\\/uploads\\\/2023\\\/04\\\/michael-eba2a3fde942a38cf7b71a293176a8f79b8058acab0464adb624db1578aafbf2-700x856.jpeg\",\"keywords\":[\"Veranstaltungen\"],\"inLanguage\":\"de\"},{\"@type\":\"WebPage\",\"@id\":\"https:\\\/\\\/www.freundschaft-mit-valjevo.de\\\/wordpress\\\/unsere-medien-in-der-pandemie\\\/\",\"url\":\"https:\\\/\\\/www.freundschaft-mit-valjevo.de\\\/wordpress\\\/unsere-medien-in-der-pandemie\\\/\",\"name\":\"Unsere Medien in der Pandemie - Freundschaft mit Valjevo e.V.\",\"isPartOf\":{\"@id\":\"https:\\\/\\\/www.freundschaft-mit-valjevo.de\\\/wordpress\\\/#website\"},\"primaryImageOfPage\":{\"@id\":\"https:\\\/\\\/www.freundschaft-mit-valjevo.de\\\/wordpress\\\/unsere-medien-in-der-pandemie\\\/#primaryimage\"},\"image\":{\"@id\":\"https:\\\/\\\/www.freundschaft-mit-valjevo.de\\\/wordpress\\\/unsere-medien-in-der-pandemie\\\/#primaryimage\"},\"thumbnailUrl\":\"http:\\\/\\\/www.freundschaft-mit-valjevo.de\\\/wordpress\\\/wp-content\\\/uploads\\\/2023\\\/04\\\/michael-eba2a3fde942a38cf7b71a293176a8f79b8058acab0464adb624db1578aafbf2-700x856.jpeg\",\"datePublished\":\"2023-04-03T18:45:50+00:00\",\"dateModified\":\"2023-04-03T18:46:41+00:00\",\"author\":{\"@id\":\"https:\\\/\\\/www.freundschaft-mit-valjevo.de\\\/wordpress\\\/#\\\/schema\\\/person\\\/4fbd0cc7a0227a72529b76aeed6571e4\"},\"breadcrumb\":{\"@id\":\"https:\\\/\\\/www.freundschaft-mit-valjevo.de\\\/wordpress\\\/unsere-medien-in-der-pandemie\\\/#breadcrumb\"},\"inLanguage\":\"de\",\"potentialAction\":[{\"@type\":\"ReadAction\",\"target\":[\"https:\\\/\\\/www.freundschaft-mit-valjevo.de\\\/wordpress\\\/unsere-medien-in-der-pandemie\\\/\"]}]},{\"@type\":\"ImageObject\",\"inLanguage\":\"de\",\"@id\":\"https:\\\/\\\/www.freundschaft-mit-valjevo.de\\\/wordpress\\\/unsere-medien-in-der-pandemie\\\/#primaryimage\",\"url\":\"https:\\\/\\\/www.freundschaft-mit-valjevo.de\\\/wordpress\\\/wp-content\\\/uploads\\\/2023\\\/04\\\/michael-eba2a3fde942a38cf7b71a293176a8f79b8058acab0464adb624db1578aafbf2.jpeg\",\"contentUrl\":\"https:\\\/\\\/www.freundschaft-mit-valjevo.de\\\/wordpress\\\/wp-content\\\/uploads\\\/2023\\\/04\\\/michael-eba2a3fde942a38cf7b71a293176a8f79b8058acab0464adb624db1578aafbf2.jpeg\",\"width\":720,\"height\":880},{\"@type\":\"BreadcrumbList\",\"@id\":\"https:\\\/\\\/www.freundschaft-mit-valjevo.de\\\/wordpress\\\/unsere-medien-in-der-pandemie\\\/#breadcrumb\",\"itemListElement\":[{\"@type\":\"ListItem\",\"position\":1,\"name\":\"Startseite\",\"item\":\"https:\\\/\\\/www.freundschaft-mit-valjevo.de\\\/wordpress\\\/\"},{\"@type\":\"ListItem\",\"position\":2,\"name\":\"Unsere Medien in der Pandemie\"}]},{\"@type\":\"WebSite\",\"@id\":\"https:\\\/\\\/www.freundschaft-mit-valjevo.de\\\/wordpress\\\/#website\",\"url\":\"https:\\\/\\\/www.freundschaft-mit-valjevo.de\\\/wordpress\\\/\",\"name\":\"Freundschaft mit Valjevo e.V.\",\"description\":\"F\u00fcr Frieden, Freundschaft und V\u00f6lkerverst\u00e4ndigung\",\"potentialAction\":[{\"@type\":\"SearchAction\",\"target\":{\"@type\":\"EntryPoint\",\"urlTemplate\":\"https:\\\/\\\/www.freundschaft-mit-valjevo.de\\\/wordpress\\\/?s={search_term_string}\"},\"query-input\":{\"@type\":\"PropertyValueSpecification\",\"valueRequired\":true,\"valueName\":\"search_term_string\"}}],\"inLanguage\":\"de\"},{\"@type\":\"Person\",\"@id\":\"https:\\\/\\\/www.freundschaft-mit-valjevo.de\\\/wordpress\\\/#\\\/schema\\\/person\\\/4fbd0cc7a0227a72529b76aeed6571e4\",\"name\":\"admin-z\",\"image\":{\"@type\":\"ImageObject\",\"inLanguage\":\"de\",\"@id\":\"https:\\\/\\\/secure.gravatar.com\\\/avatar\\\/e180e5c39bf8c56d773eb854294072b2fec4a0a0f052f70a3cdaf696f943716d?s=96&d=mm&r=g\",\"url\":\"https:\\\/\\\/secure.gravatar.com\\\/avatar\\\/e180e5c39bf8c56d773eb854294072b2fec4a0a0f052f70a3cdaf696f943716d?s=96&d=mm&r=g\",\"contentUrl\":\"https:\\\/\\\/secure.gravatar.com\\\/avatar\\\/e180e5c39bf8c56d773eb854294072b2fec4a0a0f052f70a3cdaf696f943716d?s=96&d=mm&r=g\",\"caption\":\"admin-z\"}}]}<\/script>\n<!-- \/ Yoast SEO plugin. -->","yoast_head_json":{"title":"Unsere Medien in der Pandemie - Freundschaft mit Valjevo e.V.","robots":{"index":"index","follow":"follow","max-snippet":"max-snippet:-1","max-image-preview":"max-image-preview:large","max-video-preview":"max-video-preview:-1"},"canonical":"https:\/\/www.freundschaft-mit-valjevo.de\/wordpress\/unsere-medien-in-der-pandemie\/","og_locale":"de_DE","og_type":"article","og_title":"Unsere Medien in der Pandemie - Freundschaft mit Valjevo e.V.","og_description":"Vortrag und Diskussion mit Professor Dr. Michael Meyen, Ludwig-Maximilian-Universit\u00e4t M\u00fcnchen Dienstag, 18. April, 19 Uhr, im Zentrum f\u00fcr Berufs- und Familienf\u00f6rderung, Rotkreuzstra\u00dfe 2, Pfaffenhofen Wir&nbsp;erwarten&nbsp;von&#8230;","og_url":"https:\/\/www.freundschaft-mit-valjevo.de\/wordpress\/unsere-medien-in-der-pandemie\/","og_site_name":"Freundschaft mit Valjevo e.V.","article_published_time":"2023-04-03T18:45:50+00:00","article_modified_time":"2023-04-03T18:46:41+00:00","og_image":[{"url":"http:\/\/www.freundschaft-mit-valjevo.de\/wordpress\/wp-content\/uploads\/2023\/04\/michael-eba2a3fde942a38cf7b71a293176a8f79b8058acab0464adb624db1578aafbf2-700x856.jpeg","type":"","width":"","height":""}],"author":"admin-z","twitter_card":"summary_large_image","twitter_misc":{"Verfasst von":"admin-z","Gesch\u00e4tzte Lesezeit":"2\u00a0Minuten"},"schema":{"@context":"https:\/\/schema.org","@graph":[{"@type":"Article","@id":"https:\/\/www.freundschaft-mit-valjevo.de\/wordpress\/unsere-medien-in-der-pandemie\/#article","isPartOf":{"@id":"https:\/\/www.freundschaft-mit-valjevo.de\/wordpress\/unsere-medien-in-der-pandemie\/"},"author":{"name":"admin-z","@id":"https:\/\/www.freundschaft-mit-valjevo.de\/wordpress\/#\/schema\/person\/4fbd0cc7a0227a72529b76aeed6571e4"},"headline":"Unsere Medien in der Pandemie","datePublished":"2023-04-03T18:45:50+00:00","dateModified":"2023-04-03T18:46:41+00:00","mainEntityOfPage":{"@id":"https:\/\/www.freundschaft-mit-valjevo.de\/wordpress\/unsere-medien-in-der-pandemie\/"},"wordCount":204,"image":{"@id":"https:\/\/www.freundschaft-mit-valjevo.de\/wordpress\/unsere-medien-in-der-pandemie\/#primaryimage"},"thumbnailUrl":"http:\/\/www.freundschaft-mit-valjevo.de\/wordpress\/wp-content\/uploads\/2023\/04\/michael-eba2a3fde942a38cf7b71a293176a8f79b8058acab0464adb624db1578aafbf2-700x856.jpeg","keywords":["Veranstaltungen"],"inLanguage":"de"},{"@type":"WebPage","@id":"https:\/\/www.freundschaft-mit-valjevo.de\/wordpress\/unsere-medien-in-der-pandemie\/","url":"https:\/\/www.freundschaft-mit-valjevo.de\/wordpress\/unsere-medien-in-der-pandemie\/","name":"Unsere Medien in der Pandemie - Freundschaft mit Valjevo e.V.","isPartOf":{"@id":"https:\/\/www.freundschaft-mit-valjevo.de\/wordpress\/#website"},"primaryImageOfPage":{"@id":"https:\/\/www.freundschaft-mit-valjevo.de\/wordpress\/unsere-medien-in-der-pandemie\/#primaryimage"},"image":{"@id":"https:\/\/www.freundschaft-mit-valjevo.de\/wordpress\/unsere-medien-in-der-pandemie\/#primaryimage"},"thumbnailUrl":"http:\/\/www.freundschaft-mit-valjevo.de\/wordpress\/wp-content\/uploads\/2023\/04\/michael-eba2a3fde942a38cf7b71a293176a8f79b8058acab0464adb624db1578aafbf2-700x856.jpeg","datePublished":"2023-04-03T18:45:50+00:00","dateModified":"2023-04-03T18:46:41+00:00","author":{"@id":"https:\/\/www.freundschaft-mit-valjevo.de\/wordpress\/#\/schema\/person\/4fbd0cc7a0227a72529b76aeed6571e4"},"breadcrumb":{"@id":"https:\/\/www.freundschaft-mit-valjevo.de\/wordpress\/unsere-medien-in-der-pandemie\/#breadcrumb"},"inLanguage":"de","potentialAction":[{"@type":"ReadAction","target":["https:\/\/www.freundschaft-mit-valjevo.de\/wordpress\/unsere-medien-in-der-pandemie\/"]}]},{"@type":"ImageObject","inLanguage":"de","@id":"https:\/\/www.freundschaft-mit-valjevo.de\/wordpress\/unsere-medien-in-der-pandemie\/#primaryimage","url":"https:\/\/www.freundschaft-mit-valjevo.de\/wordpress\/wp-content\/uploads\/2023\/04\/michael-eba2a3fde942a38cf7b71a293176a8f79b8058acab0464adb624db1578aafbf2.jpeg","contentUrl":"https:\/\/www.freundschaft-mit-valjevo.de\/wordpress\/wp-content\/uploads\/2023\/04\/michael-eba2a3fde942a38cf7b71a293176a8f79b8058acab0464adb624db1578aafbf2.jpeg","width":720,"height":880},{"@type":"BreadcrumbList","@id":"https:\/\/www.freundschaft-mit-valjevo.de\/wordpress\/unsere-medien-in-der-pandemie\/#breadcrumb","itemListElement":[{"@type":"ListItem","position":1,"name":"Startseite","item":"https:\/\/www.freundschaft-mit-valjevo.de\/wordpress\/"},{"@type":"ListItem","position":2,"name":"Unsere Medien in der Pandemie"}]},{"@type":"WebSite","@id":"https:\/\/www.freundschaft-mit-valjevo.de\/wordpress\/#website","url":"https:\/\/www.freundschaft-mit-valjevo.de\/wordpress\/","name":"Freundschaft mit Valjevo e.V.","description":"F\u00fcr Frieden, Freundschaft und V\u00f6lkerverst\u00e4ndigung","potentialAction":[{"@type":"SearchAction","target":{"@type":"EntryPoint","urlTemplate":"https:\/\/www.freundschaft-mit-valjevo.de\/wordpress\/?s={search_term_string}"},"query-input":{"@type":"PropertyValueSpecification","valueRequired":true,"valueName":"search_term_string"}}],"inLanguage":"de"},{"@type":"Person","@id":"https:\/\/www.freundschaft-mit-valjevo.de\/wordpress\/#\/schema\/person\/4fbd0cc7a0227a72529b76aeed6571e4","name":"admin-z","image":{"@type":"ImageObject","inLanguage":"de","@id":"https:\/\/secure.gravatar.com\/avatar\/e180e5c39bf8c56d773eb854294072b2fec4a0a0f052f70a3cdaf696f943716d?s=96&d=mm&r=g","url":"https:\/\/secure.gravatar.com\/avatar\/e180e5c39bf8c56d773eb854294072b2fec4a0a0f052f70a3cdaf696f943716d?s=96&d=mm&r=g","contentUrl":"https:\/\/secure.gravatar.com\/avatar\/e180e5c39bf8c56d773eb854294072b2fec4a0a0f052f70a3cdaf696f943716d?s=96&d=mm&r=g","caption":"admin-z"}}]}},"_links":{"self":[{"href":"https:\/\/www.freundschaft-mit-valjevo.de\/wordpress\/wp-json\/wp\/v2\/posts\/2131","targetHints":{"allow":["GET"]}}],"collection":[{"href":"https:\/\/www.freundschaft-mit-valjevo.de\/wordpress\/wp-json\/wp\/v2\/posts"}],"about":[{"href":"https:\/\/www.freundschaft-mit-valjevo.de\/wordpress\/wp-json\/wp\/v2\/types\/post"}],"author":[{"embeddable":true,"href":"https:\/\/www.freundschaft-mit-valjevo.de\/wordpress\/wp-json\/wp\/v2\/users\/2"}],"replies":[{"embeddable":true,"href":"https:\/\/www.freundschaft-mit-valjevo.de\/wordpress\/wp-json\/wp\/v2\/comments?post=2131"}],"version-history":[{"count":6,"href":"https:\/\/www.freundschaft-mit-valjevo.de\/wordpress\/wp-json\/wp\/v2\/posts\/2131\/revisions"}],"predecessor-version":[{"id":2144,"href":"https:\/\/www.freundschaft-mit-valjevo.de\/wordpress\/wp-json\/wp\/v2\/posts\/2131\/revisions\/2144"}],"wp:attachment":[{"href":"https:\/\/www.freundschaft-mit-valjevo.de\/wordpress\/wp-json\/wp\/v2\/media?parent=2131"}],"wp:term":[{"taxonomy":"category","embeddable":true,"href":"https:\/\/www.freundschaft-mit-valjevo.de\/wordpress\/wp-json\/wp\/v2\/categories?post=2131"},{"taxonomy":"post_tag","embeddable":true,"href":"https:\/\/www.freundschaft-mit-valjevo.de\/wordpress\/wp-json\/wp\/v2\/tags?post=2131"}],"curies":[{"name":"wp","href":"https:\/\/api.w.org\/{rel}","templated":true}]}}