{"id":2139,"date":"2023-04-03T18:42:25","date_gmt":"2023-04-03T18:42:25","guid":{"rendered":"http:\/\/www.freundschaft-mit-valjevo.de\/wordpress\/?p=2139"},"modified":"2023-04-03T18:42:26","modified_gmt":"2023-04-03T18:42:26","slug":"vor-90-jahren-vom-reichstagsbrand-zur-ns-diktatur","status":"publish","type":"post","link":"https:\/\/www.freundschaft-mit-valjevo.de\/wordpress\/vor-90-jahren-vom-reichstagsbrand-zur-ns-diktatur\/","title":{"rendered":"Vor 90 Jahren: Vom Reichstagsbrand zur NS-Diktatur"},"content":{"rendered":"\n<p>Bericht \u00fcber unsere Veranstaltung am 25. Februar mit dem Historiker Dr. Alexander Bahar<\/p>\n\n\n\n<p>Vor 90 Jahren wurde die NS-Diktatur in Deutschland errichtet, vor 80 Jahren musste die deutsche Wehrmacht in Stalingrad kapitulieren. Beide Ereignisse wurden in diesem Jahr in unseren Medien gr\u00f6\u00dftenteils mit Schweigen \u00fcbergangen.<\/p>\n\n\n\n<p>Glaubt man unseren Leitmedien, so war f\u00fcr die Errichtung der NS \u2013 Diktatur die breite Bev\u00f6lkerung verantwortlich, die unkritisch auf den Demagogen Hitler hereingefallen sei. Verschwiegen werden die Rolle von Bankiers und Schwerindustrie, die die NSDAP finanzierten, die staatliche Repression und der weitgehend geduldete Terror der SA gegen die demokratischen Kr\u00e4fte und die Arbeiterbewegung.<\/p>\n\n\n\n<p>Wir hatten deshalb zum Thema \u201eErrichtung der NS-Diktatur 1933\u201c vor 90 Jahren und den \u201eKriminalfall\u201c Reichstagsbrand\u201c den Historiker Dr. Alexander Bahar am 25. Februar zu einer Veranstaltung eingeladen.<\/p>\n\n\n<div class=\"wp-block-image\">\n<figure class=\"aligncenter size-full\"><a href=\"https:\/\/www.freundschaft-mit-valjevo.de\/wordpress\/wp-content\/uploads\/2023\/02\/grafik.png\"><img loading=\"lazy\" decoding=\"async\" width=\"584\" height=\"584\" src=\"https:\/\/www.freundschaft-mit-valjevo.de\/wordpress\/wp-content\/uploads\/2023\/02\/grafik.png\" alt=\"\" class=\"wp-image-2117\" srcset=\"https:\/\/www.freundschaft-mit-valjevo.de\/wordpress\/wp-content\/uploads\/2023\/02\/grafik.png 584w, https:\/\/www.freundschaft-mit-valjevo.de\/wordpress\/wp-content\/uploads\/2023\/02\/grafik-300x300.png 300w, https:\/\/www.freundschaft-mit-valjevo.de\/wordpress\/wp-content\/uploads\/2023\/02\/grafik-150x150.png 150w\" sizes=\"auto, (max-width: 584px) 100vw, 584px\" \/><\/a><figcaption class=\"wp-element-caption\">Dr. Alexander Bahar<\/figcaption><\/figure>\n<\/div>\n\n\n<p>In seinem Vortrag ging Dr. Bahar ausf\u00fchrlich auf zwei Ereignisse ein, die bei der Errichtung der NS-Diktatur eine entscheidende Rolle gespielt haben: Im Juli 1932 hatte der deutschnationale Reichskanzler von Papen das Verbot der SA aufgehoben. Die Unruhen, die durch deren Terror darauf entstanden, nahm Papen zum Anlass, den sozialdemokratischen Regierungschef in Preu\u00dfen Otto Braun abzusetzen. Mit diesem Staatsstreich war Preu\u00dfen, das zwei Drittel des Reiches umfasste, als Machtfaktor zur Verteidigung der Republik ausgeschaltet. Das zweite Ereignis sei der Reichstagsbrand gewesen. Bei den Reichstagswahlen im November 1932 war der Stimmenanteil der NSDAP sp\u00fcrbar auf nur noch 33,1% zur\u00fcckgegangen. Trotzdem hatte Reichspr\u00e4sident Hindenburg am 30.1.33 Hitler zum Reichskanzler ernannt. Eine wichtige Rolle bei seiner Entscheidung habe die Eingabe einflussreicher Industrieller, Bankiers und Gro\u00dfgrundbesitzer an Hindenburg gespielt. Darin hatten sie die \u00dcbertragung der Kanzlerschaft an den \u201eF\u00fchrer der gr\u00f6\u00dften nationalen Gruppe\u201c Hitler gefordert. Sein Programm, Beseitigung der parlamentarischen Demokratie, Vernichtung von SPD und KPD, Aufr\u00fcstung und die Wiederherstellung der milit\u00e4rischen und politischen Vormachtstellung Deutschlands hatte ihre Zustimmung gefunden. Allerdings fehlte der neuen Regierung Hitler\/von Papen die erforderliche Mehrheit im Reichstag f\u00fcr die Umsetzung ihres Programmes. Obwohl die NSDAP aus parteiinternen Untersuchungen wusste, dass sie keinen Stimmenzuwachs erwarten konnte, setzte Hitler erneute Reichtstagswahlen f\u00fcr den 5. M\u00e4rz 1933 an.<\/p>\n\n\n\n<p>Genau eine Woche vorher, in der Nacht vom 27.\/28. Februar, wurde das Reichstagsgeb\u00e4ude an mehreren Stellen angez\u00fcndet. Die NS-Regierung machte daf\u00fcr sofort die Kommunisten verantwortlich. Noch in der gleichen Nacht wurden anhand l\u00e4ngst vorbereiteter Listen Tausende NS-Gegner, Mitglieder von KPD, SPD und b\u00fcrgerlicher Parteien, aber auch bekannte Intellektuelle verhaftet. Mit der Notverordnung \u201ezum Schutz von Volk und Staat\u201c vom 28. Februar wurden gleichzeitig die wichtigsten Grundrechte au\u00dfer Kraft gesetzt, der Rechtsstaat durch ein Terrorregime ersetzt und die ersten KZ errichtet.<\/p>\n\n\n\n<p>Schon damals waren viele Menschen \u00fcberzeugt, dass nicht, wie von den Nazis behauptet, die Kommunisten die Brandstifter waren, sondern die NS-F\u00fchrung die Brandstiftung selbst organisiert hatte, \u00e4hnlich wie 1939 den \u00dcberfall auf den Sender Gleiwitz, mit dem sie den \u00dcberfall auf Polen rechtfertigten. Die nach 1945 zuerst von ehemaligen Gestapo-Mitarbeitern lancierte These, der stark sehbehinderte und von den Nazis hingerichtete holl\u00e4ndische Anarchokommunist Marinus van der Lubbe habe als Einzelt\u00e4ter den Brand gelegt und Hitler und die NS-F\u00fchrung seien vom Reichstagsbrand v\u00f6llig \u00fcberrascht worden, verwies der Referent ins Reich der Legende. Schon die Gutachter in dem vom NS-Regime angestrengten Reichstagsbrandprozess vor dem Leipziger Reichsgericht h\u00e4tten eindrucksvoll nachgewiesen, dass van der Lubbe mit dem von ihm verwendeten Mitteln (Kohleanz\u00fcnder) und der ihm zur Verf\u00fcgung stehenden extrem kurzen Zeit den riesigen Brand unm\u00f6glich allein verursacht haben konnte.<\/p>\n\n\n\n<p>Wie auch von Dr. Bahar seit Jahren gefordert, wurde die Leiche von van der Lubbe jetzt exhumiert und wird aktuell im Klinikum Leipzig auf Drogen untersucht. Vor Gericht hatte der apathisch wirkende van der Lubbe die Tat gestanden. Es gibt die begr\u00fcndete Vermutung, ihm seien damals Drogen verabreicht worden.<\/p>\n\n\n\n<p><strong>Empfohlene Literatur:<\/strong><br>Alexander Bahar: \u201eDer Reichtagsbrand: Geschichte einer Provokation\u201c.<br>Heinz Br\u00e4utigam: \u201eFaschismus an der Macht. Berichte Bilder Dokumente \u00fcber das Jahr 1933. 50 Jahre danach\u201c.<\/p>\n","protected":false},"excerpt":{"rendered":"<p>Bericht \u00fcber unsere Veranstaltung am 25. Februar mit dem Historiker Dr. Alexander Bahar Vor 90 Jahren wurde die NS-Diktatur in Deutschland errichtet, vor 80 Jahren&#8230;<\/p>\n<div class=\"more-link-wrapper\"><a class=\"more-link\" href=\"https:\/\/www.freundschaft-mit-valjevo.de\/wordpress\/vor-90-jahren-vom-reichstagsbrand-zur-ns-diktatur\/\">Weiterlesen<span class=\"screen-reader-text\">Vor 90 Jahren: Vom Reichstagsbrand zur NS-Diktatur<\/span><\/a><\/div>\n","protected":false},"author":2,"featured_media":0,"comment_status":"closed","ping_status":"closed","sticky":false,"template":"","format":"standard","meta":{"footnotes":""},"categories":[1],"tags":[],"class_list":["post-2139","post","type-post","status-publish","format-standard","hentry","category-allgemein","entry"],"yoast_head":"<!-- This site is optimized with the Yoast SEO plugin v27.4 - https:\/\/yoast.com\/product\/yoast-seo-wordpress\/ -->\n<title>Vor 90 Jahren: Vom Reichstagsbrand zur NS-Diktatur - Freundschaft mit Valjevo e.V.<\/title>\n<meta name=\"robots\" content=\"index, follow, max-snippet:-1, max-image-preview:large, max-video-preview:-1\" \/>\n<link rel=\"canonical\" href=\"https:\/\/www.freundschaft-mit-valjevo.de\/wordpress\/vor-90-jahren-vom-reichstagsbrand-zur-ns-diktatur\/\" \/>\n<meta property=\"og:locale\" content=\"de_DE\" \/>\n<meta property=\"og:type\" content=\"article\" \/>\n<meta property=\"og:title\" content=\"Vor 90 Jahren: Vom Reichstagsbrand zur NS-Diktatur - Freundschaft mit Valjevo e.V.\" \/>\n<meta property=\"og:description\" content=\"Bericht \u00fcber unsere Veranstaltung am 25. Februar mit dem Historiker Dr. Alexander Bahar Vor 90 Jahren wurde die NS-Diktatur in Deutschland errichtet, vor 80 Jahren&#8230;\" \/>\n<meta property=\"og:url\" content=\"https:\/\/www.freundschaft-mit-valjevo.de\/wordpress\/vor-90-jahren-vom-reichstagsbrand-zur-ns-diktatur\/\" \/>\n<meta property=\"og:site_name\" content=\"Freundschaft mit Valjevo e.V.\" \/>\n<meta property=\"article:published_time\" content=\"2023-04-03T18:42:25+00:00\" \/>\n<meta property=\"article:modified_time\" content=\"2023-04-03T18:42:26+00:00\" \/>\n<meta property=\"og:image\" content=\"http:\/\/www.freundschaft-mit-valjevo.de\/wordpress\/wp-content\/uploads\/2023\/02\/grafik.png\" \/>\n<meta name=\"author\" content=\"admin-z\" \/>\n<meta name=\"twitter:card\" content=\"summary_large_image\" \/>\n<meta name=\"twitter:label1\" content=\"Verfasst von\" \/>\n\t<meta name=\"twitter:data1\" content=\"admin-z\" \/>\n\t<meta name=\"twitter:label2\" content=\"Gesch\u00e4tzte Lesezeit\" \/>\n\t<meta name=\"twitter:data2\" content=\"4\u00a0Minuten\" \/>\n<script type=\"application\/ld+json\" class=\"yoast-schema-graph\">{\"@context\":\"https:\\\/\\\/schema.org\",\"@graph\":[{\"@type\":\"Article\",\"@id\":\"https:\\\/\\\/www.freundschaft-mit-valjevo.de\\\/wordpress\\\/vor-90-jahren-vom-reichstagsbrand-zur-ns-diktatur\\\/#article\",\"isPartOf\":{\"@id\":\"https:\\\/\\\/www.freundschaft-mit-valjevo.de\\\/wordpress\\\/vor-90-jahren-vom-reichstagsbrand-zur-ns-diktatur\\\/\"},\"author\":{\"name\":\"admin-z\",\"@id\":\"https:\\\/\\\/www.freundschaft-mit-valjevo.de\\\/wordpress\\\/#\\\/schema\\\/person\\\/4fbd0cc7a0227a72529b76aeed6571e4\"},\"headline\":\"Vor 90 Jahren: Vom Reichstagsbrand zur NS-Diktatur\",\"datePublished\":\"2023-04-03T18:42:25+00:00\",\"dateModified\":\"2023-04-03T18:42:26+00:00\",\"mainEntityOfPage\":{\"@id\":\"https:\\\/\\\/www.freundschaft-mit-valjevo.de\\\/wordpress\\\/vor-90-jahren-vom-reichstagsbrand-zur-ns-diktatur\\\/\"},\"wordCount\":647,\"image\":{\"@id\":\"https:\\\/\\\/www.freundschaft-mit-valjevo.de\\\/wordpress\\\/vor-90-jahren-vom-reichstagsbrand-zur-ns-diktatur\\\/#primaryimage\"},\"thumbnailUrl\":\"http:\\\/\\\/www.freundschaft-mit-valjevo.de\\\/wordpress\\\/wp-content\\\/uploads\\\/2023\\\/02\\\/grafik.png\",\"inLanguage\":\"de\"},{\"@type\":\"WebPage\",\"@id\":\"https:\\\/\\\/www.freundschaft-mit-valjevo.de\\\/wordpress\\\/vor-90-jahren-vom-reichstagsbrand-zur-ns-diktatur\\\/\",\"url\":\"https:\\\/\\\/www.freundschaft-mit-valjevo.de\\\/wordpress\\\/vor-90-jahren-vom-reichstagsbrand-zur-ns-diktatur\\\/\",\"name\":\"Vor 90 Jahren: Vom Reichstagsbrand zur NS-Diktatur - Freundschaft mit Valjevo e.V.\",\"isPartOf\":{\"@id\":\"https:\\\/\\\/www.freundschaft-mit-valjevo.de\\\/wordpress\\\/#website\"},\"primaryImageOfPage\":{\"@id\":\"https:\\\/\\\/www.freundschaft-mit-valjevo.de\\\/wordpress\\\/vor-90-jahren-vom-reichstagsbrand-zur-ns-diktatur\\\/#primaryimage\"},\"image\":{\"@id\":\"https:\\\/\\\/www.freundschaft-mit-valjevo.de\\\/wordpress\\\/vor-90-jahren-vom-reichstagsbrand-zur-ns-diktatur\\\/#primaryimage\"},\"thumbnailUrl\":\"http:\\\/\\\/www.freundschaft-mit-valjevo.de\\\/wordpress\\\/wp-content\\\/uploads\\\/2023\\\/02\\\/grafik.png\",\"datePublished\":\"2023-04-03T18:42:25+00:00\",\"dateModified\":\"2023-04-03T18:42:26+00:00\",\"author\":{\"@id\":\"https:\\\/\\\/www.freundschaft-mit-valjevo.de\\\/wordpress\\\/#\\\/schema\\\/person\\\/4fbd0cc7a0227a72529b76aeed6571e4\"},\"breadcrumb\":{\"@id\":\"https:\\\/\\\/www.freundschaft-mit-valjevo.de\\\/wordpress\\\/vor-90-jahren-vom-reichstagsbrand-zur-ns-diktatur\\\/#breadcrumb\"},\"inLanguage\":\"de\",\"potentialAction\":[{\"@type\":\"ReadAction\",\"target\":[\"https:\\\/\\\/www.freundschaft-mit-valjevo.de\\\/wordpress\\\/vor-90-jahren-vom-reichstagsbrand-zur-ns-diktatur\\\/\"]}]},{\"@type\":\"ImageObject\",\"inLanguage\":\"de\",\"@id\":\"https:\\\/\\\/www.freundschaft-mit-valjevo.de\\\/wordpress\\\/vor-90-jahren-vom-reichstagsbrand-zur-ns-diktatur\\\/#primaryimage\",\"url\":\"https:\\\/\\\/www.freundschaft-mit-valjevo.de\\\/wordpress\\\/wp-content\\\/uploads\\\/2023\\\/02\\\/grafik.png\",\"contentUrl\":\"https:\\\/\\\/www.freundschaft-mit-valjevo.de\\\/wordpress\\\/wp-content\\\/uploads\\\/2023\\\/02\\\/grafik.png\",\"width\":584,\"height\":584},{\"@type\":\"BreadcrumbList\",\"@id\":\"https:\\\/\\\/www.freundschaft-mit-valjevo.de\\\/wordpress\\\/vor-90-jahren-vom-reichstagsbrand-zur-ns-diktatur\\\/#breadcrumb\",\"itemListElement\":[{\"@type\":\"ListItem\",\"position\":1,\"name\":\"Startseite\",\"item\":\"https:\\\/\\\/www.freundschaft-mit-valjevo.de\\\/wordpress\\\/\"},{\"@type\":\"ListItem\",\"position\":2,\"name\":\"Vor 90 Jahren: Vom Reichstagsbrand zur NS-Diktatur\"}]},{\"@type\":\"WebSite\",\"@id\":\"https:\\\/\\\/www.freundschaft-mit-valjevo.de\\\/wordpress\\\/#website\",\"url\":\"https:\\\/\\\/www.freundschaft-mit-valjevo.de\\\/wordpress\\\/\",\"name\":\"Freundschaft mit Valjevo e.V.\",\"description\":\"F\u00fcr Frieden, Freundschaft und V\u00f6lkerverst\u00e4ndigung\",\"potentialAction\":[{\"@type\":\"SearchAction\",\"target\":{\"@type\":\"EntryPoint\",\"urlTemplate\":\"https:\\\/\\\/www.freundschaft-mit-valjevo.de\\\/wordpress\\\/?s={search_term_string}\"},\"query-input\":{\"@type\":\"PropertyValueSpecification\",\"valueRequired\":true,\"valueName\":\"search_term_string\"}}],\"inLanguage\":\"de\"},{\"@type\":\"Person\",\"@id\":\"https:\\\/\\\/www.freundschaft-mit-valjevo.de\\\/wordpress\\\/#\\\/schema\\\/person\\\/4fbd0cc7a0227a72529b76aeed6571e4\",\"name\":\"admin-z\",\"image\":{\"@type\":\"ImageObject\",\"inLanguage\":\"de\",\"@id\":\"https:\\\/\\\/secure.gravatar.com\\\/avatar\\\/e180e5c39bf8c56d773eb854294072b2fec4a0a0f052f70a3cdaf696f943716d?s=96&d=mm&r=g\",\"url\":\"https:\\\/\\\/secure.gravatar.com\\\/avatar\\\/e180e5c39bf8c56d773eb854294072b2fec4a0a0f052f70a3cdaf696f943716d?s=96&d=mm&r=g\",\"contentUrl\":\"https:\\\/\\\/secure.gravatar.com\\\/avatar\\\/e180e5c39bf8c56d773eb854294072b2fec4a0a0f052f70a3cdaf696f943716d?s=96&d=mm&r=g\",\"caption\":\"admin-z\"}}]}<\/script>\n<!-- \/ Yoast SEO plugin. -->","yoast_head_json":{"title":"Vor 90 Jahren: Vom Reichstagsbrand zur NS-Diktatur - Freundschaft mit Valjevo e.V.","robots":{"index":"index","follow":"follow","max-snippet":"max-snippet:-1","max-image-preview":"max-image-preview:large","max-video-preview":"max-video-preview:-1"},"canonical":"https:\/\/www.freundschaft-mit-valjevo.de\/wordpress\/vor-90-jahren-vom-reichstagsbrand-zur-ns-diktatur\/","og_locale":"de_DE","og_type":"article","og_title":"Vor 90 Jahren: Vom Reichstagsbrand zur NS-Diktatur - Freundschaft mit Valjevo e.V.","og_description":"Bericht \u00fcber unsere Veranstaltung am 25. Februar mit dem Historiker Dr. Alexander Bahar Vor 90 Jahren wurde die NS-Diktatur in Deutschland errichtet, vor 80 Jahren&#8230;","og_url":"https:\/\/www.freundschaft-mit-valjevo.de\/wordpress\/vor-90-jahren-vom-reichstagsbrand-zur-ns-diktatur\/","og_site_name":"Freundschaft mit Valjevo e.V.","article_published_time":"2023-04-03T18:42:25+00:00","article_modified_time":"2023-04-03T18:42:26+00:00","og_image":[{"url":"http:\/\/www.freundschaft-mit-valjevo.de\/wordpress\/wp-content\/uploads\/2023\/02\/grafik.png","type":"","width":"","height":""}],"author":"admin-z","twitter_card":"summary_large_image","twitter_misc":{"Verfasst von":"admin-z","Gesch\u00e4tzte Lesezeit":"4\u00a0Minuten"},"schema":{"@context":"https:\/\/schema.org","@graph":[{"@type":"Article","@id":"https:\/\/www.freundschaft-mit-valjevo.de\/wordpress\/vor-90-jahren-vom-reichstagsbrand-zur-ns-diktatur\/#article","isPartOf":{"@id":"https:\/\/www.freundschaft-mit-valjevo.de\/wordpress\/vor-90-jahren-vom-reichstagsbrand-zur-ns-diktatur\/"},"author":{"name":"admin-z","@id":"https:\/\/www.freundschaft-mit-valjevo.de\/wordpress\/#\/schema\/person\/4fbd0cc7a0227a72529b76aeed6571e4"},"headline":"Vor 90 Jahren: Vom Reichstagsbrand zur NS-Diktatur","datePublished":"2023-04-03T18:42:25+00:00","dateModified":"2023-04-03T18:42:26+00:00","mainEntityOfPage":{"@id":"https:\/\/www.freundschaft-mit-valjevo.de\/wordpress\/vor-90-jahren-vom-reichstagsbrand-zur-ns-diktatur\/"},"wordCount":647,"image":{"@id":"https:\/\/www.freundschaft-mit-valjevo.de\/wordpress\/vor-90-jahren-vom-reichstagsbrand-zur-ns-diktatur\/#primaryimage"},"thumbnailUrl":"http:\/\/www.freundschaft-mit-valjevo.de\/wordpress\/wp-content\/uploads\/2023\/02\/grafik.png","inLanguage":"de"},{"@type":"WebPage","@id":"https:\/\/www.freundschaft-mit-valjevo.de\/wordpress\/vor-90-jahren-vom-reichstagsbrand-zur-ns-diktatur\/","url":"https:\/\/www.freundschaft-mit-valjevo.de\/wordpress\/vor-90-jahren-vom-reichstagsbrand-zur-ns-diktatur\/","name":"Vor 90 Jahren: Vom Reichstagsbrand zur NS-Diktatur - Freundschaft mit Valjevo e.V.","isPartOf":{"@id":"https:\/\/www.freundschaft-mit-valjevo.de\/wordpress\/#website"},"primaryImageOfPage":{"@id":"https:\/\/www.freundschaft-mit-valjevo.de\/wordpress\/vor-90-jahren-vom-reichstagsbrand-zur-ns-diktatur\/#primaryimage"},"image":{"@id":"https:\/\/www.freundschaft-mit-valjevo.de\/wordpress\/vor-90-jahren-vom-reichstagsbrand-zur-ns-diktatur\/#primaryimage"},"thumbnailUrl":"http:\/\/www.freundschaft-mit-valjevo.de\/wordpress\/wp-content\/uploads\/2023\/02\/grafik.png","datePublished":"2023-04-03T18:42:25+00:00","dateModified":"2023-04-03T18:42:26+00:00","author":{"@id":"https:\/\/www.freundschaft-mit-valjevo.de\/wordpress\/#\/schema\/person\/4fbd0cc7a0227a72529b76aeed6571e4"},"breadcrumb":{"@id":"https:\/\/www.freundschaft-mit-valjevo.de\/wordpress\/vor-90-jahren-vom-reichstagsbrand-zur-ns-diktatur\/#breadcrumb"},"inLanguage":"de","potentialAction":[{"@type":"ReadAction","target":["https:\/\/www.freundschaft-mit-valjevo.de\/wordpress\/vor-90-jahren-vom-reichstagsbrand-zur-ns-diktatur\/"]}]},{"@type":"ImageObject","inLanguage":"de","@id":"https:\/\/www.freundschaft-mit-valjevo.de\/wordpress\/vor-90-jahren-vom-reichstagsbrand-zur-ns-diktatur\/#primaryimage","url":"https:\/\/www.freundschaft-mit-valjevo.de\/wordpress\/wp-content\/uploads\/2023\/02\/grafik.png","contentUrl":"https:\/\/www.freundschaft-mit-valjevo.de\/wordpress\/wp-content\/uploads\/2023\/02\/grafik.png","width":584,"height":584},{"@type":"BreadcrumbList","@id":"https:\/\/www.freundschaft-mit-valjevo.de\/wordpress\/vor-90-jahren-vom-reichstagsbrand-zur-ns-diktatur\/#breadcrumb","itemListElement":[{"@type":"ListItem","position":1,"name":"Startseite","item":"https:\/\/www.freundschaft-mit-valjevo.de\/wordpress\/"},{"@type":"ListItem","position":2,"name":"Vor 90 Jahren: Vom Reichstagsbrand zur NS-Diktatur"}]},{"@type":"WebSite","@id":"https:\/\/www.freundschaft-mit-valjevo.de\/wordpress\/#website","url":"https:\/\/www.freundschaft-mit-valjevo.de\/wordpress\/","name":"Freundschaft mit Valjevo e.V.","description":"F\u00fcr Frieden, Freundschaft und V\u00f6lkerverst\u00e4ndigung","potentialAction":[{"@type":"SearchAction","target":{"@type":"EntryPoint","urlTemplate":"https:\/\/www.freundschaft-mit-valjevo.de\/wordpress\/?s={search_term_string}"},"query-input":{"@type":"PropertyValueSpecification","valueRequired":true,"valueName":"search_term_string"}}],"inLanguage":"de"},{"@type":"Person","@id":"https:\/\/www.freundschaft-mit-valjevo.de\/wordpress\/#\/schema\/person\/4fbd0cc7a0227a72529b76aeed6571e4","name":"admin-z","image":{"@type":"ImageObject","inLanguage":"de","@id":"https:\/\/secure.gravatar.com\/avatar\/e180e5c39bf8c56d773eb854294072b2fec4a0a0f052f70a3cdaf696f943716d?s=96&d=mm&r=g","url":"https:\/\/secure.gravatar.com\/avatar\/e180e5c39bf8c56d773eb854294072b2fec4a0a0f052f70a3cdaf696f943716d?s=96&d=mm&r=g","contentUrl":"https:\/\/secure.gravatar.com\/avatar\/e180e5c39bf8c56d773eb854294072b2fec4a0a0f052f70a3cdaf696f943716d?s=96&d=mm&r=g","caption":"admin-z"}}]}},"_links":{"self":[{"href":"https:\/\/www.freundschaft-mit-valjevo.de\/wordpress\/wp-json\/wp\/v2\/posts\/2139","targetHints":{"allow":["GET"]}}],"collection":[{"href":"https:\/\/www.freundschaft-mit-valjevo.de\/wordpress\/wp-json\/wp\/v2\/posts"}],"about":[{"href":"https:\/\/www.freundschaft-mit-valjevo.de\/wordpress\/wp-json\/wp\/v2\/types\/post"}],"author":[{"embeddable":true,"href":"https:\/\/www.freundschaft-mit-valjevo.de\/wordpress\/wp-json\/wp\/v2\/users\/2"}],"replies":[{"embeddable":true,"href":"https:\/\/www.freundschaft-mit-valjevo.de\/wordpress\/wp-json\/wp\/v2\/comments?post=2139"}],"version-history":[{"count":1,"href":"https:\/\/www.freundschaft-mit-valjevo.de\/wordpress\/wp-json\/wp\/v2\/posts\/2139\/revisions"}],"predecessor-version":[{"id":2140,"href":"https:\/\/www.freundschaft-mit-valjevo.de\/wordpress\/wp-json\/wp\/v2\/posts\/2139\/revisions\/2140"}],"wp:attachment":[{"href":"https:\/\/www.freundschaft-mit-valjevo.de\/wordpress\/wp-json\/wp\/v2\/media?parent=2139"}],"wp:term":[{"taxonomy":"category","embeddable":true,"href":"https:\/\/www.freundschaft-mit-valjevo.de\/wordpress\/wp-json\/wp\/v2\/categories?post=2139"},{"taxonomy":"post_tag","embeddable":true,"href":"https:\/\/www.freundschaft-mit-valjevo.de\/wordpress\/wp-json\/wp\/v2\/tags?post=2139"}],"curies":[{"name":"wp","href":"https:\/\/api.w.org\/{rel}","templated":true}]}}