{"id":2146,"date":"2023-04-12T13:35:30","date_gmt":"2023-04-12T13:35:30","guid":{"rendered":"http:\/\/www.freundschaft-mit-valjevo.de\/wordpress\/?p=2146"},"modified":"2023-04-12T13:35:32","modified_gmt":"2023-04-12T13:35:32","slug":"dank-an-die-leser-der-nachdenkseiten","status":"publish","type":"post","link":"https:\/\/www.freundschaft-mit-valjevo.de\/wordpress\/dank-an-die-leser-der-nachdenkseiten\/","title":{"rendered":"<strong>Dank an die Leser der \u201eNachdenkseiten\u201c\u00a0 \u00a0<\/strong>"},"content":{"rendered":"\n<h2 class=\"wp-block-heading\"><strong>Verzweifelte Lage in Syrien nach dem Erdbeben<\/strong><\/h2>\n\n\n\n<h2 class=\"wp-block-heading\"><strong>25.000 EUR als humanit\u00e4re Hilfe zur Verf\u00fcgung gestellt\u00a0<\/strong><\/h2>\n\n\n\n<p>In Syrien hat das schwere Erdbeben in der Nacht vom 6\/7. Februar 2023 eine Bev\u00f6lkerung getroffen, die seit mehr als einem Jahrzehnt von Krieg und Sanktionen gezeichnet ist und sich in gr\u00f6\u00dfter Not befindet: Es gibt nur 1-2 Stunden am Tag Strom und flie\u00dfendes Wasser,Treibstoff ist rationiert und extrem teuer. Die Lebensmittelpreise haben sich allein in den letzten 12 Monaten verdoppelt. (1) 3,75 Millionen Kinder ben\u00f6tigen Ern\u00e4hrungshilfe, \u00fcber 620.000 von ihnen eiden unter chronischer Unterern\u00e4hrung! (2)&nbsp;<\/p>\n\n\n\n<p>Mittlerweile konnten wir auch dank vieler Spenden von Lesern der \u201eNachdenkseiten\u201c mehr als 25.000 EUR als humanit\u00e4re Hilfe f\u00fcr Erdbebenopfer in der syrischen Gro\u00dfstadt Aleppo zur Verf\u00fcgung stellen. Daf\u00fcr bedanken wir uns\u00a0 ganz herzlich im Namen der Betroffenen.<\/p>\n\n\n<div class=\"wp-block-image\">\n<figure class=\"aligncenter size-large\"><a href=\"https:\/\/www.freundschaft-mit-valjevo.de\/wordpress\/wp-content\/uploads\/2023\/04\/Erdbebenopfer-in-Aleppo-bei-Essenausgabe-1.jpeg\"><img loading=\"lazy\" decoding=\"async\" width=\"700\" height=\"317\" src=\"https:\/\/www.freundschaft-mit-valjevo.de\/wordpress\/wp-content\/uploads\/2023\/04\/Erdbebenopfer-in-Aleppo-bei-Essenausgabe-1-700x317.jpeg\" alt=\"\" class=\"wp-image-2149\" srcset=\"https:\/\/www.freundschaft-mit-valjevo.de\/wordpress\/wp-content\/uploads\/2023\/04\/Erdbebenopfer-in-Aleppo-bei-Essenausgabe-1-700x317.jpeg 700w, https:\/\/www.freundschaft-mit-valjevo.de\/wordpress\/wp-content\/uploads\/2023\/04\/Erdbebenopfer-in-Aleppo-bei-Essenausgabe-1-300x136.jpeg 300w, https:\/\/www.freundschaft-mit-valjevo.de\/wordpress\/wp-content\/uploads\/2023\/04\/Erdbebenopfer-in-Aleppo-bei-Essenausgabe-1-768x348.jpeg 768w, https:\/\/www.freundschaft-mit-valjevo.de\/wordpress\/wp-content\/uploads\/2023\/04\/Erdbebenopfer-in-Aleppo-bei-Essenausgabe-1.jpeg 1171w\" sizes=\"auto, (max-width: 700px) 100vw, 700px\" \/><\/a><figcaption class=\"wp-element-caption\">Essensausgabe f\u00fcr Erdbebenopfer in der Stadt Aleppo<\/figcaption><\/figure>\n<\/div>\n\n\n<p>Das \u201eItalienische Krankenhaus\u201c in Damaskus, mit dem wir seit Jahren zusammenarbeiten, hatte bereits unmittelbar nach dem Erdbeben \u00c4rzte, Medikamente und Hilfsg\u00fcter nach Aleppo geschickt. Dort unterhalten die syrischen Don-Bosco-Schwestern, die dieses Krankenhaus leiten, verschiedene Einrichtungen. Mit den Spendengeldern, die wir zur Verf\u00fcgung konnten, wurden Unterk\u00fcnfte f\u00fcr obdachlos gewordenen Erdbebenopfer angemietet. Viele von ihnen hatten nur noch die Kleidung, die sie am K\u00f6rper trugen. Sie wurden mit neuer Kleidung ausgestattet.<\/p>\n\n\n<div class=\"wp-block-image\">\n<figure class=\"aligncenter size-large\"><a href=\"https:\/\/www.freundschaft-mit-valjevo.de\/wordpress\/wp-content\/uploads\/2023\/04\/Traumata-Aufarbeitung-1-1.jpeg\"><img loading=\"lazy\" decoding=\"async\" width=\"700\" height=\"467\" src=\"https:\/\/www.freundschaft-mit-valjevo.de\/wordpress\/wp-content\/uploads\/2023\/04\/Traumata-Aufarbeitung-1-1-700x467.jpeg\" alt=\"\" class=\"wp-image-2148\" srcset=\"https:\/\/www.freundschaft-mit-valjevo.de\/wordpress\/wp-content\/uploads\/2023\/04\/Traumata-Aufarbeitung-1-1-700x467.jpeg 700w, https:\/\/www.freundschaft-mit-valjevo.de\/wordpress\/wp-content\/uploads\/2023\/04\/Traumata-Aufarbeitung-1-1-300x200.jpeg 300w, https:\/\/www.freundschaft-mit-valjevo.de\/wordpress\/wp-content\/uploads\/2023\/04\/Traumata-Aufarbeitung-1-1-768x512.jpeg 768w, https:\/\/www.freundschaft-mit-valjevo.de\/wordpress\/wp-content\/uploads\/2023\/04\/Traumata-Aufarbeitung-1-1.jpeg 960w\" sizes=\"auto, (max-width: 700px) 100vw, 700px\" \/><\/a><figcaption class=\"wp-element-caption\">Traumata Aufbereitung<\/figcaption><\/figure>\n<\/div>\n\n\n<p>In den Unterk\u00fcnften werden sie regelm\u00e4\u00dfig mit Lebensmitteln versorgt. Das Krankenhaus hat in einem 10 Tageskurs Betreuer f\u00fcr die Traumatherapie ausgebildet. Sie helfen jetzt Kindern, die erlebten Schrecken zu verarbeiten.&nbsp; &nbsp; &nbsp; &nbsp;<\/p>\n\n\n\n<p><strong>SANKTIONEN SIND EINE DER URSACHEN F\u00dcR DIE VIELEN TOTEN<\/strong><\/p>\n\n\n\n<p>Eine der Ursachen, weshalb die Zahl der Toten und Verletzten beim Erdbeben in Syrien so hoch war, sind die Sanktionen von EU und USA. Darauf hat der syrische\u00a0 Arzt Dr. Nabil Antaki aus Aleppo <\/p>\n\n\n<div class=\"wp-block-image\">\n<figure class=\"alignleft size-medium\"><a href=\"https:\/\/www.freundschaft-mit-valjevo.de\/wordpress\/wp-content\/uploads\/2023\/04\/Foerderunterricht-2.jpeg\"><img loading=\"lazy\" decoding=\"async\" width=\"225\" height=\"300\" src=\"https:\/\/www.freundschaft-mit-valjevo.de\/wordpress\/wp-content\/uploads\/2023\/04\/Foerderunterricht-2-225x300.jpeg\" alt=\"\" class=\"wp-image-2150\" srcset=\"https:\/\/www.freundschaft-mit-valjevo.de\/wordpress\/wp-content\/uploads\/2023\/04\/Foerderunterricht-2-225x300.jpeg 225w, https:\/\/www.freundschaft-mit-valjevo.de\/wordpress\/wp-content\/uploads\/2023\/04\/Foerderunterricht-2-700x933.jpeg 700w, https:\/\/www.freundschaft-mit-valjevo.de\/wordpress\/wp-content\/uploads\/2023\/04\/Foerderunterricht-2.jpeg 750w\" sizes=\"auto, (max-width: 225px) 100vw, 225px\" \/><\/a><figcaption class=\"wp-element-caption\">F\u00f6rderunterricht<\/figcaption><\/figure>\n<\/div>\n\n\n<p>ausdr\u00fccklich hingewiesen: Hunderttausende\u00a0 syrischer Familien\u00a0 sind nach wie vor gezwungen, in Geb\u00e4uden zu leben, die im Krieg schwer besch\u00e4digt wurden und deshalb h\u00f6chst bauf\u00e4llig sind. Solche Geb\u00e4ude\u00a0 st\u00fcrzten als erste ein. Ihre Sanierung bzw. ein umfassender Wiederaufbau von Wohngeb\u00e4uden wird durch die Sanktionen seit Jahren verhindert. Aus dem selben Grund fehlten die notwendigen Baumaschinen f\u00fcr eine schnelle Bergung der versch\u00fcttender Menschen. Es fehlte Treibstoff f\u00fcr Rettungsw\u00e4gen, Medikamente und entsprechende medizinischer Ausr\u00fcstung f\u00fcr die Behandlung der Verletzten. Der dringende Appell von Dr. Antaki an uns alle: Druck auf unsere Regierungen auszu\u00fcben, damit die Sanktionen nach 12 Jahren (!) endlich aufgehoben werden. (3) Diese Forderung muss bei den anstehenden Osterm\u00e4rschen einen zentralen Platz erhalten.\u00a0<\/p>\n\n\n\n<p><strong>SYRIEN HAT EINE ZUKUNFT<\/strong><\/p>\n\n\n\n<p>Immer st\u00e4rker l\u00f6sen sich die arabischen Staaten aus ihrer Bevormundung durch die&nbsp; USA und betreiben wieder eine eigenst\u00e4ndige Politik. Das Erdbeben hat es ihnen offensichtlich erleichtert, ihre Beziehungen zu Syrien wieder zu normalisieren und dem Land aus seiner Isolation zu helfen. (4)<\/p>\n\n\n\n<p>Mit Spenden konnten auch wir zu Jahresanfang in Damaskus ein hoffnungsvolles Projekt starten: Einen Erg\u00e4nzungsunterricht f\u00fcr Sch\u00fcler in kleinen Gruppen f\u00fcr Mathematik und jeweils einer Fremdsprache. Daf\u00fcr wurde entsprechendes Unterrichtsmaterial eingekauft und Lehrkr\u00e4fte eingestellt. Mittlerweile nehmen an diesem Erg\u00e4nzungsunterricht bereits 50 Kinder im Alter von 5 und 6 Jahren teil. Geplant ist das Projekt auf 100 Kinder im Alter von 5-10 Jahren auszubauen. Seine Finanzierung ist f\u00fcr dieses Jahr bereits gesichert.<\/p>\n\n\n\n<p>Unsere humanit\u00e4re Arbeit f\u00fcr die syrische Bev\u00f6lkerung kann man mit einer Spende <strong>&nbsp;<\/strong> auf unser Konto bei&nbsp; der Sparkasse Pfaffenhofen unterst\u00fctzen: Freundschaft-mit-Valjevo e.V., IBAN&nbsp; DE06 7215 1650 0008 0119 91. Stichwort \u201eSyrien\u201c. Bei Angabe der Adresse stellen wir den Spendern gerne Best\u00e4tigungen f\u00fcr ihr Finanzamt aus.&nbsp;<\/p>\n\n\n\n<p>1. 12 Jahre Konflikt in Syrien: H\u00e4lfte der Bev\u00f6lkerung leidet Hunger, Erdbeben versch\u00e4rft wirtschaftliche Krise&nbsp;<\/p>\n\n\n\n<figure class=\"wp-block-embed\"><div class=\"wp-block-embed__wrapper\">\nhttps:\/\/de.wfp.org\/pressemitteilungen\/12-jahre-konflikt-syrien-haelfte-der-bevoelkerung-leidet-hunger-erdbeben?_ga=2.216920020.372854077.1680594976-536419952.1679843391\n<\/div><\/figure>\n\n\n\n<p>2. Syrien: UNICEF warnt vor drohender Ern\u00e4hrungskrise<\/p>\n\n\n\n<figure class=\"wp-block-embed\"><div class=\"wp-block-embed__wrapper\">\nhttps:\/\/www.unicef.de\/informieren\/aktuelles\/presse\/-\/unicef-warnt-vor-ernaehrungskrise-in-syrien\/329166\n<\/div><\/figure>\n\n\n\n<p>3.OraproSiria, 18. M\u00e4rz 2023: <a href=\"https:\/\/oraprosiria.blogspot.com\/2023\/03\/lettera-da-aleppo-terremoto-unaltra.html\">Lettera da Aleppo: terremoto, un\u2019altra sfortuna nella tragedia siriana.<\/a><\/p>\n\n\n\n<p>4. German Foreign Poicy, 30.3.2023: Das Scheitern der Umsturzpolitik https:\/\/www.german-foreign-policy.com\/news\/detail\/9208<\/p>\n","protected":false},"excerpt":{"rendered":"<p>Verzweifelte Lage in Syrien nach dem Erdbeben 25.000 EUR als humanit\u00e4re Hilfe zur Verf\u00fcgung gestellt\u00a0 In Syrien hat das schwere Erdbeben in der Nacht vom&#8230;<\/p>\n<div class=\"more-link-wrapper\"><a class=\"more-link\" href=\"https:\/\/www.freundschaft-mit-valjevo.de\/wordpress\/dank-an-die-leser-der-nachdenkseiten\/\">Weiterlesen<span class=\"screen-reader-text\">&lt;strong&gt;Dank an die Leser der \u201eNachdenkseiten\u201c\u00a0 \u00a0&lt;\/strong&gt;<\/span><\/a><\/div>\n","protected":false},"author":2,"featured_media":2147,"comment_status":"closed","ping_status":"closed","sticky":false,"template":"","format":"standard","meta":{"footnotes":""},"categories":[1],"tags":[60,22],"class_list":["post-2146","post","type-post","status-publish","format-standard","has-post-thumbnail","hentry","category-allgemein","tag-humanitare-hilfe","tag-syrien","entry"],"yoast_head":"<!-- This site is optimized with the Yoast SEO plugin v27.4 - https:\/\/yoast.com\/product\/yoast-seo-wordpress\/ -->\n<title>Dank an die Leser der \u201eNachdenkseiten\u201c\u00a0 \u00a0 - Freundschaft mit Valjevo e.V.<\/title>\n<meta name=\"robots\" content=\"index, follow, max-snippet:-1, max-image-preview:large, max-video-preview:-1\" \/>\n<link rel=\"canonical\" href=\"https:\/\/www.freundschaft-mit-valjevo.de\/wordpress\/dank-an-die-leser-der-nachdenkseiten\/\" \/>\n<meta property=\"og:locale\" content=\"de_DE\" \/>\n<meta property=\"og:type\" content=\"article\" \/>\n<meta property=\"og:title\" content=\"Dank an die Leser der \u201eNachdenkseiten\u201c\u00a0 \u00a0 - Freundschaft mit Valjevo e.V.\" \/>\n<meta property=\"og:description\" content=\"Verzweifelte Lage in Syrien nach dem Erdbeben 25.000 EUR als humanit\u00e4re Hilfe zur Verf\u00fcgung gestellt\u00a0 In Syrien hat das schwere Erdbeben in der Nacht vom&#8230;\" \/>\n<meta property=\"og:url\" content=\"https:\/\/www.freundschaft-mit-valjevo.de\/wordpress\/dank-an-die-leser-der-nachdenkseiten\/\" \/>\n<meta property=\"og:site_name\" content=\"Freundschaft mit Valjevo e.V.\" \/>\n<meta property=\"article:published_time\" content=\"2023-04-12T13:35:30+00:00\" \/>\n<meta property=\"article:modified_time\" content=\"2023-04-12T13:35:32+00:00\" \/>\n<meta property=\"og:image\" content=\"https:\/\/www.freundschaft-mit-valjevo.de\/wordpress\/wp-content\/uploads\/2023\/04\/Traumata-Aufarbeitung-.jpeg\" \/>\n\t<meta property=\"og:image:width\" content=\"960\" \/>\n\t<meta property=\"og:image:height\" content=\"640\" \/>\n\t<meta property=\"og:image:type\" content=\"image\/jpeg\" \/>\n<meta name=\"author\" content=\"admin-z\" \/>\n<meta name=\"twitter:card\" content=\"summary_large_image\" \/>\n<meta name=\"twitter:label1\" content=\"Verfasst von\" \/>\n\t<meta name=\"twitter:data1\" content=\"admin-z\" \/>\n\t<meta name=\"twitter:label2\" content=\"Gesch\u00e4tzte Lesezeit\" \/>\n\t<meta name=\"twitter:data2\" content=\"4\u00a0Minuten\" \/>\n<script type=\"application\/ld+json\" class=\"yoast-schema-graph\">{\"@context\":\"https:\\\/\\\/schema.org\",\"@graph\":[{\"@type\":\"Article\",\"@id\":\"https:\\\/\\\/www.freundschaft-mit-valjevo.de\\\/wordpress\\\/dank-an-die-leser-der-nachdenkseiten\\\/#article\",\"isPartOf\":{\"@id\":\"https:\\\/\\\/www.freundschaft-mit-valjevo.de\\\/wordpress\\\/dank-an-die-leser-der-nachdenkseiten\\\/\"},\"author\":{\"name\":\"admin-z\",\"@id\":\"https:\\\/\\\/www.freundschaft-mit-valjevo.de\\\/wordpress\\\/#\\\/schema\\\/person\\\/4fbd0cc7a0227a72529b76aeed6571e4\"},\"headline\":\"Dank an die Leser der \u201eNachdenkseiten\u201c\u00a0 \u00a0\",\"datePublished\":\"2023-04-12T13:35:30+00:00\",\"dateModified\":\"2023-04-12T13:35:32+00:00\",\"mainEntityOfPage\":{\"@id\":\"https:\\\/\\\/www.freundschaft-mit-valjevo.de\\\/wordpress\\\/dank-an-die-leser-der-nachdenkseiten\\\/\"},\"wordCount\":674,\"image\":{\"@id\":\"https:\\\/\\\/www.freundschaft-mit-valjevo.de\\\/wordpress\\\/dank-an-die-leser-der-nachdenkseiten\\\/#primaryimage\"},\"thumbnailUrl\":\"https:\\\/\\\/www.freundschaft-mit-valjevo.de\\\/wordpress\\\/wp-content\\\/uploads\\\/2023\\\/04\\\/Traumata-Aufarbeitung-.jpeg\",\"keywords\":[\"Humanit\u00e4re Hilfe\",\"Syrien\"],\"inLanguage\":\"de\"},{\"@type\":\"WebPage\",\"@id\":\"https:\\\/\\\/www.freundschaft-mit-valjevo.de\\\/wordpress\\\/dank-an-die-leser-der-nachdenkseiten\\\/\",\"url\":\"https:\\\/\\\/www.freundschaft-mit-valjevo.de\\\/wordpress\\\/dank-an-die-leser-der-nachdenkseiten\\\/\",\"name\":\"Dank an die Leser der \u201eNachdenkseiten\u201c\u00a0 \u00a0 - Freundschaft mit Valjevo e.V.\",\"isPartOf\":{\"@id\":\"https:\\\/\\\/www.freundschaft-mit-valjevo.de\\\/wordpress\\\/#website\"},\"primaryImageOfPage\":{\"@id\":\"https:\\\/\\\/www.freundschaft-mit-valjevo.de\\\/wordpress\\\/dank-an-die-leser-der-nachdenkseiten\\\/#primaryimage\"},\"image\":{\"@id\":\"https:\\\/\\\/www.freundschaft-mit-valjevo.de\\\/wordpress\\\/dank-an-die-leser-der-nachdenkseiten\\\/#primaryimage\"},\"thumbnailUrl\":\"https:\\\/\\\/www.freundschaft-mit-valjevo.de\\\/wordpress\\\/wp-content\\\/uploads\\\/2023\\\/04\\\/Traumata-Aufarbeitung-.jpeg\",\"datePublished\":\"2023-04-12T13:35:30+00:00\",\"dateModified\":\"2023-04-12T13:35:32+00:00\",\"author\":{\"@id\":\"https:\\\/\\\/www.freundschaft-mit-valjevo.de\\\/wordpress\\\/#\\\/schema\\\/person\\\/4fbd0cc7a0227a72529b76aeed6571e4\"},\"breadcrumb\":{\"@id\":\"https:\\\/\\\/www.freundschaft-mit-valjevo.de\\\/wordpress\\\/dank-an-die-leser-der-nachdenkseiten\\\/#breadcrumb\"},\"inLanguage\":\"de\",\"potentialAction\":[{\"@type\":\"ReadAction\",\"target\":[\"https:\\\/\\\/www.freundschaft-mit-valjevo.de\\\/wordpress\\\/dank-an-die-leser-der-nachdenkseiten\\\/\"]}]},{\"@type\":\"ImageObject\",\"inLanguage\":\"de\",\"@id\":\"https:\\\/\\\/www.freundschaft-mit-valjevo.de\\\/wordpress\\\/dank-an-die-leser-der-nachdenkseiten\\\/#primaryimage\",\"url\":\"https:\\\/\\\/www.freundschaft-mit-valjevo.de\\\/wordpress\\\/wp-content\\\/uploads\\\/2023\\\/04\\\/Traumata-Aufarbeitung-.jpeg\",\"contentUrl\":\"https:\\\/\\\/www.freundschaft-mit-valjevo.de\\\/wordpress\\\/wp-content\\\/uploads\\\/2023\\\/04\\\/Traumata-Aufarbeitung-.jpeg\",\"width\":960,\"height\":640},{\"@type\":\"BreadcrumbList\",\"@id\":\"https:\\\/\\\/www.freundschaft-mit-valjevo.de\\\/wordpress\\\/dank-an-die-leser-der-nachdenkseiten\\\/#breadcrumb\",\"itemListElement\":[{\"@type\":\"ListItem\",\"position\":1,\"name\":\"Startseite\",\"item\":\"https:\\\/\\\/www.freundschaft-mit-valjevo.de\\\/wordpress\\\/\"},{\"@type\":\"ListItem\",\"position\":2,\"name\":\"Dank an die Leser der \u201eNachdenkseiten\u201c\u00a0 \u00a0\"}]},{\"@type\":\"WebSite\",\"@id\":\"https:\\\/\\\/www.freundschaft-mit-valjevo.de\\\/wordpress\\\/#website\",\"url\":\"https:\\\/\\\/www.freundschaft-mit-valjevo.de\\\/wordpress\\\/\",\"name\":\"Freundschaft mit Valjevo e.V.\",\"description\":\"F\u00fcr Frieden, Freundschaft und V\u00f6lkerverst\u00e4ndigung\",\"potentialAction\":[{\"@type\":\"SearchAction\",\"target\":{\"@type\":\"EntryPoint\",\"urlTemplate\":\"https:\\\/\\\/www.freundschaft-mit-valjevo.de\\\/wordpress\\\/?s={search_term_string}\"},\"query-input\":{\"@type\":\"PropertyValueSpecification\",\"valueRequired\":true,\"valueName\":\"search_term_string\"}}],\"inLanguage\":\"de\"},{\"@type\":\"Person\",\"@id\":\"https:\\\/\\\/www.freundschaft-mit-valjevo.de\\\/wordpress\\\/#\\\/schema\\\/person\\\/4fbd0cc7a0227a72529b76aeed6571e4\",\"name\":\"admin-z\",\"image\":{\"@type\":\"ImageObject\",\"inLanguage\":\"de\",\"@id\":\"https:\\\/\\\/secure.gravatar.com\\\/avatar\\\/e180e5c39bf8c56d773eb854294072b2fec4a0a0f052f70a3cdaf696f943716d?s=96&d=mm&r=g\",\"url\":\"https:\\\/\\\/secure.gravatar.com\\\/avatar\\\/e180e5c39bf8c56d773eb854294072b2fec4a0a0f052f70a3cdaf696f943716d?s=96&d=mm&r=g\",\"contentUrl\":\"https:\\\/\\\/secure.gravatar.com\\\/avatar\\\/e180e5c39bf8c56d773eb854294072b2fec4a0a0f052f70a3cdaf696f943716d?s=96&d=mm&r=g\",\"caption\":\"admin-z\"}}]}<\/script>\n<!-- \/ Yoast SEO plugin. -->","yoast_head_json":{"title":"Dank an die Leser der \u201eNachdenkseiten\u201c\u00a0 \u00a0 - Freundschaft mit Valjevo e.V.","robots":{"index":"index","follow":"follow","max-snippet":"max-snippet:-1","max-image-preview":"max-image-preview:large","max-video-preview":"max-video-preview:-1"},"canonical":"https:\/\/www.freundschaft-mit-valjevo.de\/wordpress\/dank-an-die-leser-der-nachdenkseiten\/","og_locale":"de_DE","og_type":"article","og_title":"Dank an die Leser der \u201eNachdenkseiten\u201c\u00a0 \u00a0 - Freundschaft mit Valjevo e.V.","og_description":"Verzweifelte Lage in Syrien nach dem Erdbeben 25.000 EUR als humanit\u00e4re Hilfe zur Verf\u00fcgung gestellt\u00a0 In Syrien hat das schwere Erdbeben in der Nacht vom&#8230;","og_url":"https:\/\/www.freundschaft-mit-valjevo.de\/wordpress\/dank-an-die-leser-der-nachdenkseiten\/","og_site_name":"Freundschaft mit Valjevo e.V.","article_published_time":"2023-04-12T13:35:30+00:00","article_modified_time":"2023-04-12T13:35:32+00:00","og_image":[{"width":960,"height":640,"url":"https:\/\/www.freundschaft-mit-valjevo.de\/wordpress\/wp-content\/uploads\/2023\/04\/Traumata-Aufarbeitung-.jpeg","type":"image\/jpeg"}],"author":"admin-z","twitter_card":"summary_large_image","twitter_misc":{"Verfasst von":"admin-z","Gesch\u00e4tzte Lesezeit":"4\u00a0Minuten"},"schema":{"@context":"https:\/\/schema.org","@graph":[{"@type":"Article","@id":"https:\/\/www.freundschaft-mit-valjevo.de\/wordpress\/dank-an-die-leser-der-nachdenkseiten\/#article","isPartOf":{"@id":"https:\/\/www.freundschaft-mit-valjevo.de\/wordpress\/dank-an-die-leser-der-nachdenkseiten\/"},"author":{"name":"admin-z","@id":"https:\/\/www.freundschaft-mit-valjevo.de\/wordpress\/#\/schema\/person\/4fbd0cc7a0227a72529b76aeed6571e4"},"headline":"Dank an die Leser der \u201eNachdenkseiten\u201c\u00a0 \u00a0","datePublished":"2023-04-12T13:35:30+00:00","dateModified":"2023-04-12T13:35:32+00:00","mainEntityOfPage":{"@id":"https:\/\/www.freundschaft-mit-valjevo.de\/wordpress\/dank-an-die-leser-der-nachdenkseiten\/"},"wordCount":674,"image":{"@id":"https:\/\/www.freundschaft-mit-valjevo.de\/wordpress\/dank-an-die-leser-der-nachdenkseiten\/#primaryimage"},"thumbnailUrl":"https:\/\/www.freundschaft-mit-valjevo.de\/wordpress\/wp-content\/uploads\/2023\/04\/Traumata-Aufarbeitung-.jpeg","keywords":["Humanit\u00e4re Hilfe","Syrien"],"inLanguage":"de"},{"@type":"WebPage","@id":"https:\/\/www.freundschaft-mit-valjevo.de\/wordpress\/dank-an-die-leser-der-nachdenkseiten\/","url":"https:\/\/www.freundschaft-mit-valjevo.de\/wordpress\/dank-an-die-leser-der-nachdenkseiten\/","name":"Dank an die Leser der \u201eNachdenkseiten\u201c\u00a0 \u00a0 - Freundschaft mit Valjevo e.V.","isPartOf":{"@id":"https:\/\/www.freundschaft-mit-valjevo.de\/wordpress\/#website"},"primaryImageOfPage":{"@id":"https:\/\/www.freundschaft-mit-valjevo.de\/wordpress\/dank-an-die-leser-der-nachdenkseiten\/#primaryimage"},"image":{"@id":"https:\/\/www.freundschaft-mit-valjevo.de\/wordpress\/dank-an-die-leser-der-nachdenkseiten\/#primaryimage"},"thumbnailUrl":"https:\/\/www.freundschaft-mit-valjevo.de\/wordpress\/wp-content\/uploads\/2023\/04\/Traumata-Aufarbeitung-.jpeg","datePublished":"2023-04-12T13:35:30+00:00","dateModified":"2023-04-12T13:35:32+00:00","author":{"@id":"https:\/\/www.freundschaft-mit-valjevo.de\/wordpress\/#\/schema\/person\/4fbd0cc7a0227a72529b76aeed6571e4"},"breadcrumb":{"@id":"https:\/\/www.freundschaft-mit-valjevo.de\/wordpress\/dank-an-die-leser-der-nachdenkseiten\/#breadcrumb"},"inLanguage":"de","potentialAction":[{"@type":"ReadAction","target":["https:\/\/www.freundschaft-mit-valjevo.de\/wordpress\/dank-an-die-leser-der-nachdenkseiten\/"]}]},{"@type":"ImageObject","inLanguage":"de","@id":"https:\/\/www.freundschaft-mit-valjevo.de\/wordpress\/dank-an-die-leser-der-nachdenkseiten\/#primaryimage","url":"https:\/\/www.freundschaft-mit-valjevo.de\/wordpress\/wp-content\/uploads\/2023\/04\/Traumata-Aufarbeitung-.jpeg","contentUrl":"https:\/\/www.freundschaft-mit-valjevo.de\/wordpress\/wp-content\/uploads\/2023\/04\/Traumata-Aufarbeitung-.jpeg","width":960,"height":640},{"@type":"BreadcrumbList","@id":"https:\/\/www.freundschaft-mit-valjevo.de\/wordpress\/dank-an-die-leser-der-nachdenkseiten\/#breadcrumb","itemListElement":[{"@type":"ListItem","position":1,"name":"Startseite","item":"https:\/\/www.freundschaft-mit-valjevo.de\/wordpress\/"},{"@type":"ListItem","position":2,"name":"Dank an die Leser der \u201eNachdenkseiten\u201c\u00a0 \u00a0"}]},{"@type":"WebSite","@id":"https:\/\/www.freundschaft-mit-valjevo.de\/wordpress\/#website","url":"https:\/\/www.freundschaft-mit-valjevo.de\/wordpress\/","name":"Freundschaft mit Valjevo e.V.","description":"F\u00fcr Frieden, Freundschaft und V\u00f6lkerverst\u00e4ndigung","potentialAction":[{"@type":"SearchAction","target":{"@type":"EntryPoint","urlTemplate":"https:\/\/www.freundschaft-mit-valjevo.de\/wordpress\/?s={search_term_string}"},"query-input":{"@type":"PropertyValueSpecification","valueRequired":true,"valueName":"search_term_string"}}],"inLanguage":"de"},{"@type":"Person","@id":"https:\/\/www.freundschaft-mit-valjevo.de\/wordpress\/#\/schema\/person\/4fbd0cc7a0227a72529b76aeed6571e4","name":"admin-z","image":{"@type":"ImageObject","inLanguage":"de","@id":"https:\/\/secure.gravatar.com\/avatar\/e180e5c39bf8c56d773eb854294072b2fec4a0a0f052f70a3cdaf696f943716d?s=96&d=mm&r=g","url":"https:\/\/secure.gravatar.com\/avatar\/e180e5c39bf8c56d773eb854294072b2fec4a0a0f052f70a3cdaf696f943716d?s=96&d=mm&r=g","contentUrl":"https:\/\/secure.gravatar.com\/avatar\/e180e5c39bf8c56d773eb854294072b2fec4a0a0f052f70a3cdaf696f943716d?s=96&d=mm&r=g","caption":"admin-z"}}]}},"_links":{"self":[{"href":"https:\/\/www.freundschaft-mit-valjevo.de\/wordpress\/wp-json\/wp\/v2\/posts\/2146","targetHints":{"allow":["GET"]}}],"collection":[{"href":"https:\/\/www.freundschaft-mit-valjevo.de\/wordpress\/wp-json\/wp\/v2\/posts"}],"about":[{"href":"https:\/\/www.freundschaft-mit-valjevo.de\/wordpress\/wp-json\/wp\/v2\/types\/post"}],"author":[{"embeddable":true,"href":"https:\/\/www.freundschaft-mit-valjevo.de\/wordpress\/wp-json\/wp\/v2\/users\/2"}],"replies":[{"embeddable":true,"href":"https:\/\/www.freundschaft-mit-valjevo.de\/wordpress\/wp-json\/wp\/v2\/comments?post=2146"}],"version-history":[{"count":1,"href":"https:\/\/www.freundschaft-mit-valjevo.de\/wordpress\/wp-json\/wp\/v2\/posts\/2146\/revisions"}],"predecessor-version":[{"id":2151,"href":"https:\/\/www.freundschaft-mit-valjevo.de\/wordpress\/wp-json\/wp\/v2\/posts\/2146\/revisions\/2151"}],"wp:featuredmedia":[{"embeddable":true,"href":"https:\/\/www.freundschaft-mit-valjevo.de\/wordpress\/wp-json\/wp\/v2\/media\/2147"}],"wp:attachment":[{"href":"https:\/\/www.freundschaft-mit-valjevo.de\/wordpress\/wp-json\/wp\/v2\/media?parent=2146"}],"wp:term":[{"taxonomy":"category","embeddable":true,"href":"https:\/\/www.freundschaft-mit-valjevo.de\/wordpress\/wp-json\/wp\/v2\/categories?post=2146"},{"taxonomy":"post_tag","embeddable":true,"href":"https:\/\/www.freundschaft-mit-valjevo.de\/wordpress\/wp-json\/wp\/v2\/tags?post=2146"}],"curies":[{"name":"wp","href":"https:\/\/api.w.org\/{rel}","templated":true}]}}