{"id":2153,"date":"2023-05-19T10:49:38","date_gmt":"2023-05-19T10:49:38","guid":{"rendered":"http:\/\/www.freundschaft-mit-valjevo.de\/wordpress\/?p=2153"},"modified":"2023-05-19T10:50:56","modified_gmt":"2023-05-19T10:50:56","slug":"mrna-impfstoffe-chancen-und-risiken","status":"publish","type":"post","link":"https:\/\/www.freundschaft-mit-valjevo.de\/wordpress\/mrna-impfstoffe-chancen-und-risiken\/","title":{"rendered":"<strong>mRNA-Impfstoffe: Chancen und Risiken<\/strong>"},"content":{"rendered":"\n<p>Referent: Dr. Olaf Malek, Diplombiologe und European Patent Attorney<br><strong>Dienstag, 6. Juni, 19 Uhr<\/strong> <strong>&#8211; Pfaffenhofen<\/strong><\/p>\n\n\n<div class=\"wp-block-image\">\n<figure class=\"aligncenter size-large\"><a href=\"https:\/\/www.freundschaft-mit-valjevo.de\/wordpress\/wp-content\/uploads\/2023\/05\/Olaf-Malek-2.jpg\"><img loading=\"lazy\" decoding=\"async\" width=\"700\" height=\"807\" src=\"https:\/\/www.freundschaft-mit-valjevo.de\/wordpress\/wp-content\/uploads\/2023\/05\/Olaf-Malek-2-700x807.jpg\" alt=\"\" class=\"wp-image-2154\" srcset=\"https:\/\/www.freundschaft-mit-valjevo.de\/wordpress\/wp-content\/uploads\/2023\/05\/Olaf-Malek-2-700x807.jpg 700w, https:\/\/www.freundschaft-mit-valjevo.de\/wordpress\/wp-content\/uploads\/2023\/05\/Olaf-Malek-2-260x300.jpg 260w, https:\/\/www.freundschaft-mit-valjevo.de\/wordpress\/wp-content\/uploads\/2023\/05\/Olaf-Malek-2-768x885.jpg 768w, https:\/\/www.freundschaft-mit-valjevo.de\/wordpress\/wp-content\/uploads\/2023\/05\/Olaf-Malek-2-1333x1536.jpg 1333w, https:\/\/www.freundschaft-mit-valjevo.de\/wordpress\/wp-content\/uploads\/2023\/05\/Olaf-Malek-2.jpg 1697w\" sizes=\"auto, (max-width: 700px) 100vw, 700px\" \/><\/a><figcaption class=\"wp-element-caption\">Dr. Olaf Malek<\/figcaption><\/figure>\n<\/div>\n\n\n<p>Bei der Bek\u00e4mpfung von SARS-CoV-2 wurden zum ersten Mal die neuartigen mRNA-Impfstoffe eingesetzt. Dabei werden mRNA-Molek\u00fcle injiziert, die den Bauplan f\u00fcr ein Protein enthalten, das dann von den K\u00f6rperzellen des Geimpften produziert wird. Dieses Protein ist das Antigen, gegen das unser Immunsystem nach der Impfung eine Resistenz aufbauen und vor einer Infektion sch\u00fctzen soll. Diese mRNA-Technik gibt es bereits seit mindestens 20 Jahren. Sie wurde zuerst zur Krebsbehandlung entwickelt, erlangte dort aber nie Marktreife. Mit der Covid19-Pandemie kam der gro\u00dfe Durchbruch. Mit der mRNA-Technologie ist es m\u00f6glich, gro\u00dfe Mengen derartiger Impfstoffe schnell und kosteng\u00fcnstig herzustellen.&nbsp; Die Pharmaindustrie sieht&nbsp;f\u00fcr mRNA-Impfstoffe&nbsp;vielf\u00e4ltige weitere Einsatzm\u00f6glichkeiten, so bei der Bek\u00e4mpfung von Tuberkulose, HIV, Influenza oder Krebserkrankungen. Allerdings gibt es immer wieder Meldungen \u00fcber schwerwiegende Nebenwirkungen, wie etwa Herzerkrankungen bei jungen M\u00e4nnern. Grund genug, sich mit der mRNA-Technik und den mit ihr verbundenen Chancen und Risiken sachlich auseinanderzusetzen.<\/p>\n","protected":false},"excerpt":{"rendered":"<p>Referent: Dr. Olaf Malek, Diplombiologe und European Patent AttorneyDienstag, 6. Juni, 19 Uhr &#8211; Pfaffenhofen Bei der Bek\u00e4mpfung von SARS-CoV-2 wurden zum ersten Mal die&#8230;<\/p>\n<div class=\"more-link-wrapper\"><a class=\"more-link\" href=\"https:\/\/www.freundschaft-mit-valjevo.de\/wordpress\/mrna-impfstoffe-chancen-und-risiken\/\">Weiterlesen<span class=\"screen-reader-text\">&lt;strong&gt;mRNA-Impfstoffe: Chancen und Risiken&lt;\/strong&gt;<\/span><\/a><\/div>\n","protected":false},"author":2,"featured_media":0,"comment_status":"closed","ping_status":"closed","sticky":false,"template":"","format":"standard","meta":{"footnotes":""},"categories":[1],"tags":[10],"class_list":["post-2153","post","type-post","status-publish","format-standard","hentry","category-allgemein","tag-veranstaltungen","entry"],"yoast_head":"<!-- This site is optimized with the Yoast SEO plugin v27.4 - https:\/\/yoast.com\/product\/yoast-seo-wordpress\/ -->\n<title>mRNA-Impfstoffe: Chancen und Risiken - Freundschaft mit Valjevo e.V.<\/title>\n<meta name=\"robots\" content=\"index, follow, max-snippet:-1, max-image-preview:large, max-video-preview:-1\" \/>\n<link rel=\"canonical\" href=\"https:\/\/www.freundschaft-mit-valjevo.de\/wordpress\/mrna-impfstoffe-chancen-und-risiken\/\" \/>\n<meta property=\"og:locale\" content=\"de_DE\" \/>\n<meta property=\"og:type\" content=\"article\" \/>\n<meta property=\"og:title\" content=\"mRNA-Impfstoffe: Chancen und Risiken - Freundschaft mit Valjevo e.V.\" \/>\n<meta property=\"og:description\" content=\"Referent: Dr. Olaf Malek, Diplombiologe und European Patent AttorneyDienstag, 6. Juni, 19 Uhr &#8211; Pfaffenhofen Bei der Bek\u00e4mpfung von SARS-CoV-2 wurden zum ersten Mal die&#8230;\" \/>\n<meta property=\"og:url\" content=\"https:\/\/www.freundschaft-mit-valjevo.de\/wordpress\/mrna-impfstoffe-chancen-und-risiken\/\" \/>\n<meta property=\"og:site_name\" content=\"Freundschaft mit Valjevo e.V.\" \/>\n<meta property=\"article:published_time\" content=\"2023-05-19T10:49:38+00:00\" \/>\n<meta property=\"article:modified_time\" content=\"2023-05-19T10:50:56+00:00\" \/>\n<meta property=\"og:image\" content=\"http:\/\/www.freundschaft-mit-valjevo.de\/wordpress\/wp-content\/uploads\/2023\/05\/Olaf-Malek-2-700x807.jpg\" \/>\n<meta name=\"author\" content=\"admin-z\" \/>\n<meta name=\"twitter:card\" content=\"summary_large_image\" \/>\n<meta name=\"twitter:label1\" content=\"Verfasst von\" \/>\n\t<meta name=\"twitter:data1\" content=\"admin-z\" \/>\n\t<meta name=\"twitter:label2\" content=\"Gesch\u00e4tzte Lesezeit\" \/>\n\t<meta name=\"twitter:data2\" content=\"2\u00a0Minuten\" \/>\n<script type=\"application\/ld+json\" class=\"yoast-schema-graph\">{\"@context\":\"https:\\\/\\\/schema.org\",\"@graph\":[{\"@type\":\"Article\",\"@id\":\"https:\\\/\\\/www.freundschaft-mit-valjevo.de\\\/wordpress\\\/mrna-impfstoffe-chancen-und-risiken\\\/#article\",\"isPartOf\":{\"@id\":\"https:\\\/\\\/www.freundschaft-mit-valjevo.de\\\/wordpress\\\/mrna-impfstoffe-chancen-und-risiken\\\/\"},\"author\":{\"name\":\"admin-z\",\"@id\":\"https:\\\/\\\/www.freundschaft-mit-valjevo.de\\\/wordpress\\\/#\\\/schema\\\/person\\\/4fbd0cc7a0227a72529b76aeed6571e4\"},\"headline\":\"mRNA-Impfstoffe: Chancen und Risiken\",\"datePublished\":\"2023-05-19T10:49:38+00:00\",\"dateModified\":\"2023-05-19T10:50:56+00:00\",\"mainEntityOfPage\":{\"@id\":\"https:\\\/\\\/www.freundschaft-mit-valjevo.de\\\/wordpress\\\/mrna-impfstoffe-chancen-und-risiken\\\/\"},\"wordCount\":182,\"image\":{\"@id\":\"https:\\\/\\\/www.freundschaft-mit-valjevo.de\\\/wordpress\\\/mrna-impfstoffe-chancen-und-risiken\\\/#primaryimage\"},\"thumbnailUrl\":\"http:\\\/\\\/www.freundschaft-mit-valjevo.de\\\/wordpress\\\/wp-content\\\/uploads\\\/2023\\\/05\\\/Olaf-Malek-2-700x807.jpg\",\"keywords\":[\"Veranstaltungen\"],\"inLanguage\":\"de\"},{\"@type\":\"WebPage\",\"@id\":\"https:\\\/\\\/www.freundschaft-mit-valjevo.de\\\/wordpress\\\/mrna-impfstoffe-chancen-und-risiken\\\/\",\"url\":\"https:\\\/\\\/www.freundschaft-mit-valjevo.de\\\/wordpress\\\/mrna-impfstoffe-chancen-und-risiken\\\/\",\"name\":\"mRNA-Impfstoffe: Chancen und Risiken - Freundschaft mit Valjevo e.V.\",\"isPartOf\":{\"@id\":\"https:\\\/\\\/www.freundschaft-mit-valjevo.de\\\/wordpress\\\/#website\"},\"primaryImageOfPage\":{\"@id\":\"https:\\\/\\\/www.freundschaft-mit-valjevo.de\\\/wordpress\\\/mrna-impfstoffe-chancen-und-risiken\\\/#primaryimage\"},\"image\":{\"@id\":\"https:\\\/\\\/www.freundschaft-mit-valjevo.de\\\/wordpress\\\/mrna-impfstoffe-chancen-und-risiken\\\/#primaryimage\"},\"thumbnailUrl\":\"http:\\\/\\\/www.freundschaft-mit-valjevo.de\\\/wordpress\\\/wp-content\\\/uploads\\\/2023\\\/05\\\/Olaf-Malek-2-700x807.jpg\",\"datePublished\":\"2023-05-19T10:49:38+00:00\",\"dateModified\":\"2023-05-19T10:50:56+00:00\",\"author\":{\"@id\":\"https:\\\/\\\/www.freundschaft-mit-valjevo.de\\\/wordpress\\\/#\\\/schema\\\/person\\\/4fbd0cc7a0227a72529b76aeed6571e4\"},\"breadcrumb\":{\"@id\":\"https:\\\/\\\/www.freundschaft-mit-valjevo.de\\\/wordpress\\\/mrna-impfstoffe-chancen-und-risiken\\\/#breadcrumb\"},\"inLanguage\":\"de\",\"potentialAction\":[{\"@type\":\"ReadAction\",\"target\":[\"https:\\\/\\\/www.freundschaft-mit-valjevo.de\\\/wordpress\\\/mrna-impfstoffe-chancen-und-risiken\\\/\"]}]},{\"@type\":\"ImageObject\",\"inLanguage\":\"de\",\"@id\":\"https:\\\/\\\/www.freundschaft-mit-valjevo.de\\\/wordpress\\\/mrna-impfstoffe-chancen-und-risiken\\\/#primaryimage\",\"url\":\"https:\\\/\\\/www.freundschaft-mit-valjevo.de\\\/wordpress\\\/wp-content\\\/uploads\\\/2023\\\/05\\\/Olaf-Malek-2.jpg\",\"contentUrl\":\"https:\\\/\\\/www.freundschaft-mit-valjevo.de\\\/wordpress\\\/wp-content\\\/uploads\\\/2023\\\/05\\\/Olaf-Malek-2.jpg\",\"width\":1697,\"height\":1956},{\"@type\":\"BreadcrumbList\",\"@id\":\"https:\\\/\\\/www.freundschaft-mit-valjevo.de\\\/wordpress\\\/mrna-impfstoffe-chancen-und-risiken\\\/#breadcrumb\",\"itemListElement\":[{\"@type\":\"ListItem\",\"position\":1,\"name\":\"Startseite\",\"item\":\"https:\\\/\\\/www.freundschaft-mit-valjevo.de\\\/wordpress\\\/\"},{\"@type\":\"ListItem\",\"position\":2,\"name\":\"mRNA-Impfstoffe: Chancen und Risiken\"}]},{\"@type\":\"WebSite\",\"@id\":\"https:\\\/\\\/www.freundschaft-mit-valjevo.de\\\/wordpress\\\/#website\",\"url\":\"https:\\\/\\\/www.freundschaft-mit-valjevo.de\\\/wordpress\\\/\",\"name\":\"Freundschaft mit Valjevo e.V.\",\"description\":\"F\u00fcr Frieden, Freundschaft und V\u00f6lkerverst\u00e4ndigung\",\"potentialAction\":[{\"@type\":\"SearchAction\",\"target\":{\"@type\":\"EntryPoint\",\"urlTemplate\":\"https:\\\/\\\/www.freundschaft-mit-valjevo.de\\\/wordpress\\\/?s={search_term_string}\"},\"query-input\":{\"@type\":\"PropertyValueSpecification\",\"valueRequired\":true,\"valueName\":\"search_term_string\"}}],\"inLanguage\":\"de\"},{\"@type\":\"Person\",\"@id\":\"https:\\\/\\\/www.freundschaft-mit-valjevo.de\\\/wordpress\\\/#\\\/schema\\\/person\\\/4fbd0cc7a0227a72529b76aeed6571e4\",\"name\":\"admin-z\",\"image\":{\"@type\":\"ImageObject\",\"inLanguage\":\"de\",\"@id\":\"https:\\\/\\\/secure.gravatar.com\\\/avatar\\\/e180e5c39bf8c56d773eb854294072b2fec4a0a0f052f70a3cdaf696f943716d?s=96&d=mm&r=g\",\"url\":\"https:\\\/\\\/secure.gravatar.com\\\/avatar\\\/e180e5c39bf8c56d773eb854294072b2fec4a0a0f052f70a3cdaf696f943716d?s=96&d=mm&r=g\",\"contentUrl\":\"https:\\\/\\\/secure.gravatar.com\\\/avatar\\\/e180e5c39bf8c56d773eb854294072b2fec4a0a0f052f70a3cdaf696f943716d?s=96&d=mm&r=g\",\"caption\":\"admin-z\"}}]}<\/script>\n<!-- \/ Yoast SEO plugin. -->","yoast_head_json":{"title":"mRNA-Impfstoffe: Chancen und Risiken - Freundschaft mit Valjevo e.V.","robots":{"index":"index","follow":"follow","max-snippet":"max-snippet:-1","max-image-preview":"max-image-preview:large","max-video-preview":"max-video-preview:-1"},"canonical":"https:\/\/www.freundschaft-mit-valjevo.de\/wordpress\/mrna-impfstoffe-chancen-und-risiken\/","og_locale":"de_DE","og_type":"article","og_title":"mRNA-Impfstoffe: Chancen und Risiken - Freundschaft mit Valjevo e.V.","og_description":"Referent: Dr. Olaf Malek, Diplombiologe und European Patent AttorneyDienstag, 6. Juni, 19 Uhr &#8211; Pfaffenhofen Bei der Bek\u00e4mpfung von SARS-CoV-2 wurden zum ersten Mal die&#8230;","og_url":"https:\/\/www.freundschaft-mit-valjevo.de\/wordpress\/mrna-impfstoffe-chancen-und-risiken\/","og_site_name":"Freundschaft mit Valjevo e.V.","article_published_time":"2023-05-19T10:49:38+00:00","article_modified_time":"2023-05-19T10:50:56+00:00","og_image":[{"url":"http:\/\/www.freundschaft-mit-valjevo.de\/wordpress\/wp-content\/uploads\/2023\/05\/Olaf-Malek-2-700x807.jpg","type":"","width":"","height":""}],"author":"admin-z","twitter_card":"summary_large_image","twitter_misc":{"Verfasst von":"admin-z","Gesch\u00e4tzte Lesezeit":"2\u00a0Minuten"},"schema":{"@context":"https:\/\/schema.org","@graph":[{"@type":"Article","@id":"https:\/\/www.freundschaft-mit-valjevo.de\/wordpress\/mrna-impfstoffe-chancen-und-risiken\/#article","isPartOf":{"@id":"https:\/\/www.freundschaft-mit-valjevo.de\/wordpress\/mrna-impfstoffe-chancen-und-risiken\/"},"author":{"name":"admin-z","@id":"https:\/\/www.freundschaft-mit-valjevo.de\/wordpress\/#\/schema\/person\/4fbd0cc7a0227a72529b76aeed6571e4"},"headline":"mRNA-Impfstoffe: Chancen und Risiken","datePublished":"2023-05-19T10:49:38+00:00","dateModified":"2023-05-19T10:50:56+00:00","mainEntityOfPage":{"@id":"https:\/\/www.freundschaft-mit-valjevo.de\/wordpress\/mrna-impfstoffe-chancen-und-risiken\/"},"wordCount":182,"image":{"@id":"https:\/\/www.freundschaft-mit-valjevo.de\/wordpress\/mrna-impfstoffe-chancen-und-risiken\/#primaryimage"},"thumbnailUrl":"http:\/\/www.freundschaft-mit-valjevo.de\/wordpress\/wp-content\/uploads\/2023\/05\/Olaf-Malek-2-700x807.jpg","keywords":["Veranstaltungen"],"inLanguage":"de"},{"@type":"WebPage","@id":"https:\/\/www.freundschaft-mit-valjevo.de\/wordpress\/mrna-impfstoffe-chancen-und-risiken\/","url":"https:\/\/www.freundschaft-mit-valjevo.de\/wordpress\/mrna-impfstoffe-chancen-und-risiken\/","name":"mRNA-Impfstoffe: Chancen und Risiken - Freundschaft mit Valjevo e.V.","isPartOf":{"@id":"https:\/\/www.freundschaft-mit-valjevo.de\/wordpress\/#website"},"primaryImageOfPage":{"@id":"https:\/\/www.freundschaft-mit-valjevo.de\/wordpress\/mrna-impfstoffe-chancen-und-risiken\/#primaryimage"},"image":{"@id":"https:\/\/www.freundschaft-mit-valjevo.de\/wordpress\/mrna-impfstoffe-chancen-und-risiken\/#primaryimage"},"thumbnailUrl":"http:\/\/www.freundschaft-mit-valjevo.de\/wordpress\/wp-content\/uploads\/2023\/05\/Olaf-Malek-2-700x807.jpg","datePublished":"2023-05-19T10:49:38+00:00","dateModified":"2023-05-19T10:50:56+00:00","author":{"@id":"https:\/\/www.freundschaft-mit-valjevo.de\/wordpress\/#\/schema\/person\/4fbd0cc7a0227a72529b76aeed6571e4"},"breadcrumb":{"@id":"https:\/\/www.freundschaft-mit-valjevo.de\/wordpress\/mrna-impfstoffe-chancen-und-risiken\/#breadcrumb"},"inLanguage":"de","potentialAction":[{"@type":"ReadAction","target":["https:\/\/www.freundschaft-mit-valjevo.de\/wordpress\/mrna-impfstoffe-chancen-und-risiken\/"]}]},{"@type":"ImageObject","inLanguage":"de","@id":"https:\/\/www.freundschaft-mit-valjevo.de\/wordpress\/mrna-impfstoffe-chancen-und-risiken\/#primaryimage","url":"https:\/\/www.freundschaft-mit-valjevo.de\/wordpress\/wp-content\/uploads\/2023\/05\/Olaf-Malek-2.jpg","contentUrl":"https:\/\/www.freundschaft-mit-valjevo.de\/wordpress\/wp-content\/uploads\/2023\/05\/Olaf-Malek-2.jpg","width":1697,"height":1956},{"@type":"BreadcrumbList","@id":"https:\/\/www.freundschaft-mit-valjevo.de\/wordpress\/mrna-impfstoffe-chancen-und-risiken\/#breadcrumb","itemListElement":[{"@type":"ListItem","position":1,"name":"Startseite","item":"https:\/\/www.freundschaft-mit-valjevo.de\/wordpress\/"},{"@type":"ListItem","position":2,"name":"mRNA-Impfstoffe: Chancen und Risiken"}]},{"@type":"WebSite","@id":"https:\/\/www.freundschaft-mit-valjevo.de\/wordpress\/#website","url":"https:\/\/www.freundschaft-mit-valjevo.de\/wordpress\/","name":"Freundschaft mit Valjevo e.V.","description":"F\u00fcr Frieden, Freundschaft und V\u00f6lkerverst\u00e4ndigung","potentialAction":[{"@type":"SearchAction","target":{"@type":"EntryPoint","urlTemplate":"https:\/\/www.freundschaft-mit-valjevo.de\/wordpress\/?s={search_term_string}"},"query-input":{"@type":"PropertyValueSpecification","valueRequired":true,"valueName":"search_term_string"}}],"inLanguage":"de"},{"@type":"Person","@id":"https:\/\/www.freundschaft-mit-valjevo.de\/wordpress\/#\/schema\/person\/4fbd0cc7a0227a72529b76aeed6571e4","name":"admin-z","image":{"@type":"ImageObject","inLanguage":"de","@id":"https:\/\/secure.gravatar.com\/avatar\/e180e5c39bf8c56d773eb854294072b2fec4a0a0f052f70a3cdaf696f943716d?s=96&d=mm&r=g","url":"https:\/\/secure.gravatar.com\/avatar\/e180e5c39bf8c56d773eb854294072b2fec4a0a0f052f70a3cdaf696f943716d?s=96&d=mm&r=g","contentUrl":"https:\/\/secure.gravatar.com\/avatar\/e180e5c39bf8c56d773eb854294072b2fec4a0a0f052f70a3cdaf696f943716d?s=96&d=mm&r=g","caption":"admin-z"}}]}},"_links":{"self":[{"href":"https:\/\/www.freundschaft-mit-valjevo.de\/wordpress\/wp-json\/wp\/v2\/posts\/2153","targetHints":{"allow":["GET"]}}],"collection":[{"href":"https:\/\/www.freundschaft-mit-valjevo.de\/wordpress\/wp-json\/wp\/v2\/posts"}],"about":[{"href":"https:\/\/www.freundschaft-mit-valjevo.de\/wordpress\/wp-json\/wp\/v2\/types\/post"}],"author":[{"embeddable":true,"href":"https:\/\/www.freundschaft-mit-valjevo.de\/wordpress\/wp-json\/wp\/v2\/users\/2"}],"replies":[{"embeddable":true,"href":"https:\/\/www.freundschaft-mit-valjevo.de\/wordpress\/wp-json\/wp\/v2\/comments?post=2153"}],"version-history":[{"count":2,"href":"https:\/\/www.freundschaft-mit-valjevo.de\/wordpress\/wp-json\/wp\/v2\/posts\/2153\/revisions"}],"predecessor-version":[{"id":2156,"href":"https:\/\/www.freundschaft-mit-valjevo.de\/wordpress\/wp-json\/wp\/v2\/posts\/2153\/revisions\/2156"}],"wp:attachment":[{"href":"https:\/\/www.freundschaft-mit-valjevo.de\/wordpress\/wp-json\/wp\/v2\/media?parent=2153"}],"wp:term":[{"taxonomy":"category","embeddable":true,"href":"https:\/\/www.freundschaft-mit-valjevo.de\/wordpress\/wp-json\/wp\/v2\/categories?post=2153"},{"taxonomy":"post_tag","embeddable":true,"href":"https:\/\/www.freundschaft-mit-valjevo.de\/wordpress\/wp-json\/wp\/v2\/tags?post=2153"}],"curies":[{"name":"wp","href":"https:\/\/api.w.org\/{rel}","templated":true}]}}