{"id":2161,"date":"2023-08-03T06:49:25","date_gmt":"2023-08-03T06:49:25","guid":{"rendered":"http:\/\/www.freundschaft-mit-valjevo.de\/wordpress\/?p=2161"},"modified":"2023-08-03T06:54:28","modified_gmt":"2023-08-03T06:54:28","slug":"jugendliche-aus-valjevo-begeistert-von-unserer-stadt","status":"publish","type":"post","link":"https:\/\/www.freundschaft-mit-valjevo.de\/wordpress\/jugendliche-aus-valjevo-begeistert-von-unserer-stadt\/","title":{"rendered":"<strong>Jugendliche aus Valjevo begeistert von unserer Stadt<\/strong>"},"content":{"rendered":"\n<p><strong>Bei traumhaften Wetter viel Information und Kultur<\/strong><\/p>\n\n\n\n<p class=\"has-text-align-left\">Ostern 2000 hatten wir unsere erste Sch\u00fclergruppe aus der serbischen Stadt Valjevo f\u00fcr eine Woche nach Pfaffenhofen eingeladen. Seitdem ist es f\u00fcr uns zu einer festen Tradition geworden, jedes Jahr eine solche Sch\u00fclergruppe zu empfangen und f\u00fcr sie ein umfassendes Programm vorzubereiten. Das Programm soll ihnen einen Einblick in Leben, Ausbildung und Mitspracherechte unserer Jugend geben. Dabei soll das Kennenlernen unserer Stadt und einiger kultureller Sehensw\u00fcrdigkeiten in Bayern nicht zu kurz kommen.<\/p>\n\n\n<div class=\"wp-block-image\">\n<figure class=\"aligncenter size-large\"><a href=\"https:\/\/www.freundschaft-mit-valjevo.de\/wordpress\/wp-content\/uploads\/2023\/08\/Schueler-2023-12.jpeg\"><img loading=\"lazy\" decoding=\"async\" width=\"700\" height=\"525\" src=\"https:\/\/www.freundschaft-mit-valjevo.de\/wordpress\/wp-content\/uploads\/2023\/08\/Schueler-2023-12-700x525.jpeg\" alt=\"\" class=\"wp-image-2167\" srcset=\"https:\/\/www.freundschaft-mit-valjevo.de\/wordpress\/wp-content\/uploads\/2023\/08\/Schueler-2023-12-700x525.jpeg 700w, https:\/\/www.freundschaft-mit-valjevo.de\/wordpress\/wp-content\/uploads\/2023\/08\/Schueler-2023-12-300x225.jpeg 300w, https:\/\/www.freundschaft-mit-valjevo.de\/wordpress\/wp-content\/uploads\/2023\/08\/Schueler-2023-12-768x576.jpeg 768w, https:\/\/www.freundschaft-mit-valjevo.de\/wordpress\/wp-content\/uploads\/2023\/08\/Schueler-2023-12-1536x1152.jpeg 1536w, https:\/\/www.freundschaft-mit-valjevo.de\/wordpress\/wp-content\/uploads\/2023\/08\/Schueler-2023-12.jpeg 1600w\" sizes=\"auto, (max-width: 700px) 100vw, 700px\" \/><\/a><\/figure>\n<\/div>\n\n\n<p class=\"has-text-align-left\">Unsere G\u00e4ste, die am 16. Juli in Pfaffenhofen eintrafen, waren 16-18 Jahre alt und wurden von den beiden Deutschlehrerinnen Bojana Vukotic und\u00a0Katarina Zivkovic begleitet. Untergebracht waren sie w\u00e4hrend ihres 8 t\u00e4gigen Aufenthalts bei deutschen Gastfamilien. Den ersten Vormittag besuchten die Jugendlichen unser \u00f6rtliches Gymnasium. Deutschlehrer Roland Scheerer hatte f\u00fcr jeden der serbischen G\u00e4ste jeweils einen Gymnasiasten als Betreuer gefunden, so dass sofort ein freundschaftlicher Austausch entstand. Einheitliches Urteil der serbischen Jugendlichen: Die Lehrer an unserem Gymnasium seien viel freundlicher und umg\u00e4nglicher als die an ihrer eigenen Schule. In der Pfaffenhofener Ilmtalklinik erl\u00e4uterte ihnen Frau Burzin und Frau Dedic, wie die Berufsausbildung in einem Krankenhaus bei uns abl\u00e4uft. In Ingolstadt bei AUDI zeigte ihnen der Vorsitzende der dortigen Jugendvertretung Tim Wagner die Lehrwerkstatt mit ihren hochmodernen Maschinen und erl\u00e4uterte, wie die Berufsausbildung in Industriebetrieben funktioniert. Ausf\u00fchrlich erkl\u00e4rte er auch die Rolle der Jugendvertretung. Sie hat bei allen Fragen, die die Auszubildenden betreffen, ein Mitspracherecht. Wie in unserer Stadt auf Probleme und W\u00fcnsche der Jugend eingegangen wird und was sie speziell f\u00fcr sie getan wird, dar\u00fcber wurden die G\u00e4ste von Matthias Stadler, Leiter der Stadtjugendpflege informiert. Stadler und Vedran Simatovic, erl\u00e4uterten ihnen zudem die Rolle unseres Jugendparlaments, das im Stadtrat eigenst\u00e4ndig Antr\u00e4ge stellen kann, die dort behandelt werden m\u00fcssen. Simatovic ist selbst Mitglied dieses Gremiums. Trotz des dichten Programms kam die Freizeit nicht zu kurz: Bei den sommerlichen Temperaturen konnten die serbischen Jugendlichen mehrfach unser modernes Freibad und Konzerte im Stadtpark besuchen.\u00a0<\/p>\n\n\n<div class=\"wp-block-image\">\n<figure class=\"aligncenter size-large\"><a href=\"https:\/\/www.freundschaft-mit-valjevo.de\/wordpress\/wp-content\/uploads\/2023\/08\/Schueler-2023-1.jpeg\"><img loading=\"lazy\" decoding=\"async\" width=\"700\" height=\"525\" src=\"https:\/\/www.freundschaft-mit-valjevo.de\/wordpress\/wp-content\/uploads\/2023\/08\/Schueler-2023-1-700x525.jpeg\" alt=\"\" class=\"wp-image-2170\" srcset=\"https:\/\/www.freundschaft-mit-valjevo.de\/wordpress\/wp-content\/uploads\/2023\/08\/Schueler-2023-1-700x525.jpeg 700w, https:\/\/www.freundschaft-mit-valjevo.de\/wordpress\/wp-content\/uploads\/2023\/08\/Schueler-2023-1-300x225.jpeg 300w, https:\/\/www.freundschaft-mit-valjevo.de\/wordpress\/wp-content\/uploads\/2023\/08\/Schueler-2023-1-768x576.jpeg 768w, https:\/\/www.freundschaft-mit-valjevo.de\/wordpress\/wp-content\/uploads\/2023\/08\/Schueler-2023-1-1536x1152.jpeg 1536w, https:\/\/www.freundschaft-mit-valjevo.de\/wordpress\/wp-content\/uploads\/2023\/08\/Schueler-2023-1.jpeg 2048w\" sizes=\"auto, (max-width: 700px) 100vw, 700px\" \/><\/a><\/figure>\n<\/div>\n\n\n<p class=\"has-text-align-left\">Auch unsere Stadt hat ihre Probleme, Stichwort hohes Verkehrsaufkommen, fehlender preisg\u00fcnstiger Wohnraum, angespannte Finanzlage. Diese Themen besprach mit ihnen bei einem Empfang im Festsaal unseres Rathauses unser 1. B\u00fcrgermeister Thomas Herker. Abgerundet wurde das Programm mit Tagesausfl\u00fcge nach N\u00fcrnberg (Kaiserburg, Albrecht-D\u00fcrer Haus) und M\u00fcnchen, dem Besuch des Hopfenmuseums in Wolnzach und des M\u00fcnchner Tierparks. Verst\u00e4ndlich, dass den serbischen Jugendlichen der Abschied von unserer Stadt und&nbsp; insbesondere von ihren Gastfamilien sehr schwer gefallen ist. Diese hatten sich liebevoll um sie gek\u00fcmmert und ihnen diese, wie sie sagten, unvergesslich sch\u00f6nen Tage, erst erm\u00f6glicht. &nbsp;<\/p>\n\n\n\n<p class=\"has-text-align-left\">\u00dcber ihre Eindr\u00fccke berichteten die beiden Lehrerinnen und einige der Sch\u00fcler im Lokalfernsehen von Valjevo: <\/p>\n\n\n\n<figure class=\"wp-block-embed aligncenter is-type-video is-provider-youtube wp-block-embed-youtube wp-embed-aspect-16-9 wp-has-aspect-ratio\"><div class=\"wp-block-embed__wrapper\">\n<iframe loading=\"lazy\" title=\"Katarina \u017divkovi\u0107 i Bojana Vukoti\u0107 - Dobro jutro Valjevo (28-07-2023)\" width=\"500\" height=\"281\" src=\"https:\/\/www.youtube.com\/embed\/RxgFeeLK96g?feature=oembed\" frameborder=\"0\" allow=\"accelerometer; autoplay; clipboard-write; encrypted-media; gyroscope; picture-in-picture; web-share\" referrerpolicy=\"strict-origin-when-cross-origin\" allowfullscreen><\/iframe>\n<\/div><\/figure>\n","protected":false},"excerpt":{"rendered":"<p>Bei traumhaften Wetter viel Information und Kultur Ostern 2000 hatten wir unsere erste Sch\u00fclergruppe aus der serbischen Stadt Valjevo f\u00fcr eine Woche nach Pfaffenhofen eingeladen.&#8230;<\/p>\n<div class=\"more-link-wrapper\"><a class=\"more-link\" href=\"https:\/\/www.freundschaft-mit-valjevo.de\/wordpress\/jugendliche-aus-valjevo-begeistert-von-unserer-stadt\/\">Weiterlesen<span class=\"screen-reader-text\">&lt;strong&gt;Jugendliche aus Valjevo begeistert von unserer Stadt&lt;\/strong&gt;<\/span><\/a><\/div>\n","protected":false},"author":2,"featured_media":2164,"comment_status":"closed","ping_status":"closed","sticky":false,"template":"","format":"standard","meta":{"footnotes":""},"categories":[1],"tags":[],"class_list":["post-2161","post","type-post","status-publish","format-standard","has-post-thumbnail","hentry","category-allgemein","entry"],"yoast_head":"<!-- This site is optimized with the Yoast SEO plugin v27.4 - https:\/\/yoast.com\/product\/yoast-seo-wordpress\/ -->\n<title>Jugendliche aus Valjevo begeistert von unserer Stadt - Freundschaft mit Valjevo e.V.<\/title>\n<meta name=\"robots\" content=\"index, follow, max-snippet:-1, max-image-preview:large, max-video-preview:-1\" \/>\n<link rel=\"canonical\" href=\"https:\/\/www.freundschaft-mit-valjevo.de\/wordpress\/jugendliche-aus-valjevo-begeistert-von-unserer-stadt\/\" \/>\n<meta property=\"og:locale\" content=\"de_DE\" \/>\n<meta property=\"og:type\" content=\"article\" \/>\n<meta property=\"og:title\" content=\"Jugendliche aus Valjevo begeistert von unserer Stadt - Freundschaft mit Valjevo e.V.\" \/>\n<meta property=\"og:description\" content=\"Bei traumhaften Wetter viel Information und Kultur Ostern 2000 hatten wir unsere erste Sch\u00fclergruppe aus der serbischen Stadt Valjevo f\u00fcr eine Woche nach Pfaffenhofen eingeladen.&#8230;\" \/>\n<meta property=\"og:url\" content=\"https:\/\/www.freundschaft-mit-valjevo.de\/wordpress\/jugendliche-aus-valjevo-begeistert-von-unserer-stadt\/\" \/>\n<meta property=\"og:site_name\" content=\"Freundschaft mit Valjevo e.V.\" \/>\n<meta property=\"article:published_time\" content=\"2023-08-03T06:49:25+00:00\" \/>\n<meta property=\"article:modified_time\" content=\"2023-08-03T06:54:28+00:00\" \/>\n<meta property=\"og:image\" content=\"https:\/\/www.freundschaft-mit-valjevo.de\/wordpress\/wp-content\/uploads\/2023\/08\/Schueler-2023-5.jpeg\" \/>\n\t<meta property=\"og:image:width\" content=\"2048\" \/>\n\t<meta property=\"og:image:height\" content=\"1536\" \/>\n\t<meta property=\"og:image:type\" content=\"image\/jpeg\" \/>\n<meta name=\"author\" content=\"admin-z\" \/>\n<meta name=\"twitter:card\" content=\"summary_large_image\" \/>\n<meta name=\"twitter:label1\" content=\"Verfasst von\" \/>\n\t<meta name=\"twitter:data1\" content=\"admin-z\" \/>\n\t<meta name=\"twitter:label2\" content=\"Gesch\u00e4tzte Lesezeit\" \/>\n\t<meta name=\"twitter:data2\" content=\"3\u00a0Minuten\" \/>\n<script type=\"application\/ld+json\" class=\"yoast-schema-graph\">{\"@context\":\"https:\\\/\\\/schema.org\",\"@graph\":[{\"@type\":\"Article\",\"@id\":\"https:\\\/\\\/www.freundschaft-mit-valjevo.de\\\/wordpress\\\/jugendliche-aus-valjevo-begeistert-von-unserer-stadt\\\/#article\",\"isPartOf\":{\"@id\":\"https:\\\/\\\/www.freundschaft-mit-valjevo.de\\\/wordpress\\\/jugendliche-aus-valjevo-begeistert-von-unserer-stadt\\\/\"},\"author\":{\"name\":\"admin-z\",\"@id\":\"https:\\\/\\\/www.freundschaft-mit-valjevo.de\\\/wordpress\\\/#\\\/schema\\\/person\\\/4fbd0cc7a0227a72529b76aeed6571e4\"},\"headline\":\"Jugendliche aus Valjevo begeistert von unserer Stadt\",\"datePublished\":\"2023-08-03T06:49:25+00:00\",\"dateModified\":\"2023-08-03T06:54:28+00:00\",\"mainEntityOfPage\":{\"@id\":\"https:\\\/\\\/www.freundschaft-mit-valjevo.de\\\/wordpress\\\/jugendliche-aus-valjevo-begeistert-von-unserer-stadt\\\/\"},\"wordCount\":480,\"image\":{\"@id\":\"https:\\\/\\\/www.freundschaft-mit-valjevo.de\\\/wordpress\\\/jugendliche-aus-valjevo-begeistert-von-unserer-stadt\\\/#primaryimage\"},\"thumbnailUrl\":\"https:\\\/\\\/www.freundschaft-mit-valjevo.de\\\/wordpress\\\/wp-content\\\/uploads\\\/2023\\\/08\\\/Schueler-2023-5.jpeg\",\"inLanguage\":\"de\"},{\"@type\":\"WebPage\",\"@id\":\"https:\\\/\\\/www.freundschaft-mit-valjevo.de\\\/wordpress\\\/jugendliche-aus-valjevo-begeistert-von-unserer-stadt\\\/\",\"url\":\"https:\\\/\\\/www.freundschaft-mit-valjevo.de\\\/wordpress\\\/jugendliche-aus-valjevo-begeistert-von-unserer-stadt\\\/\",\"name\":\"Jugendliche aus Valjevo begeistert von unserer Stadt - Freundschaft mit Valjevo e.V.\",\"isPartOf\":{\"@id\":\"https:\\\/\\\/www.freundschaft-mit-valjevo.de\\\/wordpress\\\/#website\"},\"primaryImageOfPage\":{\"@id\":\"https:\\\/\\\/www.freundschaft-mit-valjevo.de\\\/wordpress\\\/jugendliche-aus-valjevo-begeistert-von-unserer-stadt\\\/#primaryimage\"},\"image\":{\"@id\":\"https:\\\/\\\/www.freundschaft-mit-valjevo.de\\\/wordpress\\\/jugendliche-aus-valjevo-begeistert-von-unserer-stadt\\\/#primaryimage\"},\"thumbnailUrl\":\"https:\\\/\\\/www.freundschaft-mit-valjevo.de\\\/wordpress\\\/wp-content\\\/uploads\\\/2023\\\/08\\\/Schueler-2023-5.jpeg\",\"datePublished\":\"2023-08-03T06:49:25+00:00\",\"dateModified\":\"2023-08-03T06:54:28+00:00\",\"author\":{\"@id\":\"https:\\\/\\\/www.freundschaft-mit-valjevo.de\\\/wordpress\\\/#\\\/schema\\\/person\\\/4fbd0cc7a0227a72529b76aeed6571e4\"},\"breadcrumb\":{\"@id\":\"https:\\\/\\\/www.freundschaft-mit-valjevo.de\\\/wordpress\\\/jugendliche-aus-valjevo-begeistert-von-unserer-stadt\\\/#breadcrumb\"},\"inLanguage\":\"de\",\"potentialAction\":[{\"@type\":\"ReadAction\",\"target\":[\"https:\\\/\\\/www.freundschaft-mit-valjevo.de\\\/wordpress\\\/jugendliche-aus-valjevo-begeistert-von-unserer-stadt\\\/\"]}]},{\"@type\":\"ImageObject\",\"inLanguage\":\"de\",\"@id\":\"https:\\\/\\\/www.freundschaft-mit-valjevo.de\\\/wordpress\\\/jugendliche-aus-valjevo-begeistert-von-unserer-stadt\\\/#primaryimage\",\"url\":\"https:\\\/\\\/www.freundschaft-mit-valjevo.de\\\/wordpress\\\/wp-content\\\/uploads\\\/2023\\\/08\\\/Schueler-2023-5.jpeg\",\"contentUrl\":\"https:\\\/\\\/www.freundschaft-mit-valjevo.de\\\/wordpress\\\/wp-content\\\/uploads\\\/2023\\\/08\\\/Schueler-2023-5.jpeg\",\"width\":2048,\"height\":1536},{\"@type\":\"BreadcrumbList\",\"@id\":\"https:\\\/\\\/www.freundschaft-mit-valjevo.de\\\/wordpress\\\/jugendliche-aus-valjevo-begeistert-von-unserer-stadt\\\/#breadcrumb\",\"itemListElement\":[{\"@type\":\"ListItem\",\"position\":1,\"name\":\"Startseite\",\"item\":\"https:\\\/\\\/www.freundschaft-mit-valjevo.de\\\/wordpress\\\/\"},{\"@type\":\"ListItem\",\"position\":2,\"name\":\"Jugendliche aus Valjevo begeistert von unserer Stadt\"}]},{\"@type\":\"WebSite\",\"@id\":\"https:\\\/\\\/www.freundschaft-mit-valjevo.de\\\/wordpress\\\/#website\",\"url\":\"https:\\\/\\\/www.freundschaft-mit-valjevo.de\\\/wordpress\\\/\",\"name\":\"Freundschaft mit Valjevo e.V.\",\"description\":\"F\u00fcr Frieden, Freundschaft und V\u00f6lkerverst\u00e4ndigung\",\"potentialAction\":[{\"@type\":\"SearchAction\",\"target\":{\"@type\":\"EntryPoint\",\"urlTemplate\":\"https:\\\/\\\/www.freundschaft-mit-valjevo.de\\\/wordpress\\\/?s={search_term_string}\"},\"query-input\":{\"@type\":\"PropertyValueSpecification\",\"valueRequired\":true,\"valueName\":\"search_term_string\"}}],\"inLanguage\":\"de\"},{\"@type\":\"Person\",\"@id\":\"https:\\\/\\\/www.freundschaft-mit-valjevo.de\\\/wordpress\\\/#\\\/schema\\\/person\\\/4fbd0cc7a0227a72529b76aeed6571e4\",\"name\":\"admin-z\",\"image\":{\"@type\":\"ImageObject\",\"inLanguage\":\"de\",\"@id\":\"https:\\\/\\\/secure.gravatar.com\\\/avatar\\\/e180e5c39bf8c56d773eb854294072b2fec4a0a0f052f70a3cdaf696f943716d?s=96&d=mm&r=g\",\"url\":\"https:\\\/\\\/secure.gravatar.com\\\/avatar\\\/e180e5c39bf8c56d773eb854294072b2fec4a0a0f052f70a3cdaf696f943716d?s=96&d=mm&r=g\",\"contentUrl\":\"https:\\\/\\\/secure.gravatar.com\\\/avatar\\\/e180e5c39bf8c56d773eb854294072b2fec4a0a0f052f70a3cdaf696f943716d?s=96&d=mm&r=g\",\"caption\":\"admin-z\"}}]}<\/script>\n<!-- \/ Yoast SEO plugin. -->","yoast_head_json":{"title":"Jugendliche aus Valjevo begeistert von unserer Stadt - Freundschaft mit Valjevo e.V.","robots":{"index":"index","follow":"follow","max-snippet":"max-snippet:-1","max-image-preview":"max-image-preview:large","max-video-preview":"max-video-preview:-1"},"canonical":"https:\/\/www.freundschaft-mit-valjevo.de\/wordpress\/jugendliche-aus-valjevo-begeistert-von-unserer-stadt\/","og_locale":"de_DE","og_type":"article","og_title":"Jugendliche aus Valjevo begeistert von unserer Stadt - Freundschaft mit Valjevo e.V.","og_description":"Bei traumhaften Wetter viel Information und Kultur Ostern 2000 hatten wir unsere erste Sch\u00fclergruppe aus der serbischen Stadt Valjevo f\u00fcr eine Woche nach Pfaffenhofen eingeladen.&#8230;","og_url":"https:\/\/www.freundschaft-mit-valjevo.de\/wordpress\/jugendliche-aus-valjevo-begeistert-von-unserer-stadt\/","og_site_name":"Freundschaft mit Valjevo e.V.","article_published_time":"2023-08-03T06:49:25+00:00","article_modified_time":"2023-08-03T06:54:28+00:00","og_image":[{"width":2048,"height":1536,"url":"https:\/\/www.freundschaft-mit-valjevo.de\/wordpress\/wp-content\/uploads\/2023\/08\/Schueler-2023-5.jpeg","type":"image\/jpeg"}],"author":"admin-z","twitter_card":"summary_large_image","twitter_misc":{"Verfasst von":"admin-z","Gesch\u00e4tzte Lesezeit":"3\u00a0Minuten"},"schema":{"@context":"https:\/\/schema.org","@graph":[{"@type":"Article","@id":"https:\/\/www.freundschaft-mit-valjevo.de\/wordpress\/jugendliche-aus-valjevo-begeistert-von-unserer-stadt\/#article","isPartOf":{"@id":"https:\/\/www.freundschaft-mit-valjevo.de\/wordpress\/jugendliche-aus-valjevo-begeistert-von-unserer-stadt\/"},"author":{"name":"admin-z","@id":"https:\/\/www.freundschaft-mit-valjevo.de\/wordpress\/#\/schema\/person\/4fbd0cc7a0227a72529b76aeed6571e4"},"headline":"Jugendliche aus Valjevo begeistert von unserer Stadt","datePublished":"2023-08-03T06:49:25+00:00","dateModified":"2023-08-03T06:54:28+00:00","mainEntityOfPage":{"@id":"https:\/\/www.freundschaft-mit-valjevo.de\/wordpress\/jugendliche-aus-valjevo-begeistert-von-unserer-stadt\/"},"wordCount":480,"image":{"@id":"https:\/\/www.freundschaft-mit-valjevo.de\/wordpress\/jugendliche-aus-valjevo-begeistert-von-unserer-stadt\/#primaryimage"},"thumbnailUrl":"https:\/\/www.freundschaft-mit-valjevo.de\/wordpress\/wp-content\/uploads\/2023\/08\/Schueler-2023-5.jpeg","inLanguage":"de"},{"@type":"WebPage","@id":"https:\/\/www.freundschaft-mit-valjevo.de\/wordpress\/jugendliche-aus-valjevo-begeistert-von-unserer-stadt\/","url":"https:\/\/www.freundschaft-mit-valjevo.de\/wordpress\/jugendliche-aus-valjevo-begeistert-von-unserer-stadt\/","name":"Jugendliche aus Valjevo begeistert von unserer Stadt - Freundschaft mit Valjevo e.V.","isPartOf":{"@id":"https:\/\/www.freundschaft-mit-valjevo.de\/wordpress\/#website"},"primaryImageOfPage":{"@id":"https:\/\/www.freundschaft-mit-valjevo.de\/wordpress\/jugendliche-aus-valjevo-begeistert-von-unserer-stadt\/#primaryimage"},"image":{"@id":"https:\/\/www.freundschaft-mit-valjevo.de\/wordpress\/jugendliche-aus-valjevo-begeistert-von-unserer-stadt\/#primaryimage"},"thumbnailUrl":"https:\/\/www.freundschaft-mit-valjevo.de\/wordpress\/wp-content\/uploads\/2023\/08\/Schueler-2023-5.jpeg","datePublished":"2023-08-03T06:49:25+00:00","dateModified":"2023-08-03T06:54:28+00:00","author":{"@id":"https:\/\/www.freundschaft-mit-valjevo.de\/wordpress\/#\/schema\/person\/4fbd0cc7a0227a72529b76aeed6571e4"},"breadcrumb":{"@id":"https:\/\/www.freundschaft-mit-valjevo.de\/wordpress\/jugendliche-aus-valjevo-begeistert-von-unserer-stadt\/#breadcrumb"},"inLanguage":"de","potentialAction":[{"@type":"ReadAction","target":["https:\/\/www.freundschaft-mit-valjevo.de\/wordpress\/jugendliche-aus-valjevo-begeistert-von-unserer-stadt\/"]}]},{"@type":"ImageObject","inLanguage":"de","@id":"https:\/\/www.freundschaft-mit-valjevo.de\/wordpress\/jugendliche-aus-valjevo-begeistert-von-unserer-stadt\/#primaryimage","url":"https:\/\/www.freundschaft-mit-valjevo.de\/wordpress\/wp-content\/uploads\/2023\/08\/Schueler-2023-5.jpeg","contentUrl":"https:\/\/www.freundschaft-mit-valjevo.de\/wordpress\/wp-content\/uploads\/2023\/08\/Schueler-2023-5.jpeg","width":2048,"height":1536},{"@type":"BreadcrumbList","@id":"https:\/\/www.freundschaft-mit-valjevo.de\/wordpress\/jugendliche-aus-valjevo-begeistert-von-unserer-stadt\/#breadcrumb","itemListElement":[{"@type":"ListItem","position":1,"name":"Startseite","item":"https:\/\/www.freundschaft-mit-valjevo.de\/wordpress\/"},{"@type":"ListItem","position":2,"name":"Jugendliche aus Valjevo begeistert von unserer Stadt"}]},{"@type":"WebSite","@id":"https:\/\/www.freundschaft-mit-valjevo.de\/wordpress\/#website","url":"https:\/\/www.freundschaft-mit-valjevo.de\/wordpress\/","name":"Freundschaft mit Valjevo e.V.","description":"F\u00fcr Frieden, Freundschaft und V\u00f6lkerverst\u00e4ndigung","potentialAction":[{"@type":"SearchAction","target":{"@type":"EntryPoint","urlTemplate":"https:\/\/www.freundschaft-mit-valjevo.de\/wordpress\/?s={search_term_string}"},"query-input":{"@type":"PropertyValueSpecification","valueRequired":true,"valueName":"search_term_string"}}],"inLanguage":"de"},{"@type":"Person","@id":"https:\/\/www.freundschaft-mit-valjevo.de\/wordpress\/#\/schema\/person\/4fbd0cc7a0227a72529b76aeed6571e4","name":"admin-z","image":{"@type":"ImageObject","inLanguage":"de","@id":"https:\/\/secure.gravatar.com\/avatar\/e180e5c39bf8c56d773eb854294072b2fec4a0a0f052f70a3cdaf696f943716d?s=96&d=mm&r=g","url":"https:\/\/secure.gravatar.com\/avatar\/e180e5c39bf8c56d773eb854294072b2fec4a0a0f052f70a3cdaf696f943716d?s=96&d=mm&r=g","contentUrl":"https:\/\/secure.gravatar.com\/avatar\/e180e5c39bf8c56d773eb854294072b2fec4a0a0f052f70a3cdaf696f943716d?s=96&d=mm&r=g","caption":"admin-z"}}]}},"_links":{"self":[{"href":"https:\/\/www.freundschaft-mit-valjevo.de\/wordpress\/wp-json\/wp\/v2\/posts\/2161","targetHints":{"allow":["GET"]}}],"collection":[{"href":"https:\/\/www.freundschaft-mit-valjevo.de\/wordpress\/wp-json\/wp\/v2\/posts"}],"about":[{"href":"https:\/\/www.freundschaft-mit-valjevo.de\/wordpress\/wp-json\/wp\/v2\/types\/post"}],"author":[{"embeddable":true,"href":"https:\/\/www.freundschaft-mit-valjevo.de\/wordpress\/wp-json\/wp\/v2\/users\/2"}],"replies":[{"embeddable":true,"href":"https:\/\/www.freundschaft-mit-valjevo.de\/wordpress\/wp-json\/wp\/v2\/comments?post=2161"}],"version-history":[{"count":5,"href":"https:\/\/www.freundschaft-mit-valjevo.de\/wordpress\/wp-json\/wp\/v2\/posts\/2161\/revisions"}],"predecessor-version":[{"id":2171,"href":"https:\/\/www.freundschaft-mit-valjevo.de\/wordpress\/wp-json\/wp\/v2\/posts\/2161\/revisions\/2171"}],"wp:featuredmedia":[{"embeddable":true,"href":"https:\/\/www.freundschaft-mit-valjevo.de\/wordpress\/wp-json\/wp\/v2\/media\/2164"}],"wp:attachment":[{"href":"https:\/\/www.freundschaft-mit-valjevo.de\/wordpress\/wp-json\/wp\/v2\/media?parent=2161"}],"wp:term":[{"taxonomy":"category","embeddable":true,"href":"https:\/\/www.freundschaft-mit-valjevo.de\/wordpress\/wp-json\/wp\/v2\/categories?post=2161"},{"taxonomy":"post_tag","embeddable":true,"href":"https:\/\/www.freundschaft-mit-valjevo.de\/wordpress\/wp-json\/wp\/v2\/tags?post=2161"}],"curies":[{"name":"wp","href":"https:\/\/api.w.org\/{rel}","templated":true}]}}