{"id":2173,"date":"2023-08-18T15:29:01","date_gmt":"2023-08-18T15:29:01","guid":{"rendered":"http:\/\/www.freundschaft-mit-valjevo.de\/wordpress\/?p=2173"},"modified":"2023-08-18T15:29:03","modified_gmt":"2023-08-18T15:29:03","slug":"wir-sind-nicht-mehr-der-nabel-der-welt","status":"publish","type":"post","link":"https:\/\/www.freundschaft-mit-valjevo.de\/wordpress\/wir-sind-nicht-mehr-der-nabel-der-welt\/","title":{"rendered":"<strong>Wir sind nicht mehr der Nabel der Welt<\/strong>"},"content":{"rendered":"\n<p>Leserbrief vom Bernd Duschner erschienen im Donaukurier am 31.Juli.2023<\/p>\n\n\n\n<p>Die Zeiten, in denen der Westen mit USA und EU der \u00fcbrigen Welt mit Wirtschaftssanktionen und milit\u00e4rischen Mitteln seine Vorstellungen diktieren konnte, sind mit dem Aufstieg der BRICS-Staaten endg\u00fcltig vorbei. Das hatten bereits Syrien und das Fiasko des Afghanistan-Krieges gezeigt und wiederholt sich heute im Krieg um die Ukraine. Gro\u00dfspurig hatten zu Beginn des Krieges von der Leyen und B\u00e4rbock verk\u00fcndigt, man werde Russland mit Wirtschaftssanktionen, mit dem Verzicht auf sein kosteng\u00fcnstiges \u00d6l und Gas, in die Knie zwingen. Mittlerweile wurde das 11. (!) Sanktionspaket geschn\u00fcrt. Die russische Wirtschaft mit ihrem Reichtum an Rohstoffen, Energie und Lebensmitteln zeigt sich als stabil. Sie w\u00e4chst sogar in diesem Jahr. Unser eigenes Land aber befindet sich in der Rezession, die Realeinkommen von Besch\u00e4ftigten und Rentnern sinken, massiver Sozialabbau droht. Gescheitert sind die Sanktionen gegen Russland auch deshalb, weil sich Lateinamerika, Afrika, die arabische Welt und Asien nicht beteiligen und ihren Handel mit Russland sogar ausbauen. Und die Abermilliarden f\u00fcr\u00a0 Waffenlieferungen und die Ausbildung ukrainischer Soldaten? Ein Blick auf Bev\u00f6lkerungsgr\u00f6\u00dfe, Wirtschaftskraft und milit\u00e4rischer St\u00e4rke von Ukraine und Russland zeigt, wie realit\u00e4tsfremd die Vorstellung ist, die ukrainischen Truppen k\u00f6nnten die russische Armee trotz deren v\u00f6lliger Luftherrschaft aus den besetzten Gebieten vertreiben. In diesen \u00f6stlichen und s\u00fcdlichen Regionen spricht die Mehrheit der Bev\u00f6lkerung russisch, f\u00fchlt sich kulturell und durch ihre Kirchenzugeh\u00f6rigkeit Russland verbunden. Es war ein schwerer Fehler der Regierung Zelensky, Russisch als Amtssprache zu verbieten und der russischen Minderheit ihr die im Minsk-2 Abkommen zugesagten Autonomierechte zu verweigern. Soll die Ukraine nicht v\u00f6llig ausbluten und das Land durch die Zerst\u00f6rung seiner Infrastruktur und Vergiftung seiner B\u00f6den und Umwelt unbewohnbar werden, braucht es umgehend Frieden. Wer aber Frieden will, muss bereit sein, sich in die Situation der anderen Seite hineinzuversetzen. Russland empfindet eine Nato-Mitgliedschaft, die Stationierung von Nato-Truppen und Raketen in der Ukraine ebenso als t\u00f6dliche Gefahr wie die USA 1962 die\u00a0 Stationierung russischer Raketen auf Cuba empfunden haben. Es ist h\u00f6chste Zeit das zu akzeptieren oder wollen wir wirklich in einen Dritten Weltkrieg schlittern ?\u00a0<\/p>\n","protected":false},"excerpt":{"rendered":"<p>Leserbrief vom Bernd Duschner erschienen im Donaukurier am 31.Juli.2023 Die Zeiten, in denen der Westen mit USA und EU der \u00fcbrigen Welt mit Wirtschaftssanktionen und&#8230;<\/p>\n<div class=\"more-link-wrapper\"><a class=\"more-link\" href=\"https:\/\/www.freundschaft-mit-valjevo.de\/wordpress\/wir-sind-nicht-mehr-der-nabel-der-welt\/\">Weiterlesen<span class=\"screen-reader-text\">&lt;strong&gt;Wir sind nicht mehr der Nabel der Welt&lt;\/strong&gt;<\/span><\/a><\/div>\n","protected":false},"author":2,"featured_media":0,"comment_status":"closed","ping_status":"closed","sticky":false,"template":"","format":"standard","meta":{"footnotes":""},"categories":[1],"tags":[],"class_list":["post-2173","post","type-post","status-publish","format-standard","hentry","category-allgemein","entry"],"yoast_head":"<!-- This site is optimized with the Yoast SEO plugin v27.4 - https:\/\/yoast.com\/product\/yoast-seo-wordpress\/ -->\n<title>Wir sind nicht mehr der Nabel der Welt - Freundschaft mit Valjevo e.V.<\/title>\n<meta name=\"robots\" content=\"index, follow, max-snippet:-1, max-image-preview:large, max-video-preview:-1\" \/>\n<link rel=\"canonical\" href=\"https:\/\/www.freundschaft-mit-valjevo.de\/wordpress\/wir-sind-nicht-mehr-der-nabel-der-welt\/\" \/>\n<meta property=\"og:locale\" content=\"de_DE\" \/>\n<meta property=\"og:type\" content=\"article\" \/>\n<meta property=\"og:title\" content=\"Wir sind nicht mehr der Nabel der Welt - Freundschaft mit Valjevo e.V.\" \/>\n<meta property=\"og:description\" content=\"Leserbrief vom Bernd Duschner erschienen im Donaukurier am 31.Juli.2023 Die Zeiten, in denen der Westen mit USA und EU der \u00fcbrigen Welt mit Wirtschaftssanktionen und&#8230;\" \/>\n<meta property=\"og:url\" content=\"https:\/\/www.freundschaft-mit-valjevo.de\/wordpress\/wir-sind-nicht-mehr-der-nabel-der-welt\/\" \/>\n<meta property=\"og:site_name\" content=\"Freundschaft mit Valjevo e.V.\" \/>\n<meta property=\"article:published_time\" content=\"2023-08-18T15:29:01+00:00\" \/>\n<meta property=\"article:modified_time\" content=\"2023-08-18T15:29:03+00:00\" \/>\n<meta name=\"author\" content=\"admin-z\" \/>\n<meta name=\"twitter:card\" content=\"summary_large_image\" \/>\n<meta name=\"twitter:label1\" content=\"Verfasst von\" \/>\n\t<meta name=\"twitter:data1\" content=\"admin-z\" \/>\n\t<meta name=\"twitter:label2\" content=\"Gesch\u00e4tzte Lesezeit\" \/>\n\t<meta name=\"twitter:data2\" content=\"2\u00a0Minuten\" \/>\n<script type=\"application\/ld+json\" class=\"yoast-schema-graph\">{\"@context\":\"https:\\\/\\\/schema.org\",\"@graph\":[{\"@type\":\"Article\",\"@id\":\"https:\\\/\\\/www.freundschaft-mit-valjevo.de\\\/wordpress\\\/wir-sind-nicht-mehr-der-nabel-der-welt\\\/#article\",\"isPartOf\":{\"@id\":\"https:\\\/\\\/www.freundschaft-mit-valjevo.de\\\/wordpress\\\/wir-sind-nicht-mehr-der-nabel-der-welt\\\/\"},\"author\":{\"name\":\"admin-z\",\"@id\":\"https:\\\/\\\/www.freundschaft-mit-valjevo.de\\\/wordpress\\\/#\\\/schema\\\/person\\\/4fbd0cc7a0227a72529b76aeed6571e4\"},\"headline\":\"Wir sind nicht mehr der Nabel der Welt\",\"datePublished\":\"2023-08-18T15:29:01+00:00\",\"dateModified\":\"2023-08-18T15:29:03+00:00\",\"mainEntityOfPage\":{\"@id\":\"https:\\\/\\\/www.freundschaft-mit-valjevo.de\\\/wordpress\\\/wir-sind-nicht-mehr-der-nabel-der-welt\\\/\"},\"wordCount\":369,\"inLanguage\":\"de\"},{\"@type\":\"WebPage\",\"@id\":\"https:\\\/\\\/www.freundschaft-mit-valjevo.de\\\/wordpress\\\/wir-sind-nicht-mehr-der-nabel-der-welt\\\/\",\"url\":\"https:\\\/\\\/www.freundschaft-mit-valjevo.de\\\/wordpress\\\/wir-sind-nicht-mehr-der-nabel-der-welt\\\/\",\"name\":\"Wir sind nicht mehr der Nabel der Welt - Freundschaft mit Valjevo e.V.\",\"isPartOf\":{\"@id\":\"https:\\\/\\\/www.freundschaft-mit-valjevo.de\\\/wordpress\\\/#website\"},\"datePublished\":\"2023-08-18T15:29:01+00:00\",\"dateModified\":\"2023-08-18T15:29:03+00:00\",\"author\":{\"@id\":\"https:\\\/\\\/www.freundschaft-mit-valjevo.de\\\/wordpress\\\/#\\\/schema\\\/person\\\/4fbd0cc7a0227a72529b76aeed6571e4\"},\"breadcrumb\":{\"@id\":\"https:\\\/\\\/www.freundschaft-mit-valjevo.de\\\/wordpress\\\/wir-sind-nicht-mehr-der-nabel-der-welt\\\/#breadcrumb\"},\"inLanguage\":\"de\",\"potentialAction\":[{\"@type\":\"ReadAction\",\"target\":[\"https:\\\/\\\/www.freundschaft-mit-valjevo.de\\\/wordpress\\\/wir-sind-nicht-mehr-der-nabel-der-welt\\\/\"]}]},{\"@type\":\"BreadcrumbList\",\"@id\":\"https:\\\/\\\/www.freundschaft-mit-valjevo.de\\\/wordpress\\\/wir-sind-nicht-mehr-der-nabel-der-welt\\\/#breadcrumb\",\"itemListElement\":[{\"@type\":\"ListItem\",\"position\":1,\"name\":\"Startseite\",\"item\":\"https:\\\/\\\/www.freundschaft-mit-valjevo.de\\\/wordpress\\\/\"},{\"@type\":\"ListItem\",\"position\":2,\"name\":\"Wir sind nicht mehr der Nabel der Welt\"}]},{\"@type\":\"WebSite\",\"@id\":\"https:\\\/\\\/www.freundschaft-mit-valjevo.de\\\/wordpress\\\/#website\",\"url\":\"https:\\\/\\\/www.freundschaft-mit-valjevo.de\\\/wordpress\\\/\",\"name\":\"Freundschaft mit Valjevo e.V.\",\"description\":\"F\u00fcr Frieden, Freundschaft und V\u00f6lkerverst\u00e4ndigung\",\"potentialAction\":[{\"@type\":\"SearchAction\",\"target\":{\"@type\":\"EntryPoint\",\"urlTemplate\":\"https:\\\/\\\/www.freundschaft-mit-valjevo.de\\\/wordpress\\\/?s={search_term_string}\"},\"query-input\":{\"@type\":\"PropertyValueSpecification\",\"valueRequired\":true,\"valueName\":\"search_term_string\"}}],\"inLanguage\":\"de\"},{\"@type\":\"Person\",\"@id\":\"https:\\\/\\\/www.freundschaft-mit-valjevo.de\\\/wordpress\\\/#\\\/schema\\\/person\\\/4fbd0cc7a0227a72529b76aeed6571e4\",\"name\":\"admin-z\",\"image\":{\"@type\":\"ImageObject\",\"inLanguage\":\"de\",\"@id\":\"https:\\\/\\\/secure.gravatar.com\\\/avatar\\\/e180e5c39bf8c56d773eb854294072b2fec4a0a0f052f70a3cdaf696f943716d?s=96&d=mm&r=g\",\"url\":\"https:\\\/\\\/secure.gravatar.com\\\/avatar\\\/e180e5c39bf8c56d773eb854294072b2fec4a0a0f052f70a3cdaf696f943716d?s=96&d=mm&r=g\",\"contentUrl\":\"https:\\\/\\\/secure.gravatar.com\\\/avatar\\\/e180e5c39bf8c56d773eb854294072b2fec4a0a0f052f70a3cdaf696f943716d?s=96&d=mm&r=g\",\"caption\":\"admin-z\"}}]}<\/script>\n<!-- \/ Yoast SEO plugin. -->","yoast_head_json":{"title":"Wir sind nicht mehr der Nabel der Welt - Freundschaft mit Valjevo e.V.","robots":{"index":"index","follow":"follow","max-snippet":"max-snippet:-1","max-image-preview":"max-image-preview:large","max-video-preview":"max-video-preview:-1"},"canonical":"https:\/\/www.freundschaft-mit-valjevo.de\/wordpress\/wir-sind-nicht-mehr-der-nabel-der-welt\/","og_locale":"de_DE","og_type":"article","og_title":"Wir sind nicht mehr der Nabel der Welt - Freundschaft mit Valjevo e.V.","og_description":"Leserbrief vom Bernd Duschner erschienen im Donaukurier am 31.Juli.2023 Die Zeiten, in denen der Westen mit USA und EU der \u00fcbrigen Welt mit Wirtschaftssanktionen und&#8230;","og_url":"https:\/\/www.freundschaft-mit-valjevo.de\/wordpress\/wir-sind-nicht-mehr-der-nabel-der-welt\/","og_site_name":"Freundschaft mit Valjevo e.V.","article_published_time":"2023-08-18T15:29:01+00:00","article_modified_time":"2023-08-18T15:29:03+00:00","author":"admin-z","twitter_card":"summary_large_image","twitter_misc":{"Verfasst von":"admin-z","Gesch\u00e4tzte Lesezeit":"2\u00a0Minuten"},"schema":{"@context":"https:\/\/schema.org","@graph":[{"@type":"Article","@id":"https:\/\/www.freundschaft-mit-valjevo.de\/wordpress\/wir-sind-nicht-mehr-der-nabel-der-welt\/#article","isPartOf":{"@id":"https:\/\/www.freundschaft-mit-valjevo.de\/wordpress\/wir-sind-nicht-mehr-der-nabel-der-welt\/"},"author":{"name":"admin-z","@id":"https:\/\/www.freundschaft-mit-valjevo.de\/wordpress\/#\/schema\/person\/4fbd0cc7a0227a72529b76aeed6571e4"},"headline":"Wir sind nicht mehr der Nabel der Welt","datePublished":"2023-08-18T15:29:01+00:00","dateModified":"2023-08-18T15:29:03+00:00","mainEntityOfPage":{"@id":"https:\/\/www.freundschaft-mit-valjevo.de\/wordpress\/wir-sind-nicht-mehr-der-nabel-der-welt\/"},"wordCount":369,"inLanguage":"de"},{"@type":"WebPage","@id":"https:\/\/www.freundschaft-mit-valjevo.de\/wordpress\/wir-sind-nicht-mehr-der-nabel-der-welt\/","url":"https:\/\/www.freundschaft-mit-valjevo.de\/wordpress\/wir-sind-nicht-mehr-der-nabel-der-welt\/","name":"Wir sind nicht mehr der Nabel der Welt - Freundschaft mit Valjevo e.V.","isPartOf":{"@id":"https:\/\/www.freundschaft-mit-valjevo.de\/wordpress\/#website"},"datePublished":"2023-08-18T15:29:01+00:00","dateModified":"2023-08-18T15:29:03+00:00","author":{"@id":"https:\/\/www.freundschaft-mit-valjevo.de\/wordpress\/#\/schema\/person\/4fbd0cc7a0227a72529b76aeed6571e4"},"breadcrumb":{"@id":"https:\/\/www.freundschaft-mit-valjevo.de\/wordpress\/wir-sind-nicht-mehr-der-nabel-der-welt\/#breadcrumb"},"inLanguage":"de","potentialAction":[{"@type":"ReadAction","target":["https:\/\/www.freundschaft-mit-valjevo.de\/wordpress\/wir-sind-nicht-mehr-der-nabel-der-welt\/"]}]},{"@type":"BreadcrumbList","@id":"https:\/\/www.freundschaft-mit-valjevo.de\/wordpress\/wir-sind-nicht-mehr-der-nabel-der-welt\/#breadcrumb","itemListElement":[{"@type":"ListItem","position":1,"name":"Startseite","item":"https:\/\/www.freundschaft-mit-valjevo.de\/wordpress\/"},{"@type":"ListItem","position":2,"name":"Wir sind nicht mehr der Nabel der Welt"}]},{"@type":"WebSite","@id":"https:\/\/www.freundschaft-mit-valjevo.de\/wordpress\/#website","url":"https:\/\/www.freundschaft-mit-valjevo.de\/wordpress\/","name":"Freundschaft mit Valjevo e.V.","description":"F\u00fcr Frieden, Freundschaft und V\u00f6lkerverst\u00e4ndigung","potentialAction":[{"@type":"SearchAction","target":{"@type":"EntryPoint","urlTemplate":"https:\/\/www.freundschaft-mit-valjevo.de\/wordpress\/?s={search_term_string}"},"query-input":{"@type":"PropertyValueSpecification","valueRequired":true,"valueName":"search_term_string"}}],"inLanguage":"de"},{"@type":"Person","@id":"https:\/\/www.freundschaft-mit-valjevo.de\/wordpress\/#\/schema\/person\/4fbd0cc7a0227a72529b76aeed6571e4","name":"admin-z","image":{"@type":"ImageObject","inLanguage":"de","@id":"https:\/\/secure.gravatar.com\/avatar\/e180e5c39bf8c56d773eb854294072b2fec4a0a0f052f70a3cdaf696f943716d?s=96&d=mm&r=g","url":"https:\/\/secure.gravatar.com\/avatar\/e180e5c39bf8c56d773eb854294072b2fec4a0a0f052f70a3cdaf696f943716d?s=96&d=mm&r=g","contentUrl":"https:\/\/secure.gravatar.com\/avatar\/e180e5c39bf8c56d773eb854294072b2fec4a0a0f052f70a3cdaf696f943716d?s=96&d=mm&r=g","caption":"admin-z"}}]}},"_links":{"self":[{"href":"https:\/\/www.freundschaft-mit-valjevo.de\/wordpress\/wp-json\/wp\/v2\/posts\/2173","targetHints":{"allow":["GET"]}}],"collection":[{"href":"https:\/\/www.freundschaft-mit-valjevo.de\/wordpress\/wp-json\/wp\/v2\/posts"}],"about":[{"href":"https:\/\/www.freundschaft-mit-valjevo.de\/wordpress\/wp-json\/wp\/v2\/types\/post"}],"author":[{"embeddable":true,"href":"https:\/\/www.freundschaft-mit-valjevo.de\/wordpress\/wp-json\/wp\/v2\/users\/2"}],"replies":[{"embeddable":true,"href":"https:\/\/www.freundschaft-mit-valjevo.de\/wordpress\/wp-json\/wp\/v2\/comments?post=2173"}],"version-history":[{"count":1,"href":"https:\/\/www.freundschaft-mit-valjevo.de\/wordpress\/wp-json\/wp\/v2\/posts\/2173\/revisions"}],"predecessor-version":[{"id":2174,"href":"https:\/\/www.freundschaft-mit-valjevo.de\/wordpress\/wp-json\/wp\/v2\/posts\/2173\/revisions\/2174"}],"wp:attachment":[{"href":"https:\/\/www.freundschaft-mit-valjevo.de\/wordpress\/wp-json\/wp\/v2\/media?parent=2173"}],"wp:term":[{"taxonomy":"category","embeddable":true,"href":"https:\/\/www.freundschaft-mit-valjevo.de\/wordpress\/wp-json\/wp\/v2\/categories?post=2173"},{"taxonomy":"post_tag","embeddable":true,"href":"https:\/\/www.freundschaft-mit-valjevo.de\/wordpress\/wp-json\/wp\/v2\/tags?post=2173"}],"curies":[{"name":"wp","href":"https:\/\/api.w.org\/{rel}","templated":true}]}}