{"id":2176,"date":"2023-09-10T11:43:51","date_gmt":"2023-09-10T11:43:51","guid":{"rendered":"http:\/\/www.freundschaft-mit-valjevo.de\/wordpress\/?p=2176"},"modified":"2023-09-10T11:45:22","modified_gmt":"2023-09-10T11:45:22","slug":"die-grosse-heuchelei-wegen-eines-flugblattes-von-1987","status":"publish","type":"post","link":"https:\/\/www.freundschaft-mit-valjevo.de\/wordpress\/die-grosse-heuchelei-wegen-eines-flugblattes-von-1987\/","title":{"rendered":"<strong>Die gro\u00dfe Heuchelei wegen eines Flugblattes von 1987\u00a0<\/strong>"},"content":{"rendered":"\n<p>Der Landtagswahlkampf in Bayern ist von kurzer Dauer. Am 10. September gehen die Sommerferien zu Ende und bereits am 8. Oktober wird gew\u00e4hlt. Es bleibt kaum Zeit f\u00fcr inhaltliche politische Auseinandersetzungen. Das kommt den herrschenden Parteien gelegen. Nicht die hohen Preissteigerungen speziell bei Energie und Lebensmittel, die L\u00f6hne, Renten und Ersparnissen der breiten Bev\u00f6lkerung entwerten, nicht der Stillstand im Wohnungsbau in einer Zeit, in der es gilt, zus\u00e4tzlich f\u00fcr Hunderttausende Fl\u00fcchtlinge Wohnraum zu schaffen, nicht die irrsinnige Aufr\u00fcstung und die zunehmende Kriegsgefahr werden diskutiert. Im Mittelpunkt der Diskussion steht stattdessen ein Flugblatt, das der \u00e4ltere Br\u00fcder des bayerischen Wirtschaftsministers und Vorsitzende der \u201eFreien W\u00e4hlen\u201c Hubert Aiwanger 1987 als 17 j\u00e4hriger Sch\u00fcler an einem niederbayerischen Gymnasium verfasst hat. Die \u201eSZ\u201c hat es genau zum richtigen Zeitpunkt aus der Tasche gezogen. Aus dem Flugblatt, das offensichtlich als Provokation gegen bestimmte Lehrer gedacht war, spricht tiefer Hass und Menschenverachtung. Gegen wen aber richtete sich der Text, in wen sah sein Verfasser den Feind, den es zu vernichten galt ? Im Flugblatt ist das sehr klar und unmissverst\u00e4ndlich formuliert: Es sind Deutsche, konkret, deutsche \u201eVaterlandsverr\u00e4ter\u201c. Sie werden aufgefordert, zum&nbsp; KZ Dachau zu kommen, um dort an einem Preisausschreiben teilzunehmen. Als Preise k\u00f6nnten sie \u201eeinen kostenloser Genickschuss\u201c oder \u201eKopfamputation durch ein Fallbeil\u201c u.\u00e4. gewinnen.&nbsp;<\/p>\n\n\n\n<p>Das KZ Dachau wurde 1933 eingerichtet, um die politischen Gegner des NS Regimes, Kommunisten, Sozialdemokraten, Gewerkschafter, Pazifisten und aufrechte Demokraten zu auszuschalten und zu ermorden. Es sollte in der Bev\u00f6lkerung eine l\u00e4hmende Atmosph\u00e4re der Angst verbreiten. Kein Gedanke an Widerstand sollte aufkommen. Halten wir fest: Dem Verfasser des Flugblattes ging es nicht um die Juden, wie uns die herrschenden Medien und Politiker suggerieren m\u00f6chten, sondern um deutsche \u201eVaterlandsverr\u00e4ter\u201c. Wer aber waren in der alten Bundesrepublik f\u00fcr Neofaschisten und Teile der CDU\/CSU \u201eVaterlandsverr\u00e4ter\u201c? Es waren alle die Menschen, die sich f\u00fcr eine Auss\u00f6hnung mit dem Osten, f\u00fcr die Anerkennung der bestehenden Grenzen, insbesondere von Polen und der CSSR, f\u00fcr den Dialog auf gleicher Augenh\u00f6he mit der DDR und Russland eingesetzt haben. Der Feind, das waren die Bef\u00fcrworter von Abr\u00fcstung und Entspannungspolitk. Genau diese Wahrheit wird heute in einer Zeit des Russenhasses, der Hochr\u00fcstung und der Kriegsgeilheit von Medien und unseren \u201eTop\u201c-Politikern verschwiegen. Bewu\u00dft konzentriert sich die Berichterstattung unserer Leitmedien ausschlie\u00dflich auf den Schreiber des Flugblattes und blendet das damals vorherrschende gesellschaftliche und politische Umfeld aus. Wie aber junge Menschen die Berichte und Informationen \u00fcber das NS-Terrorregime aufnehmen und verarbeiten, wird im hohen Umfang von Eltern, Schule, Leitmedien, der allgemein herrschenden politischen Atmosph\u00e4re und ihren Rahmenbedingungen bestimmt. Nach dem Krieg haben CDU\/CSU und FDP alles in ihren M\u00f6glichkeiten getan, um \u00fcber die Verbrechen des NS-Regimes eine Decke des Verschweigens zu legen und jede ernsthafte Aufarbeitung zu verhindern. \u201eEin Volk\u201c, so Franz-Josef Strauss bereits 1961, \u201e das diese wirtschaftlichen&nbsp; Leistungen erbracht hat, hat ein Recht darauf, von Auschwitz nicht mehr h\u00f6ren zu wollen.\u201c&nbsp; Aktive Unterst\u00fctzer des NS-Regimes erhielten unter den CDU\/CSU\/FDP Regierungen Spitzenpositionen: Bundeskanzler Konrad Adenauer machte den Mitverfasser und Kommentator der N\u00fcrnberger Rassengesetze Hans Globke zu seinem Staatssekret\u00e4r und Chef des Bundeskanzleramtes, die NS-Gener\u00e4le Heusinger, Speidel und Gehlen wurden mit Aufbau und Leitung von Bundeswehr und BND beauftragt. Erst 1963, also nahezu 2 Jahrzehnte nach der Befreiung des KZ Auschwitz konnte der erste Prozess gegen Angeh\u00f6rige seiner SS-Wachmannschaften stattfinden. Nur gegen den erbitterten Widerstand speziell der FDP und ihres damaligen Justizminister Bucher konnte verhindert werden, dass die NS-Morde bereits ab 1965 als verj\u00e4hrt galten und so zahlreiche NS-Schergen unbehelligt geblieben w\u00e4ren. Der Geist der Verharmlosung der Verbrechen des NS-Regimes herrschte noch 1987 in weiten Teilen des von der CSU beherrschten Bayern. Es ist deshalb nicht verwunderlich, dass das Verfassen und Verteilen des Hetzflugblattes vom niederbayerischen Gymnasium als Bagatelle eingestuft und mit einem Referat \u201egeahndet\u201c wurde. Dagegen flog 1980 in Regensburg die 18 j\u00e4hrige Christine Schanderl vom Gymnasium, weil sie eine \u201eStoppt-Strau\u00df\u201c Plakette getragen hatte.&nbsp;<\/p>\n\n\n\n<p>Wenn sich heute CSU Chef S\u00f6der als Anwalt der NS-Opfer darstellt, so ist das angesichts der Geschichte seiner eigenen Partei an Heuchelei schwer zu \u00fcbertreffen. Das gilt auch f\u00fcr die Politiker der SPD und der Gr\u00fcnen, die zu den KZ und Foltergef\u00e4ngnissen der USA in Guantanamo, Abu Graib, Bagram, der gezielten T\u00f6tung von Tausenden Menschen weltweit durch US-Drohnen und dem Aushungern ganzer V\u00f6lker durch Sanktionen wie in den 90er Jahren im Irak und heute in Syrien geschwiegen haben und noch heute schweigen.\u00a0<\/p>\n\n\n\n<figure class=\"wp-block-embed is-type-wp-embed is-provider-nachdenkseiten-die-kritische-website wp-block-embed-nachdenkseiten-die-kritische-website\"><div class=\"wp-block-embed__wrapper\">\n<blockquote class=\"wp-embedded-content\" data-secret=\"F8p5MYRuqV\"><a href=\"https:\/\/www.nachdenkseiten.de\/?p=103353\">Die gro&#223;e Heuchelei wegen eines Flugblattes von 1987<\/a><\/blockquote><iframe loading=\"lazy\" class=\"wp-embedded-content\" sandbox=\"allow-scripts\" security=\"restricted\" style=\"position: absolute; clip: rect(1px, 1px, 1px, 1px);\" title=\"&#8222;Die gro&#223;e Heuchelei wegen eines Flugblattes von 1987&#8220; &#8212; NachDenkSeiten - Die kritische Website\" src=\"https:\/\/www.nachdenkseiten.de\/?p=103353&#038;embed=true#?secret=F8p5MYRuqV\" data-secret=\"F8p5MYRuqV\" width=\"500\" height=\"282\" frameborder=\"0\" marginwidth=\"0\" marginheight=\"0\" scrolling=\"no\"><\/iframe>\n<\/div><\/figure>\n","protected":false},"excerpt":{"rendered":"<p>Der Landtagswahlkampf in Bayern ist von kurzer Dauer. Am 10. September gehen die Sommerferien zu Ende und bereits am 8. Oktober wird gew\u00e4hlt. Es bleibt&#8230;<\/p>\n<div class=\"more-link-wrapper\"><a class=\"more-link\" href=\"https:\/\/www.freundschaft-mit-valjevo.de\/wordpress\/die-grosse-heuchelei-wegen-eines-flugblattes-von-1987\/\">Weiterlesen<span class=\"screen-reader-text\">&lt;strong&gt;Die gro\u00dfe Heuchelei wegen eines Flugblattes von 1987\u00a0&lt;\/strong&gt;<\/span><\/a><\/div>\n","protected":false},"author":2,"featured_media":0,"comment_status":"closed","ping_status":"closed","sticky":false,"template":"","format":"standard","meta":{"footnotes":""},"categories":[1],"tags":[],"class_list":["post-2176","post","type-post","status-publish","format-standard","hentry","category-allgemein","entry"],"yoast_head":"<!-- This site is optimized with the Yoast SEO plugin v27.4 - https:\/\/yoast.com\/product\/yoast-seo-wordpress\/ -->\n<title>Die gro\u00dfe Heuchelei wegen eines Flugblattes von 1987\u00a0 - Freundschaft mit Valjevo e.V.<\/title>\n<meta name=\"robots\" content=\"index, follow, max-snippet:-1, max-image-preview:large, max-video-preview:-1\" \/>\n<link rel=\"canonical\" href=\"https:\/\/www.freundschaft-mit-valjevo.de\/wordpress\/die-grosse-heuchelei-wegen-eines-flugblattes-von-1987\/\" \/>\n<meta property=\"og:locale\" content=\"de_DE\" \/>\n<meta property=\"og:type\" content=\"article\" \/>\n<meta property=\"og:title\" content=\"Die gro\u00dfe Heuchelei wegen eines Flugblattes von 1987\u00a0 - Freundschaft mit Valjevo e.V.\" \/>\n<meta property=\"og:description\" content=\"Der Landtagswahlkampf in Bayern ist von kurzer Dauer. Am 10. September gehen die Sommerferien zu Ende und bereits am 8. Oktober wird gew\u00e4hlt. Es bleibt&#8230;\" \/>\n<meta property=\"og:url\" content=\"https:\/\/www.freundschaft-mit-valjevo.de\/wordpress\/die-grosse-heuchelei-wegen-eines-flugblattes-von-1987\/\" \/>\n<meta property=\"og:site_name\" content=\"Freundschaft mit Valjevo e.V.\" \/>\n<meta property=\"article:published_time\" content=\"2023-09-10T11:43:51+00:00\" \/>\n<meta property=\"article:modified_time\" content=\"2023-09-10T11:45:22+00:00\" \/>\n<meta name=\"author\" content=\"admin-z\" \/>\n<meta name=\"twitter:card\" content=\"summary_large_image\" \/>\n<meta name=\"twitter:label1\" content=\"Verfasst von\" \/>\n\t<meta name=\"twitter:data1\" content=\"admin-z\" \/>\n\t<meta name=\"twitter:label2\" content=\"Gesch\u00e4tzte Lesezeit\" \/>\n\t<meta name=\"twitter:data2\" content=\"4\u00a0Minuten\" \/>\n<script type=\"application\/ld+json\" class=\"yoast-schema-graph\">{\"@context\":\"https:\\\/\\\/schema.org\",\"@graph\":[{\"@type\":\"Article\",\"@id\":\"https:\\\/\\\/www.freundschaft-mit-valjevo.de\\\/wordpress\\\/die-grosse-heuchelei-wegen-eines-flugblattes-von-1987\\\/#article\",\"isPartOf\":{\"@id\":\"https:\\\/\\\/www.freundschaft-mit-valjevo.de\\\/wordpress\\\/die-grosse-heuchelei-wegen-eines-flugblattes-von-1987\\\/\"},\"author\":{\"name\":\"admin-z\",\"@id\":\"https:\\\/\\\/www.freundschaft-mit-valjevo.de\\\/wordpress\\\/#\\\/schema\\\/person\\\/4fbd0cc7a0227a72529b76aeed6571e4\"},\"headline\":\"Die gro\u00dfe Heuchelei wegen eines Flugblattes von 1987\u00a0\",\"datePublished\":\"2023-09-10T11:43:51+00:00\",\"dateModified\":\"2023-09-10T11:45:22+00:00\",\"mainEntityOfPage\":{\"@id\":\"https:\\\/\\\/www.freundschaft-mit-valjevo.de\\\/wordpress\\\/die-grosse-heuchelei-wegen-eines-flugblattes-von-1987\\\/\"},\"wordCount\":771,\"inLanguage\":\"de\"},{\"@type\":\"WebPage\",\"@id\":\"https:\\\/\\\/www.freundschaft-mit-valjevo.de\\\/wordpress\\\/die-grosse-heuchelei-wegen-eines-flugblattes-von-1987\\\/\",\"url\":\"https:\\\/\\\/www.freundschaft-mit-valjevo.de\\\/wordpress\\\/die-grosse-heuchelei-wegen-eines-flugblattes-von-1987\\\/\",\"name\":\"Die gro\u00dfe Heuchelei wegen eines Flugblattes von 1987\u00a0 - Freundschaft mit Valjevo e.V.\",\"isPartOf\":{\"@id\":\"https:\\\/\\\/www.freundschaft-mit-valjevo.de\\\/wordpress\\\/#website\"},\"datePublished\":\"2023-09-10T11:43:51+00:00\",\"dateModified\":\"2023-09-10T11:45:22+00:00\",\"author\":{\"@id\":\"https:\\\/\\\/www.freundschaft-mit-valjevo.de\\\/wordpress\\\/#\\\/schema\\\/person\\\/4fbd0cc7a0227a72529b76aeed6571e4\"},\"breadcrumb\":{\"@id\":\"https:\\\/\\\/www.freundschaft-mit-valjevo.de\\\/wordpress\\\/die-grosse-heuchelei-wegen-eines-flugblattes-von-1987\\\/#breadcrumb\"},\"inLanguage\":\"de\",\"potentialAction\":[{\"@type\":\"ReadAction\",\"target\":[\"https:\\\/\\\/www.freundschaft-mit-valjevo.de\\\/wordpress\\\/die-grosse-heuchelei-wegen-eines-flugblattes-von-1987\\\/\"]}]},{\"@type\":\"BreadcrumbList\",\"@id\":\"https:\\\/\\\/www.freundschaft-mit-valjevo.de\\\/wordpress\\\/die-grosse-heuchelei-wegen-eines-flugblattes-von-1987\\\/#breadcrumb\",\"itemListElement\":[{\"@type\":\"ListItem\",\"position\":1,\"name\":\"Startseite\",\"item\":\"https:\\\/\\\/www.freundschaft-mit-valjevo.de\\\/wordpress\\\/\"},{\"@type\":\"ListItem\",\"position\":2,\"name\":\"Die gro\u00dfe Heuchelei wegen eines Flugblattes von 1987\u00a0\"}]},{\"@type\":\"WebSite\",\"@id\":\"https:\\\/\\\/www.freundschaft-mit-valjevo.de\\\/wordpress\\\/#website\",\"url\":\"https:\\\/\\\/www.freundschaft-mit-valjevo.de\\\/wordpress\\\/\",\"name\":\"Freundschaft mit Valjevo e.V.\",\"description\":\"F\u00fcr Frieden, Freundschaft und V\u00f6lkerverst\u00e4ndigung\",\"potentialAction\":[{\"@type\":\"SearchAction\",\"target\":{\"@type\":\"EntryPoint\",\"urlTemplate\":\"https:\\\/\\\/www.freundschaft-mit-valjevo.de\\\/wordpress\\\/?s={search_term_string}\"},\"query-input\":{\"@type\":\"PropertyValueSpecification\",\"valueRequired\":true,\"valueName\":\"search_term_string\"}}],\"inLanguage\":\"de\"},{\"@type\":\"Person\",\"@id\":\"https:\\\/\\\/www.freundschaft-mit-valjevo.de\\\/wordpress\\\/#\\\/schema\\\/person\\\/4fbd0cc7a0227a72529b76aeed6571e4\",\"name\":\"admin-z\",\"image\":{\"@type\":\"ImageObject\",\"inLanguage\":\"de\",\"@id\":\"https:\\\/\\\/secure.gravatar.com\\\/avatar\\\/e180e5c39bf8c56d773eb854294072b2fec4a0a0f052f70a3cdaf696f943716d?s=96&d=mm&r=g\",\"url\":\"https:\\\/\\\/secure.gravatar.com\\\/avatar\\\/e180e5c39bf8c56d773eb854294072b2fec4a0a0f052f70a3cdaf696f943716d?s=96&d=mm&r=g\",\"contentUrl\":\"https:\\\/\\\/secure.gravatar.com\\\/avatar\\\/e180e5c39bf8c56d773eb854294072b2fec4a0a0f052f70a3cdaf696f943716d?s=96&d=mm&r=g\",\"caption\":\"admin-z\"}}]}<\/script>\n<!-- \/ Yoast SEO plugin. -->","yoast_head_json":{"title":"Die gro\u00dfe Heuchelei wegen eines Flugblattes von 1987\u00a0 - Freundschaft mit Valjevo e.V.","robots":{"index":"index","follow":"follow","max-snippet":"max-snippet:-1","max-image-preview":"max-image-preview:large","max-video-preview":"max-video-preview:-1"},"canonical":"https:\/\/www.freundschaft-mit-valjevo.de\/wordpress\/die-grosse-heuchelei-wegen-eines-flugblattes-von-1987\/","og_locale":"de_DE","og_type":"article","og_title":"Die gro\u00dfe Heuchelei wegen eines Flugblattes von 1987\u00a0 - Freundschaft mit Valjevo e.V.","og_description":"Der Landtagswahlkampf in Bayern ist von kurzer Dauer. Am 10. September gehen die Sommerferien zu Ende und bereits am 8. Oktober wird gew\u00e4hlt. Es bleibt&#8230;","og_url":"https:\/\/www.freundschaft-mit-valjevo.de\/wordpress\/die-grosse-heuchelei-wegen-eines-flugblattes-von-1987\/","og_site_name":"Freundschaft mit Valjevo e.V.","article_published_time":"2023-09-10T11:43:51+00:00","article_modified_time":"2023-09-10T11:45:22+00:00","author":"admin-z","twitter_card":"summary_large_image","twitter_misc":{"Verfasst von":"admin-z","Gesch\u00e4tzte Lesezeit":"4\u00a0Minuten"},"schema":{"@context":"https:\/\/schema.org","@graph":[{"@type":"Article","@id":"https:\/\/www.freundschaft-mit-valjevo.de\/wordpress\/die-grosse-heuchelei-wegen-eines-flugblattes-von-1987\/#article","isPartOf":{"@id":"https:\/\/www.freundschaft-mit-valjevo.de\/wordpress\/die-grosse-heuchelei-wegen-eines-flugblattes-von-1987\/"},"author":{"name":"admin-z","@id":"https:\/\/www.freundschaft-mit-valjevo.de\/wordpress\/#\/schema\/person\/4fbd0cc7a0227a72529b76aeed6571e4"},"headline":"Die gro\u00dfe Heuchelei wegen eines Flugblattes von 1987\u00a0","datePublished":"2023-09-10T11:43:51+00:00","dateModified":"2023-09-10T11:45:22+00:00","mainEntityOfPage":{"@id":"https:\/\/www.freundschaft-mit-valjevo.de\/wordpress\/die-grosse-heuchelei-wegen-eines-flugblattes-von-1987\/"},"wordCount":771,"inLanguage":"de"},{"@type":"WebPage","@id":"https:\/\/www.freundschaft-mit-valjevo.de\/wordpress\/die-grosse-heuchelei-wegen-eines-flugblattes-von-1987\/","url":"https:\/\/www.freundschaft-mit-valjevo.de\/wordpress\/die-grosse-heuchelei-wegen-eines-flugblattes-von-1987\/","name":"Die gro\u00dfe Heuchelei wegen eines Flugblattes von 1987\u00a0 - Freundschaft mit Valjevo e.V.","isPartOf":{"@id":"https:\/\/www.freundschaft-mit-valjevo.de\/wordpress\/#website"},"datePublished":"2023-09-10T11:43:51+00:00","dateModified":"2023-09-10T11:45:22+00:00","author":{"@id":"https:\/\/www.freundschaft-mit-valjevo.de\/wordpress\/#\/schema\/person\/4fbd0cc7a0227a72529b76aeed6571e4"},"breadcrumb":{"@id":"https:\/\/www.freundschaft-mit-valjevo.de\/wordpress\/die-grosse-heuchelei-wegen-eines-flugblattes-von-1987\/#breadcrumb"},"inLanguage":"de","potentialAction":[{"@type":"ReadAction","target":["https:\/\/www.freundschaft-mit-valjevo.de\/wordpress\/die-grosse-heuchelei-wegen-eines-flugblattes-von-1987\/"]}]},{"@type":"BreadcrumbList","@id":"https:\/\/www.freundschaft-mit-valjevo.de\/wordpress\/die-grosse-heuchelei-wegen-eines-flugblattes-von-1987\/#breadcrumb","itemListElement":[{"@type":"ListItem","position":1,"name":"Startseite","item":"https:\/\/www.freundschaft-mit-valjevo.de\/wordpress\/"},{"@type":"ListItem","position":2,"name":"Die gro\u00dfe Heuchelei wegen eines Flugblattes von 1987\u00a0"}]},{"@type":"WebSite","@id":"https:\/\/www.freundschaft-mit-valjevo.de\/wordpress\/#website","url":"https:\/\/www.freundschaft-mit-valjevo.de\/wordpress\/","name":"Freundschaft mit Valjevo e.V.","description":"F\u00fcr Frieden, Freundschaft und V\u00f6lkerverst\u00e4ndigung","potentialAction":[{"@type":"SearchAction","target":{"@type":"EntryPoint","urlTemplate":"https:\/\/www.freundschaft-mit-valjevo.de\/wordpress\/?s={search_term_string}"},"query-input":{"@type":"PropertyValueSpecification","valueRequired":true,"valueName":"search_term_string"}}],"inLanguage":"de"},{"@type":"Person","@id":"https:\/\/www.freundschaft-mit-valjevo.de\/wordpress\/#\/schema\/person\/4fbd0cc7a0227a72529b76aeed6571e4","name":"admin-z","image":{"@type":"ImageObject","inLanguage":"de","@id":"https:\/\/secure.gravatar.com\/avatar\/e180e5c39bf8c56d773eb854294072b2fec4a0a0f052f70a3cdaf696f943716d?s=96&d=mm&r=g","url":"https:\/\/secure.gravatar.com\/avatar\/e180e5c39bf8c56d773eb854294072b2fec4a0a0f052f70a3cdaf696f943716d?s=96&d=mm&r=g","contentUrl":"https:\/\/secure.gravatar.com\/avatar\/e180e5c39bf8c56d773eb854294072b2fec4a0a0f052f70a3cdaf696f943716d?s=96&d=mm&r=g","caption":"admin-z"}}]}},"_links":{"self":[{"href":"https:\/\/www.freundschaft-mit-valjevo.de\/wordpress\/wp-json\/wp\/v2\/posts\/2176","targetHints":{"allow":["GET"]}}],"collection":[{"href":"https:\/\/www.freundschaft-mit-valjevo.de\/wordpress\/wp-json\/wp\/v2\/posts"}],"about":[{"href":"https:\/\/www.freundschaft-mit-valjevo.de\/wordpress\/wp-json\/wp\/v2\/types\/post"}],"author":[{"embeddable":true,"href":"https:\/\/www.freundschaft-mit-valjevo.de\/wordpress\/wp-json\/wp\/v2\/users\/2"}],"replies":[{"embeddable":true,"href":"https:\/\/www.freundschaft-mit-valjevo.de\/wordpress\/wp-json\/wp\/v2\/comments?post=2176"}],"version-history":[{"count":2,"href":"https:\/\/www.freundschaft-mit-valjevo.de\/wordpress\/wp-json\/wp\/v2\/posts\/2176\/revisions"}],"predecessor-version":[{"id":2179,"href":"https:\/\/www.freundschaft-mit-valjevo.de\/wordpress\/wp-json\/wp\/v2\/posts\/2176\/revisions\/2179"}],"wp:attachment":[{"href":"https:\/\/www.freundschaft-mit-valjevo.de\/wordpress\/wp-json\/wp\/v2\/media?parent=2176"}],"wp:term":[{"taxonomy":"category","embeddable":true,"href":"https:\/\/www.freundschaft-mit-valjevo.de\/wordpress\/wp-json\/wp\/v2\/categories?post=2176"},{"taxonomy":"post_tag","embeddable":true,"href":"https:\/\/www.freundschaft-mit-valjevo.de\/wordpress\/wp-json\/wp\/v2\/tags?post=2176"}],"curies":[{"name":"wp","href":"https:\/\/api.w.org\/{rel}","templated":true}]}}