{"id":2181,"date":"2023-10-04T15:10:38","date_gmt":"2023-10-04T15:10:38","guid":{"rendered":"http:\/\/www.freundschaft-mit-valjevo.de\/wordpress\/?p=2181"},"modified":"2023-10-04T15:10:40","modified_gmt":"2023-10-04T15:10:40","slug":"frieden-fuer-die-ukraine","status":"publish","type":"post","link":"https:\/\/www.freundschaft-mit-valjevo.de\/wordpress\/frieden-fuer-die-ukraine\/","title":{"rendered":"Frieden f\u00fcr die Ukraine!"},"content":{"rendered":"\n<h2 class=\"wp-block-heading\"><strong>Verhandlungen statt Waffenlieferungen<\/strong><\/h2>\n\n\n\n<p><strong>H\u00f6chste Zeit, f\u00fcr den Frieden aktiv zu werden! Kommt alle zur Kundgebung:\u00a0<\/strong><\/p>\n\n\n\n<p><strong>Samstag, 7. Oktober, 10 Uhr,<\/strong><br><strong>\u201eHaus der Begegnung\u201c<\/strong><br><strong>Oberer Hauptplatz 43, Pfaffenhofen a.d.Ilm<\/strong><\/p>\n\n\n\n<p><strong>Redner:<\/strong> <strong>Oberstleutnant a.D. J\u00fcrgen Rose<\/strong><br>Vorstandsmitglied des \u201eDarmst\u00e4dter Signal\u201c<\/p>\n\n\n\n<p><strong>Kultureller Rahmen:<\/strong> Lieder der Friedensbewegung mit den \u201e<strong>Ruam<\/strong>\u201c aus Regensburg<\/p>\n\n\n\n<p><strong>Unsere Forderungen an die Bundesregierung:<\/strong><\/p>\n\n\n\n<ul class=\"wp-block-list\">\n<li><strong>Stopp der Waffenlieferungen<\/strong> in das Kriegsgebiet Ukraine;<\/li>\n\n\n\n<li><strong>Aufnahme von Verhandlungen<\/strong> mit dem Ziel, eines sofortigen Waffenstillstandes und einer friedlichen L\u00f6sung des Konfliktes;&nbsp;<\/li>\n\n\n\n<li>B<strong>eendigung der Hochr\u00fcstun<\/strong>g! Statt zus\u00e4tzlich 100 Mrd. f\u00fcr<\/li>\n\n\n\n<li>die Bundeswehr zu verschleudern, mehr Geld f\u00fcr den Sozialen Wohnungsbau, Bildung, Gesundheitswesens und Pflege, und zur Bek\u00e4mpfung der Armut in unserem Land;<\/li>\n\n\n\n<li><strong>Aufhebung der Sanktionen.<\/strong> Der Verzicht auf den Import kosteng\u00fcnstiger russischer Energielieferungen untergr\u00e4bt die Konkurrenzf\u00e4higkeit unserer eigenen Industrie, gef\u00e4hrdet Millionen unserer Arbeitspl\u00e4tze und den Wohlstand unserer Bev\u00f6lkerung.&nbsp;<\/li>\n<\/ul>\n\n\n\n<p><strong>V.i.S.d.P. Freundschaft mit Valjevo e.V. B. Duschner, Samhofstr. 2A, 85276 Pfaffenhofen<\/strong><\/p>\n","protected":false},"excerpt":{"rendered":"<p>Verhandlungen statt Waffenlieferungen H\u00f6chste Zeit, f\u00fcr den Frieden aktiv zu werden! Kommt alle zur Kundgebung:\u00a0 Samstag, 7. Oktober, 10 Uhr,\u201eHaus der Begegnung\u201cOberer Hauptplatz 43, Pfaffenhofen&#8230;<\/p>\n<div class=\"more-link-wrapper\"><a class=\"more-link\" href=\"https:\/\/www.freundschaft-mit-valjevo.de\/wordpress\/frieden-fuer-die-ukraine\/\">Weiterlesen<span class=\"screen-reader-text\">Frieden f\u00fcr die Ukraine!<\/span><\/a><\/div>\n","protected":false},"author":2,"featured_media":0,"comment_status":"closed","ping_status":"closed","sticky":false,"template":"","format":"standard","meta":{"footnotes":""},"categories":[1],"tags":[],"class_list":["post-2181","post","type-post","status-publish","format-standard","hentry","category-allgemein","entry"],"yoast_head":"<!-- This site is optimized with the Yoast SEO plugin v27.4 - https:\/\/yoast.com\/product\/yoast-seo-wordpress\/ -->\n<title>Frieden f\u00fcr die Ukraine! - Freundschaft mit Valjevo e.V.<\/title>\n<meta name=\"robots\" content=\"index, follow, max-snippet:-1, max-image-preview:large, max-video-preview:-1\" \/>\n<link rel=\"canonical\" href=\"https:\/\/www.freundschaft-mit-valjevo.de\/wordpress\/frieden-fuer-die-ukraine\/\" \/>\n<meta property=\"og:locale\" content=\"de_DE\" \/>\n<meta property=\"og:type\" content=\"article\" \/>\n<meta property=\"og:title\" content=\"Frieden f\u00fcr die Ukraine! - Freundschaft mit Valjevo e.V.\" \/>\n<meta property=\"og:description\" content=\"Verhandlungen statt Waffenlieferungen H\u00f6chste Zeit, f\u00fcr den Frieden aktiv zu werden! Kommt alle zur Kundgebung:\u00a0 Samstag, 7. Oktober, 10 Uhr,\u201eHaus der Begegnung\u201cOberer Hauptplatz 43, Pfaffenhofen&#8230;\" \/>\n<meta property=\"og:url\" content=\"https:\/\/www.freundschaft-mit-valjevo.de\/wordpress\/frieden-fuer-die-ukraine\/\" \/>\n<meta property=\"og:site_name\" content=\"Freundschaft mit Valjevo e.V.\" \/>\n<meta property=\"article:published_time\" content=\"2023-10-04T15:10:38+00:00\" \/>\n<meta property=\"article:modified_time\" content=\"2023-10-04T15:10:40+00:00\" \/>\n<meta name=\"author\" content=\"admin-z\" \/>\n<meta name=\"twitter:card\" content=\"summary_large_image\" \/>\n<meta name=\"twitter:label1\" content=\"Verfasst von\" \/>\n\t<meta name=\"twitter:data1\" content=\"admin-z\" \/>\n\t<meta name=\"twitter:label2\" content=\"Gesch\u00e4tzte Lesezeit\" \/>\n\t<meta name=\"twitter:data2\" content=\"1\u00a0Minute\" \/>\n<script type=\"application\/ld+json\" class=\"yoast-schema-graph\">{\"@context\":\"https:\\\/\\\/schema.org\",\"@graph\":[{\"@type\":\"Article\",\"@id\":\"https:\\\/\\\/www.freundschaft-mit-valjevo.de\\\/wordpress\\\/frieden-fuer-die-ukraine\\\/#article\",\"isPartOf\":{\"@id\":\"https:\\\/\\\/www.freundschaft-mit-valjevo.de\\\/wordpress\\\/frieden-fuer-die-ukraine\\\/\"},\"author\":{\"name\":\"admin-z\",\"@id\":\"https:\\\/\\\/www.freundschaft-mit-valjevo.de\\\/wordpress\\\/#\\\/schema\\\/person\\\/4fbd0cc7a0227a72529b76aeed6571e4\"},\"headline\":\"Frieden f\u00fcr die Ukraine!\",\"datePublished\":\"2023-10-04T15:10:38+00:00\",\"dateModified\":\"2023-10-04T15:10:40+00:00\",\"mainEntityOfPage\":{\"@id\":\"https:\\\/\\\/www.freundschaft-mit-valjevo.de\\\/wordpress\\\/frieden-fuer-die-ukraine\\\/\"},\"wordCount\":167,\"inLanguage\":\"de\"},{\"@type\":\"WebPage\",\"@id\":\"https:\\\/\\\/www.freundschaft-mit-valjevo.de\\\/wordpress\\\/frieden-fuer-die-ukraine\\\/\",\"url\":\"https:\\\/\\\/www.freundschaft-mit-valjevo.de\\\/wordpress\\\/frieden-fuer-die-ukraine\\\/\",\"name\":\"Frieden f\u00fcr die Ukraine! - Freundschaft mit Valjevo e.V.\",\"isPartOf\":{\"@id\":\"https:\\\/\\\/www.freundschaft-mit-valjevo.de\\\/wordpress\\\/#website\"},\"datePublished\":\"2023-10-04T15:10:38+00:00\",\"dateModified\":\"2023-10-04T15:10:40+00:00\",\"author\":{\"@id\":\"https:\\\/\\\/www.freundschaft-mit-valjevo.de\\\/wordpress\\\/#\\\/schema\\\/person\\\/4fbd0cc7a0227a72529b76aeed6571e4\"},\"breadcrumb\":{\"@id\":\"https:\\\/\\\/www.freundschaft-mit-valjevo.de\\\/wordpress\\\/frieden-fuer-die-ukraine\\\/#breadcrumb\"},\"inLanguage\":\"de\",\"potentialAction\":[{\"@type\":\"ReadAction\",\"target\":[\"https:\\\/\\\/www.freundschaft-mit-valjevo.de\\\/wordpress\\\/frieden-fuer-die-ukraine\\\/\"]}]},{\"@type\":\"BreadcrumbList\",\"@id\":\"https:\\\/\\\/www.freundschaft-mit-valjevo.de\\\/wordpress\\\/frieden-fuer-die-ukraine\\\/#breadcrumb\",\"itemListElement\":[{\"@type\":\"ListItem\",\"position\":1,\"name\":\"Startseite\",\"item\":\"https:\\\/\\\/www.freundschaft-mit-valjevo.de\\\/wordpress\\\/\"},{\"@type\":\"ListItem\",\"position\":2,\"name\":\"Frieden f\u00fcr die Ukraine!\"}]},{\"@type\":\"WebSite\",\"@id\":\"https:\\\/\\\/www.freundschaft-mit-valjevo.de\\\/wordpress\\\/#website\",\"url\":\"https:\\\/\\\/www.freundschaft-mit-valjevo.de\\\/wordpress\\\/\",\"name\":\"Freundschaft mit Valjevo e.V.\",\"description\":\"F\u00fcr Frieden, Freundschaft und V\u00f6lkerverst\u00e4ndigung\",\"potentialAction\":[{\"@type\":\"SearchAction\",\"target\":{\"@type\":\"EntryPoint\",\"urlTemplate\":\"https:\\\/\\\/www.freundschaft-mit-valjevo.de\\\/wordpress\\\/?s={search_term_string}\"},\"query-input\":{\"@type\":\"PropertyValueSpecification\",\"valueRequired\":true,\"valueName\":\"search_term_string\"}}],\"inLanguage\":\"de\"},{\"@type\":\"Person\",\"@id\":\"https:\\\/\\\/www.freundschaft-mit-valjevo.de\\\/wordpress\\\/#\\\/schema\\\/person\\\/4fbd0cc7a0227a72529b76aeed6571e4\",\"name\":\"admin-z\",\"image\":{\"@type\":\"ImageObject\",\"inLanguage\":\"de\",\"@id\":\"https:\\\/\\\/secure.gravatar.com\\\/avatar\\\/e180e5c39bf8c56d773eb854294072b2fec4a0a0f052f70a3cdaf696f943716d?s=96&d=mm&r=g\",\"url\":\"https:\\\/\\\/secure.gravatar.com\\\/avatar\\\/e180e5c39bf8c56d773eb854294072b2fec4a0a0f052f70a3cdaf696f943716d?s=96&d=mm&r=g\",\"contentUrl\":\"https:\\\/\\\/secure.gravatar.com\\\/avatar\\\/e180e5c39bf8c56d773eb854294072b2fec4a0a0f052f70a3cdaf696f943716d?s=96&d=mm&r=g\",\"caption\":\"admin-z\"}}]}<\/script>\n<!-- \/ Yoast SEO plugin. -->","yoast_head_json":{"title":"Frieden f\u00fcr die Ukraine! - Freundschaft mit Valjevo e.V.","robots":{"index":"index","follow":"follow","max-snippet":"max-snippet:-1","max-image-preview":"max-image-preview:large","max-video-preview":"max-video-preview:-1"},"canonical":"https:\/\/www.freundschaft-mit-valjevo.de\/wordpress\/frieden-fuer-die-ukraine\/","og_locale":"de_DE","og_type":"article","og_title":"Frieden f\u00fcr die Ukraine! - Freundschaft mit Valjevo e.V.","og_description":"Verhandlungen statt Waffenlieferungen H\u00f6chste Zeit, f\u00fcr den Frieden aktiv zu werden! Kommt alle zur Kundgebung:\u00a0 Samstag, 7. Oktober, 10 Uhr,\u201eHaus der Begegnung\u201cOberer Hauptplatz 43, Pfaffenhofen&#8230;","og_url":"https:\/\/www.freundschaft-mit-valjevo.de\/wordpress\/frieden-fuer-die-ukraine\/","og_site_name":"Freundschaft mit Valjevo e.V.","article_published_time":"2023-10-04T15:10:38+00:00","article_modified_time":"2023-10-04T15:10:40+00:00","author":"admin-z","twitter_card":"summary_large_image","twitter_misc":{"Verfasst von":"admin-z","Gesch\u00e4tzte Lesezeit":"1\u00a0Minute"},"schema":{"@context":"https:\/\/schema.org","@graph":[{"@type":"Article","@id":"https:\/\/www.freundschaft-mit-valjevo.de\/wordpress\/frieden-fuer-die-ukraine\/#article","isPartOf":{"@id":"https:\/\/www.freundschaft-mit-valjevo.de\/wordpress\/frieden-fuer-die-ukraine\/"},"author":{"name":"admin-z","@id":"https:\/\/www.freundschaft-mit-valjevo.de\/wordpress\/#\/schema\/person\/4fbd0cc7a0227a72529b76aeed6571e4"},"headline":"Frieden f\u00fcr die Ukraine!","datePublished":"2023-10-04T15:10:38+00:00","dateModified":"2023-10-04T15:10:40+00:00","mainEntityOfPage":{"@id":"https:\/\/www.freundschaft-mit-valjevo.de\/wordpress\/frieden-fuer-die-ukraine\/"},"wordCount":167,"inLanguage":"de"},{"@type":"WebPage","@id":"https:\/\/www.freundschaft-mit-valjevo.de\/wordpress\/frieden-fuer-die-ukraine\/","url":"https:\/\/www.freundschaft-mit-valjevo.de\/wordpress\/frieden-fuer-die-ukraine\/","name":"Frieden f\u00fcr die Ukraine! - Freundschaft mit Valjevo e.V.","isPartOf":{"@id":"https:\/\/www.freundschaft-mit-valjevo.de\/wordpress\/#website"},"datePublished":"2023-10-04T15:10:38+00:00","dateModified":"2023-10-04T15:10:40+00:00","author":{"@id":"https:\/\/www.freundschaft-mit-valjevo.de\/wordpress\/#\/schema\/person\/4fbd0cc7a0227a72529b76aeed6571e4"},"breadcrumb":{"@id":"https:\/\/www.freundschaft-mit-valjevo.de\/wordpress\/frieden-fuer-die-ukraine\/#breadcrumb"},"inLanguage":"de","potentialAction":[{"@type":"ReadAction","target":["https:\/\/www.freundschaft-mit-valjevo.de\/wordpress\/frieden-fuer-die-ukraine\/"]}]},{"@type":"BreadcrumbList","@id":"https:\/\/www.freundschaft-mit-valjevo.de\/wordpress\/frieden-fuer-die-ukraine\/#breadcrumb","itemListElement":[{"@type":"ListItem","position":1,"name":"Startseite","item":"https:\/\/www.freundschaft-mit-valjevo.de\/wordpress\/"},{"@type":"ListItem","position":2,"name":"Frieden f\u00fcr die Ukraine!"}]},{"@type":"WebSite","@id":"https:\/\/www.freundschaft-mit-valjevo.de\/wordpress\/#website","url":"https:\/\/www.freundschaft-mit-valjevo.de\/wordpress\/","name":"Freundschaft mit Valjevo e.V.","description":"F\u00fcr Frieden, Freundschaft und V\u00f6lkerverst\u00e4ndigung","potentialAction":[{"@type":"SearchAction","target":{"@type":"EntryPoint","urlTemplate":"https:\/\/www.freundschaft-mit-valjevo.de\/wordpress\/?s={search_term_string}"},"query-input":{"@type":"PropertyValueSpecification","valueRequired":true,"valueName":"search_term_string"}}],"inLanguage":"de"},{"@type":"Person","@id":"https:\/\/www.freundschaft-mit-valjevo.de\/wordpress\/#\/schema\/person\/4fbd0cc7a0227a72529b76aeed6571e4","name":"admin-z","image":{"@type":"ImageObject","inLanguage":"de","@id":"https:\/\/secure.gravatar.com\/avatar\/e180e5c39bf8c56d773eb854294072b2fec4a0a0f052f70a3cdaf696f943716d?s=96&d=mm&r=g","url":"https:\/\/secure.gravatar.com\/avatar\/e180e5c39bf8c56d773eb854294072b2fec4a0a0f052f70a3cdaf696f943716d?s=96&d=mm&r=g","contentUrl":"https:\/\/secure.gravatar.com\/avatar\/e180e5c39bf8c56d773eb854294072b2fec4a0a0f052f70a3cdaf696f943716d?s=96&d=mm&r=g","caption":"admin-z"}}]}},"_links":{"self":[{"href":"https:\/\/www.freundschaft-mit-valjevo.de\/wordpress\/wp-json\/wp\/v2\/posts\/2181","targetHints":{"allow":["GET"]}}],"collection":[{"href":"https:\/\/www.freundschaft-mit-valjevo.de\/wordpress\/wp-json\/wp\/v2\/posts"}],"about":[{"href":"https:\/\/www.freundschaft-mit-valjevo.de\/wordpress\/wp-json\/wp\/v2\/types\/post"}],"author":[{"embeddable":true,"href":"https:\/\/www.freundschaft-mit-valjevo.de\/wordpress\/wp-json\/wp\/v2\/users\/2"}],"replies":[{"embeddable":true,"href":"https:\/\/www.freundschaft-mit-valjevo.de\/wordpress\/wp-json\/wp\/v2\/comments?post=2181"}],"version-history":[{"count":1,"href":"https:\/\/www.freundschaft-mit-valjevo.de\/wordpress\/wp-json\/wp\/v2\/posts\/2181\/revisions"}],"predecessor-version":[{"id":2182,"href":"https:\/\/www.freundschaft-mit-valjevo.de\/wordpress\/wp-json\/wp\/v2\/posts\/2181\/revisions\/2182"}],"wp:attachment":[{"href":"https:\/\/www.freundschaft-mit-valjevo.de\/wordpress\/wp-json\/wp\/v2\/media?parent=2181"}],"wp:term":[{"taxonomy":"category","embeddable":true,"href":"https:\/\/www.freundschaft-mit-valjevo.de\/wordpress\/wp-json\/wp\/v2\/categories?post=2181"},{"taxonomy":"post_tag","embeddable":true,"href":"https:\/\/www.freundschaft-mit-valjevo.de\/wordpress\/wp-json\/wp\/v2\/tags?post=2181"}],"curies":[{"name":"wp","href":"https:\/\/api.w.org\/{rel}","templated":true}]}}