{"id":2184,"date":"2023-10-30T07:52:39","date_gmt":"2023-10-30T07:52:39","guid":{"rendered":"http:\/\/www.freundschaft-mit-valjevo.de\/wordpress\/?p=2184"},"modified":"2023-10-30T07:52:40","modified_gmt":"2023-10-30T07:52:40","slug":"gaza-die-mitschuld-der-bundesregierung","status":"publish","type":"post","link":"https:\/\/www.freundschaft-mit-valjevo.de\/wordpress\/gaza-die-mitschuld-der-bundesregierung\/","title":{"rendered":"<strong>Gaza: Die Mitschuld der Bundesregierung<\/strong>"},"content":{"rendered":"\n<p>Leserbrief von Peter Kosmalla, &#8222;Donaukurier&#8220; vom 23. Oktober 2023.<\/p>\n\n\n\n<p>Die Entf\u00fchrung und T\u00f6tung Hunderter israelischen Zivilisten durch HAMAS sind Kriegsverbrechen und als solche zu verurteilen. Wer Frieden und eine sichere Zukunft f\u00fcr die israelischen Bev\u00f6lkerung w\u00fcnscht, muss sich allerdings die Frage stellen, woher der Hass kommt, den gro\u00dfe Teile der Pal\u00e4stinenser gegen Israel hegen: Seit 1967, d.h. 56 (!) Jahren h\u00e4lt Israel das pal\u00e4stinensische Westjordanland und die syrischen Golanh\u00f6hen v\u00f6lkerrechtswidrig besetzt. Die Beschl\u00fcsse der UNO, die Besatzung zu beenden, ignoriert es hartn\u00e4ckig. Schlimmer, es beschlagnahmt dort immer mehr Gel\u00e4nde, errichtet darauf Siedlungen, die ausschlie\u00dflich f\u00fcr j\u00fcdische Bewohner bestimmt sind. Dabei zerst\u00fcckelt Israel das pal\u00e4stinensische Gebiet, in dem es seine Siedlungen mit Stra\u00dfen verbindet, die nur von Juden ben\u00fctzt werden d\u00fcrfen. Im Gazastreifen hat die israelische Regierung seit 16 Jahren auf kleinsten unwirtlichem Raum 2,3 Millionen Pal\u00e4stinenser ohne jeden Zugang zur Au\u00dfenwelt abgeriegelt. Das sind gr\u00f6\u00dftenteils Fl\u00fcchtlinge und deren Nachkommen, die aus ihren Siedlungen in Israel vertrieben wurden. In Gaza herrscht die pure Not und Verzweiflung. Solange sich das nicht \u00e4ndert, wird der Kessel Gaza immer wieder explodieren. Es w\u00e4re seit langem die Pflicht der Bundesregierung, von Israel zu verlangen, sich an V\u00f6lkerrecht und UN-Beschl\u00fcsse zu halten, die besetzten Gebiete zu r\u00e4umen, die Abriegelung des Gazastreifen zu beenden und endlich die Bildung eines pal\u00e4stinensischen Staates zu erm\u00f6glichen. Wenn die israelische Regierung jetzt die\u00a0 Bev\u00f6lkerung von Gaza von Wasser, Lebensmittelzufuhr, Medikamene und Strom abschneidet, ganze Wohnsiedlungen mit Bomben zerst\u00f6rt und Hunderttausende vertreibt, so sind auch das Kriegsverbrechen. Sie werden die Gewaltspirale nur vorantreiben. Die Bundesregierung macht sich mitschuldig, wenn sie dazu schweigt. Von arabischen Staaten umringt, kann Israel nur dann eine Zukunft haben, wenn es auch die Rechte der Pal\u00e4stinenser respektiert. Mit ihrer einseitigen Parteinahme verliert die Bundesregierung nur Ansehen und Einflu\u00df. Bereits zum 1.1.2024 werden Iran, \u00c4gypten, \u00c4hiopien, Saudi-Arabien, VAE und Argentinien Mitglied der BRICS.\u00a0 \u00a0<\/p>\n","protected":false},"excerpt":{"rendered":"<p>Leserbrief von Peter Kosmalla, &#8222;Donaukurier&#8220; vom 23. Oktober 2023. Die Entf\u00fchrung und T\u00f6tung Hunderter israelischen Zivilisten durch HAMAS sind Kriegsverbrechen und als solche zu verurteilen.&#8230;<\/p>\n<div class=\"more-link-wrapper\"><a class=\"more-link\" href=\"https:\/\/www.freundschaft-mit-valjevo.de\/wordpress\/gaza-die-mitschuld-der-bundesregierung\/\">Weiterlesen<span class=\"screen-reader-text\">&lt;strong&gt;Gaza: Die Mitschuld der Bundesregierung&lt;\/strong&gt;<\/span><\/a><\/div>\n","protected":false},"author":2,"featured_media":0,"comment_status":"closed","ping_status":"closed","sticky":false,"template":"","format":"standard","meta":{"footnotes":""},"categories":[1],"tags":[],"class_list":["post-2184","post","type-post","status-publish","format-standard","hentry","category-allgemein","entry"],"yoast_head":"<!-- This site is optimized with the Yoast SEO plugin v27.4 - https:\/\/yoast.com\/product\/yoast-seo-wordpress\/ -->\n<title>Gaza: Die Mitschuld der Bundesregierung - Freundschaft mit Valjevo e.V.<\/title>\n<meta name=\"robots\" content=\"index, follow, max-snippet:-1, max-image-preview:large, max-video-preview:-1\" \/>\n<link rel=\"canonical\" href=\"https:\/\/www.freundschaft-mit-valjevo.de\/wordpress\/gaza-die-mitschuld-der-bundesregierung\/\" \/>\n<meta property=\"og:locale\" content=\"de_DE\" \/>\n<meta property=\"og:type\" content=\"article\" \/>\n<meta property=\"og:title\" content=\"Gaza: Die Mitschuld der Bundesregierung - Freundschaft mit Valjevo e.V.\" \/>\n<meta property=\"og:description\" content=\"Leserbrief von Peter Kosmalla, &#8222;Donaukurier&#8220; vom 23. Oktober 2023. Die Entf\u00fchrung und T\u00f6tung Hunderter israelischen Zivilisten durch HAMAS sind Kriegsverbrechen und als solche zu verurteilen.&#8230;\" \/>\n<meta property=\"og:url\" content=\"https:\/\/www.freundschaft-mit-valjevo.de\/wordpress\/gaza-die-mitschuld-der-bundesregierung\/\" \/>\n<meta property=\"og:site_name\" content=\"Freundschaft mit Valjevo e.V.\" \/>\n<meta property=\"article:published_time\" content=\"2023-10-30T07:52:39+00:00\" \/>\n<meta property=\"article:modified_time\" content=\"2023-10-30T07:52:40+00:00\" \/>\n<meta name=\"author\" content=\"admin-z\" \/>\n<meta name=\"twitter:card\" content=\"summary_large_image\" \/>\n<meta name=\"twitter:label1\" content=\"Verfasst von\" \/>\n\t<meta name=\"twitter:data1\" content=\"admin-z\" \/>\n\t<meta name=\"twitter:label2\" content=\"Gesch\u00e4tzte Lesezeit\" \/>\n\t<meta name=\"twitter:data2\" content=\"2\u00a0Minuten\" \/>\n<script type=\"application\/ld+json\" class=\"yoast-schema-graph\">{\"@context\":\"https:\\\/\\\/schema.org\",\"@graph\":[{\"@type\":\"Article\",\"@id\":\"https:\\\/\\\/www.freundschaft-mit-valjevo.de\\\/wordpress\\\/gaza-die-mitschuld-der-bundesregierung\\\/#article\",\"isPartOf\":{\"@id\":\"https:\\\/\\\/www.freundschaft-mit-valjevo.de\\\/wordpress\\\/gaza-die-mitschuld-der-bundesregierung\\\/\"},\"author\":{\"name\":\"admin-z\",\"@id\":\"https:\\\/\\\/www.freundschaft-mit-valjevo.de\\\/wordpress\\\/#\\\/schema\\\/person\\\/4fbd0cc7a0227a72529b76aeed6571e4\"},\"headline\":\"Gaza: Die Mitschuld der Bundesregierung\",\"datePublished\":\"2023-10-30T07:52:39+00:00\",\"dateModified\":\"2023-10-30T07:52:40+00:00\",\"mainEntityOfPage\":{\"@id\":\"https:\\\/\\\/www.freundschaft-mit-valjevo.de\\\/wordpress\\\/gaza-die-mitschuld-der-bundesregierung\\\/\"},\"wordCount\":337,\"inLanguage\":\"de\"},{\"@type\":\"WebPage\",\"@id\":\"https:\\\/\\\/www.freundschaft-mit-valjevo.de\\\/wordpress\\\/gaza-die-mitschuld-der-bundesregierung\\\/\",\"url\":\"https:\\\/\\\/www.freundschaft-mit-valjevo.de\\\/wordpress\\\/gaza-die-mitschuld-der-bundesregierung\\\/\",\"name\":\"Gaza: Die Mitschuld der Bundesregierung - Freundschaft mit Valjevo e.V.\",\"isPartOf\":{\"@id\":\"https:\\\/\\\/www.freundschaft-mit-valjevo.de\\\/wordpress\\\/#website\"},\"datePublished\":\"2023-10-30T07:52:39+00:00\",\"dateModified\":\"2023-10-30T07:52:40+00:00\",\"author\":{\"@id\":\"https:\\\/\\\/www.freundschaft-mit-valjevo.de\\\/wordpress\\\/#\\\/schema\\\/person\\\/4fbd0cc7a0227a72529b76aeed6571e4\"},\"breadcrumb\":{\"@id\":\"https:\\\/\\\/www.freundschaft-mit-valjevo.de\\\/wordpress\\\/gaza-die-mitschuld-der-bundesregierung\\\/#breadcrumb\"},\"inLanguage\":\"de\",\"potentialAction\":[{\"@type\":\"ReadAction\",\"target\":[\"https:\\\/\\\/www.freundschaft-mit-valjevo.de\\\/wordpress\\\/gaza-die-mitschuld-der-bundesregierung\\\/\"]}]},{\"@type\":\"BreadcrumbList\",\"@id\":\"https:\\\/\\\/www.freundschaft-mit-valjevo.de\\\/wordpress\\\/gaza-die-mitschuld-der-bundesregierung\\\/#breadcrumb\",\"itemListElement\":[{\"@type\":\"ListItem\",\"position\":1,\"name\":\"Startseite\",\"item\":\"https:\\\/\\\/www.freundschaft-mit-valjevo.de\\\/wordpress\\\/\"},{\"@type\":\"ListItem\",\"position\":2,\"name\":\"Gaza: Die Mitschuld der Bundesregierung\"}]},{\"@type\":\"WebSite\",\"@id\":\"https:\\\/\\\/www.freundschaft-mit-valjevo.de\\\/wordpress\\\/#website\",\"url\":\"https:\\\/\\\/www.freundschaft-mit-valjevo.de\\\/wordpress\\\/\",\"name\":\"Freundschaft mit Valjevo e.V.\",\"description\":\"F\u00fcr Frieden, Freundschaft und V\u00f6lkerverst\u00e4ndigung\",\"potentialAction\":[{\"@type\":\"SearchAction\",\"target\":{\"@type\":\"EntryPoint\",\"urlTemplate\":\"https:\\\/\\\/www.freundschaft-mit-valjevo.de\\\/wordpress\\\/?s={search_term_string}\"},\"query-input\":{\"@type\":\"PropertyValueSpecification\",\"valueRequired\":true,\"valueName\":\"search_term_string\"}}],\"inLanguage\":\"de\"},{\"@type\":\"Person\",\"@id\":\"https:\\\/\\\/www.freundschaft-mit-valjevo.de\\\/wordpress\\\/#\\\/schema\\\/person\\\/4fbd0cc7a0227a72529b76aeed6571e4\",\"name\":\"admin-z\",\"image\":{\"@type\":\"ImageObject\",\"inLanguage\":\"de\",\"@id\":\"https:\\\/\\\/secure.gravatar.com\\\/avatar\\\/e180e5c39bf8c56d773eb854294072b2fec4a0a0f052f70a3cdaf696f943716d?s=96&d=mm&r=g\",\"url\":\"https:\\\/\\\/secure.gravatar.com\\\/avatar\\\/e180e5c39bf8c56d773eb854294072b2fec4a0a0f052f70a3cdaf696f943716d?s=96&d=mm&r=g\",\"contentUrl\":\"https:\\\/\\\/secure.gravatar.com\\\/avatar\\\/e180e5c39bf8c56d773eb854294072b2fec4a0a0f052f70a3cdaf696f943716d?s=96&d=mm&r=g\",\"caption\":\"admin-z\"}}]}<\/script>\n<!-- \/ Yoast SEO plugin. -->","yoast_head_json":{"title":"Gaza: Die Mitschuld der Bundesregierung - Freundschaft mit Valjevo e.V.","robots":{"index":"index","follow":"follow","max-snippet":"max-snippet:-1","max-image-preview":"max-image-preview:large","max-video-preview":"max-video-preview:-1"},"canonical":"https:\/\/www.freundschaft-mit-valjevo.de\/wordpress\/gaza-die-mitschuld-der-bundesregierung\/","og_locale":"de_DE","og_type":"article","og_title":"Gaza: Die Mitschuld der Bundesregierung - Freundschaft mit Valjevo e.V.","og_description":"Leserbrief von Peter Kosmalla, &#8222;Donaukurier&#8220; vom 23. Oktober 2023. Die Entf\u00fchrung und T\u00f6tung Hunderter israelischen Zivilisten durch HAMAS sind Kriegsverbrechen und als solche zu verurteilen.&#8230;","og_url":"https:\/\/www.freundschaft-mit-valjevo.de\/wordpress\/gaza-die-mitschuld-der-bundesregierung\/","og_site_name":"Freundschaft mit Valjevo e.V.","article_published_time":"2023-10-30T07:52:39+00:00","article_modified_time":"2023-10-30T07:52:40+00:00","author":"admin-z","twitter_card":"summary_large_image","twitter_misc":{"Verfasst von":"admin-z","Gesch\u00e4tzte Lesezeit":"2\u00a0Minuten"},"schema":{"@context":"https:\/\/schema.org","@graph":[{"@type":"Article","@id":"https:\/\/www.freundschaft-mit-valjevo.de\/wordpress\/gaza-die-mitschuld-der-bundesregierung\/#article","isPartOf":{"@id":"https:\/\/www.freundschaft-mit-valjevo.de\/wordpress\/gaza-die-mitschuld-der-bundesregierung\/"},"author":{"name":"admin-z","@id":"https:\/\/www.freundschaft-mit-valjevo.de\/wordpress\/#\/schema\/person\/4fbd0cc7a0227a72529b76aeed6571e4"},"headline":"Gaza: Die Mitschuld der Bundesregierung","datePublished":"2023-10-30T07:52:39+00:00","dateModified":"2023-10-30T07:52:40+00:00","mainEntityOfPage":{"@id":"https:\/\/www.freundschaft-mit-valjevo.de\/wordpress\/gaza-die-mitschuld-der-bundesregierung\/"},"wordCount":337,"inLanguage":"de"},{"@type":"WebPage","@id":"https:\/\/www.freundschaft-mit-valjevo.de\/wordpress\/gaza-die-mitschuld-der-bundesregierung\/","url":"https:\/\/www.freundschaft-mit-valjevo.de\/wordpress\/gaza-die-mitschuld-der-bundesregierung\/","name":"Gaza: Die Mitschuld der Bundesregierung - Freundschaft mit Valjevo e.V.","isPartOf":{"@id":"https:\/\/www.freundschaft-mit-valjevo.de\/wordpress\/#website"},"datePublished":"2023-10-30T07:52:39+00:00","dateModified":"2023-10-30T07:52:40+00:00","author":{"@id":"https:\/\/www.freundschaft-mit-valjevo.de\/wordpress\/#\/schema\/person\/4fbd0cc7a0227a72529b76aeed6571e4"},"breadcrumb":{"@id":"https:\/\/www.freundschaft-mit-valjevo.de\/wordpress\/gaza-die-mitschuld-der-bundesregierung\/#breadcrumb"},"inLanguage":"de","potentialAction":[{"@type":"ReadAction","target":["https:\/\/www.freundschaft-mit-valjevo.de\/wordpress\/gaza-die-mitschuld-der-bundesregierung\/"]}]},{"@type":"BreadcrumbList","@id":"https:\/\/www.freundschaft-mit-valjevo.de\/wordpress\/gaza-die-mitschuld-der-bundesregierung\/#breadcrumb","itemListElement":[{"@type":"ListItem","position":1,"name":"Startseite","item":"https:\/\/www.freundschaft-mit-valjevo.de\/wordpress\/"},{"@type":"ListItem","position":2,"name":"Gaza: Die Mitschuld der Bundesregierung"}]},{"@type":"WebSite","@id":"https:\/\/www.freundschaft-mit-valjevo.de\/wordpress\/#website","url":"https:\/\/www.freundschaft-mit-valjevo.de\/wordpress\/","name":"Freundschaft mit Valjevo e.V.","description":"F\u00fcr Frieden, Freundschaft und V\u00f6lkerverst\u00e4ndigung","potentialAction":[{"@type":"SearchAction","target":{"@type":"EntryPoint","urlTemplate":"https:\/\/www.freundschaft-mit-valjevo.de\/wordpress\/?s={search_term_string}"},"query-input":{"@type":"PropertyValueSpecification","valueRequired":true,"valueName":"search_term_string"}}],"inLanguage":"de"},{"@type":"Person","@id":"https:\/\/www.freundschaft-mit-valjevo.de\/wordpress\/#\/schema\/person\/4fbd0cc7a0227a72529b76aeed6571e4","name":"admin-z","image":{"@type":"ImageObject","inLanguage":"de","@id":"https:\/\/secure.gravatar.com\/avatar\/e180e5c39bf8c56d773eb854294072b2fec4a0a0f052f70a3cdaf696f943716d?s=96&d=mm&r=g","url":"https:\/\/secure.gravatar.com\/avatar\/e180e5c39bf8c56d773eb854294072b2fec4a0a0f052f70a3cdaf696f943716d?s=96&d=mm&r=g","contentUrl":"https:\/\/secure.gravatar.com\/avatar\/e180e5c39bf8c56d773eb854294072b2fec4a0a0f052f70a3cdaf696f943716d?s=96&d=mm&r=g","caption":"admin-z"}}]}},"_links":{"self":[{"href":"https:\/\/www.freundschaft-mit-valjevo.de\/wordpress\/wp-json\/wp\/v2\/posts\/2184","targetHints":{"allow":["GET"]}}],"collection":[{"href":"https:\/\/www.freundschaft-mit-valjevo.de\/wordpress\/wp-json\/wp\/v2\/posts"}],"about":[{"href":"https:\/\/www.freundschaft-mit-valjevo.de\/wordpress\/wp-json\/wp\/v2\/types\/post"}],"author":[{"embeddable":true,"href":"https:\/\/www.freundschaft-mit-valjevo.de\/wordpress\/wp-json\/wp\/v2\/users\/2"}],"replies":[{"embeddable":true,"href":"https:\/\/www.freundschaft-mit-valjevo.de\/wordpress\/wp-json\/wp\/v2\/comments?post=2184"}],"version-history":[{"count":1,"href":"https:\/\/www.freundschaft-mit-valjevo.de\/wordpress\/wp-json\/wp\/v2\/posts\/2184\/revisions"}],"predecessor-version":[{"id":2185,"href":"https:\/\/www.freundschaft-mit-valjevo.de\/wordpress\/wp-json\/wp\/v2\/posts\/2184\/revisions\/2185"}],"wp:attachment":[{"href":"https:\/\/www.freundschaft-mit-valjevo.de\/wordpress\/wp-json\/wp\/v2\/media?parent=2184"}],"wp:term":[{"taxonomy":"category","embeddable":true,"href":"https:\/\/www.freundschaft-mit-valjevo.de\/wordpress\/wp-json\/wp\/v2\/categories?post=2184"},{"taxonomy":"post_tag","embeddable":true,"href":"https:\/\/www.freundschaft-mit-valjevo.de\/wordpress\/wp-json\/wp\/v2\/tags?post=2184"}],"curies":[{"name":"wp","href":"https:\/\/api.w.org\/{rel}","templated":true}]}}