{"id":220,"date":"2009-09-15T10:01:20","date_gmt":"2009-09-15T10:01:20","guid":{"rendered":"http:\/\/www.freundschaft-mit-valjevo.de\/wordpress\/?p=220"},"modified":"2011-07-10T10:01:53","modified_gmt":"2011-07-10T10:01:53","slug":"pfaffenhofener-kurier-zum-thema-sozialrabatte","status":"publish","type":"post","link":"https:\/\/www.freundschaft-mit-valjevo.de\/wordpress\/pfaffenhofener-kurier-zum-thema-sozialrabatte\/","title":{"rendered":"&#8222;Pfaffenhofener Kurier&#8220; zum Thema Sozialrabatte"},"content":{"rendered":"<figure id=\"attachment_221\" aria-describedby=\"caption-attachment-221\" style=\"width: 620px\" class=\"wp-caption alignleft\"><a href=\"https:\/\/www.freundschaft-mit-valjevo.de\/wordpress\/wp-content\/uploads\/2011\/07\/Sozialrabatte-deutlich-ausgeweitet.jpg\"><img loading=\"lazy\" decoding=\"async\" class=\"size-large wp-image-221\" title=\"Sozialrabatte deutlich ausgeweitet\" src=\"https:\/\/www.freundschaft-mit-valjevo.de\/wordpress\/wp-content\/uploads\/2011\/07\/Sozialrabatte-deutlich-ausgeweitet-787x1024.jpg\" alt=\"Sozialrabatte deutlich ausgeweitet. Ein Bericht aus dem &quot;Pfaffenhofener Kurier&quot; vom 15.09.2009\" width=\"620\" height=\"806\" srcset=\"https:\/\/www.freundschaft-mit-valjevo.de\/wordpress\/wp-content\/uploads\/2011\/07\/Sozialrabatte-deutlich-ausgeweitet-787x1024.jpg 787w, https:\/\/www.freundschaft-mit-valjevo.de\/wordpress\/wp-content\/uploads\/2011\/07\/Sozialrabatte-deutlich-ausgeweitet-230x300.jpg 230w, https:\/\/www.freundschaft-mit-valjevo.de\/wordpress\/wp-content\/uploads\/2011\/07\/Sozialrabatte-deutlich-ausgeweitet.jpg 880w\" sizes=\"auto, (max-width: 620px) 100vw, 620px\" \/><\/a><figcaption id=\"caption-attachment-221\" class=\"wp-caption-text\">Sozialrabatte deutlich ausgeweitet. Ein Bericht aus dem &quot;Pfaffenhofener Kurier&quot; vom 15.09.2009<\/figcaption><\/figure>\n","protected":false},"excerpt":{"rendered":"","protected":false},"author":2,"featured_media":0,"comment_status":"open","ping_status":"open","sticky":false,"template":"","format":"standard","meta":{"footnotes":""},"categories":[16],"tags":[52],"class_list":["post-220","post","type-post","status-publish","format-standard","hentry","category-soziales","tag-soziales","entry"],"yoast_head":"<!-- This site is optimized with the Yoast SEO plugin v27.4 - https:\/\/yoast.com\/product\/yoast-seo-wordpress\/ -->\n<title>&quot;Pfaffenhofener Kurier&quot; zum Thema Sozialrabatte - Freundschaft mit Valjevo e.V.<\/title>\n<meta name=\"robots\" content=\"index, follow, max-snippet:-1, max-image-preview:large, max-video-preview:-1\" \/>\n<link rel=\"canonical\" href=\"https:\/\/www.freundschaft-mit-valjevo.de\/wordpress\/pfaffenhofener-kurier-zum-thema-sozialrabatte\/\" \/>\n<meta property=\"og:locale\" content=\"de_DE\" \/>\n<meta property=\"og:type\" content=\"article\" \/>\n<meta property=\"og:title\" content=\"&quot;Pfaffenhofener Kurier&quot; zum Thema Sozialrabatte - Freundschaft mit Valjevo e.V.\" \/>\n<meta property=\"og:url\" content=\"https:\/\/www.freundschaft-mit-valjevo.de\/wordpress\/pfaffenhofener-kurier-zum-thema-sozialrabatte\/\" \/>\n<meta property=\"og:site_name\" content=\"Freundschaft mit Valjevo e.V.\" \/>\n<meta property=\"article:published_time\" content=\"2009-09-15T10:01:20+00:00\" \/>\n<meta property=\"article:modified_time\" content=\"2011-07-10T10:01:53+00:00\" \/>\n<meta property=\"og:image\" content=\"http:\/\/www.freundschaft-mit-valjevo.de\/wordpress\/wp-content\/uploads\/2011\/07\/Sozialrabatte-deutlich-ausgeweitet-787x1024.jpg\" \/>\n<meta name=\"author\" content=\"admin-z\" \/>\n<meta name=\"twitter:card\" content=\"summary_large_image\" \/>\n<meta name=\"twitter:label1\" content=\"Verfasst von\" \/>\n\t<meta name=\"twitter:data1\" content=\"admin-z\" \/>\n<script type=\"application\/ld+json\" class=\"yoast-schema-graph\">{\"@context\":\"https:\\\/\\\/schema.org\",\"@graph\":[{\"@type\":\"Article\",\"@id\":\"https:\\\/\\\/www.freundschaft-mit-valjevo.de\\\/wordpress\\\/pfaffenhofener-kurier-zum-thema-sozialrabatte\\\/#article\",\"isPartOf\":{\"@id\":\"https:\\\/\\\/www.freundschaft-mit-valjevo.de\\\/wordpress\\\/pfaffenhofener-kurier-zum-thema-sozialrabatte\\\/\"},\"author\":{\"name\":\"admin-z\",\"@id\":\"https:\\\/\\\/www.freundschaft-mit-valjevo.de\\\/wordpress\\\/#\\\/schema\\\/person\\\/4fbd0cc7a0227a72529b76aeed6571e4\"},\"headline\":\"&#8222;Pfaffenhofener Kurier&#8220; zum Thema Sozialrabatte\",\"datePublished\":\"2009-09-15T10:01:20+00:00\",\"dateModified\":\"2011-07-10T10:01:53+00:00\",\"mainEntityOfPage\":{\"@id\":\"https:\\\/\\\/www.freundschaft-mit-valjevo.de\\\/wordpress\\\/pfaffenhofener-kurier-zum-thema-sozialrabatte\\\/\"},\"wordCount\":25,\"commentCount\":0,\"image\":{\"@id\":\"https:\\\/\\\/www.freundschaft-mit-valjevo.de\\\/wordpress\\\/pfaffenhofener-kurier-zum-thema-sozialrabatte\\\/#primaryimage\"},\"thumbnailUrl\":\"http:\\\/\\\/www.freundschaft-mit-valjevo.de\\\/wordpress\\\/wp-content\\\/uploads\\\/2011\\\/07\\\/Sozialrabatte-deutlich-ausgeweitet-787x1024.jpg\",\"keywords\":[\"Soziales\"],\"articleSection\":[\"Soziales\"],\"inLanguage\":\"de\",\"potentialAction\":[{\"@type\":\"CommentAction\",\"name\":\"Comment\",\"target\":[\"https:\\\/\\\/www.freundschaft-mit-valjevo.de\\\/wordpress\\\/pfaffenhofener-kurier-zum-thema-sozialrabatte\\\/#respond\"]}]},{\"@type\":\"WebPage\",\"@id\":\"https:\\\/\\\/www.freundschaft-mit-valjevo.de\\\/wordpress\\\/pfaffenhofener-kurier-zum-thema-sozialrabatte\\\/\",\"url\":\"https:\\\/\\\/www.freundschaft-mit-valjevo.de\\\/wordpress\\\/pfaffenhofener-kurier-zum-thema-sozialrabatte\\\/\",\"name\":\"\\\"Pfaffenhofener Kurier\\\" zum Thema Sozialrabatte - Freundschaft mit Valjevo e.V.\",\"isPartOf\":{\"@id\":\"https:\\\/\\\/www.freundschaft-mit-valjevo.de\\\/wordpress\\\/#website\"},\"primaryImageOfPage\":{\"@id\":\"https:\\\/\\\/www.freundschaft-mit-valjevo.de\\\/wordpress\\\/pfaffenhofener-kurier-zum-thema-sozialrabatte\\\/#primaryimage\"},\"image\":{\"@id\":\"https:\\\/\\\/www.freundschaft-mit-valjevo.de\\\/wordpress\\\/pfaffenhofener-kurier-zum-thema-sozialrabatte\\\/#primaryimage\"},\"thumbnailUrl\":\"http:\\\/\\\/www.freundschaft-mit-valjevo.de\\\/wordpress\\\/wp-content\\\/uploads\\\/2011\\\/07\\\/Sozialrabatte-deutlich-ausgeweitet-787x1024.jpg\",\"datePublished\":\"2009-09-15T10:01:20+00:00\",\"dateModified\":\"2011-07-10T10:01:53+00:00\",\"author\":{\"@id\":\"https:\\\/\\\/www.freundschaft-mit-valjevo.de\\\/wordpress\\\/#\\\/schema\\\/person\\\/4fbd0cc7a0227a72529b76aeed6571e4\"},\"breadcrumb\":{\"@id\":\"https:\\\/\\\/www.freundschaft-mit-valjevo.de\\\/wordpress\\\/pfaffenhofener-kurier-zum-thema-sozialrabatte\\\/#breadcrumb\"},\"inLanguage\":\"de\",\"potentialAction\":[{\"@type\":\"ReadAction\",\"target\":[\"https:\\\/\\\/www.freundschaft-mit-valjevo.de\\\/wordpress\\\/pfaffenhofener-kurier-zum-thema-sozialrabatte\\\/\"]}]},{\"@type\":\"ImageObject\",\"inLanguage\":\"de\",\"@id\":\"https:\\\/\\\/www.freundschaft-mit-valjevo.de\\\/wordpress\\\/pfaffenhofener-kurier-zum-thema-sozialrabatte\\\/#primaryimage\",\"url\":\"https:\\\/\\\/www.freundschaft-mit-valjevo.de\\\/wordpress\\\/wp-content\\\/uploads\\\/2011\\\/07\\\/Sozialrabatte-deutlich-ausgeweitet.jpg\",\"contentUrl\":\"https:\\\/\\\/www.freundschaft-mit-valjevo.de\\\/wordpress\\\/wp-content\\\/uploads\\\/2011\\\/07\\\/Sozialrabatte-deutlich-ausgeweitet.jpg\",\"width\":\"880\",\"height\":\"1144\",\"caption\":\"Sozialrabatte deutlich ausgeweitet. Ein Bericht aus dem \\\"Pfaffenhofener Kurier\\\" vom 15.09.2009\"},{\"@type\":\"BreadcrumbList\",\"@id\":\"https:\\\/\\\/www.freundschaft-mit-valjevo.de\\\/wordpress\\\/pfaffenhofener-kurier-zum-thema-sozialrabatte\\\/#breadcrumb\",\"itemListElement\":[{\"@type\":\"ListItem\",\"position\":1,\"name\":\"Startseite\",\"item\":\"https:\\\/\\\/www.freundschaft-mit-valjevo.de\\\/wordpress\\\/\"},{\"@type\":\"ListItem\",\"position\":2,\"name\":\"&#8222;Pfaffenhofener Kurier&#8220; zum Thema Sozialrabatte\"}]},{\"@type\":\"WebSite\",\"@id\":\"https:\\\/\\\/www.freundschaft-mit-valjevo.de\\\/wordpress\\\/#website\",\"url\":\"https:\\\/\\\/www.freundschaft-mit-valjevo.de\\\/wordpress\\\/\",\"name\":\"Freundschaft mit Valjevo e.V.\",\"description\":\"F\u00fcr Frieden, Freundschaft und V\u00f6lkerverst\u00e4ndigung\",\"potentialAction\":[{\"@type\":\"SearchAction\",\"target\":{\"@type\":\"EntryPoint\",\"urlTemplate\":\"https:\\\/\\\/www.freundschaft-mit-valjevo.de\\\/wordpress\\\/?s={search_term_string}\"},\"query-input\":{\"@type\":\"PropertyValueSpecification\",\"valueRequired\":true,\"valueName\":\"search_term_string\"}}],\"inLanguage\":\"de\"},{\"@type\":\"Person\",\"@id\":\"https:\\\/\\\/www.freundschaft-mit-valjevo.de\\\/wordpress\\\/#\\\/schema\\\/person\\\/4fbd0cc7a0227a72529b76aeed6571e4\",\"name\":\"admin-z\",\"image\":{\"@type\":\"ImageObject\",\"inLanguage\":\"de\",\"@id\":\"https:\\\/\\\/secure.gravatar.com\\\/avatar\\\/e180e5c39bf8c56d773eb854294072b2fec4a0a0f052f70a3cdaf696f943716d?s=96&d=mm&r=g\",\"url\":\"https:\\\/\\\/secure.gravatar.com\\\/avatar\\\/e180e5c39bf8c56d773eb854294072b2fec4a0a0f052f70a3cdaf696f943716d?s=96&d=mm&r=g\",\"contentUrl\":\"https:\\\/\\\/secure.gravatar.com\\\/avatar\\\/e180e5c39bf8c56d773eb854294072b2fec4a0a0f052f70a3cdaf696f943716d?s=96&d=mm&r=g\",\"caption\":\"admin-z\"}}]}<\/script>\n<!-- \/ Yoast SEO plugin. -->","yoast_head_json":{"title":"\"Pfaffenhofener Kurier\" zum Thema Sozialrabatte - Freundschaft mit Valjevo e.V.","robots":{"index":"index","follow":"follow","max-snippet":"max-snippet:-1","max-image-preview":"max-image-preview:large","max-video-preview":"max-video-preview:-1"},"canonical":"https:\/\/www.freundschaft-mit-valjevo.de\/wordpress\/pfaffenhofener-kurier-zum-thema-sozialrabatte\/","og_locale":"de_DE","og_type":"article","og_title":"\"Pfaffenhofener Kurier\" zum Thema Sozialrabatte - Freundschaft mit Valjevo e.V.","og_url":"https:\/\/www.freundschaft-mit-valjevo.de\/wordpress\/pfaffenhofener-kurier-zum-thema-sozialrabatte\/","og_site_name":"Freundschaft mit Valjevo e.V.","article_published_time":"2009-09-15T10:01:20+00:00","article_modified_time":"2011-07-10T10:01:53+00:00","og_image":[{"url":"http:\/\/www.freundschaft-mit-valjevo.de\/wordpress\/wp-content\/uploads\/2011\/07\/Sozialrabatte-deutlich-ausgeweitet-787x1024.jpg","type":"","width":"","height":""}],"author":"admin-z","twitter_card":"summary_large_image","twitter_misc":{"Verfasst von":"admin-z"},"schema":{"@context":"https:\/\/schema.org","@graph":[{"@type":"Article","@id":"https:\/\/www.freundschaft-mit-valjevo.de\/wordpress\/pfaffenhofener-kurier-zum-thema-sozialrabatte\/#article","isPartOf":{"@id":"https:\/\/www.freundschaft-mit-valjevo.de\/wordpress\/pfaffenhofener-kurier-zum-thema-sozialrabatte\/"},"author":{"name":"admin-z","@id":"https:\/\/www.freundschaft-mit-valjevo.de\/wordpress\/#\/schema\/person\/4fbd0cc7a0227a72529b76aeed6571e4"},"headline":"&#8222;Pfaffenhofener Kurier&#8220; zum Thema Sozialrabatte","datePublished":"2009-09-15T10:01:20+00:00","dateModified":"2011-07-10T10:01:53+00:00","mainEntityOfPage":{"@id":"https:\/\/www.freundschaft-mit-valjevo.de\/wordpress\/pfaffenhofener-kurier-zum-thema-sozialrabatte\/"},"wordCount":25,"commentCount":0,"image":{"@id":"https:\/\/www.freundschaft-mit-valjevo.de\/wordpress\/pfaffenhofener-kurier-zum-thema-sozialrabatte\/#primaryimage"},"thumbnailUrl":"http:\/\/www.freundschaft-mit-valjevo.de\/wordpress\/wp-content\/uploads\/2011\/07\/Sozialrabatte-deutlich-ausgeweitet-787x1024.jpg","keywords":["Soziales"],"articleSection":["Soziales"],"inLanguage":"de","potentialAction":[{"@type":"CommentAction","name":"Comment","target":["https:\/\/www.freundschaft-mit-valjevo.de\/wordpress\/pfaffenhofener-kurier-zum-thema-sozialrabatte\/#respond"]}]},{"@type":"WebPage","@id":"https:\/\/www.freundschaft-mit-valjevo.de\/wordpress\/pfaffenhofener-kurier-zum-thema-sozialrabatte\/","url":"https:\/\/www.freundschaft-mit-valjevo.de\/wordpress\/pfaffenhofener-kurier-zum-thema-sozialrabatte\/","name":"\"Pfaffenhofener Kurier\" zum Thema Sozialrabatte - Freundschaft mit Valjevo e.V.","isPartOf":{"@id":"https:\/\/www.freundschaft-mit-valjevo.de\/wordpress\/#website"},"primaryImageOfPage":{"@id":"https:\/\/www.freundschaft-mit-valjevo.de\/wordpress\/pfaffenhofener-kurier-zum-thema-sozialrabatte\/#primaryimage"},"image":{"@id":"https:\/\/www.freundschaft-mit-valjevo.de\/wordpress\/pfaffenhofener-kurier-zum-thema-sozialrabatte\/#primaryimage"},"thumbnailUrl":"http:\/\/www.freundschaft-mit-valjevo.de\/wordpress\/wp-content\/uploads\/2011\/07\/Sozialrabatte-deutlich-ausgeweitet-787x1024.jpg","datePublished":"2009-09-15T10:01:20+00:00","dateModified":"2011-07-10T10:01:53+00:00","author":{"@id":"https:\/\/www.freundschaft-mit-valjevo.de\/wordpress\/#\/schema\/person\/4fbd0cc7a0227a72529b76aeed6571e4"},"breadcrumb":{"@id":"https:\/\/www.freundschaft-mit-valjevo.de\/wordpress\/pfaffenhofener-kurier-zum-thema-sozialrabatte\/#breadcrumb"},"inLanguage":"de","potentialAction":[{"@type":"ReadAction","target":["https:\/\/www.freundschaft-mit-valjevo.de\/wordpress\/pfaffenhofener-kurier-zum-thema-sozialrabatte\/"]}]},{"@type":"ImageObject","inLanguage":"de","@id":"https:\/\/www.freundschaft-mit-valjevo.de\/wordpress\/pfaffenhofener-kurier-zum-thema-sozialrabatte\/#primaryimage","url":"https:\/\/www.freundschaft-mit-valjevo.de\/wordpress\/wp-content\/uploads\/2011\/07\/Sozialrabatte-deutlich-ausgeweitet.jpg","contentUrl":"https:\/\/www.freundschaft-mit-valjevo.de\/wordpress\/wp-content\/uploads\/2011\/07\/Sozialrabatte-deutlich-ausgeweitet.jpg","width":"880","height":"1144","caption":"Sozialrabatte deutlich ausgeweitet. Ein Bericht aus dem \"Pfaffenhofener Kurier\" vom 15.09.2009"},{"@type":"BreadcrumbList","@id":"https:\/\/www.freundschaft-mit-valjevo.de\/wordpress\/pfaffenhofener-kurier-zum-thema-sozialrabatte\/#breadcrumb","itemListElement":[{"@type":"ListItem","position":1,"name":"Startseite","item":"https:\/\/www.freundschaft-mit-valjevo.de\/wordpress\/"},{"@type":"ListItem","position":2,"name":"&#8222;Pfaffenhofener Kurier&#8220; zum Thema Sozialrabatte"}]},{"@type":"WebSite","@id":"https:\/\/www.freundschaft-mit-valjevo.de\/wordpress\/#website","url":"https:\/\/www.freundschaft-mit-valjevo.de\/wordpress\/","name":"Freundschaft mit Valjevo e.V.","description":"F\u00fcr Frieden, Freundschaft und V\u00f6lkerverst\u00e4ndigung","potentialAction":[{"@type":"SearchAction","target":{"@type":"EntryPoint","urlTemplate":"https:\/\/www.freundschaft-mit-valjevo.de\/wordpress\/?s={search_term_string}"},"query-input":{"@type":"PropertyValueSpecification","valueRequired":true,"valueName":"search_term_string"}}],"inLanguage":"de"},{"@type":"Person","@id":"https:\/\/www.freundschaft-mit-valjevo.de\/wordpress\/#\/schema\/person\/4fbd0cc7a0227a72529b76aeed6571e4","name":"admin-z","image":{"@type":"ImageObject","inLanguage":"de","@id":"https:\/\/secure.gravatar.com\/avatar\/e180e5c39bf8c56d773eb854294072b2fec4a0a0f052f70a3cdaf696f943716d?s=96&d=mm&r=g","url":"https:\/\/secure.gravatar.com\/avatar\/e180e5c39bf8c56d773eb854294072b2fec4a0a0f052f70a3cdaf696f943716d?s=96&d=mm&r=g","contentUrl":"https:\/\/secure.gravatar.com\/avatar\/e180e5c39bf8c56d773eb854294072b2fec4a0a0f052f70a3cdaf696f943716d?s=96&d=mm&r=g","caption":"admin-z"}}]}},"_links":{"self":[{"href":"https:\/\/www.freundschaft-mit-valjevo.de\/wordpress\/wp-json\/wp\/v2\/posts\/220","targetHints":{"allow":["GET"]}}],"collection":[{"href":"https:\/\/www.freundschaft-mit-valjevo.de\/wordpress\/wp-json\/wp\/v2\/posts"}],"about":[{"href":"https:\/\/www.freundschaft-mit-valjevo.de\/wordpress\/wp-json\/wp\/v2\/types\/post"}],"author":[{"embeddable":true,"href":"https:\/\/www.freundschaft-mit-valjevo.de\/wordpress\/wp-json\/wp\/v2\/users\/2"}],"replies":[{"embeddable":true,"href":"https:\/\/www.freundschaft-mit-valjevo.de\/wordpress\/wp-json\/wp\/v2\/comments?post=220"}],"version-history":[{"count":4,"href":"https:\/\/www.freundschaft-mit-valjevo.de\/wordpress\/wp-json\/wp\/v2\/posts\/220\/revisions"}],"predecessor-version":[{"id":225,"href":"https:\/\/www.freundschaft-mit-valjevo.de\/wordpress\/wp-json\/wp\/v2\/posts\/220\/revisions\/225"}],"wp:attachment":[{"href":"https:\/\/www.freundschaft-mit-valjevo.de\/wordpress\/wp-json\/wp\/v2\/media?parent=220"}],"wp:term":[{"taxonomy":"category","embeddable":true,"href":"https:\/\/www.freundschaft-mit-valjevo.de\/wordpress\/wp-json\/wp\/v2\/categories?post=220"},{"taxonomy":"post_tag","embeddable":true,"href":"https:\/\/www.freundschaft-mit-valjevo.de\/wordpress\/wp-json\/wp\/v2\/tags?post=220"}],"curies":[{"name":"wp","href":"https:\/\/api.w.org\/{rel}","templated":true}]}}