{"id":2216,"date":"2023-11-30T13:51:06","date_gmt":"2023-11-30T13:51:06","guid":{"rendered":"http:\/\/www.freundschaft-mit-valjevo.de\/wordpress\/?p=2216"},"modified":"2023-11-30T13:56:16","modified_gmt":"2023-11-30T13:56:16","slug":"usa-und-eu-dulden-auf-dem-balkan-nur-vasallen","status":"publish","type":"post","link":"https:\/\/www.freundschaft-mit-valjevo.de\/wordpress\/usa-und-eu-dulden-auf-dem-balkan-nur-vasallen\/","title":{"rendered":"<strong>USA und EU dulden auf dem Balkan nur Vasallen\u00a0<\/strong>"},"content":{"rendered":"\n<p>A. Vulin als Leiter der serbischen Geheimdienste zur\u00fcckgetreten<\/p>\n\n\n\n<p>Alekander Vulin geh\u00f6rt zu den wichtigsten Vertrauten und St\u00fctzen des serbischen Pr\u00e4sidenten Aleksander Vu\u010di\u0107&nbsp; Seit 2014 f\u00fchrt dessen Fortschrittspartei (SNS) die Regierungen in Serbien und seit 2014 war Vulin stets Mitglied des Kabinetts, zun\u00e4chst als Minister f\u00fcr Arbeit und&nbsp; Soziales, dann als Verteidigungsminister und zuletzt als Innenminister, bevor ihm Vucic im Dezember 2022 die Leitung des serbischen Geheimdienstes (BIA)&nbsp; anvertraute. Auf Druck der USA sah sich Vulin Anfang November gezwungen, von seinem Posten zur\u00fcckzutreten <strong>(1)<\/strong>. Mit seinem R\u00fccktritt wollte der Spitzenpolitiker verhindern, dass gegen Serbien Sanktionen verh\u00e4ngt werden.<\/p>\n\n\n\n<p>Vor dem Hintergrund der mittlerweile offenkundigen Niederlage in der Ukraine haben Washington, Br\u00fcssel und Berlin ihren Druck auf Serbien und die Republik Srpska erheblich verst\u00e4rkt. Serbien soll endg\u00fcltig auf seine abtr\u00fcnnige Provinz Kosovo verzichten, ihr Gesch\u00f6pf als eigenst\u00e4ndigen Staat anerkennen und Sanktionen gegen Russland verh\u00e4ngen. Die Republik Srpska soll gezwungen werden,&nbsp; den deutschen Politiker Christian Schmidt (CSU) als \u201eHohen Repr\u00e4sentanten f\u00fcr Bosnien-Herzogowina\u201c mit nahezu unbeschr\u00e4nkten Vollmachten in Bosnien-Herzogowina&nbsp; anzuerkennen, auf ihrer Eigenst\u00e4ndigkeit gegen\u00fcber der EU-h\u00f6rigen bosnischen Zentralregierung in Sarajevo verzichten und sich ebenfalls in die Front gegen Russland und China einreihen <strong>(2)<\/strong>.<\/p>\n\n\n\n<p>Aleksander Vulin, Gr\u00fcnder und Vorsitzender der \u201eSozialistischen Bewegung\u201c (Pokret Socijalista), hat sich diesen Forderungen stets energisch widersetzt. Er war in der Serbischen Regierung in Belgrad der entschiedenste Vertreter einer Politik der milit\u00e4rischen Neutralit\u00e4t, Bef\u00fcrworter freundschaftlicher Beziehungen zu Russland und China und einer engen Zusammenarbeit mit der Republik Srpska.\u00a0 Am 11. Juli 2023 hatte das Office of Foreign Assets Control (OFAC) des US-Finanzministeriums gegen den serbischen Politiker Sanktionen verh\u00e4ngt.\u00a0 Ohne jeden Beleg und obwohl, wie Serbiens Pr\u00e4sident Vu\u010di\u0107 bissig bemerkte, im Wei\u00dfen Haus und nicht im B\u00fcro von Aleksandar Vulin Kokain gefunden wurde (<strong>3), <\/strong>erhob das OFAC gegen den serbischen Spitzenpolitiker den Vorwurf, in die organisierte Kriminalit\u00e4t und illegale Drogengesch\u00e4fte verwickelt zu sein. \u201eEr hat\u201c, so die OFAC weiter, \u201eseine \u00f6ffentlichen \u00c4mter genutzt, um Russland zu unterst\u00fctzen und damit Russlands b\u00f6sartige Aktivit\u00e4ten beg\u00fcnstigt, die die Sicherheit und Stabilit\u00e4t des westlichen Balkans beeintr\u00e4chtigen,\u00a0 und Russland eine Plattform geboten, seinen Einfluss in der Region auszubauen.<strong>(4)\u201c<\/strong> . Engste Beziehungen zu Russland, China und den BRICS-Staaten w\u00fcnschen sich, wie eine aktuelle Umfrage belegt, 63,4% der B\u00fcrger in Serbien. F\u00fcr die Regierungen in Washington, Br\u00fcssel und Berlin haben die W\u00fcnsche der serbischen Bev\u00f6lkerung jedoch keine Rolle zu spielen (<strong>5)<\/strong>.\u00a0<\/p>\n\n\n\n<p>\u00a0In seiner R\u00fccktrittserkl\u00e4rung schrieb Aleksander Vulin: \u00a0<br>\u201ePr\u00e4sident Vu\u010di\u0107 und Serbien sind mit Drohungen und Erpressungen konfrontiert, die man nur mit dem\u00a0 \u00f6sterreichisch-ungarischen Ultimatum von 1914 vergleichen kann. Von uns wird verlangt, dass wir Kosovo anerkennen, die Republik Srpska aufgeben und, indem wir Sanktionen gegen Russland verh\u00e4ngen, aufh\u00f6ren, ein souver\u00e4nes Land und Nation zu sein. Falls wir dem zugestimmt h\u00e4tten, w\u00e4re die n\u00e4chste Forderung, Schluss mit den chinesische Investitionen zu machen, eine vollst\u00e4ndige technologische und wirtschaftliche Abh\u00e4ngigkeit vom Westen, sowie die weitere politische und territoriale Desintegration Serbiens und die \u00dcbernahme westlicher Werte gewesen. In ihnen gibt es\u00a0 keinen Platz f\u00fcr die traditionelle Familie und Nation, und letztlich auch nicht f\u00fcr soziale Gerechtigkeit. USA und EU fordern meinen Kopf als Bedingung daf\u00fcr, keine Sanktionen gegen Serbien zu erlassen. Ich bin nicht der Grund f\u00fcr die Erpressung und den Druck auf Serbien und die Serbische Nation, aber ich werde nicht zulassen, dass ich zum Vorwand f\u00fcr Erpressung und Druck auf Serbien und die serbische Nation genommen werde. Deshalb trete ich unwiderruflich als Leiter der serbischen Nachrichtendienste zur\u00fcck (\u2026.). Mein R\u00fccktritt wird die Politik der USA und EU gegen\u00fcber Serbien nicht \u00e4ndern, aber er wird weitere Forderungen und Erpressungen hinausz\u00f6gern..\u201c<strong>(6)<\/strong><\/p>\n\n\n\n<p>Dies ist leider zu bef\u00fcrchten, denn auch auf dem Balkan dulden USA und EU nur Vasallen.<\/p>\n\n\n\n<p><strong>Anmerkungen:\u00a0<\/strong><br>1. Politika, 3. 11.23: \u201eVulin podneo ostavku na mesto direktora BIA<\/p>\n\n\n\n<p>2.Novosti, 9.10.23: Autorski Tekst Milorada Dodika, predsednika Republike Srpske: Spremamo&nbsp; tu\u017ebe protiv svih razbija\u010da &#8222;Dejtona&#8220;<\/p>\n\n\n\n<p>Die Republik Srpska weigert sich Christian Schmidt als Hohen Repr\u00e4sentanten der EU anzuerkennen, weil seine Ernennung ohne Zustimmung des UN-Sicherheitsrates und ohne Zustimmung der Republik Srpska als Vertragspartner des Dayton Abkommens erfolgt ist. Ihm fehlt, so Milorad Dodik, Pr\u00e4sident der Republik Srpska, jede demokratische Legitimation.<\/p>\n\n\n\n<p>3. BalkanInsight, 12.7.2023: https:\/\/balkaninsight.com\/2023\/07\/12\/serbian-president-us-sanctioned-vulin-for-russia-ties-not-corruption\/<\/p>\n\n\n\n<p>4.. Treasury Sanctions Official Linked to Corruption in Serbia. <a href=\"https:\/\/home.treasury.gov\/news\/press-releases\/jy1606\">https:\/\/home.treasury.gov\/news\/press-releases\/jy1606<\/a><\/p>\n\n\n\n<p><a href=\"http:\/\/www.nspm.rs\/hronika\/n1-direktor-bia-aleksandar-vulin-na-spisku-lica-pod-americkim-sankcijama.-pripisuju-mu-se-poslovi-u-vezi-sa-trgovinom-narkoticima-i-veze-za-slobodanom-tesicem.html\">N1: Direktor BIA Aleksandar Vulin na spisku lica pod ameri\u010dkim sankcijama. Pripisuju mu se poslovi u vezi sa trgovinom narkoticima i veze za Slobodanom Te\u0161i\u0107em<\/a><\/p>\n\n\n\n<p><a href=\"http:\/\/www.nspm.rs\/hronika\/n1-direktor-bia-aleksandar-vulin-na-spisku-lica-pod-americkim-sankcijama.-pripisuju-mu-se-poslovi-u-vezi-sa-trgovinom-narkoticima-i-veze-za-slobodanom-tesicem.html\">http:\/\/www.nspm.rs\/hronika\/n1-direktor-bia-aleksandar-vulin-na-spisku-lica-pod-americkim-sankcijama.-pripisuju-mu-se-poslovi-u-vezi-sa-trgovinom-narkoticima-i-veze-za-slobodanom-tesicem.html<\/a>?alphabet=l#yvComment28617<\/p>\n\n\n\n<p>5. Politika, 3.11.23:https:\/\/www.politika.rs\/sr\/clanak\/581900\/Vulin-podneo-ostavku-na-mesto-direktora-BIA<\/p>\n\n\n\n<p><strong>6<\/strong>. Nova srpska politicka misao: .nspm.rs\/istrazivanja-javnog-mnjenja\/srbija-novembar-2023.-sns-392-odsto-srbija-protiv-nasilja-25.8.html?alphabet=l<\/p>\n\n\n\n<p>7. 63,4% der Befragten sprachen sich f\u00fcr engste Beziehungen zu Russland, China und den BRICS-Staaten aus, weitere 13,3% waren eher daf\u00fcr, als dagegen. Nur 9,3% sprachen sich dagegen aus.<\/p>\n","protected":false},"excerpt":{"rendered":"<p>A. Vulin als Leiter der serbischen Geheimdienste zur\u00fcckgetreten Alekander Vulin geh\u00f6rt zu den wichtigsten Vertrauten und St\u00fctzen des serbischen Pr\u00e4sidenten Aleksander Vu\u010di\u0107&nbsp; Seit 2014 f\u00fchrt&#8230;<\/p>\n<div class=\"more-link-wrapper\"><a class=\"more-link\" href=\"https:\/\/www.freundschaft-mit-valjevo.de\/wordpress\/usa-und-eu-dulden-auf-dem-balkan-nur-vasallen\/\">Weiterlesen<span class=\"screen-reader-text\">&lt;strong&gt;USA und EU dulden auf dem Balkan nur Vasallen\u00a0&lt;\/strong&gt;<\/span><\/a><\/div>\n","protected":false},"author":2,"featured_media":0,"comment_status":"closed","ping_status":"closed","sticky":false,"template":"","format":"standard","meta":{"footnotes":""},"categories":[1],"tags":[],"class_list":["post-2216","post","type-post","status-publish","format-standard","hentry","category-allgemein","entry"],"yoast_head":"<!-- This site is optimized with the Yoast SEO plugin v27.4 - https:\/\/yoast.com\/product\/yoast-seo-wordpress\/ -->\n<title>USA und EU dulden auf dem Balkan nur Vasallen\u00a0 - Freundschaft mit Valjevo e.V.<\/title>\n<meta name=\"robots\" content=\"index, follow, max-snippet:-1, max-image-preview:large, max-video-preview:-1\" \/>\n<link rel=\"canonical\" href=\"https:\/\/www.freundschaft-mit-valjevo.de\/wordpress\/usa-und-eu-dulden-auf-dem-balkan-nur-vasallen\/\" \/>\n<meta property=\"og:locale\" content=\"de_DE\" \/>\n<meta property=\"og:type\" content=\"article\" \/>\n<meta property=\"og:title\" content=\"USA und EU dulden auf dem Balkan nur Vasallen\u00a0 - Freundschaft mit Valjevo e.V.\" \/>\n<meta property=\"og:description\" content=\"A. Vulin als Leiter der serbischen Geheimdienste zur\u00fcckgetreten Alekander Vulin geh\u00f6rt zu den wichtigsten Vertrauten und St\u00fctzen des serbischen Pr\u00e4sidenten Aleksander Vu\u010di\u0107&nbsp; Seit 2014 f\u00fchrt&#8230;\" \/>\n<meta property=\"og:url\" content=\"https:\/\/www.freundschaft-mit-valjevo.de\/wordpress\/usa-und-eu-dulden-auf-dem-balkan-nur-vasallen\/\" \/>\n<meta property=\"og:site_name\" content=\"Freundschaft mit Valjevo e.V.\" \/>\n<meta property=\"article:published_time\" content=\"2023-11-30T13:51:06+00:00\" \/>\n<meta property=\"article:modified_time\" content=\"2023-11-30T13:56:16+00:00\" \/>\n<meta name=\"author\" content=\"admin-z\" \/>\n<meta name=\"twitter:card\" content=\"summary_large_image\" \/>\n<meta name=\"twitter:label1\" content=\"Verfasst von\" \/>\n\t<meta name=\"twitter:data1\" content=\"admin-z\" \/>\n\t<meta name=\"twitter:label2\" content=\"Gesch\u00e4tzte Lesezeit\" \/>\n\t<meta name=\"twitter:data2\" content=\"5\u00a0Minuten\" \/>\n<script type=\"application\/ld+json\" class=\"yoast-schema-graph\">{\"@context\":\"https:\\\/\\\/schema.org\",\"@graph\":[{\"@type\":\"Article\",\"@id\":\"https:\\\/\\\/www.freundschaft-mit-valjevo.de\\\/wordpress\\\/usa-und-eu-dulden-auf-dem-balkan-nur-vasallen\\\/#article\",\"isPartOf\":{\"@id\":\"https:\\\/\\\/www.freundschaft-mit-valjevo.de\\\/wordpress\\\/usa-und-eu-dulden-auf-dem-balkan-nur-vasallen\\\/\"},\"author\":{\"name\":\"admin-z\",\"@id\":\"https:\\\/\\\/www.freundschaft-mit-valjevo.de\\\/wordpress\\\/#\\\/schema\\\/person\\\/4fbd0cc7a0227a72529b76aeed6571e4\"},\"headline\":\"USA und EU dulden auf dem Balkan nur Vasallen\u00a0\",\"datePublished\":\"2023-11-30T13:51:06+00:00\",\"dateModified\":\"2023-11-30T13:56:16+00:00\",\"mainEntityOfPage\":{\"@id\":\"https:\\\/\\\/www.freundschaft-mit-valjevo.de\\\/wordpress\\\/usa-und-eu-dulden-auf-dem-balkan-nur-vasallen\\\/\"},\"wordCount\":844,\"inLanguage\":\"de\"},{\"@type\":\"WebPage\",\"@id\":\"https:\\\/\\\/www.freundschaft-mit-valjevo.de\\\/wordpress\\\/usa-und-eu-dulden-auf-dem-balkan-nur-vasallen\\\/\",\"url\":\"https:\\\/\\\/www.freundschaft-mit-valjevo.de\\\/wordpress\\\/usa-und-eu-dulden-auf-dem-balkan-nur-vasallen\\\/\",\"name\":\"USA und EU dulden auf dem Balkan nur Vasallen\u00a0 - Freundschaft mit Valjevo e.V.\",\"isPartOf\":{\"@id\":\"https:\\\/\\\/www.freundschaft-mit-valjevo.de\\\/wordpress\\\/#website\"},\"datePublished\":\"2023-11-30T13:51:06+00:00\",\"dateModified\":\"2023-11-30T13:56:16+00:00\",\"author\":{\"@id\":\"https:\\\/\\\/www.freundschaft-mit-valjevo.de\\\/wordpress\\\/#\\\/schema\\\/person\\\/4fbd0cc7a0227a72529b76aeed6571e4\"},\"breadcrumb\":{\"@id\":\"https:\\\/\\\/www.freundschaft-mit-valjevo.de\\\/wordpress\\\/usa-und-eu-dulden-auf-dem-balkan-nur-vasallen\\\/#breadcrumb\"},\"inLanguage\":\"de\",\"potentialAction\":[{\"@type\":\"ReadAction\",\"target\":[\"https:\\\/\\\/www.freundschaft-mit-valjevo.de\\\/wordpress\\\/usa-und-eu-dulden-auf-dem-balkan-nur-vasallen\\\/\"]}]},{\"@type\":\"BreadcrumbList\",\"@id\":\"https:\\\/\\\/www.freundschaft-mit-valjevo.de\\\/wordpress\\\/usa-und-eu-dulden-auf-dem-balkan-nur-vasallen\\\/#breadcrumb\",\"itemListElement\":[{\"@type\":\"ListItem\",\"position\":1,\"name\":\"Startseite\",\"item\":\"https:\\\/\\\/www.freundschaft-mit-valjevo.de\\\/wordpress\\\/\"},{\"@type\":\"ListItem\",\"position\":2,\"name\":\"USA und EU dulden auf dem Balkan nur Vasallen\u00a0\"}]},{\"@type\":\"WebSite\",\"@id\":\"https:\\\/\\\/www.freundschaft-mit-valjevo.de\\\/wordpress\\\/#website\",\"url\":\"https:\\\/\\\/www.freundschaft-mit-valjevo.de\\\/wordpress\\\/\",\"name\":\"Freundschaft mit Valjevo e.V.\",\"description\":\"F\u00fcr Frieden, Freundschaft und V\u00f6lkerverst\u00e4ndigung\",\"potentialAction\":[{\"@type\":\"SearchAction\",\"target\":{\"@type\":\"EntryPoint\",\"urlTemplate\":\"https:\\\/\\\/www.freundschaft-mit-valjevo.de\\\/wordpress\\\/?s={search_term_string}\"},\"query-input\":{\"@type\":\"PropertyValueSpecification\",\"valueRequired\":true,\"valueName\":\"search_term_string\"}}],\"inLanguage\":\"de\"},{\"@type\":\"Person\",\"@id\":\"https:\\\/\\\/www.freundschaft-mit-valjevo.de\\\/wordpress\\\/#\\\/schema\\\/person\\\/4fbd0cc7a0227a72529b76aeed6571e4\",\"name\":\"admin-z\",\"image\":{\"@type\":\"ImageObject\",\"inLanguage\":\"de\",\"@id\":\"https:\\\/\\\/secure.gravatar.com\\\/avatar\\\/e180e5c39bf8c56d773eb854294072b2fec4a0a0f052f70a3cdaf696f943716d?s=96&d=mm&r=g\",\"url\":\"https:\\\/\\\/secure.gravatar.com\\\/avatar\\\/e180e5c39bf8c56d773eb854294072b2fec4a0a0f052f70a3cdaf696f943716d?s=96&d=mm&r=g\",\"contentUrl\":\"https:\\\/\\\/secure.gravatar.com\\\/avatar\\\/e180e5c39bf8c56d773eb854294072b2fec4a0a0f052f70a3cdaf696f943716d?s=96&d=mm&r=g\",\"caption\":\"admin-z\"}}]}<\/script>\n<!-- \/ Yoast SEO plugin. -->","yoast_head_json":{"title":"USA und EU dulden auf dem Balkan nur Vasallen\u00a0 - Freundschaft mit Valjevo e.V.","robots":{"index":"index","follow":"follow","max-snippet":"max-snippet:-1","max-image-preview":"max-image-preview:large","max-video-preview":"max-video-preview:-1"},"canonical":"https:\/\/www.freundschaft-mit-valjevo.de\/wordpress\/usa-und-eu-dulden-auf-dem-balkan-nur-vasallen\/","og_locale":"de_DE","og_type":"article","og_title":"USA und EU dulden auf dem Balkan nur Vasallen\u00a0 - Freundschaft mit Valjevo e.V.","og_description":"A. Vulin als Leiter der serbischen Geheimdienste zur\u00fcckgetreten Alekander Vulin geh\u00f6rt zu den wichtigsten Vertrauten und St\u00fctzen des serbischen Pr\u00e4sidenten Aleksander Vu\u010di\u0107&nbsp; Seit 2014 f\u00fchrt&#8230;","og_url":"https:\/\/www.freundschaft-mit-valjevo.de\/wordpress\/usa-und-eu-dulden-auf-dem-balkan-nur-vasallen\/","og_site_name":"Freundschaft mit Valjevo e.V.","article_published_time":"2023-11-30T13:51:06+00:00","article_modified_time":"2023-11-30T13:56:16+00:00","author":"admin-z","twitter_card":"summary_large_image","twitter_misc":{"Verfasst von":"admin-z","Gesch\u00e4tzte Lesezeit":"5\u00a0Minuten"},"schema":{"@context":"https:\/\/schema.org","@graph":[{"@type":"Article","@id":"https:\/\/www.freundschaft-mit-valjevo.de\/wordpress\/usa-und-eu-dulden-auf-dem-balkan-nur-vasallen\/#article","isPartOf":{"@id":"https:\/\/www.freundschaft-mit-valjevo.de\/wordpress\/usa-und-eu-dulden-auf-dem-balkan-nur-vasallen\/"},"author":{"name":"admin-z","@id":"https:\/\/www.freundschaft-mit-valjevo.de\/wordpress\/#\/schema\/person\/4fbd0cc7a0227a72529b76aeed6571e4"},"headline":"USA und EU dulden auf dem Balkan nur Vasallen\u00a0","datePublished":"2023-11-30T13:51:06+00:00","dateModified":"2023-11-30T13:56:16+00:00","mainEntityOfPage":{"@id":"https:\/\/www.freundschaft-mit-valjevo.de\/wordpress\/usa-und-eu-dulden-auf-dem-balkan-nur-vasallen\/"},"wordCount":844,"inLanguage":"de"},{"@type":"WebPage","@id":"https:\/\/www.freundschaft-mit-valjevo.de\/wordpress\/usa-und-eu-dulden-auf-dem-balkan-nur-vasallen\/","url":"https:\/\/www.freundschaft-mit-valjevo.de\/wordpress\/usa-und-eu-dulden-auf-dem-balkan-nur-vasallen\/","name":"USA und EU dulden auf dem Balkan nur Vasallen\u00a0 - Freundschaft mit Valjevo e.V.","isPartOf":{"@id":"https:\/\/www.freundschaft-mit-valjevo.de\/wordpress\/#website"},"datePublished":"2023-11-30T13:51:06+00:00","dateModified":"2023-11-30T13:56:16+00:00","author":{"@id":"https:\/\/www.freundschaft-mit-valjevo.de\/wordpress\/#\/schema\/person\/4fbd0cc7a0227a72529b76aeed6571e4"},"breadcrumb":{"@id":"https:\/\/www.freundschaft-mit-valjevo.de\/wordpress\/usa-und-eu-dulden-auf-dem-balkan-nur-vasallen\/#breadcrumb"},"inLanguage":"de","potentialAction":[{"@type":"ReadAction","target":["https:\/\/www.freundschaft-mit-valjevo.de\/wordpress\/usa-und-eu-dulden-auf-dem-balkan-nur-vasallen\/"]}]},{"@type":"BreadcrumbList","@id":"https:\/\/www.freundschaft-mit-valjevo.de\/wordpress\/usa-und-eu-dulden-auf-dem-balkan-nur-vasallen\/#breadcrumb","itemListElement":[{"@type":"ListItem","position":1,"name":"Startseite","item":"https:\/\/www.freundschaft-mit-valjevo.de\/wordpress\/"},{"@type":"ListItem","position":2,"name":"USA und EU dulden auf dem Balkan nur Vasallen\u00a0"}]},{"@type":"WebSite","@id":"https:\/\/www.freundschaft-mit-valjevo.de\/wordpress\/#website","url":"https:\/\/www.freundschaft-mit-valjevo.de\/wordpress\/","name":"Freundschaft mit Valjevo e.V.","description":"F\u00fcr Frieden, Freundschaft und V\u00f6lkerverst\u00e4ndigung","potentialAction":[{"@type":"SearchAction","target":{"@type":"EntryPoint","urlTemplate":"https:\/\/www.freundschaft-mit-valjevo.de\/wordpress\/?s={search_term_string}"},"query-input":{"@type":"PropertyValueSpecification","valueRequired":true,"valueName":"search_term_string"}}],"inLanguage":"de"},{"@type":"Person","@id":"https:\/\/www.freundschaft-mit-valjevo.de\/wordpress\/#\/schema\/person\/4fbd0cc7a0227a72529b76aeed6571e4","name":"admin-z","image":{"@type":"ImageObject","inLanguage":"de","@id":"https:\/\/secure.gravatar.com\/avatar\/e180e5c39bf8c56d773eb854294072b2fec4a0a0f052f70a3cdaf696f943716d?s=96&d=mm&r=g","url":"https:\/\/secure.gravatar.com\/avatar\/e180e5c39bf8c56d773eb854294072b2fec4a0a0f052f70a3cdaf696f943716d?s=96&d=mm&r=g","contentUrl":"https:\/\/secure.gravatar.com\/avatar\/e180e5c39bf8c56d773eb854294072b2fec4a0a0f052f70a3cdaf696f943716d?s=96&d=mm&r=g","caption":"admin-z"}}]}},"_links":{"self":[{"href":"https:\/\/www.freundschaft-mit-valjevo.de\/wordpress\/wp-json\/wp\/v2\/posts\/2216","targetHints":{"allow":["GET"]}}],"collection":[{"href":"https:\/\/www.freundschaft-mit-valjevo.de\/wordpress\/wp-json\/wp\/v2\/posts"}],"about":[{"href":"https:\/\/www.freundschaft-mit-valjevo.de\/wordpress\/wp-json\/wp\/v2\/types\/post"}],"author":[{"embeddable":true,"href":"https:\/\/www.freundschaft-mit-valjevo.de\/wordpress\/wp-json\/wp\/v2\/users\/2"}],"replies":[{"embeddable":true,"href":"https:\/\/www.freundschaft-mit-valjevo.de\/wordpress\/wp-json\/wp\/v2\/comments?post=2216"}],"version-history":[{"count":2,"href":"https:\/\/www.freundschaft-mit-valjevo.de\/wordpress\/wp-json\/wp\/v2\/posts\/2216\/revisions"}],"predecessor-version":[{"id":2219,"href":"https:\/\/www.freundschaft-mit-valjevo.de\/wordpress\/wp-json\/wp\/v2\/posts\/2216\/revisions\/2219"}],"wp:attachment":[{"href":"https:\/\/www.freundschaft-mit-valjevo.de\/wordpress\/wp-json\/wp\/v2\/media?parent=2216"}],"wp:term":[{"taxonomy":"category","embeddable":true,"href":"https:\/\/www.freundschaft-mit-valjevo.de\/wordpress\/wp-json\/wp\/v2\/categories?post=2216"},{"taxonomy":"post_tag","embeddable":true,"href":"https:\/\/www.freundschaft-mit-valjevo.de\/wordpress\/wp-json\/wp\/v2\/tags?post=2216"}],"curies":[{"name":"wp","href":"https:\/\/api.w.org\/{rel}","templated":true}]}}