{"id":2229,"date":"2024-02-18T14:12:09","date_gmt":"2024-02-18T14:12:09","guid":{"rendered":"https:\/\/www.freundschaft-mit-valjevo.de\/wordpress\/?p=2229"},"modified":"2024-02-18T14:12:10","modified_gmt":"2024-02-18T14:12:10","slug":"auf-beiden-seiten-der-front-in-der-ukraine-meine-reisen-in-die-ukraine","status":"publish","type":"post","link":"https:\/\/www.freundschaft-mit-valjevo.de\/wordpress\/auf-beiden-seiten-der-front-in-der-ukraine-meine-reisen-in-die-ukraine\/","title":{"rendered":"Auf beiden Seiten der Front in der Ukraine. Meine Reisen in die Ukraine"},"content":{"rendered":"\n<p><strong>Patrik Baab, Politologe und investigativer Journalist<\/strong><br><strong>Samstag, 24. Februar, 19 Uhr, im Hofbergsaal,\u00a0Hofberg 7, 85276 Pfaffenhofen<\/strong><\/p>\n\n\n\n<p>Vor genau 2 Jahren, am 24. Februar 2022 begann mit dem Einmarsch russischer Truppen&nbsp;der Krieg in der Ukraine.&nbsp;<\/p>\n\n\n\n<p>Der Politologe und investigative Journalist Patrik Baab hat die Ukraine bereist, den Westen des Landes, der sich unter der Kontrolle der Regierung in Kiew befindet, den Osten, wo mittlerweile russische Soldaten stehen. Er hat auf beiden Seiten der Front mit den Menschen gesprochen und recherchiert. Auf unserer Veranstaltung wird er die Geschichte hinter den Schlagzeilen und der Propaganda erz\u00e4hlen: Vom Maidan-Putsch 2014 \u00fcber den B\u00fcrgerkrieg im Donbass zum Stellvertreterkrieg zwischen Russland und der Nato. Er will\u00a0die politischen Interessen und den geopolitischen Konflikt aufzeigen, um den es geht.\u00a0<\/p>\n\n\n<div class=\"wp-block-image\">\n<figure class=\"aligncenter size-large\"><a href=\"https:\/\/www.freundschaft-mit-valjevo.de\/wordpress\/wp-content\/uploads\/2024\/02\/cidE1691BD1-85F5-4FCA-81CB-24986A586353.jpeg\"><img loading=\"lazy\" decoding=\"async\" width=\"700\" height=\"526\" src=\"https:\/\/www.freundschaft-mit-valjevo.de\/wordpress\/wp-content\/uploads\/2024\/02\/cidE1691BD1-85F5-4FCA-81CB-24986A586353-700x526.jpeg\" alt=\"\" class=\"wp-image-2230\" srcset=\"https:\/\/www.freundschaft-mit-valjevo.de\/wordpress\/wp-content\/uploads\/2024\/02\/cidE1691BD1-85F5-4FCA-81CB-24986A586353-700x526.jpeg 700w, https:\/\/www.freundschaft-mit-valjevo.de\/wordpress\/wp-content\/uploads\/2024\/02\/cidE1691BD1-85F5-4FCA-81CB-24986A586353-300x226.jpeg 300w, https:\/\/www.freundschaft-mit-valjevo.de\/wordpress\/wp-content\/uploads\/2024\/02\/cidE1691BD1-85F5-4FCA-81CB-24986A586353-768x577.jpeg 768w, https:\/\/www.freundschaft-mit-valjevo.de\/wordpress\/wp-content\/uploads\/2024\/02\/cidE1691BD1-85F5-4FCA-81CB-24986A586353.jpeg 1411w\" sizes=\"auto, (max-width: 700px) 100vw, 700px\" \/><\/a><figcaption class=\"wp-element-caption\">Patrik Baab<\/figcaption><\/figure>\n<\/div>\n\n\n<p>Wer sich bei einem Konflikt sachlich informieren und eine friedliche L\u00f6sung finden m\u00f6chte, muss sich beide Seiten anh\u00f6ren. Das ist heute nicht immer erw\u00fcnscht. Wegen seiner Recherchen im Donbass hat Patrick Baab seine Lehrauftr\u00e4ge an der Christian-Albrechts-Universit\u00e4t in Kiel und an der HMKW Berlin verloren. Am 25. April 2023 hat das Verwaltungsgericht Schleswig-Holstein entschieden, dass die K\u00fcndigung des Lehrauftrages nicht rechtm\u00e4\u00dfig war.<\/p>\n\n\n\n<p>Sehr empfehlenswert die Homepage von Patrik Baab mit vielen Dokumentationen und Artikeln:https:\/\/patrikbaab.de\/<\/p>\n","protected":false},"excerpt":{"rendered":"<p>Patrik Baab, Politologe und investigativer JournalistSamstag, 24. Februar, 19 Uhr, im Hofbergsaal,\u00a0Hofberg 7, 85276 Pfaffenhofen Vor genau 2 Jahren, am 24. Februar 2022 begann mit&#8230;<\/p>\n<div class=\"more-link-wrapper\"><a class=\"more-link\" href=\"https:\/\/www.freundschaft-mit-valjevo.de\/wordpress\/auf-beiden-seiten-der-front-in-der-ukraine-meine-reisen-in-die-ukraine\/\">Weiterlesen<span class=\"screen-reader-text\">Auf beiden Seiten der Front in der Ukraine. Meine Reisen in die Ukraine<\/span><\/a><\/div>\n","protected":false},"author":2,"featured_media":0,"comment_status":"closed","ping_status":"closed","sticky":false,"template":"","format":"standard","meta":{"footnotes":""},"categories":[1],"tags":[],"class_list":["post-2229","post","type-post","status-publish","format-standard","hentry","category-allgemein","entry"],"yoast_head":"<!-- This site is optimized with the Yoast SEO plugin v27.4 - https:\/\/yoast.com\/product\/yoast-seo-wordpress\/ -->\n<title>Auf beiden Seiten der Front in der Ukraine. Meine Reisen in die Ukraine - Freundschaft mit Valjevo e.V.<\/title>\n<meta name=\"robots\" content=\"index, follow, max-snippet:-1, max-image-preview:large, max-video-preview:-1\" \/>\n<link rel=\"canonical\" href=\"https:\/\/www.freundschaft-mit-valjevo.de\/wordpress\/auf-beiden-seiten-der-front-in-der-ukraine-meine-reisen-in-die-ukraine\/\" \/>\n<meta property=\"og:locale\" content=\"de_DE\" \/>\n<meta property=\"og:type\" content=\"article\" \/>\n<meta property=\"og:title\" content=\"Auf beiden Seiten der Front in der Ukraine. Meine Reisen in die Ukraine - Freundschaft mit Valjevo e.V.\" \/>\n<meta property=\"og:description\" content=\"Patrik Baab, Politologe und investigativer JournalistSamstag, 24. Februar, 19 Uhr, im Hofbergsaal,\u00a0Hofberg 7, 85276 Pfaffenhofen Vor genau 2 Jahren, am 24. Februar 2022 begann mit&#8230;\" \/>\n<meta property=\"og:url\" content=\"https:\/\/www.freundschaft-mit-valjevo.de\/wordpress\/auf-beiden-seiten-der-front-in-der-ukraine-meine-reisen-in-die-ukraine\/\" \/>\n<meta property=\"og:site_name\" content=\"Freundschaft mit Valjevo e.V.\" \/>\n<meta property=\"article:published_time\" content=\"2024-02-18T14:12:09+00:00\" \/>\n<meta property=\"article:modified_time\" content=\"2024-02-18T14:12:10+00:00\" \/>\n<meta property=\"og:image\" content=\"https:\/\/www.freundschaft-mit-valjevo.de\/wordpress\/wp-content\/uploads\/2024\/02\/cidE1691BD1-85F5-4FCA-81CB-24986A586353-700x526.jpeg\" \/>\n<meta name=\"author\" content=\"admin-z\" \/>\n<meta name=\"twitter:card\" content=\"summary_large_image\" \/>\n<meta name=\"twitter:label1\" content=\"Verfasst von\" \/>\n\t<meta name=\"twitter:data1\" content=\"admin-z\" \/>\n\t<meta name=\"twitter:label2\" content=\"Gesch\u00e4tzte Lesezeit\" \/>\n\t<meta name=\"twitter:data2\" content=\"2\u00a0Minuten\" \/>\n<script type=\"application\/ld+json\" class=\"yoast-schema-graph\">{\"@context\":\"https:\\\/\\\/schema.org\",\"@graph\":[{\"@type\":\"Article\",\"@id\":\"https:\\\/\\\/www.freundschaft-mit-valjevo.de\\\/wordpress\\\/auf-beiden-seiten-der-front-in-der-ukraine-meine-reisen-in-die-ukraine\\\/#article\",\"isPartOf\":{\"@id\":\"https:\\\/\\\/www.freundschaft-mit-valjevo.de\\\/wordpress\\\/auf-beiden-seiten-der-front-in-der-ukraine-meine-reisen-in-die-ukraine\\\/\"},\"author\":{\"name\":\"admin-z\",\"@id\":\"https:\\\/\\\/www.freundschaft-mit-valjevo.de\\\/wordpress\\\/#\\\/schema\\\/person\\\/4fbd0cc7a0227a72529b76aeed6571e4\"},\"headline\":\"Auf beiden Seiten der Front in der Ukraine. Meine Reisen in die Ukraine\",\"datePublished\":\"2024-02-18T14:12:09+00:00\",\"dateModified\":\"2024-02-18T14:12:10+00:00\",\"mainEntityOfPage\":{\"@id\":\"https:\\\/\\\/www.freundschaft-mit-valjevo.de\\\/wordpress\\\/auf-beiden-seiten-der-front-in-der-ukraine-meine-reisen-in-die-ukraine\\\/\"},\"wordCount\":218,\"image\":{\"@id\":\"https:\\\/\\\/www.freundschaft-mit-valjevo.de\\\/wordpress\\\/auf-beiden-seiten-der-front-in-der-ukraine-meine-reisen-in-die-ukraine\\\/#primaryimage\"},\"thumbnailUrl\":\"https:\\\/\\\/www.freundschaft-mit-valjevo.de\\\/wordpress\\\/wp-content\\\/uploads\\\/2024\\\/02\\\/cidE1691BD1-85F5-4FCA-81CB-24986A586353-700x526.jpeg\",\"inLanguage\":\"de\"},{\"@type\":\"WebPage\",\"@id\":\"https:\\\/\\\/www.freundschaft-mit-valjevo.de\\\/wordpress\\\/auf-beiden-seiten-der-front-in-der-ukraine-meine-reisen-in-die-ukraine\\\/\",\"url\":\"https:\\\/\\\/www.freundschaft-mit-valjevo.de\\\/wordpress\\\/auf-beiden-seiten-der-front-in-der-ukraine-meine-reisen-in-die-ukraine\\\/\",\"name\":\"Auf beiden Seiten der Front in der Ukraine. Meine Reisen in die Ukraine - Freundschaft mit Valjevo e.V.\",\"isPartOf\":{\"@id\":\"https:\\\/\\\/www.freundschaft-mit-valjevo.de\\\/wordpress\\\/#website\"},\"primaryImageOfPage\":{\"@id\":\"https:\\\/\\\/www.freundschaft-mit-valjevo.de\\\/wordpress\\\/auf-beiden-seiten-der-front-in-der-ukraine-meine-reisen-in-die-ukraine\\\/#primaryimage\"},\"image\":{\"@id\":\"https:\\\/\\\/www.freundschaft-mit-valjevo.de\\\/wordpress\\\/auf-beiden-seiten-der-front-in-der-ukraine-meine-reisen-in-die-ukraine\\\/#primaryimage\"},\"thumbnailUrl\":\"https:\\\/\\\/www.freundschaft-mit-valjevo.de\\\/wordpress\\\/wp-content\\\/uploads\\\/2024\\\/02\\\/cidE1691BD1-85F5-4FCA-81CB-24986A586353-700x526.jpeg\",\"datePublished\":\"2024-02-18T14:12:09+00:00\",\"dateModified\":\"2024-02-18T14:12:10+00:00\",\"author\":{\"@id\":\"https:\\\/\\\/www.freundschaft-mit-valjevo.de\\\/wordpress\\\/#\\\/schema\\\/person\\\/4fbd0cc7a0227a72529b76aeed6571e4\"},\"breadcrumb\":{\"@id\":\"https:\\\/\\\/www.freundschaft-mit-valjevo.de\\\/wordpress\\\/auf-beiden-seiten-der-front-in-der-ukraine-meine-reisen-in-die-ukraine\\\/#breadcrumb\"},\"inLanguage\":\"de\",\"potentialAction\":[{\"@type\":\"ReadAction\",\"target\":[\"https:\\\/\\\/www.freundschaft-mit-valjevo.de\\\/wordpress\\\/auf-beiden-seiten-der-front-in-der-ukraine-meine-reisen-in-die-ukraine\\\/\"]}]},{\"@type\":\"ImageObject\",\"inLanguage\":\"de\",\"@id\":\"https:\\\/\\\/www.freundschaft-mit-valjevo.de\\\/wordpress\\\/auf-beiden-seiten-der-front-in-der-ukraine-meine-reisen-in-die-ukraine\\\/#primaryimage\",\"url\":\"https:\\\/\\\/www.freundschaft-mit-valjevo.de\\\/wordpress\\\/wp-content\\\/uploads\\\/2024\\\/02\\\/cidE1691BD1-85F5-4FCA-81CB-24986A586353.jpeg\",\"contentUrl\":\"https:\\\/\\\/www.freundschaft-mit-valjevo.de\\\/wordpress\\\/wp-content\\\/uploads\\\/2024\\\/02\\\/cidE1691BD1-85F5-4FCA-81CB-24986A586353.jpeg\",\"width\":1411,\"height\":1061},{\"@type\":\"BreadcrumbList\",\"@id\":\"https:\\\/\\\/www.freundschaft-mit-valjevo.de\\\/wordpress\\\/auf-beiden-seiten-der-front-in-der-ukraine-meine-reisen-in-die-ukraine\\\/#breadcrumb\",\"itemListElement\":[{\"@type\":\"ListItem\",\"position\":1,\"name\":\"Startseite\",\"item\":\"https:\\\/\\\/www.freundschaft-mit-valjevo.de\\\/wordpress\\\/\"},{\"@type\":\"ListItem\",\"position\":2,\"name\":\"Auf beiden Seiten der Front in der Ukraine. Meine Reisen in die Ukraine\"}]},{\"@type\":\"WebSite\",\"@id\":\"https:\\\/\\\/www.freundschaft-mit-valjevo.de\\\/wordpress\\\/#website\",\"url\":\"https:\\\/\\\/www.freundschaft-mit-valjevo.de\\\/wordpress\\\/\",\"name\":\"Freundschaft mit Valjevo e.V.\",\"description\":\"F\u00fcr Frieden, Freundschaft und V\u00f6lkerverst\u00e4ndigung\",\"potentialAction\":[{\"@type\":\"SearchAction\",\"target\":{\"@type\":\"EntryPoint\",\"urlTemplate\":\"https:\\\/\\\/www.freundschaft-mit-valjevo.de\\\/wordpress\\\/?s={search_term_string}\"},\"query-input\":{\"@type\":\"PropertyValueSpecification\",\"valueRequired\":true,\"valueName\":\"search_term_string\"}}],\"inLanguage\":\"de\"},{\"@type\":\"Person\",\"@id\":\"https:\\\/\\\/www.freundschaft-mit-valjevo.de\\\/wordpress\\\/#\\\/schema\\\/person\\\/4fbd0cc7a0227a72529b76aeed6571e4\",\"name\":\"admin-z\",\"image\":{\"@type\":\"ImageObject\",\"inLanguage\":\"de\",\"@id\":\"https:\\\/\\\/secure.gravatar.com\\\/avatar\\\/e180e5c39bf8c56d773eb854294072b2fec4a0a0f052f70a3cdaf696f943716d?s=96&d=mm&r=g\",\"url\":\"https:\\\/\\\/secure.gravatar.com\\\/avatar\\\/e180e5c39bf8c56d773eb854294072b2fec4a0a0f052f70a3cdaf696f943716d?s=96&d=mm&r=g\",\"contentUrl\":\"https:\\\/\\\/secure.gravatar.com\\\/avatar\\\/e180e5c39bf8c56d773eb854294072b2fec4a0a0f052f70a3cdaf696f943716d?s=96&d=mm&r=g\",\"caption\":\"admin-z\"}}]}<\/script>\n<!-- \/ Yoast SEO plugin. -->","yoast_head_json":{"title":"Auf beiden Seiten der Front in der Ukraine. Meine Reisen in die Ukraine - Freundschaft mit Valjevo e.V.","robots":{"index":"index","follow":"follow","max-snippet":"max-snippet:-1","max-image-preview":"max-image-preview:large","max-video-preview":"max-video-preview:-1"},"canonical":"https:\/\/www.freundschaft-mit-valjevo.de\/wordpress\/auf-beiden-seiten-der-front-in-der-ukraine-meine-reisen-in-die-ukraine\/","og_locale":"de_DE","og_type":"article","og_title":"Auf beiden Seiten der Front in der Ukraine. Meine Reisen in die Ukraine - Freundschaft mit Valjevo e.V.","og_description":"Patrik Baab, Politologe und investigativer JournalistSamstag, 24. Februar, 19 Uhr, im Hofbergsaal,\u00a0Hofberg 7, 85276 Pfaffenhofen Vor genau 2 Jahren, am 24. Februar 2022 begann mit&#8230;","og_url":"https:\/\/www.freundschaft-mit-valjevo.de\/wordpress\/auf-beiden-seiten-der-front-in-der-ukraine-meine-reisen-in-die-ukraine\/","og_site_name":"Freundschaft mit Valjevo e.V.","article_published_time":"2024-02-18T14:12:09+00:00","article_modified_time":"2024-02-18T14:12:10+00:00","og_image":[{"url":"https:\/\/www.freundschaft-mit-valjevo.de\/wordpress\/wp-content\/uploads\/2024\/02\/cidE1691BD1-85F5-4FCA-81CB-24986A586353-700x526.jpeg","type":"","width":"","height":""}],"author":"admin-z","twitter_card":"summary_large_image","twitter_misc":{"Verfasst von":"admin-z","Gesch\u00e4tzte Lesezeit":"2\u00a0Minuten"},"schema":{"@context":"https:\/\/schema.org","@graph":[{"@type":"Article","@id":"https:\/\/www.freundschaft-mit-valjevo.de\/wordpress\/auf-beiden-seiten-der-front-in-der-ukraine-meine-reisen-in-die-ukraine\/#article","isPartOf":{"@id":"https:\/\/www.freundschaft-mit-valjevo.de\/wordpress\/auf-beiden-seiten-der-front-in-der-ukraine-meine-reisen-in-die-ukraine\/"},"author":{"name":"admin-z","@id":"https:\/\/www.freundschaft-mit-valjevo.de\/wordpress\/#\/schema\/person\/4fbd0cc7a0227a72529b76aeed6571e4"},"headline":"Auf beiden Seiten der Front in der Ukraine. Meine Reisen in die Ukraine","datePublished":"2024-02-18T14:12:09+00:00","dateModified":"2024-02-18T14:12:10+00:00","mainEntityOfPage":{"@id":"https:\/\/www.freundschaft-mit-valjevo.de\/wordpress\/auf-beiden-seiten-der-front-in-der-ukraine-meine-reisen-in-die-ukraine\/"},"wordCount":218,"image":{"@id":"https:\/\/www.freundschaft-mit-valjevo.de\/wordpress\/auf-beiden-seiten-der-front-in-der-ukraine-meine-reisen-in-die-ukraine\/#primaryimage"},"thumbnailUrl":"https:\/\/www.freundschaft-mit-valjevo.de\/wordpress\/wp-content\/uploads\/2024\/02\/cidE1691BD1-85F5-4FCA-81CB-24986A586353-700x526.jpeg","inLanguage":"de"},{"@type":"WebPage","@id":"https:\/\/www.freundschaft-mit-valjevo.de\/wordpress\/auf-beiden-seiten-der-front-in-der-ukraine-meine-reisen-in-die-ukraine\/","url":"https:\/\/www.freundschaft-mit-valjevo.de\/wordpress\/auf-beiden-seiten-der-front-in-der-ukraine-meine-reisen-in-die-ukraine\/","name":"Auf beiden Seiten der Front in der Ukraine. Meine Reisen in die Ukraine - Freundschaft mit Valjevo e.V.","isPartOf":{"@id":"https:\/\/www.freundschaft-mit-valjevo.de\/wordpress\/#website"},"primaryImageOfPage":{"@id":"https:\/\/www.freundschaft-mit-valjevo.de\/wordpress\/auf-beiden-seiten-der-front-in-der-ukraine-meine-reisen-in-die-ukraine\/#primaryimage"},"image":{"@id":"https:\/\/www.freundschaft-mit-valjevo.de\/wordpress\/auf-beiden-seiten-der-front-in-der-ukraine-meine-reisen-in-die-ukraine\/#primaryimage"},"thumbnailUrl":"https:\/\/www.freundschaft-mit-valjevo.de\/wordpress\/wp-content\/uploads\/2024\/02\/cidE1691BD1-85F5-4FCA-81CB-24986A586353-700x526.jpeg","datePublished":"2024-02-18T14:12:09+00:00","dateModified":"2024-02-18T14:12:10+00:00","author":{"@id":"https:\/\/www.freundschaft-mit-valjevo.de\/wordpress\/#\/schema\/person\/4fbd0cc7a0227a72529b76aeed6571e4"},"breadcrumb":{"@id":"https:\/\/www.freundschaft-mit-valjevo.de\/wordpress\/auf-beiden-seiten-der-front-in-der-ukraine-meine-reisen-in-die-ukraine\/#breadcrumb"},"inLanguage":"de","potentialAction":[{"@type":"ReadAction","target":["https:\/\/www.freundschaft-mit-valjevo.de\/wordpress\/auf-beiden-seiten-der-front-in-der-ukraine-meine-reisen-in-die-ukraine\/"]}]},{"@type":"ImageObject","inLanguage":"de","@id":"https:\/\/www.freundschaft-mit-valjevo.de\/wordpress\/auf-beiden-seiten-der-front-in-der-ukraine-meine-reisen-in-die-ukraine\/#primaryimage","url":"https:\/\/www.freundschaft-mit-valjevo.de\/wordpress\/wp-content\/uploads\/2024\/02\/cidE1691BD1-85F5-4FCA-81CB-24986A586353.jpeg","contentUrl":"https:\/\/www.freundschaft-mit-valjevo.de\/wordpress\/wp-content\/uploads\/2024\/02\/cidE1691BD1-85F5-4FCA-81CB-24986A586353.jpeg","width":1411,"height":1061},{"@type":"BreadcrumbList","@id":"https:\/\/www.freundschaft-mit-valjevo.de\/wordpress\/auf-beiden-seiten-der-front-in-der-ukraine-meine-reisen-in-die-ukraine\/#breadcrumb","itemListElement":[{"@type":"ListItem","position":1,"name":"Startseite","item":"https:\/\/www.freundschaft-mit-valjevo.de\/wordpress\/"},{"@type":"ListItem","position":2,"name":"Auf beiden Seiten der Front in der Ukraine. Meine Reisen in die Ukraine"}]},{"@type":"WebSite","@id":"https:\/\/www.freundschaft-mit-valjevo.de\/wordpress\/#website","url":"https:\/\/www.freundschaft-mit-valjevo.de\/wordpress\/","name":"Freundschaft mit Valjevo e.V.","description":"F\u00fcr Frieden, Freundschaft und V\u00f6lkerverst\u00e4ndigung","potentialAction":[{"@type":"SearchAction","target":{"@type":"EntryPoint","urlTemplate":"https:\/\/www.freundschaft-mit-valjevo.de\/wordpress\/?s={search_term_string}"},"query-input":{"@type":"PropertyValueSpecification","valueRequired":true,"valueName":"search_term_string"}}],"inLanguage":"de"},{"@type":"Person","@id":"https:\/\/www.freundschaft-mit-valjevo.de\/wordpress\/#\/schema\/person\/4fbd0cc7a0227a72529b76aeed6571e4","name":"admin-z","image":{"@type":"ImageObject","inLanguage":"de","@id":"https:\/\/secure.gravatar.com\/avatar\/e180e5c39bf8c56d773eb854294072b2fec4a0a0f052f70a3cdaf696f943716d?s=96&d=mm&r=g","url":"https:\/\/secure.gravatar.com\/avatar\/e180e5c39bf8c56d773eb854294072b2fec4a0a0f052f70a3cdaf696f943716d?s=96&d=mm&r=g","contentUrl":"https:\/\/secure.gravatar.com\/avatar\/e180e5c39bf8c56d773eb854294072b2fec4a0a0f052f70a3cdaf696f943716d?s=96&d=mm&r=g","caption":"admin-z"}}]}},"_links":{"self":[{"href":"https:\/\/www.freundschaft-mit-valjevo.de\/wordpress\/wp-json\/wp\/v2\/posts\/2229","targetHints":{"allow":["GET"]}}],"collection":[{"href":"https:\/\/www.freundschaft-mit-valjevo.de\/wordpress\/wp-json\/wp\/v2\/posts"}],"about":[{"href":"https:\/\/www.freundschaft-mit-valjevo.de\/wordpress\/wp-json\/wp\/v2\/types\/post"}],"author":[{"embeddable":true,"href":"https:\/\/www.freundschaft-mit-valjevo.de\/wordpress\/wp-json\/wp\/v2\/users\/2"}],"replies":[{"embeddable":true,"href":"https:\/\/www.freundschaft-mit-valjevo.de\/wordpress\/wp-json\/wp\/v2\/comments?post=2229"}],"version-history":[{"count":1,"href":"https:\/\/www.freundschaft-mit-valjevo.de\/wordpress\/wp-json\/wp\/v2\/posts\/2229\/revisions"}],"predecessor-version":[{"id":2231,"href":"https:\/\/www.freundschaft-mit-valjevo.de\/wordpress\/wp-json\/wp\/v2\/posts\/2229\/revisions\/2231"}],"wp:attachment":[{"href":"https:\/\/www.freundschaft-mit-valjevo.de\/wordpress\/wp-json\/wp\/v2\/media?parent=2229"}],"wp:term":[{"taxonomy":"category","embeddable":true,"href":"https:\/\/www.freundschaft-mit-valjevo.de\/wordpress\/wp-json\/wp\/v2\/categories?post=2229"},{"taxonomy":"post_tag","embeddable":true,"href":"https:\/\/www.freundschaft-mit-valjevo.de\/wordpress\/wp-json\/wp\/v2\/tags?post=2229"}],"curies":[{"name":"wp","href":"https:\/\/api.w.org\/{rel}","templated":true}]}}