{"id":2246,"date":"2024-06-04T19:15:52","date_gmt":"2024-06-04T19:15:52","guid":{"rendered":"http:\/\/www.freundschaft-mit-valjevo.de\/wordpress\/?p=2246"},"modified":"2024-06-04T19:15:53","modified_gmt":"2024-06-04T19:15:53","slug":"wohnungsmangel-und-mietpreisexplosion","status":"publish","type":"post","link":"https:\/\/www.freundschaft-mit-valjevo.de\/wordpress\/wohnungsmangel-und-mietpreisexplosion\/","title":{"rendered":"<strong>Wohnungsmangel und Mietpreisexplosion<\/strong>"},"content":{"rendered":"\n<p><strong>Freitag, 7. Juni, 19 Uhr 30, Filmabend im Hofbergsaal, Hofberg 7, Pfaffenhofen<\/strong><\/p>\n\n\n\n<p><strong>&#8222;Sold City: Wenn Wohnen zur Ware wird&#8220;. Anschlie\u00dfend Diskussion. Eintritt frei!<\/strong><\/p>\n\n\n\n<p>Laut einer aktuellen Studie des &#8222;Deutschen Mieterbundes&#8220; fehlten Ende 2022 in Deutschland 700.000 Wohnungen. Diese Zahl hat sich mittlerweile deutlich erh\u00f6ht, da der Wohnungsbau darniederliegt, w\u00e4hrend der Zuzug in unser Land anh\u00e4lt. Mit der Wohnungsnot steigen die Mieten. F\u00fcr viele Menschen mit niedrigen oder mittleren Einkommen wird es immer schwieriger, bezahlbaren Wohnraum zu finden. Rund 30% ihres Nettoeinkommens m\u00fcssen Mieter heute im bundesdeutschen Durchschnitt f\u00fcr ihre Miete bezahlen, Tendenz steigend!<\/p>\n\n\n\n<p>Der Film &#8222;Sold City. Wenn Wohnen zur Ware wird&#8220;, l\u00e4uft in diesen Tagen bundesweit an.&nbsp; Er betrachtet die Situation auf dem Wohnungsmarkt aus der Sicht der Mieter. Er setzt sich kritisch mit der deutschen Wohnungspolitik auseinander, die bereits seit vielen Jahren den sozialen Wohnungsbau eingestellt hat und nahezu ausschlie\u00dflich auf den &#8222;Markt&#8220; setzt. Der Film setzt sich mit der Rolle von Immobilienkonzernen, Banken und Versicherungen auseinander.<\/p>\n\n\n\n<p>Wohnen ist ein Grundrecht und der Wohnungsmarkt darf nicht Spekulanten \u00fcberlassen werden!<\/p>\n","protected":false},"excerpt":{"rendered":"<p>Freitag, 7. Juni, 19 Uhr 30, Filmabend im Hofbergsaal, Hofberg 7, Pfaffenhofen &#8222;Sold City: Wenn Wohnen zur Ware wird&#8220;. Anschlie\u00dfend Diskussion. Eintritt frei! Laut einer&#8230;<\/p>\n<div class=\"more-link-wrapper\"><a class=\"more-link\" href=\"https:\/\/www.freundschaft-mit-valjevo.de\/wordpress\/wohnungsmangel-und-mietpreisexplosion\/\">Weiterlesen<span class=\"screen-reader-text\">&lt;strong&gt;Wohnungsmangel und Mietpreisexplosion&lt;\/strong&gt;<\/span><\/a><\/div>\n","protected":false},"author":2,"featured_media":0,"comment_status":"closed","ping_status":"closed","sticky":false,"template":"","format":"standard","meta":{"footnotes":""},"categories":[1],"tags":[],"class_list":["post-2246","post","type-post","status-publish","format-standard","hentry","category-allgemein","entry"],"yoast_head":"<!-- This site is optimized with the Yoast SEO plugin v27.4 - https:\/\/yoast.com\/product\/yoast-seo-wordpress\/ -->\n<title>Wohnungsmangel und Mietpreisexplosion - Freundschaft mit Valjevo e.V.<\/title>\n<meta name=\"robots\" content=\"index, follow, max-snippet:-1, max-image-preview:large, max-video-preview:-1\" \/>\n<link rel=\"canonical\" href=\"https:\/\/www.freundschaft-mit-valjevo.de\/wordpress\/wohnungsmangel-und-mietpreisexplosion\/\" \/>\n<meta property=\"og:locale\" content=\"de_DE\" \/>\n<meta property=\"og:type\" content=\"article\" \/>\n<meta property=\"og:title\" content=\"Wohnungsmangel und Mietpreisexplosion - Freundschaft mit Valjevo e.V.\" \/>\n<meta property=\"og:description\" content=\"Freitag, 7. Juni, 19 Uhr 30, Filmabend im Hofbergsaal, Hofberg 7, Pfaffenhofen &#8222;Sold City: Wenn Wohnen zur Ware wird&#8220;. Anschlie\u00dfend Diskussion. Eintritt frei! Laut einer&#8230;\" \/>\n<meta property=\"og:url\" content=\"https:\/\/www.freundschaft-mit-valjevo.de\/wordpress\/wohnungsmangel-und-mietpreisexplosion\/\" \/>\n<meta property=\"og:site_name\" content=\"Freundschaft mit Valjevo e.V.\" \/>\n<meta property=\"article:published_time\" content=\"2024-06-04T19:15:52+00:00\" \/>\n<meta property=\"article:modified_time\" content=\"2024-06-04T19:15:53+00:00\" \/>\n<meta name=\"author\" content=\"admin-z\" \/>\n<meta name=\"twitter:card\" content=\"summary_large_image\" \/>\n<meta name=\"twitter:label1\" content=\"Verfasst von\" \/>\n\t<meta name=\"twitter:data1\" content=\"admin-z\" \/>\n\t<meta name=\"twitter:label2\" content=\"Gesch\u00e4tzte Lesezeit\" \/>\n\t<meta name=\"twitter:data2\" content=\"1\u00a0Minute\" \/>\n<script type=\"application\/ld+json\" class=\"yoast-schema-graph\">{\"@context\":\"https:\\\/\\\/schema.org\",\"@graph\":[{\"@type\":\"Article\",\"@id\":\"https:\\\/\\\/www.freundschaft-mit-valjevo.de\\\/wordpress\\\/wohnungsmangel-und-mietpreisexplosion\\\/#article\",\"isPartOf\":{\"@id\":\"https:\\\/\\\/www.freundschaft-mit-valjevo.de\\\/wordpress\\\/wohnungsmangel-und-mietpreisexplosion\\\/\"},\"author\":{\"name\":\"admin-z\",\"@id\":\"https:\\\/\\\/www.freundschaft-mit-valjevo.de\\\/wordpress\\\/#\\\/schema\\\/person\\\/4fbd0cc7a0227a72529b76aeed6571e4\"},\"headline\":\"Wohnungsmangel und Mietpreisexplosion\",\"datePublished\":\"2024-06-04T19:15:52+00:00\",\"dateModified\":\"2024-06-04T19:15:53+00:00\",\"mainEntityOfPage\":{\"@id\":\"https:\\\/\\\/www.freundschaft-mit-valjevo.de\\\/wordpress\\\/wohnungsmangel-und-mietpreisexplosion\\\/\"},\"wordCount\":177,\"inLanguage\":\"de\"},{\"@type\":\"WebPage\",\"@id\":\"https:\\\/\\\/www.freundschaft-mit-valjevo.de\\\/wordpress\\\/wohnungsmangel-und-mietpreisexplosion\\\/\",\"url\":\"https:\\\/\\\/www.freundschaft-mit-valjevo.de\\\/wordpress\\\/wohnungsmangel-und-mietpreisexplosion\\\/\",\"name\":\"Wohnungsmangel und Mietpreisexplosion - Freundschaft mit Valjevo e.V.\",\"isPartOf\":{\"@id\":\"https:\\\/\\\/www.freundschaft-mit-valjevo.de\\\/wordpress\\\/#website\"},\"datePublished\":\"2024-06-04T19:15:52+00:00\",\"dateModified\":\"2024-06-04T19:15:53+00:00\",\"author\":{\"@id\":\"https:\\\/\\\/www.freundschaft-mit-valjevo.de\\\/wordpress\\\/#\\\/schema\\\/person\\\/4fbd0cc7a0227a72529b76aeed6571e4\"},\"breadcrumb\":{\"@id\":\"https:\\\/\\\/www.freundschaft-mit-valjevo.de\\\/wordpress\\\/wohnungsmangel-und-mietpreisexplosion\\\/#breadcrumb\"},\"inLanguage\":\"de\",\"potentialAction\":[{\"@type\":\"ReadAction\",\"target\":[\"https:\\\/\\\/www.freundschaft-mit-valjevo.de\\\/wordpress\\\/wohnungsmangel-und-mietpreisexplosion\\\/\"]}]},{\"@type\":\"BreadcrumbList\",\"@id\":\"https:\\\/\\\/www.freundschaft-mit-valjevo.de\\\/wordpress\\\/wohnungsmangel-und-mietpreisexplosion\\\/#breadcrumb\",\"itemListElement\":[{\"@type\":\"ListItem\",\"position\":1,\"name\":\"Startseite\",\"item\":\"https:\\\/\\\/www.freundschaft-mit-valjevo.de\\\/wordpress\\\/\"},{\"@type\":\"ListItem\",\"position\":2,\"name\":\"Wohnungsmangel und Mietpreisexplosion\"}]},{\"@type\":\"WebSite\",\"@id\":\"https:\\\/\\\/www.freundschaft-mit-valjevo.de\\\/wordpress\\\/#website\",\"url\":\"https:\\\/\\\/www.freundschaft-mit-valjevo.de\\\/wordpress\\\/\",\"name\":\"Freundschaft mit Valjevo e.V.\",\"description\":\"F\u00fcr Frieden, Freundschaft und V\u00f6lkerverst\u00e4ndigung\",\"potentialAction\":[{\"@type\":\"SearchAction\",\"target\":{\"@type\":\"EntryPoint\",\"urlTemplate\":\"https:\\\/\\\/www.freundschaft-mit-valjevo.de\\\/wordpress\\\/?s={search_term_string}\"},\"query-input\":{\"@type\":\"PropertyValueSpecification\",\"valueRequired\":true,\"valueName\":\"search_term_string\"}}],\"inLanguage\":\"de\"},{\"@type\":\"Person\",\"@id\":\"https:\\\/\\\/www.freundschaft-mit-valjevo.de\\\/wordpress\\\/#\\\/schema\\\/person\\\/4fbd0cc7a0227a72529b76aeed6571e4\",\"name\":\"admin-z\",\"image\":{\"@type\":\"ImageObject\",\"inLanguage\":\"de\",\"@id\":\"https:\\\/\\\/secure.gravatar.com\\\/avatar\\\/e180e5c39bf8c56d773eb854294072b2fec4a0a0f052f70a3cdaf696f943716d?s=96&d=mm&r=g\",\"url\":\"https:\\\/\\\/secure.gravatar.com\\\/avatar\\\/e180e5c39bf8c56d773eb854294072b2fec4a0a0f052f70a3cdaf696f943716d?s=96&d=mm&r=g\",\"contentUrl\":\"https:\\\/\\\/secure.gravatar.com\\\/avatar\\\/e180e5c39bf8c56d773eb854294072b2fec4a0a0f052f70a3cdaf696f943716d?s=96&d=mm&r=g\",\"caption\":\"admin-z\"}}]}<\/script>\n<!-- \/ Yoast SEO plugin. -->","yoast_head_json":{"title":"Wohnungsmangel und Mietpreisexplosion - Freundschaft mit Valjevo e.V.","robots":{"index":"index","follow":"follow","max-snippet":"max-snippet:-1","max-image-preview":"max-image-preview:large","max-video-preview":"max-video-preview:-1"},"canonical":"https:\/\/www.freundschaft-mit-valjevo.de\/wordpress\/wohnungsmangel-und-mietpreisexplosion\/","og_locale":"de_DE","og_type":"article","og_title":"Wohnungsmangel und Mietpreisexplosion - Freundschaft mit Valjevo e.V.","og_description":"Freitag, 7. Juni, 19 Uhr 30, Filmabend im Hofbergsaal, Hofberg 7, Pfaffenhofen &#8222;Sold City: Wenn Wohnen zur Ware wird&#8220;. Anschlie\u00dfend Diskussion. Eintritt frei! Laut einer&#8230;","og_url":"https:\/\/www.freundschaft-mit-valjevo.de\/wordpress\/wohnungsmangel-und-mietpreisexplosion\/","og_site_name":"Freundschaft mit Valjevo e.V.","article_published_time":"2024-06-04T19:15:52+00:00","article_modified_time":"2024-06-04T19:15:53+00:00","author":"admin-z","twitter_card":"summary_large_image","twitter_misc":{"Verfasst von":"admin-z","Gesch\u00e4tzte Lesezeit":"1\u00a0Minute"},"schema":{"@context":"https:\/\/schema.org","@graph":[{"@type":"Article","@id":"https:\/\/www.freundschaft-mit-valjevo.de\/wordpress\/wohnungsmangel-und-mietpreisexplosion\/#article","isPartOf":{"@id":"https:\/\/www.freundschaft-mit-valjevo.de\/wordpress\/wohnungsmangel-und-mietpreisexplosion\/"},"author":{"name":"admin-z","@id":"https:\/\/www.freundschaft-mit-valjevo.de\/wordpress\/#\/schema\/person\/4fbd0cc7a0227a72529b76aeed6571e4"},"headline":"Wohnungsmangel und Mietpreisexplosion","datePublished":"2024-06-04T19:15:52+00:00","dateModified":"2024-06-04T19:15:53+00:00","mainEntityOfPage":{"@id":"https:\/\/www.freundschaft-mit-valjevo.de\/wordpress\/wohnungsmangel-und-mietpreisexplosion\/"},"wordCount":177,"inLanguage":"de"},{"@type":"WebPage","@id":"https:\/\/www.freundschaft-mit-valjevo.de\/wordpress\/wohnungsmangel-und-mietpreisexplosion\/","url":"https:\/\/www.freundschaft-mit-valjevo.de\/wordpress\/wohnungsmangel-und-mietpreisexplosion\/","name":"Wohnungsmangel und Mietpreisexplosion - Freundschaft mit Valjevo e.V.","isPartOf":{"@id":"https:\/\/www.freundschaft-mit-valjevo.de\/wordpress\/#website"},"datePublished":"2024-06-04T19:15:52+00:00","dateModified":"2024-06-04T19:15:53+00:00","author":{"@id":"https:\/\/www.freundschaft-mit-valjevo.de\/wordpress\/#\/schema\/person\/4fbd0cc7a0227a72529b76aeed6571e4"},"breadcrumb":{"@id":"https:\/\/www.freundschaft-mit-valjevo.de\/wordpress\/wohnungsmangel-und-mietpreisexplosion\/#breadcrumb"},"inLanguage":"de","potentialAction":[{"@type":"ReadAction","target":["https:\/\/www.freundschaft-mit-valjevo.de\/wordpress\/wohnungsmangel-und-mietpreisexplosion\/"]}]},{"@type":"BreadcrumbList","@id":"https:\/\/www.freundschaft-mit-valjevo.de\/wordpress\/wohnungsmangel-und-mietpreisexplosion\/#breadcrumb","itemListElement":[{"@type":"ListItem","position":1,"name":"Startseite","item":"https:\/\/www.freundschaft-mit-valjevo.de\/wordpress\/"},{"@type":"ListItem","position":2,"name":"Wohnungsmangel und Mietpreisexplosion"}]},{"@type":"WebSite","@id":"https:\/\/www.freundschaft-mit-valjevo.de\/wordpress\/#website","url":"https:\/\/www.freundschaft-mit-valjevo.de\/wordpress\/","name":"Freundschaft mit Valjevo e.V.","description":"F\u00fcr Frieden, Freundschaft und V\u00f6lkerverst\u00e4ndigung","potentialAction":[{"@type":"SearchAction","target":{"@type":"EntryPoint","urlTemplate":"https:\/\/www.freundschaft-mit-valjevo.de\/wordpress\/?s={search_term_string}"},"query-input":{"@type":"PropertyValueSpecification","valueRequired":true,"valueName":"search_term_string"}}],"inLanguage":"de"},{"@type":"Person","@id":"https:\/\/www.freundschaft-mit-valjevo.de\/wordpress\/#\/schema\/person\/4fbd0cc7a0227a72529b76aeed6571e4","name":"admin-z","image":{"@type":"ImageObject","inLanguage":"de","@id":"https:\/\/secure.gravatar.com\/avatar\/e180e5c39bf8c56d773eb854294072b2fec4a0a0f052f70a3cdaf696f943716d?s=96&d=mm&r=g","url":"https:\/\/secure.gravatar.com\/avatar\/e180e5c39bf8c56d773eb854294072b2fec4a0a0f052f70a3cdaf696f943716d?s=96&d=mm&r=g","contentUrl":"https:\/\/secure.gravatar.com\/avatar\/e180e5c39bf8c56d773eb854294072b2fec4a0a0f052f70a3cdaf696f943716d?s=96&d=mm&r=g","caption":"admin-z"}}]}},"_links":{"self":[{"href":"https:\/\/www.freundschaft-mit-valjevo.de\/wordpress\/wp-json\/wp\/v2\/posts\/2246","targetHints":{"allow":["GET"]}}],"collection":[{"href":"https:\/\/www.freundschaft-mit-valjevo.de\/wordpress\/wp-json\/wp\/v2\/posts"}],"about":[{"href":"https:\/\/www.freundschaft-mit-valjevo.de\/wordpress\/wp-json\/wp\/v2\/types\/post"}],"author":[{"embeddable":true,"href":"https:\/\/www.freundschaft-mit-valjevo.de\/wordpress\/wp-json\/wp\/v2\/users\/2"}],"replies":[{"embeddable":true,"href":"https:\/\/www.freundschaft-mit-valjevo.de\/wordpress\/wp-json\/wp\/v2\/comments?post=2246"}],"version-history":[{"count":1,"href":"https:\/\/www.freundschaft-mit-valjevo.de\/wordpress\/wp-json\/wp\/v2\/posts\/2246\/revisions"}],"predecessor-version":[{"id":2247,"href":"https:\/\/www.freundschaft-mit-valjevo.de\/wordpress\/wp-json\/wp\/v2\/posts\/2246\/revisions\/2247"}],"wp:attachment":[{"href":"https:\/\/www.freundschaft-mit-valjevo.de\/wordpress\/wp-json\/wp\/v2\/media?parent=2246"}],"wp:term":[{"taxonomy":"category","embeddable":true,"href":"https:\/\/www.freundschaft-mit-valjevo.de\/wordpress\/wp-json\/wp\/v2\/categories?post=2246"},{"taxonomy":"post_tag","embeddable":true,"href":"https:\/\/www.freundschaft-mit-valjevo.de\/wordpress\/wp-json\/wp\/v2\/tags?post=2246"}],"curies":[{"name":"wp","href":"https:\/\/api.w.org\/{rel}","templated":true}]}}