{"id":2249,"date":"2024-07-02T13:41:48","date_gmt":"2024-07-02T13:41:48","guid":{"rendered":"http:\/\/www.freundschaft-mit-valjevo.de\/wordpress\/?p=2249"},"modified":"2024-07-02T13:46:00","modified_gmt":"2024-07-02T13:46:00","slug":"wird-mit-der-resolution-zu-srebrenica-der-balkan-erneut-in-brand-gesetzt","status":"publish","type":"post","link":"https:\/\/www.freundschaft-mit-valjevo.de\/wordpress\/wird-mit-der-resolution-zu-srebrenica-der-balkan-erneut-in-brand-gesetzt\/","title":{"rendered":"Wird mit der Resolution zu Srebrenica \u00a0 der Balkan erneut in Brand gesetzt?"},"content":{"rendered":"\n<p>Sch\u00e4tzungsweise 100.000 Menschen haben im B\u00fcrgerkrieg in Bosnien 1992 \u20131995 ihr Leben verloren, 2 Millionen wurden zu Fl\u00fcchtlingen. Das bekannteste Kriegsverbrechen ereignete sich im Juli 1995 in Srebrenica:&nbsp; Die \u00fcberwiegend von Moslems bewohnte Bergarbeiterstadt war zu einer UN-Schutzzone erkl\u00e4rt worden und stand unter dem Schutz niederl\u00e4ndischer Blauhelmsoldaten. Trotz eines Entmilitarisierungsabkommens waren in der Stadt moslemisch-bosnische Einheiten stationiert, die aus dieser Schutzzone heraus wiederholt umliegende serbische D\u00f6rfer angriffen, sie niederbrannten und deren Bewohner t\u00f6teten. Am 11. Juli st\u00fcrmte die bosnisch-serbischen Armee die Stadt. Einige Tausend gefangengenommene M\u00e4nnern im wehrf\u00e4higen Alter wurden kaltbl\u00fctig erschossen. <strong>(1)&nbsp;<\/strong><\/p>\n\n\n\n<p>30 Jahre nach diesem Massaker hatte die Bundesrepublik mit Ruanda\u00a0 einen Resolutionsentwurf in die UN-Generalversammlung eingebracht. Darin wird gefordert, den 11. Juli zum Internationalen Tag des Gedenkens f\u00fcr den V\u00f6lkermord in Srebrenica zu erkl\u00e4ren. Jede Leugnung des V\u00f6lkermordes in Srebrenica soll verurteilt, an den \u201egesicherten Tatsachen\u201c mittels des Bildungssystems und spezieller Programme festgehalten und \u201erevisionistische\u201c\u00a0 Darstellungen\u00a0 unterbunden werden <strong>(2)<\/strong>. Das Abstimmungsergebnis ist f\u00fcr die\u00a0 deutsche und die westlichen Regierungen entt\u00e4uschend ausgefallen: Zwar wurde die Resolution am 23. Mai von der UN-Generalversammlung mit 84 Ja -Stimmen angenommen, trotz eines\u00a0 erheblichen Drucks auf kleinere L\u00e4nder <strong>(3<\/strong>) stimmte die Mehrheit der Staaten jedoch entweder gegen die Resolution (19), enthielt sich (68) oder nahm an der Abstimmung nicht teil<strong> (<\/strong>22<strong>).<\/strong> Neben China, der Russischen F\u00f6deration und ihren engsten Verb\u00fcndeten stimmte auch Ungarn mit Nein. F\u00fcr eine Enthaltung entschieden sich einige der wichtigsten L\u00e4nder des S\u00fcdens wie Indien, Vietnam, Brasilien, Argentinien, Mexiko, Nigeria, Kongo, aber auch die EU-Staaten Griechenland, Zypern und die Slowakei. (<strong>4) <\/strong>Damit wurde deutlich: Die Zeiten, in denen die USA mit ihren Verb\u00fcndeten die UN-Vollversammlung dominiert haben, sind vorbei.\u00a0<\/p>\n\n\n\n<p><strong>Warum die Resolution nichts zur Auss\u00f6hnung beitr\u00e4gt<\/strong><\/p>\n\n\n\n<p>Auch nach Beendigung des B\u00fcrgerkrieges in Bosnien vor 30 Jahren sind weitere Anstrengungen zur Auss\u00f6hnung der dortigen Volksgruppen n\u00f6tig. Dazu aber ist es erforderlich, alle betroffenen Seiten zu einzubinden. Die Erarbeitung der Resolution war jedoch ohne Wissen und ohne Einbeziehung Serbiens und der Republik Srpska, einer der beiden Teilstaaten Bosniens, erfolgt. Eingeweiht waren jedoch die Vertreter, der muslimisch &#8211; kroatischen F\u00f6deration, des zweiten Teilstaates. Denis Be\u0107irovi\u0107, Mitglied des 3 k\u00f6pfigen Staatspr\u00e4sidium verk\u00fcndete stolz, bereits vor \u00fcber 10 Monaten die Resolution angesto\u00dfen zu haben. <strong>(5)<\/strong> F\u00fcr die serbische Seite ist das ein klarer Versto\u00df gegen die bosnische Verfassung, nach der das Staatspr\u00e4sidium, zu dem auch ein Vertreter der Republik Srpska geh\u00f6rt, seine Politik gemeinsam abzustimmen hat, und ein Vertrauensbruch. <strong>(6)<\/strong><\/p>\n\n\n\n<p>Serbien und die Republik Srpska bestreiten nicht, dass es in Srebrenica ein Kriegsverbrechen geschehen ist. Das serbische Parlament hatte bereits 2010 eine Erkl\u00e4riung verabschiedet, in der sie das Massaker verurteilt hat.<strong>(7)&nbsp;<\/strong> Die UN Resolution haben die beiden L\u00e4nder jedoch entschieden zur\u00fcckgewiesen. Ihre Argumentation:<\/p>\n\n\n\n<p>Es gibt bereits einen Internationalen Gedenktag f\u00fcr&nbsp; Opfer von V\u00f6lkermorden. Die UN-Generalversammlung hatte bereits 1995 den 9. Dezember daf\u00fcr bestimmt. <strong>(8)<\/strong> Im bosnischen B\u00fcrgerkrieg wurden auf allen Seiten Kriegsverbrechen begangen, nicht zuletzt von den bosnisch-muslimischen Streitkr\u00e4ften, in deren Reihen Tausende Jihadisten aus Afghanistan und arabischen L\u00e4ndern gek\u00e4mpft haben. <strong>(9<\/strong>) Ein spezieller Internationaler Gedenktag nur f\u00fcr das Massaker an den in Srebenica erschossenen muslemisch-bosnischen Soldaten, kann nur als einseitig empfunden und&nbsp; nicht zur Auss\u00f6hnung beitragen.Auf Instagram hatte der serbische Pr\u00e4sident Vucic vor der Abstimmmung vor den Folgen gewarnt: \u201eDie Annahme dieses Resolutionsentwurfes w\u00fcrde zur Destabilisierung der Region und Vertrauensverlust f\u00fcr die UN f\u00fchren, den Graben zwischen den V\u00f6lkern vertiefen und neue Spannung im Westbalkan schaffen.<strong> (6)&nbsp;<\/strong><\/p>\n\n\n\n<p>Serbien und die&nbsp; Republik Srpska lehnen auch eine endg\u00fcltige Festschreibung der damaligen Ereignisse ab. Viele Fragen, wie es zu dem Verbrechen kommen konnte, und die Zahl der Opfer seien keineswegs gekl\u00e4rt. <strong>(10) <\/strong>Sie wehren sich vehement dagegen, das Kriegsverbrechen als V\u00f6lkermord zu bezeichnen. Dabei werden sie von international prominenten j\u00fcdischen Holokaust-Forschern unterst\u00fctzt, so von Efraim Zurof, Leiter des Simon-Wiesenthal Zentrums in Jerusalem, Jehuda Bauer, fr\u00fcherer Direktor des Forschungszentrums Yad Vashem und von Gideon Greif, der 25 Jahre im Yasd Vashem Holokaust Zentrum gearbeitet hat. Diese Wissenschaftler betrachten es als inakzeptable Verharmlosung des Holocaust oder schrecklichen Ereignisse wie in Ruanda 1994, wenn das Kriegsverbrechen in Srebrenica in die gleiche Kategorie \u201eV\u00f6lkermord\u201c eingeordnet wird. <strong>(11) <\/strong>F\u00fcr Serbiens Pr\u00e4sident Vucic, wurde mit der Resolution die \u201eB\u00fcchse der Pandora\u201c ge\u00f6ffnet. Er k\u00fcndigte an, dass die Russische F\u00f6deration fordern wird, die deutschen Verbrechen am russischen Volk w\u00e4hrend des 2. Weltkrieges in gleicher Weise ebenfalls als V\u00f6lkermord zu kennzeichnen und dass Serbien dasselbe tun werde. <strong>(12)<\/strong><\/p>\n\n\n\n<p>Die wahren Motive f\u00fcr die Resolution sind aus serbischer Sicht ausschlie\u00dflich politischer und geopolitischer Natur: Weil Serbien und die Republik Srpska nicht bereit sind, sich in die\u00a0 Front gegen die Russische F\u00f6deration einzureihen, sollen sie mit dem \u201eLabel V\u00f6lkerm\u00f6rder\u201c an den Pranger gestellt und ihre Regierungen destabilisiert werden. (<strong>13<\/strong>) Das sehen auch die Russische F\u00f6deration und China genauso und haben deshalb gegen die Resolution gestimmt. Im Zentrum der Destabilisierungsversuche steht die Republik Srpska, die sich im Gegensatz zur F\u00f6deration einem Beitritt des Bundesstaates Bosnien zur EU und Nato strikt widersetzt. Mit der Resolution, so ihr Staatsoberhaupt Milorad Dodik, \u201ewurde \u201eBosnien begraben (..) Die Republik Srpska und die F\u00f6deration verbindet nichts mehr.\u201c. Die Regierung der Republik Srpska\u00a0 m\u00f6chte den Bundesstaat Bosnien jetzt einvernehmlich verlassen. <strong>(14<\/strong>)<\/p>\n\n\n\n<p><strong>Emp\u00f6rung \u00fcber die deutsche Selbstgerechtigkeit<\/strong><\/p>\n\n\n\n<p>Deutschland hatte Serbien 1914, 1941 und 1999 mit Kriegen \u00fcberzogen, die zu Millionen Toten gef\u00fchrt haben. Deutsche Besatzer haben im 2. Weltkrieg zahlreiche Massaker an der serbischen Zivilbev\u00f6lkerung\u00a0 angerichtet. Allein in den St\u00e4dten Kraljevo und Kragujevac haben sie im Oktober 1941 rund 7.000 Zivilisten als Geiseln erschossen, darunter 300 Sch\u00fcler des Gymnasiums in Kragujevac. In Serbien erinnert man sich an die Konzentrationslager wie Jasenovac, das Auschwitz des Balkan. Im faschistischen Kroatien errichtet, wurden dort Hunderttausende Serben, M\u00e4nner, Frauen und Kinder barbarisch ermordet. In Serbien ist man\u00a0 emp\u00f6rt, dass gerade eine deutsche Regierung\u00a0 versucht, ihrem Volk das Label f\u00fcr einen \u201eV\u00f6lkermord\u201c anzuheften. (<strong>15<\/strong>) Der Bundesregierung wird zudem vorgeworfen, erhebliche Mitschuld am Ausbruch des B\u00fcrgerkrieges in Bosnien 1992-95 zu tragen. Wie Jugoslawien hatte Bosnien multiethnischen Charakter: Rund 60 % seiner Bewohner waren Muslime, ein Drittel\u00a0 orthodoxe Christen, sprich bosnische Serben. Es war bekannt, dass die serbische Minderheit ohne vorhergehende Sicherung ihrer Rechte nicht bereit war, in einem von Moslems dominierten Staat zu leben, an dessen Spitze zudem mit Alija Izetbegovic ein Islamist\u00a0stand<strong>. (16)<\/strong> Trotz zahlreicher Warnungen hatte die Bundesregierung Bosnien 1992 \u00fcberst\u00fcrzt anerkannt. \u201eDie Anerkennung eines unabh\u00e4ngigen, souver\u00e4nen bosnischen Staates im Jahre 1992 durch die Nato\u201c, so selbst Henry Kissinger, \u201ebewirkte nicht die Geburt eines Landes, sondern einen B\u00fcrgerkrieg.(<strong>17)<\/strong>\u00a0Von dieser ihrer Mitschuld will die deutschen Regierung heute nichts wissen.<\/p>\n\n\n\n<p><strong>Wie Serbien und die Republik Srpska destabilisiert<\/strong> <strong>werden sollen<\/strong><\/p>\n\n\n\n<p>Seit einigen Jahren w\u00e4chst der Druck der Nato-Staaten auf die serbische Regierung in Belgrad, auf ihre Provinz Kosovo zu verzichten, diese als selbst\u00e4ndigen Staat anzuerkennen und sich den Sanktionen gegen die russische F\u00f6deration anzuschlie\u00dfen. Gleichzeitig wird versucht, der Republik Srpska ihre Selbst\u00e4ndigkeit zu nehmen, um &nbsp;<\/p>\n\n\n\n<p>den Bundesstaat Bosnien beschleunigt in EU und Nato aufnehmen zu k\u00f6nnen. Bei der Regierung in Sarajevo sto\u00dfen diese W\u00fcnsche auf offene Ohren. <strong>(18)&nbsp;<\/strong><\/p>\n\n\n\n<p>In Serbien unterst\u00fctzen die Nato-Staaten im massivem Umfang politisch und finanziell die&nbsp; prowestliche Opposition gegen Pr\u00e4sident Vujic. Im Kosovo geben sie dem dortigen Ministerpr\u00e4sidenten Kurti Albin freie Hand, das Leben f\u00fcr die dort noch lebenden ca. 130.000 Serben unertr\u00e4glich zu gestalten: Trotz einer Wahlbeteiligung von nur&nbsp; 3,5% wurden in den serbischen Gemeinden im Norden der Provinz Albaner als B\u00fcrgermeister und Gemeindevertreter eingesetzt. <strong>(19) <\/strong>Mit dem j\u00fcngsten Verbot,&nbsp; serbischen Dinar in den Kosovo einzuf\u00fchren und zu verwenden, wird dem Gro\u00dfteil der dortigen serbischen B\u00fcrger die Existenzgrundlage entzogen. Viele von ihnen&nbsp; hatten als ehemalige Staatsangestellte der Bundesrepubik Jugoslawien eine Pension aus Serbien erhalten. Mit Geldern aus Serbien wurde auch der Betrieb ihrer Schulen und Krankenh\u00e4user bisher finanziert. (<strong>20)<\/strong> Der Regierung in Belgrad wird auf diese Weise signalisiert, dass der Druck auf ihre Landsleute weiter wachsen wird, sollte&nbsp; sie auf die Forderungen des Westens nicht eingehen.<\/p>\n\n\n\n<p>Aber kommen wir zur Republik Srpska:<\/p>\n\n\n\n<p>Der B\u00fcrgerkrieg in Bosnien wurde 1995 mit dem Abkommen von Dayton beendet. Die beiden Teilstaaten, die kroatisch-bosnische F\u00f6deration und die Republik Srpska, sind gem\u00e4\u00df diesem Abkommen weitgehend selbst\u00e4ndig, haben ihre eigene Regierung, Parlament, Justiz und Polizei. Als Organe des Bundesstaates sah das Abkommen nur eine Zentralbank, ein Verfassungsgericht und ein parit\u00e4tisch besetztes Staatspr\u00e4sidium vor. F\u00fcr die Einhaltung des Dayton-Abkommen wurde das Amt des \u201eHohen Repr\u00e4sentanten f\u00fcr Bosnien-Herzegowina\u201c geschaffen.\u201c <strong>(21)<\/strong> Die rohstoffreiche Republika Srpska pflegt wie Serbien freundschaftliche Beziehungen zur Russische F\u00f6deration und hat ihre T\u00fcren f\u00fcr chinesische Investitionen weit ge\u00f6ffnet.<strong>(22)<\/strong> \u00dcber ihren \u201eHohen Repr\u00e4sentanten\u201c versucht die EU, den Zentralstaat zu st\u00e4rken und den Teilrepubliken ihre Eigenst\u00e4ndigkeit zu nehmen. Dazu wurden bereits von den \u201eHohen Repr\u00e4sentanten\u201c Wolfgang Petritsch und eine Paddy Ashdown ein Hoher Gerichtshof und eine Staatsanwaltschaft als zus\u00e4tzliche Institutionen beim Bundesstaat eingerichtet, die \u00fcber den Teilrepubliken stehen sollen.<strong> (23)&nbsp;<\/strong> Seit 2021 ist&nbsp; der CSU Politiker und fr\u00fchere deutsche Landwirtschaftsminister Christian Schmid \u201eHoher Kommissar\u201c. Er m\u00f6chte der Republik Srpska das \u00f6ffentliche Eigentum an ihren Immobilien, Grund und Boden, W\u00e4ldern und Fl\u00fcssen entziehen und beim Bundesstaat ansiedeln.&nbsp;Sie w\u00fcrde damit jede M\u00f6glichkeit verlieren, eigenst\u00e4ndig Politik zu betreiben. Bislang ignoriert die&nbsp; Republik Srpska&nbsp; alle seine Entscheidungen\u201c.<strong>(24)<\/strong> Sie verweigert Schmidt die Anerkennung als \u201eHoher Kommissar\u201c mit der Begr\u00fcndung, er sei weder vom UN-Sicherheitsrat noch von der Republik Srpska als Unterzeichner des Dayton-Abkommens f\u00fcr dieses Amt best\u00e4tigt worden, und bezeichnet ihn sp\u00f6ttisch als \u201edeutschen Touristen\u201c. Inzwischen lie\u00df Schmidt den Tatbestand der \u201eNichtausf\u00fchrung von Beschl\u00fcssen des \u201eHohen Repr\u00e4sentanten\u201c in das Strafgesetzbuch des Bundesstaates aufnehmen. F\u00fcr Amtspersonen sind&nbsp; bei Verurteilung Gef\u00e4ngnisstrafen von 6 Monaten bis 5 Jahren vorgesehen.<strong><em>(25)&nbsp;<\/em><\/strong> Aktuell l\u00e4uft gegen das gew\u00e4hlte und amtierende Staatsoberhaupt der Republik Srpska Milorad Dodik in Sarajevo ein Strafprozess wegen seines Ungehorsams. <strong>(26)<\/strong><\/p>\n\n\n\n<p>F\u00fcr die Regierung der Srpska war die Resolution der letzte Ansto\u00df,\u00a0 jetzt eine friedliche Trennung von Bosnien zu suchen. Eine Konfrontation mit den USA und der EU scheint unausweichlich.\u00a0<\/p>\n\n\n\n<p><strong>DIE RESOLUTION WAR EIN SCHWERER\u00a0 FEHLER<\/strong><\/p>\n\n\n\n<p>Mit der einseitigen Resolution konnte kein Beitrag zu Auss\u00f6hnung zwischen den Volksgruppen in Bosnien geleistet werden. Mittlerweile ist offensichtlich, dass mit ihr nur alte Wunden aufgerissen und die Konflikte zwischen den Teilrepubliken in Bosnien und in der ganzen Region versch\u00e4rft wurden.&nbsp;<\/p>\n\n\n\n<p>In Serbien selbst hat das selbstgef\u00e4llige und arrogante Vorgehen der Bundesregierung die Abneigung gegen Nato und EU erh\u00f6ht. Mit China und den BRICS-Staaten hat das Land eine attraktive Alternative. Die Volksrepublik ist in den letzten Jahren gr\u00f6\u00dfter Investor und zweitgr\u00f6\u00dfter Handelspartner Serbiens geworden. Dank chinesischer Investitionen erh\u00e4lt das Land eine moderne Infrastruktur, entstehen viele neue Betriebe und Arbeitspl\u00e4tze, w\u00e4chst seine Wirtschaft. Beim j\u00fcngsten Besuch des chinesischen Pr\u00e4sidenten Xi in Belgrad wurde eine strategische Partnerschaft vereinbart und zahlreiche Vertr\u00e4ge, darunter ein Freihandelsabkommen, unterzeichnet.&nbsp; China \u00f6ffnet damit seinen wachsenden und riesigen Markt f\u00fcr die serbische Wirtschaft.<strong> (27)<\/strong> Serbien sieht keinen Grund, seine eigenst\u00e4ndige Au\u00dfenpolitik und Neutralit\u00e4t aufzugeben und wird es nicht tun. Das zeigt die auch&nbsp; Ernennung von Aleksandar Vulin, der unter US-Sanktionen steht, zu einem stellvertretenden Ministerpr\u00e4sidenten in der neu gebildeten serbischen Regierung<strong>.(28)<\/strong>&nbsp;<\/p>\n\n\n\n<p>Heute ist eine R\u00fcckkehr zu Dialog und Interessensausgleich zwischen der Russischen F\u00f6deration und den Nato-Staaten dringend erforderlich. Die Resolution, mit der Bundesregierung und Nato-Staaten erneut versucht haben, der Weltgemeinschaft\u00a0 ihre Sicht und Willen aufzudr\u00fccken, tr\u00e4gt dazu nicht bei. Die Russische F\u00f6deration und China werden sich aus dem Balkan nicht verdr\u00e4ngen lassen. Es besteht leider die gro\u00dfe Gefahr, dass in Bosnien ein zus\u00e4tzlicher hei\u00dfer Konflikt entsteht und die Konfrontation zwischen dem Westen und der Russischen F\u00f6deration weiter eskaliert.<\/p>\n\n\n\n<ol class=\"wp-block-list\">\n<li>Hannes Hofbauer: \u201eVerordnete Wahrheit, bestrafte Gesinnung, Promedia-Verlag, S. 134 ff<\/li>\n\n\n\n<li>https:\/\/documents.un.org\/doc\/undoc\/ltd\/n24\/140\/80\/pdf\/n2414080.pdf?ken=uigL9NPjV7tSwq3Why&amp;fe=true<\/li>\n\n\n\n<li>Ana Brnabic, Pr\u00e4sidentin der serbischen Nationalversammlung wies auf Erpressung in<br>Zusammenhang mit Krediten, Entwicklungshilfeprojekten und politischer Erpressung hin<br>https:\/\/www.argumenti.rs\/brnabic-rezolucijom-o-srebrenici-prekraja-se-istorija-20-vijeka\/<\/li>\n\n\n\n<li>4.https:\/\/www.argumenti.rs\/generalna-skupstina-usvojila-rezoluciju-o-srebrenici-za-84-<br>protiv-19-uzdrzano-68\/<\/li>\n\n\n\n<li>https:\/\/brcanski-forum.com\/2024\/05\/24\/becirovic-otkrio-ko-je-pokrenuo-rezoluciju\/<\/li>\n\n\n\n<li>https:\/\/www.tanjug.rs\/region\/politika\/86203\/vlada-republike-srpske-rezolucija-o-srebrenici-ima-destabilizujuce-nastojanje\/vest<\/li>\n\n\n\n<li>https:\/\/beta.rs\/content\/204078-vucic-u-njujorku-usvajanje-rezolucije-un-o-srebrenici-<br>dovelo-bi-do-destabilizacije-regiona<\/li>\n\n\n\n<li>https:\/\/www.un.org\/depts\/german\/gv-69\/band3\/ar69323.pdf<\/li>\n\n\n\n<li>https:\/\/www.swp-berlin.org\/publikation\/bosnien-stuetzpunkt-bin-ladens<\/li>\n\n\n\n<li>Siehe dazu den Bericht der \u201cIndependent International Commission of Inquiry on the suffering of all people in the Srebrenica region 1992-95\u201c unter Leitung des Holocaust Forschers Gideon Greifn: hhttps:\/\/incomfis-srebrenica.org\/<\/li>\n\n\n\n<li>https:\/\/www.politika.rs\/sr\/clanak\/611599\/Zurof-Ne-treba-podrzati-rezoluciju-<br>o-Srebrenici<br>https:\/\/www.kosovo-online.com\/en\/news\/society\/professor-bauer-there-was-no-<br>genocide-srebrenica-21-4-2024<br>https:\/\/www.politika.rs\/sr\/clanak\/486179\/Grajf-U-Srebrenici-se-desili-strasni-<br>zlocini-ali-to-nije-genocid<\/li>\n\n\n\n<li>https:\/\/www.politika.rs\/sr\/clanak\/615156\/Vucic-Trazicemo-rezoluciju-o-stradanju-Srba-od-<br>Nemaca-i-ustasa<\/li>\n\n\n\n<li>https:\/\/www.pecat.co.rs\/2024\/05\/politicke-sponzoruse\/<\/li>\n\n\n\n<li>https:\/\/www.argumenti.rs\/dodik-rezolucija-sahranila-bih-ona-vise-ne-postoji\/<\/li>\n\n\n\n<li>https:\/\/www.pecat.co.rs\/2024\/04\/ironija-je-da-nemci-od-srba-prave-genocidase-rezolucijom-o-srebrenici-zapad-zeli-da-namiri-muslimane-koji-su-kivni-zbog-palestine\/<\/li>\n\n\n\n<li>Michael Parenti, \u201eTo kill a nation\u201c, Seite 50 ff.<\/li>\n\n\n\n<li>Ralph Hartmann, Die ehrlichen Makler\u201c, Seite 137<\/li>\n\n\n\n<li>https:\/\/www.bundesregierung.de\/breg-de\/aktuelles\/pressekonferenzen\/pressekonferenz-von-bundeskanzler-scholz-und-dem-vorsitzenden-des-staatspraesidiums-von-bosnien-und-herzegowina-be%C4%87irovi%C4%87-am-7-mai-2024-2280420<\/li>\n\n\n\n<li>https:\/\/www.kosovo-online.com\/vesti\/analize\/gde-je-zapelo-sa-smenom-gradonacelnika-na-severu-kosova-kome-odgovara-odugovlacenje<\/li>\n\n\n\n<li>https:\/\/www.kosovo-online.com\/vesti\/politika\/zabrana-dinara-na-kosovu-snazan-pritisak-na-beograd-23-2-2024<\/li>\n\n\n\n<li>https:\/\/www.novosti.rs\/vesti\/politika\/1289294\/autorski-tekst-milorada-dodika-spremamo-tuzbe-protiv-svih-razbijaca-dejtona<\/li>\n\n\n\n<li>https:\/\/www.slobodnaevropa.org\/a\/bih-republika-srpska-obveznice-kina-dodik\/32348491.html<br>https:\/\/www.slobodnaevropa.org\/a\/rekonstrukcija-put-foca-scepan-polje-kina-bosna-exim\/32868783.html<\/li>\n\n\n\n<li>https:\/\/standard.rs\/2023\/11\/17\/kolonija-bih\/<\/li>\n\n\n\n<li>https:\/\/www.google.com\/search?client=firefox-b-lm&amp;q=autorski+tekst+Milorada+Dodika%2C+predsednika+Republike+Srpske%3A+Spremamo+tuzbe+protiv+svih<br>.https:\/\/www.slobodnaevropa.org\/a\/bosna-hercegovina-republika-srpska-skupstina-zakon-nepokretna-imovina\/32608148.html<\/li>\n\n\n\n<li>https:\/\/www.ohr.int\/decision-enacting-the-law-on-amendments-to-the-criminal-code-of-bosnia-and-herzegovina-3\/<\/li>\n\n\n\n<li>https:\/\/www.dw.com\/de\/der-freund-xi-kommt-serbien-setzt-zunehmend-auf-china\/a-69013938<br>https:\/\/www.gtai.de\/de\/trade\/serbien\/wirtschaftsumfeld\/serbien-und-china-ruecken-enger-zusammen-1045298<br>https:\/\/www.pecat.co.rs\/2024\/05\/vucic-i-si-nakon-razmene-sporazuma-srbija-i-kina-prelaze-sa-strateskih-odnosa-na-najvisi-oblik-saradnje\/<\/li>\n\n\n\n<li>https:\/\/www.politika.rs\/sr\/clanak\/599895\/Karan-Proces-protiv-Dodika-u-Sarajevu-politicki-a-ne-sudski<\/li>\n\n\n\n<li>https:\/\/www.glasamerike.net\/a\/aleksandar-vulin-potpredsednik-nova-vlada-afere\/7591614.html<\/li>\n<\/ol>\n","protected":false},"excerpt":{"rendered":"<p>Sch\u00e4tzungsweise 100.000 Menschen haben im B\u00fcrgerkrieg in Bosnien 1992 \u20131995 ihr Leben verloren, 2 Millionen wurden zu Fl\u00fcchtlingen. Das bekannteste Kriegsverbrechen ereignete sich im Juli&#8230;<\/p>\n<div class=\"more-link-wrapper\"><a class=\"more-link\" href=\"https:\/\/www.freundschaft-mit-valjevo.de\/wordpress\/wird-mit-der-resolution-zu-srebrenica-der-balkan-erneut-in-brand-gesetzt\/\">Weiterlesen<span class=\"screen-reader-text\">Wird mit der Resolution zu Srebrenica \u00a0 der Balkan erneut in Brand gesetzt?<\/span><\/a><\/div>\n","protected":false},"author":2,"featured_media":2253,"comment_status":"closed","ping_status":"closed","sticky":false,"template":"","format":"standard","meta":{"footnotes":""},"categories":[1],"tags":[],"class_list":["post-2249","post","type-post","status-publish","format-standard","has-post-thumbnail","hentry","category-allgemein","entry"],"yoast_head":"<!-- This site is optimized with the Yoast SEO plugin v27.4 - https:\/\/yoast.com\/product\/yoast-seo-wordpress\/ -->\n<title>Wird mit der Resolution zu Srebrenica \u00a0 der Balkan erneut in Brand gesetzt? - Freundschaft mit Valjevo e.V.<\/title>\n<meta name=\"robots\" content=\"index, follow, max-snippet:-1, max-image-preview:large, max-video-preview:-1\" \/>\n<link rel=\"canonical\" href=\"https:\/\/www.freundschaft-mit-valjevo.de\/wordpress\/wird-mit-der-resolution-zu-srebrenica-der-balkan-erneut-in-brand-gesetzt\/\" \/>\n<meta property=\"og:locale\" content=\"de_DE\" \/>\n<meta property=\"og:type\" content=\"article\" \/>\n<meta property=\"og:title\" content=\"Wird mit der Resolution zu Srebrenica \u00a0 der Balkan erneut in Brand gesetzt? - Freundschaft mit Valjevo e.V.\" \/>\n<meta property=\"og:description\" content=\"Sch\u00e4tzungsweise 100.000 Menschen haben im B\u00fcrgerkrieg in Bosnien 1992 \u20131995 ihr Leben verloren, 2 Millionen wurden zu Fl\u00fcchtlingen. Das bekannteste Kriegsverbrechen ereignete sich im Juli&#8230;\" \/>\n<meta property=\"og:url\" content=\"https:\/\/www.freundschaft-mit-valjevo.de\/wordpress\/wird-mit-der-resolution-zu-srebrenica-der-balkan-erneut-in-brand-gesetzt\/\" \/>\n<meta property=\"og:site_name\" content=\"Freundschaft mit Valjevo e.V.\" \/>\n<meta property=\"article:published_time\" content=\"2024-07-02T13:41:48+00:00\" \/>\n<meta property=\"article:modified_time\" content=\"2024-07-02T13:46:00+00:00\" \/>\n<meta property=\"og:image\" content=\"https:\/\/www.freundschaft-mit-valjevo.de\/wordpress\/wp-content\/uploads\/2024\/07\/BanjeLuka-Praesidentenpalast-scaled.jpeg\" \/>\n\t<meta property=\"og:image:width\" content=\"2560\" \/>\n\t<meta property=\"og:image:height\" content=\"1152\" \/>\n\t<meta property=\"og:image:type\" content=\"image\/jpeg\" \/>\n<meta name=\"author\" content=\"admin-z\" \/>\n<meta name=\"twitter:card\" content=\"summary_large_image\" \/>\n<meta name=\"twitter:label1\" content=\"Verfasst von\" \/>\n\t<meta name=\"twitter:data1\" content=\"admin-z\" \/>\n\t<meta name=\"twitter:label2\" content=\"Gesch\u00e4tzte Lesezeit\" \/>\n\t<meta name=\"twitter:data2\" content=\"11\u00a0Minuten\" \/>\n<script type=\"application\/ld+json\" class=\"yoast-schema-graph\">{\"@context\":\"https:\\\/\\\/schema.org\",\"@graph\":[{\"@type\":\"Article\",\"@id\":\"https:\\\/\\\/www.freundschaft-mit-valjevo.de\\\/wordpress\\\/wird-mit-der-resolution-zu-srebrenica-der-balkan-erneut-in-brand-gesetzt\\\/#article\",\"isPartOf\":{\"@id\":\"https:\\\/\\\/www.freundschaft-mit-valjevo.de\\\/wordpress\\\/wird-mit-der-resolution-zu-srebrenica-der-balkan-erneut-in-brand-gesetzt\\\/\"},\"author\":{\"name\":\"admin-z\",\"@id\":\"https:\\\/\\\/www.freundschaft-mit-valjevo.de\\\/wordpress\\\/#\\\/schema\\\/person\\\/4fbd0cc7a0227a72529b76aeed6571e4\"},\"headline\":\"Wird mit der Resolution zu Srebrenica \u00a0 der Balkan erneut in Brand gesetzt?\",\"datePublished\":\"2024-07-02T13:41:48+00:00\",\"dateModified\":\"2024-07-02T13:46:00+00:00\",\"mainEntityOfPage\":{\"@id\":\"https:\\\/\\\/www.freundschaft-mit-valjevo.de\\\/wordpress\\\/wird-mit-der-resolution-zu-srebrenica-der-balkan-erneut-in-brand-gesetzt\\\/\"},\"wordCount\":2313,\"image\":{\"@id\":\"https:\\\/\\\/www.freundschaft-mit-valjevo.de\\\/wordpress\\\/wird-mit-der-resolution-zu-srebrenica-der-balkan-erneut-in-brand-gesetzt\\\/#primaryimage\"},\"thumbnailUrl\":\"https:\\\/\\\/www.freundschaft-mit-valjevo.de\\\/wordpress\\\/wp-content\\\/uploads\\\/2024\\\/07\\\/BanjeLuka-Praesidentenpalast-scaled.jpeg\",\"inLanguage\":\"de\"},{\"@type\":\"WebPage\",\"@id\":\"https:\\\/\\\/www.freundschaft-mit-valjevo.de\\\/wordpress\\\/wird-mit-der-resolution-zu-srebrenica-der-balkan-erneut-in-brand-gesetzt\\\/\",\"url\":\"https:\\\/\\\/www.freundschaft-mit-valjevo.de\\\/wordpress\\\/wird-mit-der-resolution-zu-srebrenica-der-balkan-erneut-in-brand-gesetzt\\\/\",\"name\":\"Wird mit der Resolution zu Srebrenica \u00a0 der Balkan erneut in Brand gesetzt? - Freundschaft mit Valjevo e.V.\",\"isPartOf\":{\"@id\":\"https:\\\/\\\/www.freundschaft-mit-valjevo.de\\\/wordpress\\\/#website\"},\"primaryImageOfPage\":{\"@id\":\"https:\\\/\\\/www.freundschaft-mit-valjevo.de\\\/wordpress\\\/wird-mit-der-resolution-zu-srebrenica-der-balkan-erneut-in-brand-gesetzt\\\/#primaryimage\"},\"image\":{\"@id\":\"https:\\\/\\\/www.freundschaft-mit-valjevo.de\\\/wordpress\\\/wird-mit-der-resolution-zu-srebrenica-der-balkan-erneut-in-brand-gesetzt\\\/#primaryimage\"},\"thumbnailUrl\":\"https:\\\/\\\/www.freundschaft-mit-valjevo.de\\\/wordpress\\\/wp-content\\\/uploads\\\/2024\\\/07\\\/BanjeLuka-Praesidentenpalast-scaled.jpeg\",\"datePublished\":\"2024-07-02T13:41:48+00:00\",\"dateModified\":\"2024-07-02T13:46:00+00:00\",\"author\":{\"@id\":\"https:\\\/\\\/www.freundschaft-mit-valjevo.de\\\/wordpress\\\/#\\\/schema\\\/person\\\/4fbd0cc7a0227a72529b76aeed6571e4\"},\"breadcrumb\":{\"@id\":\"https:\\\/\\\/www.freundschaft-mit-valjevo.de\\\/wordpress\\\/wird-mit-der-resolution-zu-srebrenica-der-balkan-erneut-in-brand-gesetzt\\\/#breadcrumb\"},\"inLanguage\":\"de\",\"potentialAction\":[{\"@type\":\"ReadAction\",\"target\":[\"https:\\\/\\\/www.freundschaft-mit-valjevo.de\\\/wordpress\\\/wird-mit-der-resolution-zu-srebrenica-der-balkan-erneut-in-brand-gesetzt\\\/\"]}]},{\"@type\":\"ImageObject\",\"inLanguage\":\"de\",\"@id\":\"https:\\\/\\\/www.freundschaft-mit-valjevo.de\\\/wordpress\\\/wird-mit-der-resolution-zu-srebrenica-der-balkan-erneut-in-brand-gesetzt\\\/#primaryimage\",\"url\":\"https:\\\/\\\/www.freundschaft-mit-valjevo.de\\\/wordpress\\\/wp-content\\\/uploads\\\/2024\\\/07\\\/BanjeLuka-Praesidentenpalast-scaled.jpeg\",\"contentUrl\":\"https:\\\/\\\/www.freundschaft-mit-valjevo.de\\\/wordpress\\\/wp-content\\\/uploads\\\/2024\\\/07\\\/BanjeLuka-Praesidentenpalast-scaled.jpeg\",\"width\":2560,\"height\":1152},{\"@type\":\"BreadcrumbList\",\"@id\":\"https:\\\/\\\/www.freundschaft-mit-valjevo.de\\\/wordpress\\\/wird-mit-der-resolution-zu-srebrenica-der-balkan-erneut-in-brand-gesetzt\\\/#breadcrumb\",\"itemListElement\":[{\"@type\":\"ListItem\",\"position\":1,\"name\":\"Startseite\",\"item\":\"https:\\\/\\\/www.freundschaft-mit-valjevo.de\\\/wordpress\\\/\"},{\"@type\":\"ListItem\",\"position\":2,\"name\":\"Wird mit der Resolution zu Srebrenica \u00a0 der Balkan erneut in Brand gesetzt?\"}]},{\"@type\":\"WebSite\",\"@id\":\"https:\\\/\\\/www.freundschaft-mit-valjevo.de\\\/wordpress\\\/#website\",\"url\":\"https:\\\/\\\/www.freundschaft-mit-valjevo.de\\\/wordpress\\\/\",\"name\":\"Freundschaft mit Valjevo e.V.\",\"description\":\"F\u00fcr Frieden, Freundschaft und V\u00f6lkerverst\u00e4ndigung\",\"potentialAction\":[{\"@type\":\"SearchAction\",\"target\":{\"@type\":\"EntryPoint\",\"urlTemplate\":\"https:\\\/\\\/www.freundschaft-mit-valjevo.de\\\/wordpress\\\/?s={search_term_string}\"},\"query-input\":{\"@type\":\"PropertyValueSpecification\",\"valueRequired\":true,\"valueName\":\"search_term_string\"}}],\"inLanguage\":\"de\"},{\"@type\":\"Person\",\"@id\":\"https:\\\/\\\/www.freundschaft-mit-valjevo.de\\\/wordpress\\\/#\\\/schema\\\/person\\\/4fbd0cc7a0227a72529b76aeed6571e4\",\"name\":\"admin-z\",\"image\":{\"@type\":\"ImageObject\",\"inLanguage\":\"de\",\"@id\":\"https:\\\/\\\/secure.gravatar.com\\\/avatar\\\/e180e5c39bf8c56d773eb854294072b2fec4a0a0f052f70a3cdaf696f943716d?s=96&d=mm&r=g\",\"url\":\"https:\\\/\\\/secure.gravatar.com\\\/avatar\\\/e180e5c39bf8c56d773eb854294072b2fec4a0a0f052f70a3cdaf696f943716d?s=96&d=mm&r=g\",\"contentUrl\":\"https:\\\/\\\/secure.gravatar.com\\\/avatar\\\/e180e5c39bf8c56d773eb854294072b2fec4a0a0f052f70a3cdaf696f943716d?s=96&d=mm&r=g\",\"caption\":\"admin-z\"}}]}<\/script>\n<!-- \/ Yoast SEO plugin. -->","yoast_head_json":{"title":"Wird mit der Resolution zu Srebrenica \u00a0 der Balkan erneut in Brand gesetzt? - Freundschaft mit Valjevo e.V.","robots":{"index":"index","follow":"follow","max-snippet":"max-snippet:-1","max-image-preview":"max-image-preview:large","max-video-preview":"max-video-preview:-1"},"canonical":"https:\/\/www.freundschaft-mit-valjevo.de\/wordpress\/wird-mit-der-resolution-zu-srebrenica-der-balkan-erneut-in-brand-gesetzt\/","og_locale":"de_DE","og_type":"article","og_title":"Wird mit der Resolution zu Srebrenica \u00a0 der Balkan erneut in Brand gesetzt? - Freundschaft mit Valjevo e.V.","og_description":"Sch\u00e4tzungsweise 100.000 Menschen haben im B\u00fcrgerkrieg in Bosnien 1992 \u20131995 ihr Leben verloren, 2 Millionen wurden zu Fl\u00fcchtlingen. Das bekannteste Kriegsverbrechen ereignete sich im Juli&#8230;","og_url":"https:\/\/www.freundschaft-mit-valjevo.de\/wordpress\/wird-mit-der-resolution-zu-srebrenica-der-balkan-erneut-in-brand-gesetzt\/","og_site_name":"Freundschaft mit Valjevo e.V.","article_published_time":"2024-07-02T13:41:48+00:00","article_modified_time":"2024-07-02T13:46:00+00:00","og_image":[{"width":2560,"height":1152,"url":"https:\/\/www.freundschaft-mit-valjevo.de\/wordpress\/wp-content\/uploads\/2024\/07\/BanjeLuka-Praesidentenpalast-scaled.jpeg","type":"image\/jpeg"}],"author":"admin-z","twitter_card":"summary_large_image","twitter_misc":{"Verfasst von":"admin-z","Gesch\u00e4tzte Lesezeit":"11\u00a0Minuten"},"schema":{"@context":"https:\/\/schema.org","@graph":[{"@type":"Article","@id":"https:\/\/www.freundschaft-mit-valjevo.de\/wordpress\/wird-mit-der-resolution-zu-srebrenica-der-balkan-erneut-in-brand-gesetzt\/#article","isPartOf":{"@id":"https:\/\/www.freundschaft-mit-valjevo.de\/wordpress\/wird-mit-der-resolution-zu-srebrenica-der-balkan-erneut-in-brand-gesetzt\/"},"author":{"name":"admin-z","@id":"https:\/\/www.freundschaft-mit-valjevo.de\/wordpress\/#\/schema\/person\/4fbd0cc7a0227a72529b76aeed6571e4"},"headline":"Wird mit der Resolution zu Srebrenica \u00a0 der Balkan erneut in Brand gesetzt?","datePublished":"2024-07-02T13:41:48+00:00","dateModified":"2024-07-02T13:46:00+00:00","mainEntityOfPage":{"@id":"https:\/\/www.freundschaft-mit-valjevo.de\/wordpress\/wird-mit-der-resolution-zu-srebrenica-der-balkan-erneut-in-brand-gesetzt\/"},"wordCount":2313,"image":{"@id":"https:\/\/www.freundschaft-mit-valjevo.de\/wordpress\/wird-mit-der-resolution-zu-srebrenica-der-balkan-erneut-in-brand-gesetzt\/#primaryimage"},"thumbnailUrl":"https:\/\/www.freundschaft-mit-valjevo.de\/wordpress\/wp-content\/uploads\/2024\/07\/BanjeLuka-Praesidentenpalast-scaled.jpeg","inLanguage":"de"},{"@type":"WebPage","@id":"https:\/\/www.freundschaft-mit-valjevo.de\/wordpress\/wird-mit-der-resolution-zu-srebrenica-der-balkan-erneut-in-brand-gesetzt\/","url":"https:\/\/www.freundschaft-mit-valjevo.de\/wordpress\/wird-mit-der-resolution-zu-srebrenica-der-balkan-erneut-in-brand-gesetzt\/","name":"Wird mit der Resolution zu Srebrenica \u00a0 der Balkan erneut in Brand gesetzt? - Freundschaft mit Valjevo e.V.","isPartOf":{"@id":"https:\/\/www.freundschaft-mit-valjevo.de\/wordpress\/#website"},"primaryImageOfPage":{"@id":"https:\/\/www.freundschaft-mit-valjevo.de\/wordpress\/wird-mit-der-resolution-zu-srebrenica-der-balkan-erneut-in-brand-gesetzt\/#primaryimage"},"image":{"@id":"https:\/\/www.freundschaft-mit-valjevo.de\/wordpress\/wird-mit-der-resolution-zu-srebrenica-der-balkan-erneut-in-brand-gesetzt\/#primaryimage"},"thumbnailUrl":"https:\/\/www.freundschaft-mit-valjevo.de\/wordpress\/wp-content\/uploads\/2024\/07\/BanjeLuka-Praesidentenpalast-scaled.jpeg","datePublished":"2024-07-02T13:41:48+00:00","dateModified":"2024-07-02T13:46:00+00:00","author":{"@id":"https:\/\/www.freundschaft-mit-valjevo.de\/wordpress\/#\/schema\/person\/4fbd0cc7a0227a72529b76aeed6571e4"},"breadcrumb":{"@id":"https:\/\/www.freundschaft-mit-valjevo.de\/wordpress\/wird-mit-der-resolution-zu-srebrenica-der-balkan-erneut-in-brand-gesetzt\/#breadcrumb"},"inLanguage":"de","potentialAction":[{"@type":"ReadAction","target":["https:\/\/www.freundschaft-mit-valjevo.de\/wordpress\/wird-mit-der-resolution-zu-srebrenica-der-balkan-erneut-in-brand-gesetzt\/"]}]},{"@type":"ImageObject","inLanguage":"de","@id":"https:\/\/www.freundschaft-mit-valjevo.de\/wordpress\/wird-mit-der-resolution-zu-srebrenica-der-balkan-erneut-in-brand-gesetzt\/#primaryimage","url":"https:\/\/www.freundschaft-mit-valjevo.de\/wordpress\/wp-content\/uploads\/2024\/07\/BanjeLuka-Praesidentenpalast-scaled.jpeg","contentUrl":"https:\/\/www.freundschaft-mit-valjevo.de\/wordpress\/wp-content\/uploads\/2024\/07\/BanjeLuka-Praesidentenpalast-scaled.jpeg","width":2560,"height":1152},{"@type":"BreadcrumbList","@id":"https:\/\/www.freundschaft-mit-valjevo.de\/wordpress\/wird-mit-der-resolution-zu-srebrenica-der-balkan-erneut-in-brand-gesetzt\/#breadcrumb","itemListElement":[{"@type":"ListItem","position":1,"name":"Startseite","item":"https:\/\/www.freundschaft-mit-valjevo.de\/wordpress\/"},{"@type":"ListItem","position":2,"name":"Wird mit der Resolution zu Srebrenica \u00a0 der Balkan erneut in Brand gesetzt?"}]},{"@type":"WebSite","@id":"https:\/\/www.freundschaft-mit-valjevo.de\/wordpress\/#website","url":"https:\/\/www.freundschaft-mit-valjevo.de\/wordpress\/","name":"Freundschaft mit Valjevo e.V.","description":"F\u00fcr Frieden, Freundschaft und V\u00f6lkerverst\u00e4ndigung","potentialAction":[{"@type":"SearchAction","target":{"@type":"EntryPoint","urlTemplate":"https:\/\/www.freundschaft-mit-valjevo.de\/wordpress\/?s={search_term_string}"},"query-input":{"@type":"PropertyValueSpecification","valueRequired":true,"valueName":"search_term_string"}}],"inLanguage":"de"},{"@type":"Person","@id":"https:\/\/www.freundschaft-mit-valjevo.de\/wordpress\/#\/schema\/person\/4fbd0cc7a0227a72529b76aeed6571e4","name":"admin-z","image":{"@type":"ImageObject","inLanguage":"de","@id":"https:\/\/secure.gravatar.com\/avatar\/e180e5c39bf8c56d773eb854294072b2fec4a0a0f052f70a3cdaf696f943716d?s=96&d=mm&r=g","url":"https:\/\/secure.gravatar.com\/avatar\/e180e5c39bf8c56d773eb854294072b2fec4a0a0f052f70a3cdaf696f943716d?s=96&d=mm&r=g","contentUrl":"https:\/\/secure.gravatar.com\/avatar\/e180e5c39bf8c56d773eb854294072b2fec4a0a0f052f70a3cdaf696f943716d?s=96&d=mm&r=g","caption":"admin-z"}}]}},"_links":{"self":[{"href":"https:\/\/www.freundschaft-mit-valjevo.de\/wordpress\/wp-json\/wp\/v2\/posts\/2249","targetHints":{"allow":["GET"]}}],"collection":[{"href":"https:\/\/www.freundschaft-mit-valjevo.de\/wordpress\/wp-json\/wp\/v2\/posts"}],"about":[{"href":"https:\/\/www.freundschaft-mit-valjevo.de\/wordpress\/wp-json\/wp\/v2\/types\/post"}],"author":[{"embeddable":true,"href":"https:\/\/www.freundschaft-mit-valjevo.de\/wordpress\/wp-json\/wp\/v2\/users\/2"}],"replies":[{"embeddable":true,"href":"https:\/\/www.freundschaft-mit-valjevo.de\/wordpress\/wp-json\/wp\/v2\/comments?post=2249"}],"version-history":[{"count":3,"href":"https:\/\/www.freundschaft-mit-valjevo.de\/wordpress\/wp-json\/wp\/v2\/posts\/2249\/revisions"}],"predecessor-version":[{"id":2252,"href":"https:\/\/www.freundschaft-mit-valjevo.de\/wordpress\/wp-json\/wp\/v2\/posts\/2249\/revisions\/2252"}],"wp:featuredmedia":[{"embeddable":true,"href":"https:\/\/www.freundschaft-mit-valjevo.de\/wordpress\/wp-json\/wp\/v2\/media\/2253"}],"wp:attachment":[{"href":"https:\/\/www.freundschaft-mit-valjevo.de\/wordpress\/wp-json\/wp\/v2\/media?parent=2249"}],"wp:term":[{"taxonomy":"category","embeddable":true,"href":"https:\/\/www.freundschaft-mit-valjevo.de\/wordpress\/wp-json\/wp\/v2\/categories?post=2249"},{"taxonomy":"post_tag","embeddable":true,"href":"https:\/\/www.freundschaft-mit-valjevo.de\/wordpress\/wp-json\/wp\/v2\/tags?post=2249"}],"curies":[{"name":"wp","href":"https:\/\/api.w.org\/{rel}","templated":true}]}}