{"id":2254,"date":"2024-07-02T13:48:41","date_gmt":"2024-07-02T13:48:41","guid":{"rendered":"http:\/\/www.freundschaft-mit-valjevo.de\/wordpress\/?p=2254"},"modified":"2024-07-02T13:48:43","modified_gmt":"2024-07-02T13:48:43","slug":"eu-parlament-wahlen","status":"publish","type":"post","link":"https:\/\/www.freundschaft-mit-valjevo.de\/wordpress\/eu-parlament-wahlen\/","title":{"rendered":"EU-Parlament-Wahlen"},"content":{"rendered":"\n<h2 class=\"wp-block-heading\"><strong>Die Regierung hat das Vertrauen der B\u00fcrger verloren<\/strong><\/h2>\n\n\n\n<p>Das Ergebnis der Wahlen zum EU-Parlament ist eine schwere Schlappe f\u00fcr die \u201eAmpel\u201c. Nur noch 31% der W\u00e4hler haben der Regierung Scholz das Vertrauen ausgesprochen. Eindeutige Sieger der Wahlen sind die Rechtskonservative AFD und das \u201eB\u00fcndnis Sara Wagenknecht\u201c, das einen Sozialstaat nach den Vorstellungen eines Willy Brandt wiederherstellen will. Was aber haben diese sonst v\u00f6llig unterschiedlichen Parteien gemeinsam? Beide lehnen weitere\u00a0 Waffenlieferungen an die Ukraine ab und fordern die Aufnahme von Verhandlungen mit der Russischen F\u00f6deration. Das ist auch der Wunsch der Mehrheit unserer B\u00fcrger, die sieht, dass mit den Waffenlieferungen der Konflikt nur immer mehr eskaliert. Zurecht bef\u00fcrchten sie, dass unser Land schrittweise in einen Krieg mit Russland schlittert. Die SPD stand einmal f\u00fcr eine Politik des Friedens und der sozialen Gerechtigkeit. Hochr\u00fcstung, um \u201ekriegsf\u00e4hig\u201c zu werden, wie sie die Regierung Scholz betreibt, und Sozialstaat, Kanonen und Butter, beides zusammen geht nicht. Nehmen wir nur den Wohnungsbau. \u00dcber eine Million Ukrainer sind seit Kriegsbeginn 2022 als Fl\u00fcchtlinge zu uns gekommen. Je l\u00e4nger der Krieg und die Zerst\u00f6rung ihres Landes anh\u00e4lt, desto mehr wird ihre Zahl steigen. Sie brauchen Versorgung und preisg\u00fcnstige Wohnungen. Gebaut wurden 2022 und 2023 jeweils rund 25.000 (!) Sozialwohnungen, weniger als gleichzeitig aus der Preisbindung gefallen sind. Die zwangsl\u00e4ufige Folge: Die Wohnungsnot und mit ihr die Mieten f\u00fcr B\u00fcrger mit niedrigen oder mittleren Einkommen steigen drastisch. M\u00fcssen wir uns wundern, wenn die Ressentiments gegen\u00fcber Zuwanderern steigen und die Zustimmung zur AFD w\u00e4chst? V\u00f6llig gescheitert ist die Politik der Sanktionen. Der Verzicht auf kosteng\u00fcnstiges russisches Erdgas hat unserer eigenen Industrie ihre Konkurrenzf\u00e4higkeit genommen. Wir erleben einen massiven Abbau von Arbeitspl\u00e4tzen in der Automobilbranche, der Chemie und Bauindustrie. Kapital flie\u00dft im gewaltigen Umfang ab. Es ist h\u00f6chste Zeit, im Interesse der ukrainische und unserer eigenen Bev\u00f6lkerung, sich mit Russland an den Tisch zu setzen. Wir brauchen eine friedliche L\u00f6sung und dazu m\u00fcssen wir auch die russischen Sicherheitsinteressen ber\u00fccksichtigen.<\/p>\n\n\n\n<p>Leserbrief vom Bernd Duschner, Donaukurier 29.06.2024<\/p>\n","protected":false},"excerpt":{"rendered":"<p>Die Regierung hat das Vertrauen der B\u00fcrger verloren Das Ergebnis der Wahlen zum EU-Parlament ist eine schwere Schlappe f\u00fcr die \u201eAmpel\u201c. Nur noch 31% der&#8230;<\/p>\n<div class=\"more-link-wrapper\"><a class=\"more-link\" href=\"https:\/\/www.freundschaft-mit-valjevo.de\/wordpress\/eu-parlament-wahlen\/\">Weiterlesen<span class=\"screen-reader-text\">EU-Parlament-Wahlen<\/span><\/a><\/div>\n","protected":false},"author":2,"featured_media":0,"comment_status":"closed","ping_status":"closed","sticky":false,"template":"","format":"standard","meta":{"footnotes":""},"categories":[1],"tags":[],"class_list":["post-2254","post","type-post","status-publish","format-standard","hentry","category-allgemein","entry"],"yoast_head":"<!-- This site is optimized with the Yoast SEO plugin v27.4 - https:\/\/yoast.com\/product\/yoast-seo-wordpress\/ -->\n<title>EU-Parlament-Wahlen - Freundschaft mit Valjevo e.V.<\/title>\n<meta name=\"robots\" content=\"index, follow, max-snippet:-1, max-image-preview:large, max-video-preview:-1\" \/>\n<link rel=\"canonical\" href=\"https:\/\/www.freundschaft-mit-valjevo.de\/wordpress\/eu-parlament-wahlen\/\" \/>\n<meta property=\"og:locale\" content=\"de_DE\" \/>\n<meta property=\"og:type\" content=\"article\" \/>\n<meta property=\"og:title\" content=\"EU-Parlament-Wahlen - Freundschaft mit Valjevo e.V.\" \/>\n<meta property=\"og:description\" content=\"Die Regierung hat das Vertrauen der B\u00fcrger verloren Das Ergebnis der Wahlen zum EU-Parlament ist eine schwere Schlappe f\u00fcr die \u201eAmpel\u201c. Nur noch 31% der&#8230;\" \/>\n<meta property=\"og:url\" content=\"https:\/\/www.freundschaft-mit-valjevo.de\/wordpress\/eu-parlament-wahlen\/\" \/>\n<meta property=\"og:site_name\" content=\"Freundschaft mit Valjevo e.V.\" \/>\n<meta property=\"article:published_time\" content=\"2024-07-02T13:48:41+00:00\" \/>\n<meta property=\"article:modified_time\" content=\"2024-07-02T13:48:43+00:00\" \/>\n<meta name=\"author\" content=\"admin-z\" \/>\n<meta name=\"twitter:card\" content=\"summary_large_image\" \/>\n<meta name=\"twitter:label1\" content=\"Verfasst von\" \/>\n\t<meta name=\"twitter:data1\" content=\"admin-z\" \/>\n\t<meta name=\"twitter:label2\" content=\"Gesch\u00e4tzte Lesezeit\" \/>\n\t<meta name=\"twitter:data2\" content=\"2\u00a0Minuten\" \/>\n<script type=\"application\/ld+json\" class=\"yoast-schema-graph\">{\"@context\":\"https:\\\/\\\/schema.org\",\"@graph\":[{\"@type\":\"Article\",\"@id\":\"https:\\\/\\\/www.freundschaft-mit-valjevo.de\\\/wordpress\\\/eu-parlament-wahlen\\\/#article\",\"isPartOf\":{\"@id\":\"https:\\\/\\\/www.freundschaft-mit-valjevo.de\\\/wordpress\\\/eu-parlament-wahlen\\\/\"},\"author\":{\"name\":\"admin-z\",\"@id\":\"https:\\\/\\\/www.freundschaft-mit-valjevo.de\\\/wordpress\\\/#\\\/schema\\\/person\\\/4fbd0cc7a0227a72529b76aeed6571e4\"},\"headline\":\"EU-Parlament-Wahlen\",\"datePublished\":\"2024-07-02T13:48:41+00:00\",\"dateModified\":\"2024-07-02T13:48:43+00:00\",\"mainEntityOfPage\":{\"@id\":\"https:\\\/\\\/www.freundschaft-mit-valjevo.de\\\/wordpress\\\/eu-parlament-wahlen\\\/\"},\"wordCount\":350,\"inLanguage\":\"de\"},{\"@type\":\"WebPage\",\"@id\":\"https:\\\/\\\/www.freundschaft-mit-valjevo.de\\\/wordpress\\\/eu-parlament-wahlen\\\/\",\"url\":\"https:\\\/\\\/www.freundschaft-mit-valjevo.de\\\/wordpress\\\/eu-parlament-wahlen\\\/\",\"name\":\"EU-Parlament-Wahlen - Freundschaft mit Valjevo e.V.\",\"isPartOf\":{\"@id\":\"https:\\\/\\\/www.freundschaft-mit-valjevo.de\\\/wordpress\\\/#website\"},\"datePublished\":\"2024-07-02T13:48:41+00:00\",\"dateModified\":\"2024-07-02T13:48:43+00:00\",\"author\":{\"@id\":\"https:\\\/\\\/www.freundschaft-mit-valjevo.de\\\/wordpress\\\/#\\\/schema\\\/person\\\/4fbd0cc7a0227a72529b76aeed6571e4\"},\"breadcrumb\":{\"@id\":\"https:\\\/\\\/www.freundschaft-mit-valjevo.de\\\/wordpress\\\/eu-parlament-wahlen\\\/#breadcrumb\"},\"inLanguage\":\"de\",\"potentialAction\":[{\"@type\":\"ReadAction\",\"target\":[\"https:\\\/\\\/www.freundschaft-mit-valjevo.de\\\/wordpress\\\/eu-parlament-wahlen\\\/\"]}]},{\"@type\":\"BreadcrumbList\",\"@id\":\"https:\\\/\\\/www.freundschaft-mit-valjevo.de\\\/wordpress\\\/eu-parlament-wahlen\\\/#breadcrumb\",\"itemListElement\":[{\"@type\":\"ListItem\",\"position\":1,\"name\":\"Startseite\",\"item\":\"https:\\\/\\\/www.freundschaft-mit-valjevo.de\\\/wordpress\\\/\"},{\"@type\":\"ListItem\",\"position\":2,\"name\":\"EU-Parlament-Wahlen\"}]},{\"@type\":\"WebSite\",\"@id\":\"https:\\\/\\\/www.freundschaft-mit-valjevo.de\\\/wordpress\\\/#website\",\"url\":\"https:\\\/\\\/www.freundschaft-mit-valjevo.de\\\/wordpress\\\/\",\"name\":\"Freundschaft mit Valjevo e.V.\",\"description\":\"F\u00fcr Frieden, Freundschaft und V\u00f6lkerverst\u00e4ndigung\",\"potentialAction\":[{\"@type\":\"SearchAction\",\"target\":{\"@type\":\"EntryPoint\",\"urlTemplate\":\"https:\\\/\\\/www.freundschaft-mit-valjevo.de\\\/wordpress\\\/?s={search_term_string}\"},\"query-input\":{\"@type\":\"PropertyValueSpecification\",\"valueRequired\":true,\"valueName\":\"search_term_string\"}}],\"inLanguage\":\"de\"},{\"@type\":\"Person\",\"@id\":\"https:\\\/\\\/www.freundschaft-mit-valjevo.de\\\/wordpress\\\/#\\\/schema\\\/person\\\/4fbd0cc7a0227a72529b76aeed6571e4\",\"name\":\"admin-z\",\"image\":{\"@type\":\"ImageObject\",\"inLanguage\":\"de\",\"@id\":\"https:\\\/\\\/secure.gravatar.com\\\/avatar\\\/e180e5c39bf8c56d773eb854294072b2fec4a0a0f052f70a3cdaf696f943716d?s=96&d=mm&r=g\",\"url\":\"https:\\\/\\\/secure.gravatar.com\\\/avatar\\\/e180e5c39bf8c56d773eb854294072b2fec4a0a0f052f70a3cdaf696f943716d?s=96&d=mm&r=g\",\"contentUrl\":\"https:\\\/\\\/secure.gravatar.com\\\/avatar\\\/e180e5c39bf8c56d773eb854294072b2fec4a0a0f052f70a3cdaf696f943716d?s=96&d=mm&r=g\",\"caption\":\"admin-z\"}}]}<\/script>\n<!-- \/ Yoast SEO plugin. -->","yoast_head_json":{"title":"EU-Parlament-Wahlen - Freundschaft mit Valjevo e.V.","robots":{"index":"index","follow":"follow","max-snippet":"max-snippet:-1","max-image-preview":"max-image-preview:large","max-video-preview":"max-video-preview:-1"},"canonical":"https:\/\/www.freundschaft-mit-valjevo.de\/wordpress\/eu-parlament-wahlen\/","og_locale":"de_DE","og_type":"article","og_title":"EU-Parlament-Wahlen - Freundschaft mit Valjevo e.V.","og_description":"Die Regierung hat das Vertrauen der B\u00fcrger verloren Das Ergebnis der Wahlen zum EU-Parlament ist eine schwere Schlappe f\u00fcr die \u201eAmpel\u201c. Nur noch 31% der&#8230;","og_url":"https:\/\/www.freundschaft-mit-valjevo.de\/wordpress\/eu-parlament-wahlen\/","og_site_name":"Freundschaft mit Valjevo e.V.","article_published_time":"2024-07-02T13:48:41+00:00","article_modified_time":"2024-07-02T13:48:43+00:00","author":"admin-z","twitter_card":"summary_large_image","twitter_misc":{"Verfasst von":"admin-z","Gesch\u00e4tzte Lesezeit":"2\u00a0Minuten"},"schema":{"@context":"https:\/\/schema.org","@graph":[{"@type":"Article","@id":"https:\/\/www.freundschaft-mit-valjevo.de\/wordpress\/eu-parlament-wahlen\/#article","isPartOf":{"@id":"https:\/\/www.freundschaft-mit-valjevo.de\/wordpress\/eu-parlament-wahlen\/"},"author":{"name":"admin-z","@id":"https:\/\/www.freundschaft-mit-valjevo.de\/wordpress\/#\/schema\/person\/4fbd0cc7a0227a72529b76aeed6571e4"},"headline":"EU-Parlament-Wahlen","datePublished":"2024-07-02T13:48:41+00:00","dateModified":"2024-07-02T13:48:43+00:00","mainEntityOfPage":{"@id":"https:\/\/www.freundschaft-mit-valjevo.de\/wordpress\/eu-parlament-wahlen\/"},"wordCount":350,"inLanguage":"de"},{"@type":"WebPage","@id":"https:\/\/www.freundschaft-mit-valjevo.de\/wordpress\/eu-parlament-wahlen\/","url":"https:\/\/www.freundschaft-mit-valjevo.de\/wordpress\/eu-parlament-wahlen\/","name":"EU-Parlament-Wahlen - Freundschaft mit Valjevo e.V.","isPartOf":{"@id":"https:\/\/www.freundschaft-mit-valjevo.de\/wordpress\/#website"},"datePublished":"2024-07-02T13:48:41+00:00","dateModified":"2024-07-02T13:48:43+00:00","author":{"@id":"https:\/\/www.freundschaft-mit-valjevo.de\/wordpress\/#\/schema\/person\/4fbd0cc7a0227a72529b76aeed6571e4"},"breadcrumb":{"@id":"https:\/\/www.freundschaft-mit-valjevo.de\/wordpress\/eu-parlament-wahlen\/#breadcrumb"},"inLanguage":"de","potentialAction":[{"@type":"ReadAction","target":["https:\/\/www.freundschaft-mit-valjevo.de\/wordpress\/eu-parlament-wahlen\/"]}]},{"@type":"BreadcrumbList","@id":"https:\/\/www.freundschaft-mit-valjevo.de\/wordpress\/eu-parlament-wahlen\/#breadcrumb","itemListElement":[{"@type":"ListItem","position":1,"name":"Startseite","item":"https:\/\/www.freundschaft-mit-valjevo.de\/wordpress\/"},{"@type":"ListItem","position":2,"name":"EU-Parlament-Wahlen"}]},{"@type":"WebSite","@id":"https:\/\/www.freundschaft-mit-valjevo.de\/wordpress\/#website","url":"https:\/\/www.freundschaft-mit-valjevo.de\/wordpress\/","name":"Freundschaft mit Valjevo e.V.","description":"F\u00fcr Frieden, Freundschaft und V\u00f6lkerverst\u00e4ndigung","potentialAction":[{"@type":"SearchAction","target":{"@type":"EntryPoint","urlTemplate":"https:\/\/www.freundschaft-mit-valjevo.de\/wordpress\/?s={search_term_string}"},"query-input":{"@type":"PropertyValueSpecification","valueRequired":true,"valueName":"search_term_string"}}],"inLanguage":"de"},{"@type":"Person","@id":"https:\/\/www.freundschaft-mit-valjevo.de\/wordpress\/#\/schema\/person\/4fbd0cc7a0227a72529b76aeed6571e4","name":"admin-z","image":{"@type":"ImageObject","inLanguage":"de","@id":"https:\/\/secure.gravatar.com\/avatar\/e180e5c39bf8c56d773eb854294072b2fec4a0a0f052f70a3cdaf696f943716d?s=96&d=mm&r=g","url":"https:\/\/secure.gravatar.com\/avatar\/e180e5c39bf8c56d773eb854294072b2fec4a0a0f052f70a3cdaf696f943716d?s=96&d=mm&r=g","contentUrl":"https:\/\/secure.gravatar.com\/avatar\/e180e5c39bf8c56d773eb854294072b2fec4a0a0f052f70a3cdaf696f943716d?s=96&d=mm&r=g","caption":"admin-z"}}]}},"_links":{"self":[{"href":"https:\/\/www.freundschaft-mit-valjevo.de\/wordpress\/wp-json\/wp\/v2\/posts\/2254","targetHints":{"allow":["GET"]}}],"collection":[{"href":"https:\/\/www.freundschaft-mit-valjevo.de\/wordpress\/wp-json\/wp\/v2\/posts"}],"about":[{"href":"https:\/\/www.freundschaft-mit-valjevo.de\/wordpress\/wp-json\/wp\/v2\/types\/post"}],"author":[{"embeddable":true,"href":"https:\/\/www.freundschaft-mit-valjevo.de\/wordpress\/wp-json\/wp\/v2\/users\/2"}],"replies":[{"embeddable":true,"href":"https:\/\/www.freundschaft-mit-valjevo.de\/wordpress\/wp-json\/wp\/v2\/comments?post=2254"}],"version-history":[{"count":1,"href":"https:\/\/www.freundschaft-mit-valjevo.de\/wordpress\/wp-json\/wp\/v2\/posts\/2254\/revisions"}],"predecessor-version":[{"id":2255,"href":"https:\/\/www.freundschaft-mit-valjevo.de\/wordpress\/wp-json\/wp\/v2\/posts\/2254\/revisions\/2255"}],"wp:attachment":[{"href":"https:\/\/www.freundschaft-mit-valjevo.de\/wordpress\/wp-json\/wp\/v2\/media?parent=2254"}],"wp:term":[{"taxonomy":"category","embeddable":true,"href":"https:\/\/www.freundschaft-mit-valjevo.de\/wordpress\/wp-json\/wp\/v2\/categories?post=2254"},{"taxonomy":"post_tag","embeddable":true,"href":"https:\/\/www.freundschaft-mit-valjevo.de\/wordpress\/wp-json\/wp\/v2\/tags?post=2254"}],"curies":[{"name":"wp","href":"https:\/\/api.w.org\/{rel}","templated":true}]}}