{"id":2256,"date":"2024-07-02T13:51:24","date_gmt":"2024-07-02T13:51:24","guid":{"rendered":"http:\/\/www.freundschaft-mit-valjevo.de\/wordpress\/?p=2256"},"modified":"2024-07-02T13:51:25","modified_gmt":"2024-07-02T13:51:25","slug":"schuelergruppe-und-schulchor-aus-valjevo-besuchen-pfaffenhofen","status":"publish","type":"post","link":"https:\/\/www.freundschaft-mit-valjevo.de\/wordpress\/schuelergruppe-und-schulchor-aus-valjevo-besuchen-pfaffenhofen\/","title":{"rendered":"Sch\u00fclergruppe und Schulchor aus Valjevo besuchen Pfaffenhofen"},"content":{"rendered":"\n<p>Auch in diesem Jahr hat unser Verein eine Sch\u00fclergruppe aus der serbischen&nbsp; Stadt Valjevo nach Pfaffenhofen eingeladen. Die Jugendlichen&nbsp; werden vom <strong>Sonntag, den 7. Juli, an f\u00fcr eine ganze Woche unsere G\u00e4ste sein und bei Familien in unserer Stadt wohnen.<\/strong> Die Besonderheit in diesem Jahr: Zusammen mit dieser Gruppe kommt auch ein Chor des Gymnasiums von Valjevo und wird am Sommerkonzert des Pfaffenhofener Schyren-Gymnasiums mitwirken..<\/p>\n\n\n\n<p>Wie in den Vorjahren haben wir f\u00fcr unsere G\u00e4ste ein informatives und abwechslungsreiches Programm vorbereitet. Dazu geh\u00f6ren Besuche in Schulen, Lehrwerkst\u00e4tten und Betrieben, Begegnungen mit \u00f6rtlichen Politikern und Jugendlichen, die Teilnahme an kulturellen Veranstaltungen und Konzerten, sowie Tagesausfl\u00fcge u.a. nach M\u00fcnchen und N\u00fcrnberg.<\/p>\n\n\n\n<p>Gemeinsame Termine beider Gruppen:<br><strong>Dienstag, 9.Juli, 19 Uhr:<br><\/strong>Serbisches Fest im Evangelischen Gemeindezentrum.<br>Joseph-Maria-lutz-Str. 1, 85276 Pfaffenhofen<br><strong>Mittwoch, 10. Juli, 19 Uhr 30:<br><\/strong>Sommerkonzert am Schyren-Gymnasium<br>Niederscheyerer Str. 4, 85276 Pfaffenhofen<br><strong>Donnerstag, 11. Juli<br><\/strong>Tagesausflug nach M\u00fcnchen mit Stadtf\u00fchrung<\/p>\n\n\n\n<p><strong>Unser 1. B\u00fcrgermeister Thomas Herker wird unsere G\u00e4ste am Mittwoch, den 10. Juli, 9 Uhr, im Rathaus von Pfaffenhofen, empfange<\/strong>n.&nbsp;<\/p>\n","protected":false},"excerpt":{"rendered":"<p>Auch in diesem Jahr hat unser Verein eine Sch\u00fclergruppe aus der serbischen&nbsp; Stadt Valjevo nach Pfaffenhofen eingeladen. Die Jugendlichen&nbsp; werden vom Sonntag, den 7. Juli,&#8230;<\/p>\n<div class=\"more-link-wrapper\"><a class=\"more-link\" href=\"https:\/\/www.freundschaft-mit-valjevo.de\/wordpress\/schuelergruppe-und-schulchor-aus-valjevo-besuchen-pfaffenhofen\/\">Weiterlesen<span class=\"screen-reader-text\">Sch\u00fclergruppe und Schulchor aus Valjevo besuchen Pfaffenhofen<\/span><\/a><\/div>\n","protected":false},"author":2,"featured_media":2257,"comment_status":"closed","ping_status":"closed","sticky":false,"template":"","format":"standard","meta":{"footnotes":""},"categories":[1],"tags":[],"class_list":["post-2256","post","type-post","status-publish","format-standard","has-post-thumbnail","hentry","category-allgemein","entry"],"yoast_head":"<!-- This site is optimized with the Yoast SEO plugin v27.4 - https:\/\/yoast.com\/product\/yoast-seo-wordpress\/ -->\n<title>Sch\u00fclergruppe und Schulchor aus Valjevo besuchen Pfaffenhofen - Freundschaft mit Valjevo e.V.<\/title>\n<meta name=\"robots\" content=\"index, follow, max-snippet:-1, max-image-preview:large, max-video-preview:-1\" \/>\n<link rel=\"canonical\" href=\"https:\/\/www.freundschaft-mit-valjevo.de\/wordpress\/schuelergruppe-und-schulchor-aus-valjevo-besuchen-pfaffenhofen\/\" \/>\n<meta property=\"og:locale\" content=\"de_DE\" \/>\n<meta property=\"og:type\" content=\"article\" \/>\n<meta property=\"og:title\" content=\"Sch\u00fclergruppe und Schulchor aus Valjevo besuchen Pfaffenhofen - Freundschaft mit Valjevo e.V.\" \/>\n<meta property=\"og:description\" content=\"Auch in diesem Jahr hat unser Verein eine Sch\u00fclergruppe aus der serbischen&nbsp; Stadt Valjevo nach Pfaffenhofen eingeladen. Die Jugendlichen&nbsp; werden vom Sonntag, den 7. Juli,&#8230;\" \/>\n<meta property=\"og:url\" content=\"https:\/\/www.freundschaft-mit-valjevo.de\/wordpress\/schuelergruppe-und-schulchor-aus-valjevo-besuchen-pfaffenhofen\/\" \/>\n<meta property=\"og:site_name\" content=\"Freundschaft mit Valjevo e.V.\" \/>\n<meta property=\"article:published_time\" content=\"2024-07-02T13:51:24+00:00\" \/>\n<meta property=\"article:modified_time\" content=\"2024-07-02T13:51:25+00:00\" \/>\n<meta property=\"og:image\" content=\"https:\/\/www.freundschaft-mit-valjevo.de\/wordpress\/wp-content\/uploads\/2024\/07\/Schuelergruppe-2024-scaled.jpeg\" \/>\n\t<meta property=\"og:image:width\" content=\"2560\" \/>\n\t<meta property=\"og:image:height\" content=\"1920\" \/>\n\t<meta property=\"og:image:type\" content=\"image\/jpeg\" \/>\n<meta name=\"author\" content=\"admin-z\" \/>\n<meta name=\"twitter:card\" content=\"summary_large_image\" \/>\n<meta name=\"twitter:label1\" content=\"Verfasst von\" \/>\n\t<meta name=\"twitter:data1\" content=\"admin-z\" \/>\n\t<meta name=\"twitter:label2\" content=\"Gesch\u00e4tzte Lesezeit\" \/>\n\t<meta name=\"twitter:data2\" content=\"1\u00a0Minute\" \/>\n<script type=\"application\/ld+json\" class=\"yoast-schema-graph\">{\"@context\":\"https:\\\/\\\/schema.org\",\"@graph\":[{\"@type\":\"Article\",\"@id\":\"https:\\\/\\\/www.freundschaft-mit-valjevo.de\\\/wordpress\\\/schuelergruppe-und-schulchor-aus-valjevo-besuchen-pfaffenhofen\\\/#article\",\"isPartOf\":{\"@id\":\"https:\\\/\\\/www.freundschaft-mit-valjevo.de\\\/wordpress\\\/schuelergruppe-und-schulchor-aus-valjevo-besuchen-pfaffenhofen\\\/\"},\"author\":{\"name\":\"admin-z\",\"@id\":\"https:\\\/\\\/www.freundschaft-mit-valjevo.de\\\/wordpress\\\/#\\\/schema\\\/person\\\/4fbd0cc7a0227a72529b76aeed6571e4\"},\"headline\":\"Sch\u00fclergruppe und Schulchor aus Valjevo besuchen Pfaffenhofen\",\"datePublished\":\"2024-07-02T13:51:24+00:00\",\"dateModified\":\"2024-07-02T13:51:25+00:00\",\"mainEntityOfPage\":{\"@id\":\"https:\\\/\\\/www.freundschaft-mit-valjevo.de\\\/wordpress\\\/schuelergruppe-und-schulchor-aus-valjevo-besuchen-pfaffenhofen\\\/\"},\"wordCount\":179,\"image\":{\"@id\":\"https:\\\/\\\/www.freundschaft-mit-valjevo.de\\\/wordpress\\\/schuelergruppe-und-schulchor-aus-valjevo-besuchen-pfaffenhofen\\\/#primaryimage\"},\"thumbnailUrl\":\"https:\\\/\\\/www.freundschaft-mit-valjevo.de\\\/wordpress\\\/wp-content\\\/uploads\\\/2024\\\/07\\\/Schuelergruppe-2024-scaled.jpeg\",\"inLanguage\":\"de\"},{\"@type\":\"WebPage\",\"@id\":\"https:\\\/\\\/www.freundschaft-mit-valjevo.de\\\/wordpress\\\/schuelergruppe-und-schulchor-aus-valjevo-besuchen-pfaffenhofen\\\/\",\"url\":\"https:\\\/\\\/www.freundschaft-mit-valjevo.de\\\/wordpress\\\/schuelergruppe-und-schulchor-aus-valjevo-besuchen-pfaffenhofen\\\/\",\"name\":\"Sch\u00fclergruppe und Schulchor aus Valjevo besuchen Pfaffenhofen - Freundschaft mit Valjevo e.V.\",\"isPartOf\":{\"@id\":\"https:\\\/\\\/www.freundschaft-mit-valjevo.de\\\/wordpress\\\/#website\"},\"primaryImageOfPage\":{\"@id\":\"https:\\\/\\\/www.freundschaft-mit-valjevo.de\\\/wordpress\\\/schuelergruppe-und-schulchor-aus-valjevo-besuchen-pfaffenhofen\\\/#primaryimage\"},\"image\":{\"@id\":\"https:\\\/\\\/www.freundschaft-mit-valjevo.de\\\/wordpress\\\/schuelergruppe-und-schulchor-aus-valjevo-besuchen-pfaffenhofen\\\/#primaryimage\"},\"thumbnailUrl\":\"https:\\\/\\\/www.freundschaft-mit-valjevo.de\\\/wordpress\\\/wp-content\\\/uploads\\\/2024\\\/07\\\/Schuelergruppe-2024-scaled.jpeg\",\"datePublished\":\"2024-07-02T13:51:24+00:00\",\"dateModified\":\"2024-07-02T13:51:25+00:00\",\"author\":{\"@id\":\"https:\\\/\\\/www.freundschaft-mit-valjevo.de\\\/wordpress\\\/#\\\/schema\\\/person\\\/4fbd0cc7a0227a72529b76aeed6571e4\"},\"breadcrumb\":{\"@id\":\"https:\\\/\\\/www.freundschaft-mit-valjevo.de\\\/wordpress\\\/schuelergruppe-und-schulchor-aus-valjevo-besuchen-pfaffenhofen\\\/#breadcrumb\"},\"inLanguage\":\"de\",\"potentialAction\":[{\"@type\":\"ReadAction\",\"target\":[\"https:\\\/\\\/www.freundschaft-mit-valjevo.de\\\/wordpress\\\/schuelergruppe-und-schulchor-aus-valjevo-besuchen-pfaffenhofen\\\/\"]}]},{\"@type\":\"ImageObject\",\"inLanguage\":\"de\",\"@id\":\"https:\\\/\\\/www.freundschaft-mit-valjevo.de\\\/wordpress\\\/schuelergruppe-und-schulchor-aus-valjevo-besuchen-pfaffenhofen\\\/#primaryimage\",\"url\":\"https:\\\/\\\/www.freundschaft-mit-valjevo.de\\\/wordpress\\\/wp-content\\\/uploads\\\/2024\\\/07\\\/Schuelergruppe-2024-scaled.jpeg\",\"contentUrl\":\"https:\\\/\\\/www.freundschaft-mit-valjevo.de\\\/wordpress\\\/wp-content\\\/uploads\\\/2024\\\/07\\\/Schuelergruppe-2024-scaled.jpeg\",\"width\":2560,\"height\":1920},{\"@type\":\"BreadcrumbList\",\"@id\":\"https:\\\/\\\/www.freundschaft-mit-valjevo.de\\\/wordpress\\\/schuelergruppe-und-schulchor-aus-valjevo-besuchen-pfaffenhofen\\\/#breadcrumb\",\"itemListElement\":[{\"@type\":\"ListItem\",\"position\":1,\"name\":\"Startseite\",\"item\":\"https:\\\/\\\/www.freundschaft-mit-valjevo.de\\\/wordpress\\\/\"},{\"@type\":\"ListItem\",\"position\":2,\"name\":\"Sch\u00fclergruppe und Schulchor aus Valjevo besuchen Pfaffenhofen\"}]},{\"@type\":\"WebSite\",\"@id\":\"https:\\\/\\\/www.freundschaft-mit-valjevo.de\\\/wordpress\\\/#website\",\"url\":\"https:\\\/\\\/www.freundschaft-mit-valjevo.de\\\/wordpress\\\/\",\"name\":\"Freundschaft mit Valjevo e.V.\",\"description\":\"F\u00fcr Frieden, Freundschaft und V\u00f6lkerverst\u00e4ndigung\",\"potentialAction\":[{\"@type\":\"SearchAction\",\"target\":{\"@type\":\"EntryPoint\",\"urlTemplate\":\"https:\\\/\\\/www.freundschaft-mit-valjevo.de\\\/wordpress\\\/?s={search_term_string}\"},\"query-input\":{\"@type\":\"PropertyValueSpecification\",\"valueRequired\":true,\"valueName\":\"search_term_string\"}}],\"inLanguage\":\"de\"},{\"@type\":\"Person\",\"@id\":\"https:\\\/\\\/www.freundschaft-mit-valjevo.de\\\/wordpress\\\/#\\\/schema\\\/person\\\/4fbd0cc7a0227a72529b76aeed6571e4\",\"name\":\"admin-z\",\"image\":{\"@type\":\"ImageObject\",\"inLanguage\":\"de\",\"@id\":\"https:\\\/\\\/secure.gravatar.com\\\/avatar\\\/e180e5c39bf8c56d773eb854294072b2fec4a0a0f052f70a3cdaf696f943716d?s=96&d=mm&r=g\",\"url\":\"https:\\\/\\\/secure.gravatar.com\\\/avatar\\\/e180e5c39bf8c56d773eb854294072b2fec4a0a0f052f70a3cdaf696f943716d?s=96&d=mm&r=g\",\"contentUrl\":\"https:\\\/\\\/secure.gravatar.com\\\/avatar\\\/e180e5c39bf8c56d773eb854294072b2fec4a0a0f052f70a3cdaf696f943716d?s=96&d=mm&r=g\",\"caption\":\"admin-z\"}}]}<\/script>\n<!-- \/ Yoast SEO plugin. -->","yoast_head_json":{"title":"Sch\u00fclergruppe und Schulchor aus Valjevo besuchen Pfaffenhofen - Freundschaft mit Valjevo e.V.","robots":{"index":"index","follow":"follow","max-snippet":"max-snippet:-1","max-image-preview":"max-image-preview:large","max-video-preview":"max-video-preview:-1"},"canonical":"https:\/\/www.freundschaft-mit-valjevo.de\/wordpress\/schuelergruppe-und-schulchor-aus-valjevo-besuchen-pfaffenhofen\/","og_locale":"de_DE","og_type":"article","og_title":"Sch\u00fclergruppe und Schulchor aus Valjevo besuchen Pfaffenhofen - Freundschaft mit Valjevo e.V.","og_description":"Auch in diesem Jahr hat unser Verein eine Sch\u00fclergruppe aus der serbischen&nbsp; Stadt Valjevo nach Pfaffenhofen eingeladen. Die Jugendlichen&nbsp; werden vom Sonntag, den 7. Juli,&#8230;","og_url":"https:\/\/www.freundschaft-mit-valjevo.de\/wordpress\/schuelergruppe-und-schulchor-aus-valjevo-besuchen-pfaffenhofen\/","og_site_name":"Freundschaft mit Valjevo e.V.","article_published_time":"2024-07-02T13:51:24+00:00","article_modified_time":"2024-07-02T13:51:25+00:00","og_image":[{"width":2560,"height":1920,"url":"https:\/\/www.freundschaft-mit-valjevo.de\/wordpress\/wp-content\/uploads\/2024\/07\/Schuelergruppe-2024-scaled.jpeg","type":"image\/jpeg"}],"author":"admin-z","twitter_card":"summary_large_image","twitter_misc":{"Verfasst von":"admin-z","Gesch\u00e4tzte Lesezeit":"1\u00a0Minute"},"schema":{"@context":"https:\/\/schema.org","@graph":[{"@type":"Article","@id":"https:\/\/www.freundschaft-mit-valjevo.de\/wordpress\/schuelergruppe-und-schulchor-aus-valjevo-besuchen-pfaffenhofen\/#article","isPartOf":{"@id":"https:\/\/www.freundschaft-mit-valjevo.de\/wordpress\/schuelergruppe-und-schulchor-aus-valjevo-besuchen-pfaffenhofen\/"},"author":{"name":"admin-z","@id":"https:\/\/www.freundschaft-mit-valjevo.de\/wordpress\/#\/schema\/person\/4fbd0cc7a0227a72529b76aeed6571e4"},"headline":"Sch\u00fclergruppe und Schulchor aus Valjevo besuchen Pfaffenhofen","datePublished":"2024-07-02T13:51:24+00:00","dateModified":"2024-07-02T13:51:25+00:00","mainEntityOfPage":{"@id":"https:\/\/www.freundschaft-mit-valjevo.de\/wordpress\/schuelergruppe-und-schulchor-aus-valjevo-besuchen-pfaffenhofen\/"},"wordCount":179,"image":{"@id":"https:\/\/www.freundschaft-mit-valjevo.de\/wordpress\/schuelergruppe-und-schulchor-aus-valjevo-besuchen-pfaffenhofen\/#primaryimage"},"thumbnailUrl":"https:\/\/www.freundschaft-mit-valjevo.de\/wordpress\/wp-content\/uploads\/2024\/07\/Schuelergruppe-2024-scaled.jpeg","inLanguage":"de"},{"@type":"WebPage","@id":"https:\/\/www.freundschaft-mit-valjevo.de\/wordpress\/schuelergruppe-und-schulchor-aus-valjevo-besuchen-pfaffenhofen\/","url":"https:\/\/www.freundschaft-mit-valjevo.de\/wordpress\/schuelergruppe-und-schulchor-aus-valjevo-besuchen-pfaffenhofen\/","name":"Sch\u00fclergruppe und Schulchor aus Valjevo besuchen Pfaffenhofen - Freundschaft mit Valjevo e.V.","isPartOf":{"@id":"https:\/\/www.freundschaft-mit-valjevo.de\/wordpress\/#website"},"primaryImageOfPage":{"@id":"https:\/\/www.freundschaft-mit-valjevo.de\/wordpress\/schuelergruppe-und-schulchor-aus-valjevo-besuchen-pfaffenhofen\/#primaryimage"},"image":{"@id":"https:\/\/www.freundschaft-mit-valjevo.de\/wordpress\/schuelergruppe-und-schulchor-aus-valjevo-besuchen-pfaffenhofen\/#primaryimage"},"thumbnailUrl":"https:\/\/www.freundschaft-mit-valjevo.de\/wordpress\/wp-content\/uploads\/2024\/07\/Schuelergruppe-2024-scaled.jpeg","datePublished":"2024-07-02T13:51:24+00:00","dateModified":"2024-07-02T13:51:25+00:00","author":{"@id":"https:\/\/www.freundschaft-mit-valjevo.de\/wordpress\/#\/schema\/person\/4fbd0cc7a0227a72529b76aeed6571e4"},"breadcrumb":{"@id":"https:\/\/www.freundschaft-mit-valjevo.de\/wordpress\/schuelergruppe-und-schulchor-aus-valjevo-besuchen-pfaffenhofen\/#breadcrumb"},"inLanguage":"de","potentialAction":[{"@type":"ReadAction","target":["https:\/\/www.freundschaft-mit-valjevo.de\/wordpress\/schuelergruppe-und-schulchor-aus-valjevo-besuchen-pfaffenhofen\/"]}]},{"@type":"ImageObject","inLanguage":"de","@id":"https:\/\/www.freundschaft-mit-valjevo.de\/wordpress\/schuelergruppe-und-schulchor-aus-valjevo-besuchen-pfaffenhofen\/#primaryimage","url":"https:\/\/www.freundschaft-mit-valjevo.de\/wordpress\/wp-content\/uploads\/2024\/07\/Schuelergruppe-2024-scaled.jpeg","contentUrl":"https:\/\/www.freundschaft-mit-valjevo.de\/wordpress\/wp-content\/uploads\/2024\/07\/Schuelergruppe-2024-scaled.jpeg","width":2560,"height":1920},{"@type":"BreadcrumbList","@id":"https:\/\/www.freundschaft-mit-valjevo.de\/wordpress\/schuelergruppe-und-schulchor-aus-valjevo-besuchen-pfaffenhofen\/#breadcrumb","itemListElement":[{"@type":"ListItem","position":1,"name":"Startseite","item":"https:\/\/www.freundschaft-mit-valjevo.de\/wordpress\/"},{"@type":"ListItem","position":2,"name":"Sch\u00fclergruppe und Schulchor aus Valjevo besuchen Pfaffenhofen"}]},{"@type":"WebSite","@id":"https:\/\/www.freundschaft-mit-valjevo.de\/wordpress\/#website","url":"https:\/\/www.freundschaft-mit-valjevo.de\/wordpress\/","name":"Freundschaft mit Valjevo e.V.","description":"F\u00fcr Frieden, Freundschaft und V\u00f6lkerverst\u00e4ndigung","potentialAction":[{"@type":"SearchAction","target":{"@type":"EntryPoint","urlTemplate":"https:\/\/www.freundschaft-mit-valjevo.de\/wordpress\/?s={search_term_string}"},"query-input":{"@type":"PropertyValueSpecification","valueRequired":true,"valueName":"search_term_string"}}],"inLanguage":"de"},{"@type":"Person","@id":"https:\/\/www.freundschaft-mit-valjevo.de\/wordpress\/#\/schema\/person\/4fbd0cc7a0227a72529b76aeed6571e4","name":"admin-z","image":{"@type":"ImageObject","inLanguage":"de","@id":"https:\/\/secure.gravatar.com\/avatar\/e180e5c39bf8c56d773eb854294072b2fec4a0a0f052f70a3cdaf696f943716d?s=96&d=mm&r=g","url":"https:\/\/secure.gravatar.com\/avatar\/e180e5c39bf8c56d773eb854294072b2fec4a0a0f052f70a3cdaf696f943716d?s=96&d=mm&r=g","contentUrl":"https:\/\/secure.gravatar.com\/avatar\/e180e5c39bf8c56d773eb854294072b2fec4a0a0f052f70a3cdaf696f943716d?s=96&d=mm&r=g","caption":"admin-z"}}]}},"_links":{"self":[{"href":"https:\/\/www.freundschaft-mit-valjevo.de\/wordpress\/wp-json\/wp\/v2\/posts\/2256","targetHints":{"allow":["GET"]}}],"collection":[{"href":"https:\/\/www.freundschaft-mit-valjevo.de\/wordpress\/wp-json\/wp\/v2\/posts"}],"about":[{"href":"https:\/\/www.freundschaft-mit-valjevo.de\/wordpress\/wp-json\/wp\/v2\/types\/post"}],"author":[{"embeddable":true,"href":"https:\/\/www.freundschaft-mit-valjevo.de\/wordpress\/wp-json\/wp\/v2\/users\/2"}],"replies":[{"embeddable":true,"href":"https:\/\/www.freundschaft-mit-valjevo.de\/wordpress\/wp-json\/wp\/v2\/comments?post=2256"}],"version-history":[{"count":1,"href":"https:\/\/www.freundschaft-mit-valjevo.de\/wordpress\/wp-json\/wp\/v2\/posts\/2256\/revisions"}],"predecessor-version":[{"id":2258,"href":"https:\/\/www.freundschaft-mit-valjevo.de\/wordpress\/wp-json\/wp\/v2\/posts\/2256\/revisions\/2258"}],"wp:featuredmedia":[{"embeddable":true,"href":"https:\/\/www.freundschaft-mit-valjevo.de\/wordpress\/wp-json\/wp\/v2\/media\/2257"}],"wp:attachment":[{"href":"https:\/\/www.freundschaft-mit-valjevo.de\/wordpress\/wp-json\/wp\/v2\/media?parent=2256"}],"wp:term":[{"taxonomy":"category","embeddable":true,"href":"https:\/\/www.freundschaft-mit-valjevo.de\/wordpress\/wp-json\/wp\/v2\/categories?post=2256"},{"taxonomy":"post_tag","embeddable":true,"href":"https:\/\/www.freundschaft-mit-valjevo.de\/wordpress\/wp-json\/wp\/v2\/tags?post=2256"}],"curies":[{"name":"wp","href":"https:\/\/api.w.org\/{rel}","templated":true}]}}