{"id":2263,"date":"2024-07-30T16:09:52","date_gmt":"2024-07-30T16:09:52","guid":{"rendered":"http:\/\/www.freundschaft-mit-valjevo.de\/wordpress\/?p=2263"},"modified":"2024-07-30T16:13:08","modified_gmt":"2024-07-30T16:13:08","slug":"serbische-schueler-begeistert-von-unserer-stadt","status":"publish","type":"post","link":"https:\/\/www.freundschaft-mit-valjevo.de\/wordpress\/serbische-schueler-begeistert-von-unserer-stadt\/","title":{"rendered":"Serbische Sch\u00fcler begeistert von unserer Stadt"},"content":{"rendered":"\n<p><strong>Herzliche Betreuung durch Pfaffenhofener Familien<\/strong><\/p>\n\n\n\n<p>Seit dem Jahr 2000 hat unser Verein \u201eFreundschaft mit Valjevo e.V.\u201c jedes Jahr eine Sch\u00fclergruppe aus der serbischen Stadt Valjevo f\u00fcr eine Woche nach Pfaffenhofen eingeladen. In diesem Jahr war es die 25. Gruppe! Begleitet wurde sie von einem Chor des Valjevsker Gymnasiums, der das \u00a0 Sommerkonzert unseres \u00f6rtlichen Schyren-Gymnasiums mitgestaltet hat.<\/p>\n\n\n<div class=\"wp-block-image\">\n<figure class=\"aligncenter size-large\"><a href=\"https:\/\/www.freundschaft-mit-valjevo.de\/wordpress\/wp-content\/uploads\/2024\/07\/Schueler-2024-Bayernwerk-scaled.jpg\"><img loading=\"lazy\" decoding=\"async\" width=\"700\" height=\"394\" src=\"https:\/\/www.freundschaft-mit-valjevo.de\/wordpress\/wp-content\/uploads\/2024\/07\/Schueler-2024-Bayernwerk-700x394.jpg\" alt=\"\" class=\"wp-image-2266\" srcset=\"https:\/\/www.freundschaft-mit-valjevo.de\/wordpress\/wp-content\/uploads\/2024\/07\/Schueler-2024-Bayernwerk-700x394.jpg 700w, https:\/\/www.freundschaft-mit-valjevo.de\/wordpress\/wp-content\/uploads\/2024\/07\/Schueler-2024-Bayernwerk-300x169.jpg 300w, https:\/\/www.freundschaft-mit-valjevo.de\/wordpress\/wp-content\/uploads\/2024\/07\/Schueler-2024-Bayernwerk-768x432.jpg 768w, https:\/\/www.freundschaft-mit-valjevo.de\/wordpress\/wp-content\/uploads\/2024\/07\/Schueler-2024-Bayernwerk-1536x864.jpg 1536w, https:\/\/www.freundschaft-mit-valjevo.de\/wordpress\/wp-content\/uploads\/2024\/07\/Schueler-2024-Bayernwerk-2048x1153.jpg 2048w\" sizes=\"auto, (max-width: 700px) 100vw, 700px\" \/><\/a><\/figure>\n<\/div>\n\n\n<p>Es war ein sehr informatives Programm, das wir f\u00fcr die Jugendlichen aus Valjevo vorbereitet hatte. Untergebracht bei Familien in unserer Stadt sollte es ihnen die M\u00f6glichkeit geben, ihre Deutschkenntnisse zu erweitern und einen Einblick in das Leben in unserer Region und unserem Land zu bekommen. Bei einem Empfang im Rathaus informierte sie B\u00fcrgermeister Thomas Herker \u00fcber die Geschichte unserer Stadt und die Aufgaben vor der sie heute steht, um ihre weitere erfolgreiche und nachhaltige Entwicklung auch f\u00fcr die Zukunft zu sichern. Bei einem Vormittag im Unterricht am Schyren-Gymnasium und bei einem Besuch im Ausbildungszentrum des Bayernwerkes konnten sie viel Wissenswertes \u00fcber unser Schulsystem und die Berufsausbildung am Beispiel von Elektronikern und Mechatronikern erfahren. Besonders beeindruckt waren die Sch\u00fcler von unserem Lebzelter- und Wachszieherei -Museum. Dort erl\u00e4uterte ihnen Hans Hipp die handwerkliche Herstellung von Kerzen und Votivgaben, mit denen sich in fr\u00fcheren Zeiten die Gl\u00e4ubigen bei Gott und den Heiligen f\u00fcr die Erf\u00fcllung dringender W\u00fcnsche wie einer Heilung bedankten. Ein H\u00f6hepunkt f\u00fcr unsere G\u00e4ste war das Sommerkonzert im Schyren-Gymnasium, Der Chor aus Valjevo und ihr Leiter Tomic erhieltem f\u00fcr ihre Lieder gro\u00dfen Beifall. Tagesausfl\u00fcge nach M\u00fcnchen und N\u00fcrnberg mit einem Besuch des Albrecht-D\u00fcrer-Hauses und der Besichtigung der Kaiserburg rundeten das Programm ab. Dabei kamen Freizeit und Entspannung mit mehreren Nachmittagen im Pfaffenhofener Freibad, einem \u201eserbischen\u201c Fest im Evangelischen Gemeindezentrum und einem Minigolfturnier in Jetzendorf nicht zu kurz.<\/p>\n\n\n<div class=\"wp-block-image\">\n<figure class=\"aligncenter size-large\"><a href=\"https:\/\/www.freundschaft-mit-valjevo.de\/wordpress\/wp-content\/uploads\/2024\/07\/Schueler-2024-Hans-Hipp-.jpg\"><img loading=\"lazy\" decoding=\"async\" width=\"700\" height=\"467\" src=\"https:\/\/www.freundschaft-mit-valjevo.de\/wordpress\/wp-content\/uploads\/2024\/07\/Schueler-2024-Hans-Hipp--700x467.jpg\" alt=\"\" class=\"wp-image-2268\" srcset=\"https:\/\/www.freundschaft-mit-valjevo.de\/wordpress\/wp-content\/uploads\/2024\/07\/Schueler-2024-Hans-Hipp--700x467.jpg 700w, https:\/\/www.freundschaft-mit-valjevo.de\/wordpress\/wp-content\/uploads\/2024\/07\/Schueler-2024-Hans-Hipp--300x200.jpg 300w, https:\/\/www.freundschaft-mit-valjevo.de\/wordpress\/wp-content\/uploads\/2024\/07\/Schueler-2024-Hans-Hipp--768x512.jpg 768w, https:\/\/www.freundschaft-mit-valjevo.de\/wordpress\/wp-content\/uploads\/2024\/07\/Schueler-2024-Hans-Hipp-.jpg 1079w\" sizes=\"auto, (max-width: 700px) 100vw, 700px\" \/><\/a><\/figure>\n<\/div>\n\n\n<p>M\u00f6glich war die Besuch der Sch\u00fclergruppe und des Chors des Valjevsker Gymnasiums letztlich nur, weil sich gen\u00fcgend Familien gefunden hatten, die f\u00fcr ihre Unterbringung und vorbildliche Betreuung sorgten. Ein Beweis, welche hohe Bedeutung in unserer Stadt dem Gedanken der V\u00f6lkerverst\u00e4ndigung beigemessen wird.<\/p>\n\n\n\n<p><\/p>\n","protected":false},"excerpt":{"rendered":"<p>Herzliche Betreuung durch Pfaffenhofener Familien Seit dem Jahr 2000 hat unser Verein \u201eFreundschaft mit Valjevo e.V.\u201c jedes Jahr eine Sch\u00fclergruppe aus der serbischen Stadt Valjevo&#8230;<\/p>\n<div class=\"more-link-wrapper\"><a class=\"more-link\" href=\"https:\/\/www.freundschaft-mit-valjevo.de\/wordpress\/serbische-schueler-begeistert-von-unserer-stadt\/\">Weiterlesen<span class=\"screen-reader-text\">Serbische Sch\u00fcler begeistert von unserer Stadt<\/span><\/a><\/div>\n","protected":false},"author":2,"featured_media":2264,"comment_status":"closed","ping_status":"closed","sticky":false,"template":"","format":"standard","meta":{"footnotes":""},"categories":[1],"tags":[],"class_list":["post-2263","post","type-post","status-publish","format-standard","has-post-thumbnail","hentry","category-allgemein","entry"],"yoast_head":"<!-- This site is optimized with the Yoast SEO plugin v27.4 - https:\/\/yoast.com\/product\/yoast-seo-wordpress\/ -->\n<title>Serbische Sch\u00fcler begeistert von unserer Stadt - Freundschaft mit Valjevo e.V.<\/title>\n<meta name=\"robots\" content=\"index, follow, max-snippet:-1, max-image-preview:large, max-video-preview:-1\" \/>\n<link rel=\"canonical\" href=\"https:\/\/www.freundschaft-mit-valjevo.de\/wordpress\/serbische-schueler-begeistert-von-unserer-stadt\/\" \/>\n<meta property=\"og:locale\" content=\"de_DE\" \/>\n<meta property=\"og:type\" content=\"article\" \/>\n<meta property=\"og:title\" content=\"Serbische Sch\u00fcler begeistert von unserer Stadt - Freundschaft mit Valjevo e.V.\" \/>\n<meta property=\"og:description\" content=\"Herzliche Betreuung durch Pfaffenhofener Familien Seit dem Jahr 2000 hat unser Verein \u201eFreundschaft mit Valjevo e.V.\u201c jedes Jahr eine Sch\u00fclergruppe aus der serbischen Stadt Valjevo&#8230;\" \/>\n<meta property=\"og:url\" content=\"https:\/\/www.freundschaft-mit-valjevo.de\/wordpress\/serbische-schueler-begeistert-von-unserer-stadt\/\" \/>\n<meta property=\"og:site_name\" content=\"Freundschaft mit Valjevo e.V.\" \/>\n<meta property=\"article:published_time\" content=\"2024-07-30T16:09:52+00:00\" \/>\n<meta property=\"article:modified_time\" content=\"2024-07-30T16:13:08+00:00\" \/>\n<meta property=\"og:image\" content=\"https:\/\/www.freundschaft-mit-valjevo.de\/wordpress\/wp-content\/uploads\/2024\/07\/Schueler-2024-Buergermeister.jpeg\" \/>\n\t<meta property=\"og:image:width\" content=\"1101\" \/>\n\t<meta property=\"og:image:height\" content=\"703\" \/>\n\t<meta property=\"og:image:type\" content=\"image\/jpeg\" \/>\n<meta name=\"author\" content=\"admin-z\" \/>\n<meta name=\"twitter:card\" content=\"summary_large_image\" \/>\n<meta name=\"twitter:label1\" content=\"Verfasst von\" \/>\n\t<meta name=\"twitter:data1\" content=\"admin-z\" \/>\n\t<meta name=\"twitter:label2\" content=\"Gesch\u00e4tzte Lesezeit\" \/>\n\t<meta name=\"twitter:data2\" content=\"3\u00a0Minuten\" \/>\n<script type=\"application\/ld+json\" class=\"yoast-schema-graph\">{\"@context\":\"https:\\\/\\\/schema.org\",\"@graph\":[{\"@type\":\"Article\",\"@id\":\"https:\\\/\\\/www.freundschaft-mit-valjevo.de\\\/wordpress\\\/serbische-schueler-begeistert-von-unserer-stadt\\\/#article\",\"isPartOf\":{\"@id\":\"https:\\\/\\\/www.freundschaft-mit-valjevo.de\\\/wordpress\\\/serbische-schueler-begeistert-von-unserer-stadt\\\/\"},\"author\":{\"name\":\"admin-z\",\"@id\":\"https:\\\/\\\/www.freundschaft-mit-valjevo.de\\\/wordpress\\\/#\\\/schema\\\/person\\\/4fbd0cc7a0227a72529b76aeed6571e4\"},\"headline\":\"Serbische Sch\u00fcler begeistert von unserer Stadt\",\"datePublished\":\"2024-07-30T16:09:52+00:00\",\"dateModified\":\"2024-07-30T16:13:08+00:00\",\"mainEntityOfPage\":{\"@id\":\"https:\\\/\\\/www.freundschaft-mit-valjevo.de\\\/wordpress\\\/serbische-schueler-begeistert-von-unserer-stadt\\\/\"},\"wordCount\":358,\"image\":{\"@id\":\"https:\\\/\\\/www.freundschaft-mit-valjevo.de\\\/wordpress\\\/serbische-schueler-begeistert-von-unserer-stadt\\\/#primaryimage\"},\"thumbnailUrl\":\"https:\\\/\\\/www.freundschaft-mit-valjevo.de\\\/wordpress\\\/wp-content\\\/uploads\\\/2024\\\/07\\\/Schueler-2024-Buergermeister.jpeg\",\"inLanguage\":\"de\"},{\"@type\":\"WebPage\",\"@id\":\"https:\\\/\\\/www.freundschaft-mit-valjevo.de\\\/wordpress\\\/serbische-schueler-begeistert-von-unserer-stadt\\\/\",\"url\":\"https:\\\/\\\/www.freundschaft-mit-valjevo.de\\\/wordpress\\\/serbische-schueler-begeistert-von-unserer-stadt\\\/\",\"name\":\"Serbische Sch\u00fcler begeistert von unserer Stadt - Freundschaft mit Valjevo e.V.\",\"isPartOf\":{\"@id\":\"https:\\\/\\\/www.freundschaft-mit-valjevo.de\\\/wordpress\\\/#website\"},\"primaryImageOfPage\":{\"@id\":\"https:\\\/\\\/www.freundschaft-mit-valjevo.de\\\/wordpress\\\/serbische-schueler-begeistert-von-unserer-stadt\\\/#primaryimage\"},\"image\":{\"@id\":\"https:\\\/\\\/www.freundschaft-mit-valjevo.de\\\/wordpress\\\/serbische-schueler-begeistert-von-unserer-stadt\\\/#primaryimage\"},\"thumbnailUrl\":\"https:\\\/\\\/www.freundschaft-mit-valjevo.de\\\/wordpress\\\/wp-content\\\/uploads\\\/2024\\\/07\\\/Schueler-2024-Buergermeister.jpeg\",\"datePublished\":\"2024-07-30T16:09:52+00:00\",\"dateModified\":\"2024-07-30T16:13:08+00:00\",\"author\":{\"@id\":\"https:\\\/\\\/www.freundschaft-mit-valjevo.de\\\/wordpress\\\/#\\\/schema\\\/person\\\/4fbd0cc7a0227a72529b76aeed6571e4\"},\"breadcrumb\":{\"@id\":\"https:\\\/\\\/www.freundschaft-mit-valjevo.de\\\/wordpress\\\/serbische-schueler-begeistert-von-unserer-stadt\\\/#breadcrumb\"},\"inLanguage\":\"de\",\"potentialAction\":[{\"@type\":\"ReadAction\",\"target\":[\"https:\\\/\\\/www.freundschaft-mit-valjevo.de\\\/wordpress\\\/serbische-schueler-begeistert-von-unserer-stadt\\\/\"]}]},{\"@type\":\"ImageObject\",\"inLanguage\":\"de\",\"@id\":\"https:\\\/\\\/www.freundschaft-mit-valjevo.de\\\/wordpress\\\/serbische-schueler-begeistert-von-unserer-stadt\\\/#primaryimage\",\"url\":\"https:\\\/\\\/www.freundschaft-mit-valjevo.de\\\/wordpress\\\/wp-content\\\/uploads\\\/2024\\\/07\\\/Schueler-2024-Buergermeister.jpeg\",\"contentUrl\":\"https:\\\/\\\/www.freundschaft-mit-valjevo.de\\\/wordpress\\\/wp-content\\\/uploads\\\/2024\\\/07\\\/Schueler-2024-Buergermeister.jpeg\",\"width\":1101,\"height\":703},{\"@type\":\"BreadcrumbList\",\"@id\":\"https:\\\/\\\/www.freundschaft-mit-valjevo.de\\\/wordpress\\\/serbische-schueler-begeistert-von-unserer-stadt\\\/#breadcrumb\",\"itemListElement\":[{\"@type\":\"ListItem\",\"position\":1,\"name\":\"Startseite\",\"item\":\"https:\\\/\\\/www.freundschaft-mit-valjevo.de\\\/wordpress\\\/\"},{\"@type\":\"ListItem\",\"position\":2,\"name\":\"Serbische Sch\u00fcler begeistert von unserer Stadt\"}]},{\"@type\":\"WebSite\",\"@id\":\"https:\\\/\\\/www.freundschaft-mit-valjevo.de\\\/wordpress\\\/#website\",\"url\":\"https:\\\/\\\/www.freundschaft-mit-valjevo.de\\\/wordpress\\\/\",\"name\":\"Freundschaft mit Valjevo e.V.\",\"description\":\"F\u00fcr Frieden, Freundschaft und V\u00f6lkerverst\u00e4ndigung\",\"potentialAction\":[{\"@type\":\"SearchAction\",\"target\":{\"@type\":\"EntryPoint\",\"urlTemplate\":\"https:\\\/\\\/www.freundschaft-mit-valjevo.de\\\/wordpress\\\/?s={search_term_string}\"},\"query-input\":{\"@type\":\"PropertyValueSpecification\",\"valueRequired\":true,\"valueName\":\"search_term_string\"}}],\"inLanguage\":\"de\"},{\"@type\":\"Person\",\"@id\":\"https:\\\/\\\/www.freundschaft-mit-valjevo.de\\\/wordpress\\\/#\\\/schema\\\/person\\\/4fbd0cc7a0227a72529b76aeed6571e4\",\"name\":\"admin-z\",\"image\":{\"@type\":\"ImageObject\",\"inLanguage\":\"de\",\"@id\":\"https:\\\/\\\/secure.gravatar.com\\\/avatar\\\/e180e5c39bf8c56d773eb854294072b2fec4a0a0f052f70a3cdaf696f943716d?s=96&d=mm&r=g\",\"url\":\"https:\\\/\\\/secure.gravatar.com\\\/avatar\\\/e180e5c39bf8c56d773eb854294072b2fec4a0a0f052f70a3cdaf696f943716d?s=96&d=mm&r=g\",\"contentUrl\":\"https:\\\/\\\/secure.gravatar.com\\\/avatar\\\/e180e5c39bf8c56d773eb854294072b2fec4a0a0f052f70a3cdaf696f943716d?s=96&d=mm&r=g\",\"caption\":\"admin-z\"}}]}<\/script>\n<!-- \/ Yoast SEO plugin. -->","yoast_head_json":{"title":"Serbische Sch\u00fcler begeistert von unserer Stadt - Freundschaft mit Valjevo e.V.","robots":{"index":"index","follow":"follow","max-snippet":"max-snippet:-1","max-image-preview":"max-image-preview:large","max-video-preview":"max-video-preview:-1"},"canonical":"https:\/\/www.freundschaft-mit-valjevo.de\/wordpress\/serbische-schueler-begeistert-von-unserer-stadt\/","og_locale":"de_DE","og_type":"article","og_title":"Serbische Sch\u00fcler begeistert von unserer Stadt - Freundschaft mit Valjevo e.V.","og_description":"Herzliche Betreuung durch Pfaffenhofener Familien Seit dem Jahr 2000 hat unser Verein \u201eFreundschaft mit Valjevo e.V.\u201c jedes Jahr eine Sch\u00fclergruppe aus der serbischen Stadt Valjevo&#8230;","og_url":"https:\/\/www.freundschaft-mit-valjevo.de\/wordpress\/serbische-schueler-begeistert-von-unserer-stadt\/","og_site_name":"Freundschaft mit Valjevo e.V.","article_published_time":"2024-07-30T16:09:52+00:00","article_modified_time":"2024-07-30T16:13:08+00:00","og_image":[{"width":1101,"height":703,"url":"https:\/\/www.freundschaft-mit-valjevo.de\/wordpress\/wp-content\/uploads\/2024\/07\/Schueler-2024-Buergermeister.jpeg","type":"image\/jpeg"}],"author":"admin-z","twitter_card":"summary_large_image","twitter_misc":{"Verfasst von":"admin-z","Gesch\u00e4tzte Lesezeit":"3\u00a0Minuten"},"schema":{"@context":"https:\/\/schema.org","@graph":[{"@type":"Article","@id":"https:\/\/www.freundschaft-mit-valjevo.de\/wordpress\/serbische-schueler-begeistert-von-unserer-stadt\/#article","isPartOf":{"@id":"https:\/\/www.freundschaft-mit-valjevo.de\/wordpress\/serbische-schueler-begeistert-von-unserer-stadt\/"},"author":{"name":"admin-z","@id":"https:\/\/www.freundschaft-mit-valjevo.de\/wordpress\/#\/schema\/person\/4fbd0cc7a0227a72529b76aeed6571e4"},"headline":"Serbische Sch\u00fcler begeistert von unserer Stadt","datePublished":"2024-07-30T16:09:52+00:00","dateModified":"2024-07-30T16:13:08+00:00","mainEntityOfPage":{"@id":"https:\/\/www.freundschaft-mit-valjevo.de\/wordpress\/serbische-schueler-begeistert-von-unserer-stadt\/"},"wordCount":358,"image":{"@id":"https:\/\/www.freundschaft-mit-valjevo.de\/wordpress\/serbische-schueler-begeistert-von-unserer-stadt\/#primaryimage"},"thumbnailUrl":"https:\/\/www.freundschaft-mit-valjevo.de\/wordpress\/wp-content\/uploads\/2024\/07\/Schueler-2024-Buergermeister.jpeg","inLanguage":"de"},{"@type":"WebPage","@id":"https:\/\/www.freundschaft-mit-valjevo.de\/wordpress\/serbische-schueler-begeistert-von-unserer-stadt\/","url":"https:\/\/www.freundschaft-mit-valjevo.de\/wordpress\/serbische-schueler-begeistert-von-unserer-stadt\/","name":"Serbische Sch\u00fcler begeistert von unserer Stadt - Freundschaft mit Valjevo e.V.","isPartOf":{"@id":"https:\/\/www.freundschaft-mit-valjevo.de\/wordpress\/#website"},"primaryImageOfPage":{"@id":"https:\/\/www.freundschaft-mit-valjevo.de\/wordpress\/serbische-schueler-begeistert-von-unserer-stadt\/#primaryimage"},"image":{"@id":"https:\/\/www.freundschaft-mit-valjevo.de\/wordpress\/serbische-schueler-begeistert-von-unserer-stadt\/#primaryimage"},"thumbnailUrl":"https:\/\/www.freundschaft-mit-valjevo.de\/wordpress\/wp-content\/uploads\/2024\/07\/Schueler-2024-Buergermeister.jpeg","datePublished":"2024-07-30T16:09:52+00:00","dateModified":"2024-07-30T16:13:08+00:00","author":{"@id":"https:\/\/www.freundschaft-mit-valjevo.de\/wordpress\/#\/schema\/person\/4fbd0cc7a0227a72529b76aeed6571e4"},"breadcrumb":{"@id":"https:\/\/www.freundschaft-mit-valjevo.de\/wordpress\/serbische-schueler-begeistert-von-unserer-stadt\/#breadcrumb"},"inLanguage":"de","potentialAction":[{"@type":"ReadAction","target":["https:\/\/www.freundschaft-mit-valjevo.de\/wordpress\/serbische-schueler-begeistert-von-unserer-stadt\/"]}]},{"@type":"ImageObject","inLanguage":"de","@id":"https:\/\/www.freundschaft-mit-valjevo.de\/wordpress\/serbische-schueler-begeistert-von-unserer-stadt\/#primaryimage","url":"https:\/\/www.freundschaft-mit-valjevo.de\/wordpress\/wp-content\/uploads\/2024\/07\/Schueler-2024-Buergermeister.jpeg","contentUrl":"https:\/\/www.freundschaft-mit-valjevo.de\/wordpress\/wp-content\/uploads\/2024\/07\/Schueler-2024-Buergermeister.jpeg","width":1101,"height":703},{"@type":"BreadcrumbList","@id":"https:\/\/www.freundschaft-mit-valjevo.de\/wordpress\/serbische-schueler-begeistert-von-unserer-stadt\/#breadcrumb","itemListElement":[{"@type":"ListItem","position":1,"name":"Startseite","item":"https:\/\/www.freundschaft-mit-valjevo.de\/wordpress\/"},{"@type":"ListItem","position":2,"name":"Serbische Sch\u00fcler begeistert von unserer Stadt"}]},{"@type":"WebSite","@id":"https:\/\/www.freundschaft-mit-valjevo.de\/wordpress\/#website","url":"https:\/\/www.freundschaft-mit-valjevo.de\/wordpress\/","name":"Freundschaft mit Valjevo e.V.","description":"F\u00fcr Frieden, Freundschaft und V\u00f6lkerverst\u00e4ndigung","potentialAction":[{"@type":"SearchAction","target":{"@type":"EntryPoint","urlTemplate":"https:\/\/www.freundschaft-mit-valjevo.de\/wordpress\/?s={search_term_string}"},"query-input":{"@type":"PropertyValueSpecification","valueRequired":true,"valueName":"search_term_string"}}],"inLanguage":"de"},{"@type":"Person","@id":"https:\/\/www.freundschaft-mit-valjevo.de\/wordpress\/#\/schema\/person\/4fbd0cc7a0227a72529b76aeed6571e4","name":"admin-z","image":{"@type":"ImageObject","inLanguage":"de","@id":"https:\/\/secure.gravatar.com\/avatar\/e180e5c39bf8c56d773eb854294072b2fec4a0a0f052f70a3cdaf696f943716d?s=96&d=mm&r=g","url":"https:\/\/secure.gravatar.com\/avatar\/e180e5c39bf8c56d773eb854294072b2fec4a0a0f052f70a3cdaf696f943716d?s=96&d=mm&r=g","contentUrl":"https:\/\/secure.gravatar.com\/avatar\/e180e5c39bf8c56d773eb854294072b2fec4a0a0f052f70a3cdaf696f943716d?s=96&d=mm&r=g","caption":"admin-z"}}]}},"_links":{"self":[{"href":"https:\/\/www.freundschaft-mit-valjevo.de\/wordpress\/wp-json\/wp\/v2\/posts\/2263","targetHints":{"allow":["GET"]}}],"collection":[{"href":"https:\/\/www.freundschaft-mit-valjevo.de\/wordpress\/wp-json\/wp\/v2\/posts"}],"about":[{"href":"https:\/\/www.freundschaft-mit-valjevo.de\/wordpress\/wp-json\/wp\/v2\/types\/post"}],"author":[{"embeddable":true,"href":"https:\/\/www.freundschaft-mit-valjevo.de\/wordpress\/wp-json\/wp\/v2\/users\/2"}],"replies":[{"embeddable":true,"href":"https:\/\/www.freundschaft-mit-valjevo.de\/wordpress\/wp-json\/wp\/v2\/comments?post=2263"}],"version-history":[{"count":3,"href":"https:\/\/www.freundschaft-mit-valjevo.de\/wordpress\/wp-json\/wp\/v2\/posts\/2263\/revisions"}],"predecessor-version":[{"id":2270,"href":"https:\/\/www.freundschaft-mit-valjevo.de\/wordpress\/wp-json\/wp\/v2\/posts\/2263\/revisions\/2270"}],"wp:featuredmedia":[{"embeddable":true,"href":"https:\/\/www.freundschaft-mit-valjevo.de\/wordpress\/wp-json\/wp\/v2\/media\/2264"}],"wp:attachment":[{"href":"https:\/\/www.freundschaft-mit-valjevo.de\/wordpress\/wp-json\/wp\/v2\/media?parent=2263"}],"wp:term":[{"taxonomy":"category","embeddable":true,"href":"https:\/\/www.freundschaft-mit-valjevo.de\/wordpress\/wp-json\/wp\/v2\/categories?post=2263"},{"taxonomy":"post_tag","embeddable":true,"href":"https:\/\/www.freundschaft-mit-valjevo.de\/wordpress\/wp-json\/wp\/v2\/tags?post=2263"}],"curies":[{"name":"wp","href":"https:\/\/api.w.org\/{rel}","templated":true}]}}