{"id":2339,"date":"2025-10-29T21:24:37","date_gmt":"2025-10-29T21:24:37","guid":{"rendered":"https:\/\/www.freundschaft-mit-valjevo.de\/wordpress\/?p=2339"},"modified":"2025-11-07T19:26:11","modified_gmt":"2025-11-07T19:26:11","slug":"die-rki-protokolle-und-was-uns-verschwiegen-wurde","status":"publish","type":"post","link":"https:\/\/www.freundschaft-mit-valjevo.de\/wordpress\/die-rki-protokolle-und-was-uns-verschwiegen-wurde\/","title":{"rendered":"Die RKI &#8211; Protokolle und was uns verschwiegen wurde"},"content":{"rendered":"\n<h2 class=\"wp-block-heading\"><br><strong>Waren<\/strong> <strong>die<\/strong> <strong>Ma\u00dfnahmen gegen<\/strong> <strong>die<\/strong> <strong>Pandemie kontraproduktiv ?<\/strong><\/h2>\n\n\n\n<p>Das Robert-Koch-Institut (RKI) hat als Bundesinstitut f\u00fcr Infektionskrankheiten mit seinen Risikoeinsch\u00e4tzungen und Empfehlungen eine zentrale Rolle w\u00e4hrend der Corona \u2013 Pandemie gespielt. Mittlerweile sind die internen Protokolle des RKI dank einer Klage der Zeitschrift \u201eMultipolar\u201c und dank Whistleblowern vollst\u00e4ndig ver\u00f6ffentlicht. Die Molekularbiologin Professor Dr. Ulrike K\u00e4mmerer von der Universit\u00e4tsklinik W\u00fcrzburg hat sie gelesen. Bei der Veranstaltung der \u201eFreunde von Valjevo\u201c am vergangenen Freitag im Hofbergsaal mit knapp 70 Besuchern machte sie dem RKI schwere Vorw\u00fcrfe.<\/p>\n\n\n\n<p>Nach Auffassung der Wissenschaftlerin gab es f\u00fcr die meisten damalige Ma\u00dfnahmen, die Schlie\u00dfung von Restaurants, Kinos, Schule und Kinderg\u00e4rten, den Abstandsregeln, Maskenzwang und der genetischen Impfung keine wissenschaftliche Rechtfertigung. Erkrankungen infolge des SARS &#8211; CoV &#8211; Virus (\u201eCorona\u201c) h\u00e4tten sich laut mehrerer von ihr zitierten Fachpublikationen meist als nicht gef\u00e4hrlicher als eine Erk\u00e4ltung oder Grippe mit Influenza-Viren gezeigt. Die Symptome seien identisch. An Erk\u00e4ltungskrankheiten sind in der Regel mehrere Viren beteiligt. Die Fixierung auf SARS -CoV habe dazu gef\u00fchrt, dass w\u00e4hrend der Pandemie \u00dcberpr\u00fcfungen auf Influenza nicht mehr stattgefunden, die herk\u00f6mmliche Grippe in den Statistiken f\u00fcr die Winter 20\/21 und 21\/22 v\u00f6llig verschwunden und daf\u00fcr die Zahlen f\u00fcr \u201eCovid-19\u201c aufgebl\u00e4ht worden seien. Der PCR &#8211; Test, so die Wissenschaftlerin, k\u00f6nne zudem nicht zwischen vom Immunsystem unsch\u00e4dlich gemachten und vermehrungsf\u00e4higen Viren unterscheiden. Es habe, wie das RKI wu\u00dfte, zahllose falsche Covid &#8211; positive Testergebnisse gegeben und Hunderttausende v\u00f6llig Gesunder seien sinnlos in Quarant\u00e4ne geschickt worden. Die Protokolle belegten, dass dem RKI fr\u00fchzeitig bekannt war, dass die Krankheit Covid-19 \u00f6fter einen zweigipfligen Verlauf hat und nach 7-10 Tagen ein akutes Atemnot- Syndrom auftreten kann. Ohne antiallergische Behandlung k\u00f6nne dies zum Tod durch Ersticken f\u00fchren. Dr. K\u00e4mmerer warf die Frage auf, warum das RKI diese wichtige lebensrettende Information nicht an die \u00c4rzteschaft weitergeleitet hatte. Gab es einen medizinischen Nutzen durch die genetischen Impfungen? Da die Viren \u00fcber die Atemwege kommen, konnte diese Impfung \u00fcber den Muskel nach Auffassung von Frau K\u00e4mmerer weder eine Erkrankung noch die Ansteckung Dritter verhindern. Sie habe dem Immunsystem vielmehr geschadet, wie die vielen immer wiederkehrenden Covid &#8211; Erkrankungen und hartn\u00e4ckige Infekte nach der Covid &#8211; Impfung zeigen w\u00fcrden.<br>Die Folien des Vortrags finden Sie hier.<\/p>\n\n\n\n<div class=\"wp-block-file\"><a id=\"wp-block-file--media-edb830d8-3363-4a56-b51b-0f593886742f\" href=\"https:\/\/www.freundschaft-mit-valjevo.de\/wordpress\/wp-content\/uploads\/2025\/10\/votragsfolien.pdf\">Vortragsfolien<\/a><a href=\"https:\/\/www.freundschaft-mit-valjevo.de\/wordpress\/wp-content\/uploads\/2025\/10\/votragsfolien.pdf\" class=\"wp-block-file__button wp-element-button\" download aria-describedby=\"wp-block-file--media-edb830d8-3363-4a56-b51b-0f593886742f\">Herunterladen<\/a><\/div>\n","protected":false},"excerpt":{"rendered":"<p>Waren die Ma\u00dfnahmen gegen die Pandemie kontraproduktiv ? Das Robert-Koch-Institut (RKI) hat als Bundesinstitut f\u00fcr Infektionskrankheiten mit seinen Risikoeinsch\u00e4tzungen und Empfehlungen eine zentrale Rolle w\u00e4hrend&#8230;<\/p>\n<div class=\"more-link-wrapper\"><a class=\"more-link\" href=\"https:\/\/www.freundschaft-mit-valjevo.de\/wordpress\/die-rki-protokolle-und-was-uns-verschwiegen-wurde\/\">Weiterlesen<span class=\"screen-reader-text\">Die RKI &#8211; Protokolle und was uns verschwiegen wurde<\/span><\/a><\/div>\n","protected":false},"author":3,"featured_media":2340,"comment_status":"closed","ping_status":"closed","sticky":false,"template":"","format":"standard","meta":{"footnotes":""},"categories":[1,80,16,9,81],"tags":[],"class_list":["post-2339","post","type-post","status-publish","format-standard","has-post-thumbnail","hentry","category-allgemein","category-medizin","category-soziales","category-veranstaltung","category-wissenschaft","entry"],"yoast_head":"<!-- This site is optimized with the Yoast SEO plugin v27.4 - https:\/\/yoast.com\/product\/yoast-seo-wordpress\/ -->\n<title>Die RKI - Protokolle und was uns verschwiegen wurde - Freundschaft mit Valjevo e.V.<\/title>\n<meta name=\"robots\" content=\"index, follow, max-snippet:-1, max-image-preview:large, max-video-preview:-1\" \/>\n<link rel=\"canonical\" href=\"https:\/\/www.freundschaft-mit-valjevo.de\/wordpress\/die-rki-protokolle-und-was-uns-verschwiegen-wurde\/\" \/>\n<meta property=\"og:locale\" content=\"de_DE\" \/>\n<meta property=\"og:type\" content=\"article\" \/>\n<meta property=\"og:title\" content=\"Die RKI - Protokolle und was uns verschwiegen wurde - Freundschaft mit Valjevo e.V.\" \/>\n<meta property=\"og:description\" content=\"Waren die Ma\u00dfnahmen gegen die Pandemie kontraproduktiv ? Das Robert-Koch-Institut (RKI) hat als Bundesinstitut f\u00fcr Infektionskrankheiten mit seinen Risikoeinsch\u00e4tzungen und Empfehlungen eine zentrale Rolle w\u00e4hrend&#8230;\" \/>\n<meta property=\"og:url\" content=\"https:\/\/www.freundschaft-mit-valjevo.de\/wordpress\/die-rki-protokolle-und-was-uns-verschwiegen-wurde\/\" \/>\n<meta property=\"og:site_name\" content=\"Freundschaft mit Valjevo e.V.\" \/>\n<meta property=\"article:published_time\" content=\"2025-10-29T21:24:37+00:00\" \/>\n<meta property=\"article:modified_time\" content=\"2025-11-07T19:26:11+00:00\" \/>\n<meta property=\"og:image\" content=\"https:\/\/www.freundschaft-mit-valjevo.de\/wordpress\/wp-content\/uploads\/2025\/10\/kaemmerer-veranstaltung.jpg\" \/>\n\t<meta property=\"og:image:width\" content=\"1496\" \/>\n\t<meta property=\"og:image:height\" content=\"844\" \/>\n\t<meta property=\"og:image:type\" content=\"image\/jpeg\" \/>\n<meta name=\"author\" content=\"pk\" \/>\n<meta name=\"twitter:card\" content=\"summary_large_image\" \/>\n<meta name=\"twitter:label1\" content=\"Verfasst von\" \/>\n\t<meta name=\"twitter:data1\" content=\"pk\" \/>\n\t<meta name=\"twitter:label2\" content=\"Gesch\u00e4tzte Lesezeit\" \/>\n\t<meta name=\"twitter:data2\" content=\"3\u00a0Minuten\" \/>\n<script type=\"application\/ld+json\" class=\"yoast-schema-graph\">{\"@context\":\"https:\\\/\\\/schema.org\",\"@graph\":[{\"@type\":\"Article\",\"@id\":\"https:\\\/\\\/www.freundschaft-mit-valjevo.de\\\/wordpress\\\/die-rki-protokolle-und-was-uns-verschwiegen-wurde\\\/#article\",\"isPartOf\":{\"@id\":\"https:\\\/\\\/www.freundschaft-mit-valjevo.de\\\/wordpress\\\/die-rki-protokolle-und-was-uns-verschwiegen-wurde\\\/\"},\"author\":{\"name\":\"pk\",\"@id\":\"https:\\\/\\\/www.freundschaft-mit-valjevo.de\\\/wordpress\\\/#\\\/schema\\\/person\\\/8f82b5bf1c66952dca586333937473b9\"},\"headline\":\"Die RKI &#8211; Protokolle und was uns verschwiegen wurde\",\"datePublished\":\"2025-10-29T21:24:37+00:00\",\"dateModified\":\"2025-11-07T19:26:11+00:00\",\"mainEntityOfPage\":{\"@id\":\"https:\\\/\\\/www.freundschaft-mit-valjevo.de\\\/wordpress\\\/die-rki-protokolle-und-was-uns-verschwiegen-wurde\\\/\"},\"wordCount\":406,\"image\":{\"@id\":\"https:\\\/\\\/www.freundschaft-mit-valjevo.de\\\/wordpress\\\/die-rki-protokolle-und-was-uns-verschwiegen-wurde\\\/#primaryimage\"},\"thumbnailUrl\":\"https:\\\/\\\/www.freundschaft-mit-valjevo.de\\\/wordpress\\\/wp-content\\\/uploads\\\/2025\\\/10\\\/kaemmerer-veranstaltung.jpg\",\"articleSection\":{\"1\":\"Medizin\",\"2\":\"Soziales\",\"3\":\"Veranstaltung\",\"4\":\"Wissenschaft\"},\"inLanguage\":\"de\"},{\"@type\":\"WebPage\",\"@id\":\"https:\\\/\\\/www.freundschaft-mit-valjevo.de\\\/wordpress\\\/die-rki-protokolle-und-was-uns-verschwiegen-wurde\\\/\",\"url\":\"https:\\\/\\\/www.freundschaft-mit-valjevo.de\\\/wordpress\\\/die-rki-protokolle-und-was-uns-verschwiegen-wurde\\\/\",\"name\":\"Die RKI - Protokolle und was uns verschwiegen wurde - Freundschaft mit Valjevo e.V.\",\"isPartOf\":{\"@id\":\"https:\\\/\\\/www.freundschaft-mit-valjevo.de\\\/wordpress\\\/#website\"},\"primaryImageOfPage\":{\"@id\":\"https:\\\/\\\/www.freundschaft-mit-valjevo.de\\\/wordpress\\\/die-rki-protokolle-und-was-uns-verschwiegen-wurde\\\/#primaryimage\"},\"image\":{\"@id\":\"https:\\\/\\\/www.freundschaft-mit-valjevo.de\\\/wordpress\\\/die-rki-protokolle-und-was-uns-verschwiegen-wurde\\\/#primaryimage\"},\"thumbnailUrl\":\"https:\\\/\\\/www.freundschaft-mit-valjevo.de\\\/wordpress\\\/wp-content\\\/uploads\\\/2025\\\/10\\\/kaemmerer-veranstaltung.jpg\",\"datePublished\":\"2025-10-29T21:24:37+00:00\",\"dateModified\":\"2025-11-07T19:26:11+00:00\",\"author\":{\"@id\":\"https:\\\/\\\/www.freundschaft-mit-valjevo.de\\\/wordpress\\\/#\\\/schema\\\/person\\\/8f82b5bf1c66952dca586333937473b9\"},\"breadcrumb\":{\"@id\":\"https:\\\/\\\/www.freundschaft-mit-valjevo.de\\\/wordpress\\\/die-rki-protokolle-und-was-uns-verschwiegen-wurde\\\/#breadcrumb\"},\"inLanguage\":\"de\",\"potentialAction\":[{\"@type\":\"ReadAction\",\"target\":[\"https:\\\/\\\/www.freundschaft-mit-valjevo.de\\\/wordpress\\\/die-rki-protokolle-und-was-uns-verschwiegen-wurde\\\/\"]}]},{\"@type\":\"ImageObject\",\"inLanguage\":\"de\",\"@id\":\"https:\\\/\\\/www.freundschaft-mit-valjevo.de\\\/wordpress\\\/die-rki-protokolle-und-was-uns-verschwiegen-wurde\\\/#primaryimage\",\"url\":\"https:\\\/\\\/www.freundschaft-mit-valjevo.de\\\/wordpress\\\/wp-content\\\/uploads\\\/2025\\\/10\\\/kaemmerer-veranstaltung.jpg\",\"contentUrl\":\"https:\\\/\\\/www.freundschaft-mit-valjevo.de\\\/wordpress\\\/wp-content\\\/uploads\\\/2025\\\/10\\\/kaemmerer-veranstaltung.jpg\",\"width\":1496,\"height\":844},{\"@type\":\"BreadcrumbList\",\"@id\":\"https:\\\/\\\/www.freundschaft-mit-valjevo.de\\\/wordpress\\\/die-rki-protokolle-und-was-uns-verschwiegen-wurde\\\/#breadcrumb\",\"itemListElement\":[{\"@type\":\"ListItem\",\"position\":1,\"name\":\"Startseite\",\"item\":\"https:\\\/\\\/www.freundschaft-mit-valjevo.de\\\/wordpress\\\/\"},{\"@type\":\"ListItem\",\"position\":2,\"name\":\"Die RKI &#8211; Protokolle und was uns verschwiegen wurde\"}]},{\"@type\":\"WebSite\",\"@id\":\"https:\\\/\\\/www.freundschaft-mit-valjevo.de\\\/wordpress\\\/#website\",\"url\":\"https:\\\/\\\/www.freundschaft-mit-valjevo.de\\\/wordpress\\\/\",\"name\":\"Freundschaft mit Valjevo e.V.\",\"description\":\"F\u00fcr Frieden, Freundschaft und V\u00f6lkerverst\u00e4ndigung\",\"potentialAction\":[{\"@type\":\"SearchAction\",\"target\":{\"@type\":\"EntryPoint\",\"urlTemplate\":\"https:\\\/\\\/www.freundschaft-mit-valjevo.de\\\/wordpress\\\/?s={search_term_string}\"},\"query-input\":{\"@type\":\"PropertyValueSpecification\",\"valueRequired\":true,\"valueName\":\"search_term_string\"}}],\"inLanguage\":\"de\"},{\"@type\":\"Person\",\"@id\":\"https:\\\/\\\/www.freundschaft-mit-valjevo.de\\\/wordpress\\\/#\\\/schema\\\/person\\\/8f82b5bf1c66952dca586333937473b9\",\"name\":\"pk\",\"image\":{\"@type\":\"ImageObject\",\"inLanguage\":\"de\",\"@id\":\"https:\\\/\\\/secure.gravatar.com\\\/avatar\\\/bb8f359c89a8d8acb19898b3b4860c45e0813c40f49c6a26c5ab4c5aa3a11a23?s=96&d=mm&r=g\",\"url\":\"https:\\\/\\\/secure.gravatar.com\\\/avatar\\\/bb8f359c89a8d8acb19898b3b4860c45e0813c40f49c6a26c5ab4c5aa3a11a23?s=96&d=mm&r=g\",\"contentUrl\":\"https:\\\/\\\/secure.gravatar.com\\\/avatar\\\/bb8f359c89a8d8acb19898b3b4860c45e0813c40f49c6a26c5ab4c5aa3a11a23?s=96&d=mm&r=g\",\"caption\":\"pk\"}}]}<\/script>\n<!-- \/ Yoast SEO plugin. -->","yoast_head_json":{"title":"Die RKI - Protokolle und was uns verschwiegen wurde - Freundschaft mit Valjevo e.V.","robots":{"index":"index","follow":"follow","max-snippet":"max-snippet:-1","max-image-preview":"max-image-preview:large","max-video-preview":"max-video-preview:-1"},"canonical":"https:\/\/www.freundschaft-mit-valjevo.de\/wordpress\/die-rki-protokolle-und-was-uns-verschwiegen-wurde\/","og_locale":"de_DE","og_type":"article","og_title":"Die RKI - Protokolle und was uns verschwiegen wurde - Freundschaft mit Valjevo e.V.","og_description":"Waren die Ma\u00dfnahmen gegen die Pandemie kontraproduktiv ? Das Robert-Koch-Institut (RKI) hat als Bundesinstitut f\u00fcr Infektionskrankheiten mit seinen Risikoeinsch\u00e4tzungen und Empfehlungen eine zentrale Rolle w\u00e4hrend&#8230;","og_url":"https:\/\/www.freundschaft-mit-valjevo.de\/wordpress\/die-rki-protokolle-und-was-uns-verschwiegen-wurde\/","og_site_name":"Freundschaft mit Valjevo e.V.","article_published_time":"2025-10-29T21:24:37+00:00","article_modified_time":"2025-11-07T19:26:11+00:00","og_image":[{"width":1496,"height":844,"url":"https:\/\/www.freundschaft-mit-valjevo.de\/wordpress\/wp-content\/uploads\/2025\/10\/kaemmerer-veranstaltung.jpg","type":"image\/jpeg"}],"author":"pk","twitter_card":"summary_large_image","twitter_misc":{"Verfasst von":"pk","Gesch\u00e4tzte Lesezeit":"3\u00a0Minuten"},"schema":{"@context":"https:\/\/schema.org","@graph":[{"@type":"Article","@id":"https:\/\/www.freundschaft-mit-valjevo.de\/wordpress\/die-rki-protokolle-und-was-uns-verschwiegen-wurde\/#article","isPartOf":{"@id":"https:\/\/www.freundschaft-mit-valjevo.de\/wordpress\/die-rki-protokolle-und-was-uns-verschwiegen-wurde\/"},"author":{"name":"pk","@id":"https:\/\/www.freundschaft-mit-valjevo.de\/wordpress\/#\/schema\/person\/8f82b5bf1c66952dca586333937473b9"},"headline":"Die RKI &#8211; Protokolle und was uns verschwiegen wurde","datePublished":"2025-10-29T21:24:37+00:00","dateModified":"2025-11-07T19:26:11+00:00","mainEntityOfPage":{"@id":"https:\/\/www.freundschaft-mit-valjevo.de\/wordpress\/die-rki-protokolle-und-was-uns-verschwiegen-wurde\/"},"wordCount":406,"image":{"@id":"https:\/\/www.freundschaft-mit-valjevo.de\/wordpress\/die-rki-protokolle-und-was-uns-verschwiegen-wurde\/#primaryimage"},"thumbnailUrl":"https:\/\/www.freundschaft-mit-valjevo.de\/wordpress\/wp-content\/uploads\/2025\/10\/kaemmerer-veranstaltung.jpg","articleSection":{"1":"Medizin","2":"Soziales","3":"Veranstaltung","4":"Wissenschaft"},"inLanguage":"de"},{"@type":"WebPage","@id":"https:\/\/www.freundschaft-mit-valjevo.de\/wordpress\/die-rki-protokolle-und-was-uns-verschwiegen-wurde\/","url":"https:\/\/www.freundschaft-mit-valjevo.de\/wordpress\/die-rki-protokolle-und-was-uns-verschwiegen-wurde\/","name":"Die RKI - Protokolle und was uns verschwiegen wurde - Freundschaft mit Valjevo e.V.","isPartOf":{"@id":"https:\/\/www.freundschaft-mit-valjevo.de\/wordpress\/#website"},"primaryImageOfPage":{"@id":"https:\/\/www.freundschaft-mit-valjevo.de\/wordpress\/die-rki-protokolle-und-was-uns-verschwiegen-wurde\/#primaryimage"},"image":{"@id":"https:\/\/www.freundschaft-mit-valjevo.de\/wordpress\/die-rki-protokolle-und-was-uns-verschwiegen-wurde\/#primaryimage"},"thumbnailUrl":"https:\/\/www.freundschaft-mit-valjevo.de\/wordpress\/wp-content\/uploads\/2025\/10\/kaemmerer-veranstaltung.jpg","datePublished":"2025-10-29T21:24:37+00:00","dateModified":"2025-11-07T19:26:11+00:00","author":{"@id":"https:\/\/www.freundschaft-mit-valjevo.de\/wordpress\/#\/schema\/person\/8f82b5bf1c66952dca586333937473b9"},"breadcrumb":{"@id":"https:\/\/www.freundschaft-mit-valjevo.de\/wordpress\/die-rki-protokolle-und-was-uns-verschwiegen-wurde\/#breadcrumb"},"inLanguage":"de","potentialAction":[{"@type":"ReadAction","target":["https:\/\/www.freundschaft-mit-valjevo.de\/wordpress\/die-rki-protokolle-und-was-uns-verschwiegen-wurde\/"]}]},{"@type":"ImageObject","inLanguage":"de","@id":"https:\/\/www.freundschaft-mit-valjevo.de\/wordpress\/die-rki-protokolle-und-was-uns-verschwiegen-wurde\/#primaryimage","url":"https:\/\/www.freundschaft-mit-valjevo.de\/wordpress\/wp-content\/uploads\/2025\/10\/kaemmerer-veranstaltung.jpg","contentUrl":"https:\/\/www.freundschaft-mit-valjevo.de\/wordpress\/wp-content\/uploads\/2025\/10\/kaemmerer-veranstaltung.jpg","width":1496,"height":844},{"@type":"BreadcrumbList","@id":"https:\/\/www.freundschaft-mit-valjevo.de\/wordpress\/die-rki-protokolle-und-was-uns-verschwiegen-wurde\/#breadcrumb","itemListElement":[{"@type":"ListItem","position":1,"name":"Startseite","item":"https:\/\/www.freundschaft-mit-valjevo.de\/wordpress\/"},{"@type":"ListItem","position":2,"name":"Die RKI &#8211; Protokolle und was uns verschwiegen wurde"}]},{"@type":"WebSite","@id":"https:\/\/www.freundschaft-mit-valjevo.de\/wordpress\/#website","url":"https:\/\/www.freundschaft-mit-valjevo.de\/wordpress\/","name":"Freundschaft mit Valjevo e.V.","description":"F\u00fcr Frieden, Freundschaft und V\u00f6lkerverst\u00e4ndigung","potentialAction":[{"@type":"SearchAction","target":{"@type":"EntryPoint","urlTemplate":"https:\/\/www.freundschaft-mit-valjevo.de\/wordpress\/?s={search_term_string}"},"query-input":{"@type":"PropertyValueSpecification","valueRequired":true,"valueName":"search_term_string"}}],"inLanguage":"de"},{"@type":"Person","@id":"https:\/\/www.freundschaft-mit-valjevo.de\/wordpress\/#\/schema\/person\/8f82b5bf1c66952dca586333937473b9","name":"pk","image":{"@type":"ImageObject","inLanguage":"de","@id":"https:\/\/secure.gravatar.com\/avatar\/bb8f359c89a8d8acb19898b3b4860c45e0813c40f49c6a26c5ab4c5aa3a11a23?s=96&d=mm&r=g","url":"https:\/\/secure.gravatar.com\/avatar\/bb8f359c89a8d8acb19898b3b4860c45e0813c40f49c6a26c5ab4c5aa3a11a23?s=96&d=mm&r=g","contentUrl":"https:\/\/secure.gravatar.com\/avatar\/bb8f359c89a8d8acb19898b3b4860c45e0813c40f49c6a26c5ab4c5aa3a11a23?s=96&d=mm&r=g","caption":"pk"}}]}},"_links":{"self":[{"href":"https:\/\/www.freundschaft-mit-valjevo.de\/wordpress\/wp-json\/wp\/v2\/posts\/2339","targetHints":{"allow":["GET"]}}],"collection":[{"href":"https:\/\/www.freundschaft-mit-valjevo.de\/wordpress\/wp-json\/wp\/v2\/posts"}],"about":[{"href":"https:\/\/www.freundschaft-mit-valjevo.de\/wordpress\/wp-json\/wp\/v2\/types\/post"}],"author":[{"embeddable":true,"href":"https:\/\/www.freundschaft-mit-valjevo.de\/wordpress\/wp-json\/wp\/v2\/users\/3"}],"replies":[{"embeddable":true,"href":"https:\/\/www.freundschaft-mit-valjevo.de\/wordpress\/wp-json\/wp\/v2\/comments?post=2339"}],"version-history":[{"count":4,"href":"https:\/\/www.freundschaft-mit-valjevo.de\/wordpress\/wp-json\/wp\/v2\/posts\/2339\/revisions"}],"predecessor-version":[{"id":2355,"href":"https:\/\/www.freundschaft-mit-valjevo.de\/wordpress\/wp-json\/wp\/v2\/posts\/2339\/revisions\/2355"}],"wp:featuredmedia":[{"embeddable":true,"href":"https:\/\/www.freundschaft-mit-valjevo.de\/wordpress\/wp-json\/wp\/v2\/media\/2340"}],"wp:attachment":[{"href":"https:\/\/www.freundschaft-mit-valjevo.de\/wordpress\/wp-json\/wp\/v2\/media?parent=2339"}],"wp:term":[{"taxonomy":"category","embeddable":true,"href":"https:\/\/www.freundschaft-mit-valjevo.de\/wordpress\/wp-json\/wp\/v2\/categories?post=2339"},{"taxonomy":"post_tag","embeddable":true,"href":"https:\/\/www.freundschaft-mit-valjevo.de\/wordpress\/wp-json\/wp\/v2\/tags?post=2339"}],"curies":[{"name":"wp","href":"https:\/\/api.w.org\/{rel}","templated":true}]}}