{"id":2342,"date":"2025-11-05T20:33:17","date_gmt":"2025-11-05T20:33:17","guid":{"rendered":"https:\/\/www.freundschaft-mit-valjevo.de\/wordpress\/?p=2342"},"modified":"2025-11-10T16:13:56","modified_gmt":"2025-11-10T16:13:56","slug":"vom-ukrainekrieg-zum-krieggegen-russland","status":"publish","type":"post","link":"https:\/\/www.freundschaft-mit-valjevo.de\/wordpress\/vom-ukrainekrieg-zum-krieggegen-russland\/","title":{"rendered":"Vom Ukrainekrieg zum Krieg gegen Russland ?"},"content":{"rendered":"\n<h2 class=\"wp-block-heading\"><strong>Was k\u00f6nnen wir als B\u00fcrger tun, um eine weitere Eskalation und die Ausweitung des Krieges auf unser Land zu verhindern?<\/strong><\/h2>\n\n\n\n<p><strong>Sonntag, 16. November 2025, 19.30 Uhr<br>Hofbergsaal<br>Hofberg 7, Pfaffenhofen \/ Ilm<\/strong><\/p>\n\n\n\n<p><strong>Referent: Patrik Baab, Politikwissenschaftler, Buchautor und Journalist<\/strong><\/p>\n\n\n\n<p><\/p>\n\n\n\n<p><\/p>\n\n\n\n<p>Nach 3 Jahren Krieg, Zerst\u00f6rungen und unvorstellbarem menschlichen Leiden ist es offenkundig, da\u00df Russland mit Sanktionen und Waffenlieferungen an die Ukraine nicht in die Knie gezwungen werden kann. Statt Verhandlungen zu suchen und auf die russischen Sicherheitsinteressen einzugehen, setzen die Verantwortlichen in London, Paris, Berlin und Br\u00fcssel auf Eskalation, auf ma\u00dflose Aufr\u00fcstung, schrittweise Wiedereinf\u00fchrung der Wehrpflicht und Einstimmung unserer Bev\u00f6lkerung auf einen Krieg mit Russland. F\u00fcr Friedrich Merz sind wir noch &#8222;nicht im Krieg, aber wir sind auch nicht mehr im Frieden.&#8220; Der Sicherheitspolitiker der Union MdB&nbsp;Roderich Kiesewetter fordert die Ausrufung des &#8222;Spannungsfalls\u201c. Weitgehende Einschr\u00e4nkungen unserer Grundrechte (z.B. Versammlungsfreiheit, Recht auf Freiz\u00fcgigkeit) w\u00fcrden dadurch m\u00f6glich und alle M\u00e4nner bis zum 60. Lebensjahr der Wehrpflicht unterliegen.<\/p>\n\n\n\n<p>Unser Referent Patrik Baab ist Politikwissenschaftler und Publizist. Er hat viele Jahre f\u00fcr den Hessischen, den Saarl\u00e4ndischen und Norddeutschen Rundfunk gearbeitet, Fernsehreportagen und Dokumentarfilme gestaltet. Baab hat als Dozent an der Hochschule f\u00fcr Medien, Kommunikation und Wirtschaft in Berlin und an der Christian &#8211; Albrecht Universit\u00e4t in\u00a0 Kiel unterrichtet. Er hat die Ukraine mehrfach w\u00e4hrend des Krieges bereist und dar\u00fcber in seinem Bestseller &#8222;Auf beiden Seiten der Front&#8220; berichtet. Baab kennt deshalb auch die russische Sicht sehr gut.<\/p>\n","protected":false},"excerpt":{"rendered":"<p>Was k\u00f6nnen wir als B\u00fcrger tun, um eine weitere Eskalation und die Ausweitung des Krieges auf unser Land zu verhindern? Sonntag, 16. November 2025, 19.30&#8230;<\/p>\n<div class=\"more-link-wrapper\"><a class=\"more-link\" href=\"https:\/\/www.freundschaft-mit-valjevo.de\/wordpress\/vom-ukrainekrieg-zum-krieggegen-russland\/\">Weiterlesen<span class=\"screen-reader-text\">Vom Ukrainekrieg zum Krieg gegen Russland ?<\/span><\/a><\/div>\n","protected":false},"author":3,"featured_media":2344,"comment_status":"closed","ping_status":"closed","sticky":false,"template":"","format":"standard","meta":{"footnotes":""},"categories":[1],"tags":[],"class_list":["post-2342","post","type-post","status-publish","format-standard","has-post-thumbnail","hentry","category-allgemein","entry"],"yoast_head":"<!-- This site is optimized with the Yoast SEO plugin v27.4 - https:\/\/yoast.com\/product\/yoast-seo-wordpress\/ -->\n<title>Vom Ukrainekrieg zum Krieg gegen Russland ? - Freundschaft mit Valjevo e.V.<\/title>\n<meta name=\"robots\" content=\"index, follow, max-snippet:-1, max-image-preview:large, max-video-preview:-1\" \/>\n<link rel=\"canonical\" href=\"https:\/\/www.freundschaft-mit-valjevo.de\/wordpress\/vom-ukrainekrieg-zum-krieggegen-russland\/\" \/>\n<meta property=\"og:locale\" content=\"de_DE\" \/>\n<meta property=\"og:type\" content=\"article\" \/>\n<meta property=\"og:title\" content=\"Vom Ukrainekrieg zum Krieg gegen Russland ? - Freundschaft mit Valjevo e.V.\" \/>\n<meta property=\"og:description\" content=\"Was k\u00f6nnen wir als B\u00fcrger tun, um eine weitere Eskalation und die Ausweitung des Krieges auf unser Land zu verhindern? Sonntag, 16. November 2025, 19.30&#8230;\" \/>\n<meta property=\"og:url\" content=\"https:\/\/www.freundschaft-mit-valjevo.de\/wordpress\/vom-ukrainekrieg-zum-krieggegen-russland\/\" \/>\n<meta property=\"og:site_name\" content=\"Freundschaft mit Valjevo e.V.\" \/>\n<meta property=\"article:published_time\" content=\"2025-11-05T20:33:17+00:00\" \/>\n<meta property=\"article:modified_time\" content=\"2025-11-10T16:13:56+00:00\" \/>\n<meta property=\"og:image\" content=\"https:\/\/www.freundschaft-mit-valjevo.de\/wordpress\/wp-content\/uploads\/2025\/11\/baab.jpeg\" \/>\n\t<meta property=\"og:image:width\" content=\"2102\" \/>\n\t<meta property=\"og:image:height\" content=\"1500\" \/>\n\t<meta property=\"og:image:type\" content=\"image\/jpeg\" \/>\n<meta name=\"author\" content=\"pk\" \/>\n<meta name=\"twitter:card\" content=\"summary_large_image\" \/>\n<meta name=\"twitter:label1\" content=\"Verfasst von\" \/>\n\t<meta name=\"twitter:data1\" content=\"pk\" \/>\n\t<meta name=\"twitter:label2\" content=\"Gesch\u00e4tzte Lesezeit\" \/>\n\t<meta name=\"twitter:data2\" content=\"2\u00a0Minuten\" \/>\n<script type=\"application\/ld+json\" class=\"yoast-schema-graph\">{\"@context\":\"https:\\\/\\\/schema.org\",\"@graph\":[{\"@type\":\"Article\",\"@id\":\"https:\\\/\\\/www.freundschaft-mit-valjevo.de\\\/wordpress\\\/vom-ukrainekrieg-zum-krieggegen-russland\\\/#article\",\"isPartOf\":{\"@id\":\"https:\\\/\\\/www.freundschaft-mit-valjevo.de\\\/wordpress\\\/vom-ukrainekrieg-zum-krieggegen-russland\\\/\"},\"author\":{\"name\":\"pk\",\"@id\":\"https:\\\/\\\/www.freundschaft-mit-valjevo.de\\\/wordpress\\\/#\\\/schema\\\/person\\\/8f82b5bf1c66952dca586333937473b9\"},\"headline\":\"Vom Ukrainekrieg zum Krieg gegen Russland ?\",\"datePublished\":\"2025-11-05T20:33:17+00:00\",\"dateModified\":\"2025-11-10T16:13:56+00:00\",\"mainEntityOfPage\":{\"@id\":\"https:\\\/\\\/www.freundschaft-mit-valjevo.de\\\/wordpress\\\/vom-ukrainekrieg-zum-krieggegen-russland\\\/\"},\"wordCount\":252,\"image\":{\"@id\":\"https:\\\/\\\/www.freundschaft-mit-valjevo.de\\\/wordpress\\\/vom-ukrainekrieg-zum-krieggegen-russland\\\/#primaryimage\"},\"thumbnailUrl\":\"https:\\\/\\\/www.freundschaft-mit-valjevo.de\\\/wordpress\\\/wp-content\\\/uploads\\\/2025\\\/11\\\/baab.jpeg\",\"inLanguage\":\"de\"},{\"@type\":\"WebPage\",\"@id\":\"https:\\\/\\\/www.freundschaft-mit-valjevo.de\\\/wordpress\\\/vom-ukrainekrieg-zum-krieggegen-russland\\\/\",\"url\":\"https:\\\/\\\/www.freundschaft-mit-valjevo.de\\\/wordpress\\\/vom-ukrainekrieg-zum-krieggegen-russland\\\/\",\"name\":\"Vom Ukrainekrieg zum Krieg gegen Russland ? - Freundschaft mit Valjevo e.V.\",\"isPartOf\":{\"@id\":\"https:\\\/\\\/www.freundschaft-mit-valjevo.de\\\/wordpress\\\/#website\"},\"primaryImageOfPage\":{\"@id\":\"https:\\\/\\\/www.freundschaft-mit-valjevo.de\\\/wordpress\\\/vom-ukrainekrieg-zum-krieggegen-russland\\\/#primaryimage\"},\"image\":{\"@id\":\"https:\\\/\\\/www.freundschaft-mit-valjevo.de\\\/wordpress\\\/vom-ukrainekrieg-zum-krieggegen-russland\\\/#primaryimage\"},\"thumbnailUrl\":\"https:\\\/\\\/www.freundschaft-mit-valjevo.de\\\/wordpress\\\/wp-content\\\/uploads\\\/2025\\\/11\\\/baab.jpeg\",\"datePublished\":\"2025-11-05T20:33:17+00:00\",\"dateModified\":\"2025-11-10T16:13:56+00:00\",\"author\":{\"@id\":\"https:\\\/\\\/www.freundschaft-mit-valjevo.de\\\/wordpress\\\/#\\\/schema\\\/person\\\/8f82b5bf1c66952dca586333937473b9\"},\"breadcrumb\":{\"@id\":\"https:\\\/\\\/www.freundschaft-mit-valjevo.de\\\/wordpress\\\/vom-ukrainekrieg-zum-krieggegen-russland\\\/#breadcrumb\"},\"inLanguage\":\"de\",\"potentialAction\":[{\"@type\":\"ReadAction\",\"target\":[\"https:\\\/\\\/www.freundschaft-mit-valjevo.de\\\/wordpress\\\/vom-ukrainekrieg-zum-krieggegen-russland\\\/\"]}]},{\"@type\":\"ImageObject\",\"inLanguage\":\"de\",\"@id\":\"https:\\\/\\\/www.freundschaft-mit-valjevo.de\\\/wordpress\\\/vom-ukrainekrieg-zum-krieggegen-russland\\\/#primaryimage\",\"url\":\"https:\\\/\\\/www.freundschaft-mit-valjevo.de\\\/wordpress\\\/wp-content\\\/uploads\\\/2025\\\/11\\\/baab.jpeg\",\"contentUrl\":\"https:\\\/\\\/www.freundschaft-mit-valjevo.de\\\/wordpress\\\/wp-content\\\/uploads\\\/2025\\\/11\\\/baab.jpeg\",\"width\":2102,\"height\":1500},{\"@type\":\"BreadcrumbList\",\"@id\":\"https:\\\/\\\/www.freundschaft-mit-valjevo.de\\\/wordpress\\\/vom-ukrainekrieg-zum-krieggegen-russland\\\/#breadcrumb\",\"itemListElement\":[{\"@type\":\"ListItem\",\"position\":1,\"name\":\"Startseite\",\"item\":\"https:\\\/\\\/www.freundschaft-mit-valjevo.de\\\/wordpress\\\/\"},{\"@type\":\"ListItem\",\"position\":2,\"name\":\"Vom Ukrainekrieg zum Krieg gegen Russland ?\"}]},{\"@type\":\"WebSite\",\"@id\":\"https:\\\/\\\/www.freundschaft-mit-valjevo.de\\\/wordpress\\\/#website\",\"url\":\"https:\\\/\\\/www.freundschaft-mit-valjevo.de\\\/wordpress\\\/\",\"name\":\"Freundschaft mit Valjevo e.V.\",\"description\":\"F\u00fcr Frieden, Freundschaft und V\u00f6lkerverst\u00e4ndigung\",\"potentialAction\":[{\"@type\":\"SearchAction\",\"target\":{\"@type\":\"EntryPoint\",\"urlTemplate\":\"https:\\\/\\\/www.freundschaft-mit-valjevo.de\\\/wordpress\\\/?s={search_term_string}\"},\"query-input\":{\"@type\":\"PropertyValueSpecification\",\"valueRequired\":true,\"valueName\":\"search_term_string\"}}],\"inLanguage\":\"de\"},{\"@type\":\"Person\",\"@id\":\"https:\\\/\\\/www.freundschaft-mit-valjevo.de\\\/wordpress\\\/#\\\/schema\\\/person\\\/8f82b5bf1c66952dca586333937473b9\",\"name\":\"pk\",\"image\":{\"@type\":\"ImageObject\",\"inLanguage\":\"de\",\"@id\":\"https:\\\/\\\/secure.gravatar.com\\\/avatar\\\/bb8f359c89a8d8acb19898b3b4860c45e0813c40f49c6a26c5ab4c5aa3a11a23?s=96&d=mm&r=g\",\"url\":\"https:\\\/\\\/secure.gravatar.com\\\/avatar\\\/bb8f359c89a8d8acb19898b3b4860c45e0813c40f49c6a26c5ab4c5aa3a11a23?s=96&d=mm&r=g\",\"contentUrl\":\"https:\\\/\\\/secure.gravatar.com\\\/avatar\\\/bb8f359c89a8d8acb19898b3b4860c45e0813c40f49c6a26c5ab4c5aa3a11a23?s=96&d=mm&r=g\",\"caption\":\"pk\"}}]}<\/script>\n<!-- \/ Yoast SEO plugin. -->","yoast_head_json":{"title":"Vom Ukrainekrieg zum Krieg gegen Russland ? - Freundschaft mit Valjevo e.V.","robots":{"index":"index","follow":"follow","max-snippet":"max-snippet:-1","max-image-preview":"max-image-preview:large","max-video-preview":"max-video-preview:-1"},"canonical":"https:\/\/www.freundschaft-mit-valjevo.de\/wordpress\/vom-ukrainekrieg-zum-krieggegen-russland\/","og_locale":"de_DE","og_type":"article","og_title":"Vom Ukrainekrieg zum Krieg gegen Russland ? - Freundschaft mit Valjevo e.V.","og_description":"Was k\u00f6nnen wir als B\u00fcrger tun, um eine weitere Eskalation und die Ausweitung des Krieges auf unser Land zu verhindern? Sonntag, 16. November 2025, 19.30&#8230;","og_url":"https:\/\/www.freundschaft-mit-valjevo.de\/wordpress\/vom-ukrainekrieg-zum-krieggegen-russland\/","og_site_name":"Freundschaft mit Valjevo e.V.","article_published_time":"2025-11-05T20:33:17+00:00","article_modified_time":"2025-11-10T16:13:56+00:00","og_image":[{"width":2102,"height":1500,"url":"https:\/\/www.freundschaft-mit-valjevo.de\/wordpress\/wp-content\/uploads\/2025\/11\/baab.jpeg","type":"image\/jpeg"}],"author":"pk","twitter_card":"summary_large_image","twitter_misc":{"Verfasst von":"pk","Gesch\u00e4tzte Lesezeit":"2\u00a0Minuten"},"schema":{"@context":"https:\/\/schema.org","@graph":[{"@type":"Article","@id":"https:\/\/www.freundschaft-mit-valjevo.de\/wordpress\/vom-ukrainekrieg-zum-krieggegen-russland\/#article","isPartOf":{"@id":"https:\/\/www.freundschaft-mit-valjevo.de\/wordpress\/vom-ukrainekrieg-zum-krieggegen-russland\/"},"author":{"name":"pk","@id":"https:\/\/www.freundschaft-mit-valjevo.de\/wordpress\/#\/schema\/person\/8f82b5bf1c66952dca586333937473b9"},"headline":"Vom Ukrainekrieg zum Krieg gegen Russland ?","datePublished":"2025-11-05T20:33:17+00:00","dateModified":"2025-11-10T16:13:56+00:00","mainEntityOfPage":{"@id":"https:\/\/www.freundschaft-mit-valjevo.de\/wordpress\/vom-ukrainekrieg-zum-krieggegen-russland\/"},"wordCount":252,"image":{"@id":"https:\/\/www.freundschaft-mit-valjevo.de\/wordpress\/vom-ukrainekrieg-zum-krieggegen-russland\/#primaryimage"},"thumbnailUrl":"https:\/\/www.freundschaft-mit-valjevo.de\/wordpress\/wp-content\/uploads\/2025\/11\/baab.jpeg","inLanguage":"de"},{"@type":"WebPage","@id":"https:\/\/www.freundschaft-mit-valjevo.de\/wordpress\/vom-ukrainekrieg-zum-krieggegen-russland\/","url":"https:\/\/www.freundschaft-mit-valjevo.de\/wordpress\/vom-ukrainekrieg-zum-krieggegen-russland\/","name":"Vom Ukrainekrieg zum Krieg gegen Russland ? - Freundschaft mit Valjevo e.V.","isPartOf":{"@id":"https:\/\/www.freundschaft-mit-valjevo.de\/wordpress\/#website"},"primaryImageOfPage":{"@id":"https:\/\/www.freundschaft-mit-valjevo.de\/wordpress\/vom-ukrainekrieg-zum-krieggegen-russland\/#primaryimage"},"image":{"@id":"https:\/\/www.freundschaft-mit-valjevo.de\/wordpress\/vom-ukrainekrieg-zum-krieggegen-russland\/#primaryimage"},"thumbnailUrl":"https:\/\/www.freundschaft-mit-valjevo.de\/wordpress\/wp-content\/uploads\/2025\/11\/baab.jpeg","datePublished":"2025-11-05T20:33:17+00:00","dateModified":"2025-11-10T16:13:56+00:00","author":{"@id":"https:\/\/www.freundschaft-mit-valjevo.de\/wordpress\/#\/schema\/person\/8f82b5bf1c66952dca586333937473b9"},"breadcrumb":{"@id":"https:\/\/www.freundschaft-mit-valjevo.de\/wordpress\/vom-ukrainekrieg-zum-krieggegen-russland\/#breadcrumb"},"inLanguage":"de","potentialAction":[{"@type":"ReadAction","target":["https:\/\/www.freundschaft-mit-valjevo.de\/wordpress\/vom-ukrainekrieg-zum-krieggegen-russland\/"]}]},{"@type":"ImageObject","inLanguage":"de","@id":"https:\/\/www.freundschaft-mit-valjevo.de\/wordpress\/vom-ukrainekrieg-zum-krieggegen-russland\/#primaryimage","url":"https:\/\/www.freundschaft-mit-valjevo.de\/wordpress\/wp-content\/uploads\/2025\/11\/baab.jpeg","contentUrl":"https:\/\/www.freundschaft-mit-valjevo.de\/wordpress\/wp-content\/uploads\/2025\/11\/baab.jpeg","width":2102,"height":1500},{"@type":"BreadcrumbList","@id":"https:\/\/www.freundschaft-mit-valjevo.de\/wordpress\/vom-ukrainekrieg-zum-krieggegen-russland\/#breadcrumb","itemListElement":[{"@type":"ListItem","position":1,"name":"Startseite","item":"https:\/\/www.freundschaft-mit-valjevo.de\/wordpress\/"},{"@type":"ListItem","position":2,"name":"Vom Ukrainekrieg zum Krieg gegen Russland ?"}]},{"@type":"WebSite","@id":"https:\/\/www.freundschaft-mit-valjevo.de\/wordpress\/#website","url":"https:\/\/www.freundschaft-mit-valjevo.de\/wordpress\/","name":"Freundschaft mit Valjevo e.V.","description":"F\u00fcr Frieden, Freundschaft und V\u00f6lkerverst\u00e4ndigung","potentialAction":[{"@type":"SearchAction","target":{"@type":"EntryPoint","urlTemplate":"https:\/\/www.freundschaft-mit-valjevo.de\/wordpress\/?s={search_term_string}"},"query-input":{"@type":"PropertyValueSpecification","valueRequired":true,"valueName":"search_term_string"}}],"inLanguage":"de"},{"@type":"Person","@id":"https:\/\/www.freundschaft-mit-valjevo.de\/wordpress\/#\/schema\/person\/8f82b5bf1c66952dca586333937473b9","name":"pk","image":{"@type":"ImageObject","inLanguage":"de","@id":"https:\/\/secure.gravatar.com\/avatar\/bb8f359c89a8d8acb19898b3b4860c45e0813c40f49c6a26c5ab4c5aa3a11a23?s=96&d=mm&r=g","url":"https:\/\/secure.gravatar.com\/avatar\/bb8f359c89a8d8acb19898b3b4860c45e0813c40f49c6a26c5ab4c5aa3a11a23?s=96&d=mm&r=g","contentUrl":"https:\/\/secure.gravatar.com\/avatar\/bb8f359c89a8d8acb19898b3b4860c45e0813c40f49c6a26c5ab4c5aa3a11a23?s=96&d=mm&r=g","caption":"pk"}}]}},"_links":{"self":[{"href":"https:\/\/www.freundschaft-mit-valjevo.de\/wordpress\/wp-json\/wp\/v2\/posts\/2342","targetHints":{"allow":["GET"]}}],"collection":[{"href":"https:\/\/www.freundschaft-mit-valjevo.de\/wordpress\/wp-json\/wp\/v2\/posts"}],"about":[{"href":"https:\/\/www.freundschaft-mit-valjevo.de\/wordpress\/wp-json\/wp\/v2\/types\/post"}],"author":[{"embeddable":true,"href":"https:\/\/www.freundschaft-mit-valjevo.de\/wordpress\/wp-json\/wp\/v2\/users\/3"}],"replies":[{"embeddable":true,"href":"https:\/\/www.freundschaft-mit-valjevo.de\/wordpress\/wp-json\/wp\/v2\/comments?post=2342"}],"version-history":[{"count":6,"href":"https:\/\/www.freundschaft-mit-valjevo.de\/wordpress\/wp-json\/wp\/v2\/posts\/2342\/revisions"}],"predecessor-version":[{"id":2357,"href":"https:\/\/www.freundschaft-mit-valjevo.de\/wordpress\/wp-json\/wp\/v2\/posts\/2342\/revisions\/2357"}],"wp:featuredmedia":[{"embeddable":true,"href":"https:\/\/www.freundschaft-mit-valjevo.de\/wordpress\/wp-json\/wp\/v2\/media\/2344"}],"wp:attachment":[{"href":"https:\/\/www.freundschaft-mit-valjevo.de\/wordpress\/wp-json\/wp\/v2\/media?parent=2342"}],"wp:term":[{"taxonomy":"category","embeddable":true,"href":"https:\/\/www.freundschaft-mit-valjevo.de\/wordpress\/wp-json\/wp\/v2\/categories?post=2342"},{"taxonomy":"post_tag","embeddable":true,"href":"https:\/\/www.freundschaft-mit-valjevo.de\/wordpress\/wp-json\/wp\/v2\/tags?post=2342"}],"curies":[{"name":"wp","href":"https:\/\/api.w.org\/{rel}","templated":true}]}}