{"id":2359,"date":"2025-12-11T10:21:55","date_gmt":"2025-12-11T10:21:55","guid":{"rendered":"https:\/\/www.freundschaft-mit-valjevo.de\/wordpress\/?p=2359"},"modified":"2025-12-11T10:29:54","modified_gmt":"2025-12-11T10:29:54","slug":"2-mahnwache-fuer-den-frieden","status":"publish","type":"post","link":"https:\/\/www.freundschaft-mit-valjevo.de\/wordpress\/2-mahnwache-fuer-den-frieden\/","title":{"rendered":"2. Mahnwache f\u00fcr den Frieden"},"content":{"rendered":"\n<h2 class=\"wp-block-heading\">Ja zu Diplomatie u. Verst\u00e4ndigung!<br>Nein zur Wehrpflicht!<br>Unsere Jugend ist kein Kanonenfutter<\/h2>\n\n\n\n<p>Sonntag, 14.12.2025, 14-15 Uhr<br>Mariens\u00e4ule auf dem Hauptplatz, Pfaffenhofen \/ Ilm<\/p>\n\n\n\n<p>An diesem Sonntag organisiert unser Verein erneut eine Mahnwache und eine Beratung f\u00fcr Kriegsdienstverweigerer.<br>Wir sind f\u00fcr den Frieden, f\u00fcr ein Ja zu Diplomatie und Verst\u00e4ndigung, gegen<br>Hochr\u00fcstung, Wehrpflicht und Sozialabbau. Unsere Jugend darf nicht wieder zum Kanonenfutter f\u00fcr R\u00fcstungsindustrie und nach Rohstoffen gierigen Konzernen werden!<br>Bitte kommt mit Bekannten und Freunden, unterst\u00fctzt uns und helft mit, die Mahnwache zu einen Erfolg zu machen.<br>Klaus Stampfer \u00fcbernimmt die Beratung von Kriegsdienstverweigerern.<\/p>\n\n\n\n<p>Sprechen werden zu uns:<br>Dr. med. Ingrid Pflanzelt, IPPNW<br>Klaus Stampfer, DFG\/VK<\/p>\n\n\n\n<figure class=\"wp-block-image size-full is-resized\"><a href=\"https:\/\/www.freundschaft-mit-valjevo.de\/wordpress\/wp-content\/uploads\/2025\/12\/image.png\"><img loading=\"lazy\" decoding=\"async\" width=\"300\" height=\"300\" src=\"https:\/\/www.freundschaft-mit-valjevo.de\/wordpress\/wp-content\/uploads\/2025\/12\/image.png\" alt=\"\" class=\"wp-image-2362\" style=\"width:824px;height:auto\" srcset=\"https:\/\/www.freundschaft-mit-valjevo.de\/wordpress\/wp-content\/uploads\/2025\/12\/image.png 300w, https:\/\/www.freundschaft-mit-valjevo.de\/wordpress\/wp-content\/uploads\/2025\/12\/image-150x150.png 150w\" sizes=\"auto, (max-width: 300px) 100vw, 300px\" \/><\/a><\/figure>\n\n\n\n<p><\/p>\n","protected":false},"excerpt":{"rendered":"<p>Ja zu Diplomatie u. Verst\u00e4ndigung!Nein zur Wehrpflicht!Unsere Jugend ist kein Kanonenfutter Sonntag, 14.12.2025, 14-15 UhrMariens\u00e4ule auf dem Hauptplatz, Pfaffenhofen \/ Ilm An diesem Sonntag organisiert&#8230;<\/p>\n<div class=\"more-link-wrapper\"><a class=\"more-link\" href=\"https:\/\/www.freundschaft-mit-valjevo.de\/wordpress\/2-mahnwache-fuer-den-frieden\/\">Weiterlesen<span class=\"screen-reader-text\">2. Mahnwache f\u00fcr den Frieden<\/span><\/a><\/div>\n","protected":false},"author":3,"featured_media":0,"comment_status":"closed","ping_status":"closed","sticky":false,"template":"","format":"standard","meta":{"footnotes":""},"categories":[82,9],"tags":[],"class_list":["post-2359","post","type-post","status-publish","format-standard","hentry","category-frieden","category-veranstaltung","entry"],"yoast_head":"<!-- This site is optimized with the Yoast SEO plugin v27.4 - https:\/\/yoast.com\/product\/yoast-seo-wordpress\/ -->\n<title>2. Mahnwache f\u00fcr den Frieden - Freundschaft mit Valjevo e.V.<\/title>\n<meta name=\"robots\" content=\"index, follow, max-snippet:-1, max-image-preview:large, max-video-preview:-1\" \/>\n<link rel=\"canonical\" href=\"https:\/\/www.freundschaft-mit-valjevo.de\/wordpress\/2-mahnwache-fuer-den-frieden\/\" \/>\n<meta property=\"og:locale\" content=\"de_DE\" \/>\n<meta property=\"og:type\" content=\"article\" \/>\n<meta property=\"og:title\" content=\"2. Mahnwache f\u00fcr den Frieden - Freundschaft mit Valjevo e.V.\" \/>\n<meta property=\"og:description\" content=\"Ja zu Diplomatie u. Verst\u00e4ndigung!Nein zur Wehrpflicht!Unsere Jugend ist kein Kanonenfutter Sonntag, 14.12.2025, 14-15 UhrMariens\u00e4ule auf dem Hauptplatz, Pfaffenhofen \/ Ilm An diesem Sonntag organisiert&#8230;\" \/>\n<meta property=\"og:url\" content=\"https:\/\/www.freundschaft-mit-valjevo.de\/wordpress\/2-mahnwache-fuer-den-frieden\/\" \/>\n<meta property=\"og:site_name\" content=\"Freundschaft mit Valjevo e.V.\" \/>\n<meta property=\"article:published_time\" content=\"2025-12-11T10:21:55+00:00\" \/>\n<meta property=\"article:modified_time\" content=\"2025-12-11T10:29:54+00:00\" \/>\n<meta property=\"og:image\" content=\"https:\/\/www.freundschaft-mit-valjevo.de\/wordpress\/wp-content\/uploads\/2025\/12\/image.png\" \/>\n<meta name=\"author\" content=\"pk\" \/>\n<meta name=\"twitter:card\" content=\"summary_large_image\" \/>\n<meta name=\"twitter:label1\" content=\"Verfasst von\" \/>\n\t<meta name=\"twitter:data1\" content=\"pk\" \/>\n\t<meta name=\"twitter:label2\" content=\"Gesch\u00e4tzte Lesezeit\" \/>\n\t<meta name=\"twitter:data2\" content=\"1\u00a0Minute\" \/>\n<script type=\"application\/ld+json\" class=\"yoast-schema-graph\">{\"@context\":\"https:\\\/\\\/schema.org\",\"@graph\":[{\"@type\":\"Article\",\"@id\":\"https:\\\/\\\/www.freundschaft-mit-valjevo.de\\\/wordpress\\\/2-mahnwache-fuer-den-frieden\\\/#article\",\"isPartOf\":{\"@id\":\"https:\\\/\\\/www.freundschaft-mit-valjevo.de\\\/wordpress\\\/2-mahnwache-fuer-den-frieden\\\/\"},\"author\":{\"name\":\"pk\",\"@id\":\"https:\\\/\\\/www.freundschaft-mit-valjevo.de\\\/wordpress\\\/#\\\/schema\\\/person\\\/8f82b5bf1c66952dca586333937473b9\"},\"headline\":\"2. Mahnwache f\u00fcr den Frieden\",\"datePublished\":\"2025-12-11T10:21:55+00:00\",\"dateModified\":\"2025-12-11T10:29:54+00:00\",\"mainEntityOfPage\":{\"@id\":\"https:\\\/\\\/www.freundschaft-mit-valjevo.de\\\/wordpress\\\/2-mahnwache-fuer-den-frieden\\\/\"},\"wordCount\":118,\"image\":{\"@id\":\"https:\\\/\\\/www.freundschaft-mit-valjevo.de\\\/wordpress\\\/2-mahnwache-fuer-den-frieden\\\/#primaryimage\"},\"thumbnailUrl\":\"https:\\\/\\\/www.freundschaft-mit-valjevo.de\\\/wordpress\\\/wp-content\\\/uploads\\\/2025\\\/12\\\/image.png\",\"articleSection\":[\"Frieden\",\"Veranstaltung\"],\"inLanguage\":\"de\"},{\"@type\":\"WebPage\",\"@id\":\"https:\\\/\\\/www.freundschaft-mit-valjevo.de\\\/wordpress\\\/2-mahnwache-fuer-den-frieden\\\/\",\"url\":\"https:\\\/\\\/www.freundschaft-mit-valjevo.de\\\/wordpress\\\/2-mahnwache-fuer-den-frieden\\\/\",\"name\":\"2. Mahnwache f\u00fcr den Frieden - Freundschaft mit Valjevo e.V.\",\"isPartOf\":{\"@id\":\"https:\\\/\\\/www.freundschaft-mit-valjevo.de\\\/wordpress\\\/#website\"},\"primaryImageOfPage\":{\"@id\":\"https:\\\/\\\/www.freundschaft-mit-valjevo.de\\\/wordpress\\\/2-mahnwache-fuer-den-frieden\\\/#primaryimage\"},\"image\":{\"@id\":\"https:\\\/\\\/www.freundschaft-mit-valjevo.de\\\/wordpress\\\/2-mahnwache-fuer-den-frieden\\\/#primaryimage\"},\"thumbnailUrl\":\"https:\\\/\\\/www.freundschaft-mit-valjevo.de\\\/wordpress\\\/wp-content\\\/uploads\\\/2025\\\/12\\\/image.png\",\"datePublished\":\"2025-12-11T10:21:55+00:00\",\"dateModified\":\"2025-12-11T10:29:54+00:00\",\"author\":{\"@id\":\"https:\\\/\\\/www.freundschaft-mit-valjevo.de\\\/wordpress\\\/#\\\/schema\\\/person\\\/8f82b5bf1c66952dca586333937473b9\"},\"breadcrumb\":{\"@id\":\"https:\\\/\\\/www.freundschaft-mit-valjevo.de\\\/wordpress\\\/2-mahnwache-fuer-den-frieden\\\/#breadcrumb\"},\"inLanguage\":\"de\",\"potentialAction\":[{\"@type\":\"ReadAction\",\"target\":[\"https:\\\/\\\/www.freundschaft-mit-valjevo.de\\\/wordpress\\\/2-mahnwache-fuer-den-frieden\\\/\"]}]},{\"@type\":\"ImageObject\",\"inLanguage\":\"de\",\"@id\":\"https:\\\/\\\/www.freundschaft-mit-valjevo.de\\\/wordpress\\\/2-mahnwache-fuer-den-frieden\\\/#primaryimage\",\"url\":\"https:\\\/\\\/www.freundschaft-mit-valjevo.de\\\/wordpress\\\/wp-content\\\/uploads\\\/2025\\\/12\\\/image.png\",\"contentUrl\":\"https:\\\/\\\/www.freundschaft-mit-valjevo.de\\\/wordpress\\\/wp-content\\\/uploads\\\/2025\\\/12\\\/image.png\"},{\"@type\":\"BreadcrumbList\",\"@id\":\"https:\\\/\\\/www.freundschaft-mit-valjevo.de\\\/wordpress\\\/2-mahnwache-fuer-den-frieden\\\/#breadcrumb\",\"itemListElement\":[{\"@type\":\"ListItem\",\"position\":1,\"name\":\"Startseite\",\"item\":\"https:\\\/\\\/www.freundschaft-mit-valjevo.de\\\/wordpress\\\/\"},{\"@type\":\"ListItem\",\"position\":2,\"name\":\"2. Mahnwache f\u00fcr den Frieden\"}]},{\"@type\":\"WebSite\",\"@id\":\"https:\\\/\\\/www.freundschaft-mit-valjevo.de\\\/wordpress\\\/#website\",\"url\":\"https:\\\/\\\/www.freundschaft-mit-valjevo.de\\\/wordpress\\\/\",\"name\":\"Freundschaft mit Valjevo e.V.\",\"description\":\"F\u00fcr Frieden, Freundschaft und V\u00f6lkerverst\u00e4ndigung\",\"potentialAction\":[{\"@type\":\"SearchAction\",\"target\":{\"@type\":\"EntryPoint\",\"urlTemplate\":\"https:\\\/\\\/www.freundschaft-mit-valjevo.de\\\/wordpress\\\/?s={search_term_string}\"},\"query-input\":{\"@type\":\"PropertyValueSpecification\",\"valueRequired\":true,\"valueName\":\"search_term_string\"}}],\"inLanguage\":\"de\"},{\"@type\":\"Person\",\"@id\":\"https:\\\/\\\/www.freundschaft-mit-valjevo.de\\\/wordpress\\\/#\\\/schema\\\/person\\\/8f82b5bf1c66952dca586333937473b9\",\"name\":\"pk\",\"image\":{\"@type\":\"ImageObject\",\"inLanguage\":\"de\",\"@id\":\"https:\\\/\\\/secure.gravatar.com\\\/avatar\\\/bb8f359c89a8d8acb19898b3b4860c45e0813c40f49c6a26c5ab4c5aa3a11a23?s=96&d=mm&r=g\",\"url\":\"https:\\\/\\\/secure.gravatar.com\\\/avatar\\\/bb8f359c89a8d8acb19898b3b4860c45e0813c40f49c6a26c5ab4c5aa3a11a23?s=96&d=mm&r=g\",\"contentUrl\":\"https:\\\/\\\/secure.gravatar.com\\\/avatar\\\/bb8f359c89a8d8acb19898b3b4860c45e0813c40f49c6a26c5ab4c5aa3a11a23?s=96&d=mm&r=g\",\"caption\":\"pk\"}}]}<\/script>\n<!-- \/ Yoast SEO plugin. -->","yoast_head_json":{"title":"2. Mahnwache f\u00fcr den Frieden - Freundschaft mit Valjevo e.V.","robots":{"index":"index","follow":"follow","max-snippet":"max-snippet:-1","max-image-preview":"max-image-preview:large","max-video-preview":"max-video-preview:-1"},"canonical":"https:\/\/www.freundschaft-mit-valjevo.de\/wordpress\/2-mahnwache-fuer-den-frieden\/","og_locale":"de_DE","og_type":"article","og_title":"2. Mahnwache f\u00fcr den Frieden - Freundschaft mit Valjevo e.V.","og_description":"Ja zu Diplomatie u. Verst\u00e4ndigung!Nein zur Wehrpflicht!Unsere Jugend ist kein Kanonenfutter Sonntag, 14.12.2025, 14-15 UhrMariens\u00e4ule auf dem Hauptplatz, Pfaffenhofen \/ Ilm An diesem Sonntag organisiert&#8230;","og_url":"https:\/\/www.freundschaft-mit-valjevo.de\/wordpress\/2-mahnwache-fuer-den-frieden\/","og_site_name":"Freundschaft mit Valjevo e.V.","article_published_time":"2025-12-11T10:21:55+00:00","article_modified_time":"2025-12-11T10:29:54+00:00","og_image":[{"url":"https:\/\/www.freundschaft-mit-valjevo.de\/wordpress\/wp-content\/uploads\/2025\/12\/image.png","type":"","width":"","height":""}],"author":"pk","twitter_card":"summary_large_image","twitter_misc":{"Verfasst von":"pk","Gesch\u00e4tzte Lesezeit":"1\u00a0Minute"},"schema":{"@context":"https:\/\/schema.org","@graph":[{"@type":"Article","@id":"https:\/\/www.freundschaft-mit-valjevo.de\/wordpress\/2-mahnwache-fuer-den-frieden\/#article","isPartOf":{"@id":"https:\/\/www.freundschaft-mit-valjevo.de\/wordpress\/2-mahnwache-fuer-den-frieden\/"},"author":{"name":"pk","@id":"https:\/\/www.freundschaft-mit-valjevo.de\/wordpress\/#\/schema\/person\/8f82b5bf1c66952dca586333937473b9"},"headline":"2. Mahnwache f\u00fcr den Frieden","datePublished":"2025-12-11T10:21:55+00:00","dateModified":"2025-12-11T10:29:54+00:00","mainEntityOfPage":{"@id":"https:\/\/www.freundschaft-mit-valjevo.de\/wordpress\/2-mahnwache-fuer-den-frieden\/"},"wordCount":118,"image":{"@id":"https:\/\/www.freundschaft-mit-valjevo.de\/wordpress\/2-mahnwache-fuer-den-frieden\/#primaryimage"},"thumbnailUrl":"https:\/\/www.freundschaft-mit-valjevo.de\/wordpress\/wp-content\/uploads\/2025\/12\/image.png","articleSection":["Frieden","Veranstaltung"],"inLanguage":"de"},{"@type":"WebPage","@id":"https:\/\/www.freundschaft-mit-valjevo.de\/wordpress\/2-mahnwache-fuer-den-frieden\/","url":"https:\/\/www.freundschaft-mit-valjevo.de\/wordpress\/2-mahnwache-fuer-den-frieden\/","name":"2. Mahnwache f\u00fcr den Frieden - Freundschaft mit Valjevo e.V.","isPartOf":{"@id":"https:\/\/www.freundschaft-mit-valjevo.de\/wordpress\/#website"},"primaryImageOfPage":{"@id":"https:\/\/www.freundschaft-mit-valjevo.de\/wordpress\/2-mahnwache-fuer-den-frieden\/#primaryimage"},"image":{"@id":"https:\/\/www.freundschaft-mit-valjevo.de\/wordpress\/2-mahnwache-fuer-den-frieden\/#primaryimage"},"thumbnailUrl":"https:\/\/www.freundschaft-mit-valjevo.de\/wordpress\/wp-content\/uploads\/2025\/12\/image.png","datePublished":"2025-12-11T10:21:55+00:00","dateModified":"2025-12-11T10:29:54+00:00","author":{"@id":"https:\/\/www.freundschaft-mit-valjevo.de\/wordpress\/#\/schema\/person\/8f82b5bf1c66952dca586333937473b9"},"breadcrumb":{"@id":"https:\/\/www.freundschaft-mit-valjevo.de\/wordpress\/2-mahnwache-fuer-den-frieden\/#breadcrumb"},"inLanguage":"de","potentialAction":[{"@type":"ReadAction","target":["https:\/\/www.freundschaft-mit-valjevo.de\/wordpress\/2-mahnwache-fuer-den-frieden\/"]}]},{"@type":"ImageObject","inLanguage":"de","@id":"https:\/\/www.freundschaft-mit-valjevo.de\/wordpress\/2-mahnwache-fuer-den-frieden\/#primaryimage","url":"https:\/\/www.freundschaft-mit-valjevo.de\/wordpress\/wp-content\/uploads\/2025\/12\/image.png","contentUrl":"https:\/\/www.freundschaft-mit-valjevo.de\/wordpress\/wp-content\/uploads\/2025\/12\/image.png"},{"@type":"BreadcrumbList","@id":"https:\/\/www.freundschaft-mit-valjevo.de\/wordpress\/2-mahnwache-fuer-den-frieden\/#breadcrumb","itemListElement":[{"@type":"ListItem","position":1,"name":"Startseite","item":"https:\/\/www.freundschaft-mit-valjevo.de\/wordpress\/"},{"@type":"ListItem","position":2,"name":"2. Mahnwache f\u00fcr den Frieden"}]},{"@type":"WebSite","@id":"https:\/\/www.freundschaft-mit-valjevo.de\/wordpress\/#website","url":"https:\/\/www.freundschaft-mit-valjevo.de\/wordpress\/","name":"Freundschaft mit Valjevo e.V.","description":"F\u00fcr Frieden, Freundschaft und V\u00f6lkerverst\u00e4ndigung","potentialAction":[{"@type":"SearchAction","target":{"@type":"EntryPoint","urlTemplate":"https:\/\/www.freundschaft-mit-valjevo.de\/wordpress\/?s={search_term_string}"},"query-input":{"@type":"PropertyValueSpecification","valueRequired":true,"valueName":"search_term_string"}}],"inLanguage":"de"},{"@type":"Person","@id":"https:\/\/www.freundschaft-mit-valjevo.de\/wordpress\/#\/schema\/person\/8f82b5bf1c66952dca586333937473b9","name":"pk","image":{"@type":"ImageObject","inLanguage":"de","@id":"https:\/\/secure.gravatar.com\/avatar\/bb8f359c89a8d8acb19898b3b4860c45e0813c40f49c6a26c5ab4c5aa3a11a23?s=96&d=mm&r=g","url":"https:\/\/secure.gravatar.com\/avatar\/bb8f359c89a8d8acb19898b3b4860c45e0813c40f49c6a26c5ab4c5aa3a11a23?s=96&d=mm&r=g","contentUrl":"https:\/\/secure.gravatar.com\/avatar\/bb8f359c89a8d8acb19898b3b4860c45e0813c40f49c6a26c5ab4c5aa3a11a23?s=96&d=mm&r=g","caption":"pk"}}]}},"_links":{"self":[{"href":"https:\/\/www.freundschaft-mit-valjevo.de\/wordpress\/wp-json\/wp\/v2\/posts\/2359","targetHints":{"allow":["GET"]}}],"collection":[{"href":"https:\/\/www.freundschaft-mit-valjevo.de\/wordpress\/wp-json\/wp\/v2\/posts"}],"about":[{"href":"https:\/\/www.freundschaft-mit-valjevo.de\/wordpress\/wp-json\/wp\/v2\/types\/post"}],"author":[{"embeddable":true,"href":"https:\/\/www.freundschaft-mit-valjevo.de\/wordpress\/wp-json\/wp\/v2\/users\/3"}],"replies":[{"embeddable":true,"href":"https:\/\/www.freundschaft-mit-valjevo.de\/wordpress\/wp-json\/wp\/v2\/comments?post=2359"}],"version-history":[{"count":6,"href":"https:\/\/www.freundschaft-mit-valjevo.de\/wordpress\/wp-json\/wp\/v2\/posts\/2359\/revisions"}],"predecessor-version":[{"id":2369,"href":"https:\/\/www.freundschaft-mit-valjevo.de\/wordpress\/wp-json\/wp\/v2\/posts\/2359\/revisions\/2369"}],"wp:attachment":[{"href":"https:\/\/www.freundschaft-mit-valjevo.de\/wordpress\/wp-json\/wp\/v2\/media?parent=2359"}],"wp:term":[{"taxonomy":"category","embeddable":true,"href":"https:\/\/www.freundschaft-mit-valjevo.de\/wordpress\/wp-json\/wp\/v2\/categories?post=2359"},{"taxonomy":"post_tag","embeddable":true,"href":"https:\/\/www.freundschaft-mit-valjevo.de\/wordpress\/wp-json\/wp\/v2\/tags?post=2359"}],"curies":[{"name":"wp","href":"https:\/\/api.w.org\/{rel}","templated":true}]}}