{"id":2497,"date":"2026-04-26T08:46:09","date_gmt":"2026-04-26T08:46:09","guid":{"rendered":"https:\/\/www.freundschaft-mit-valjevo.de\/wordpress\/?p=2497"},"modified":"2026-04-26T10:10:50","modified_gmt":"2026-04-26T10:10:50","slug":"2497-2","status":"publish","type":"post","link":"https:\/\/www.freundschaft-mit-valjevo.de\/wordpress\/2497-2\/","title":{"rendered":"Israel im Krieg. Gesellschaft und Ideologie"},"content":{"rendered":"\n\n\n<figure class=\"wp-block-image size-large is-resized\"><a href=\"https:\/\/www.freundschaft-mit-valjevo.de\/wordpress\/wp-content\/uploads\/2026\/04\/Moshe-zuckermann-6-scaled.jpg\"><img loading=\"lazy\" decoding=\"async\" width=\"700\" height=\"933\" src=\"https:\/\/www.freundschaft-mit-valjevo.de\/wordpress\/wp-content\/uploads\/2026\/04\/Moshe-zuckermann-6-700x933.jpg\" alt=\"\" class=\"wp-image-2499\" style=\"aspect-ratio:0.7502616819185328;width:364px;height:auto\" srcset=\"https:\/\/www.freundschaft-mit-valjevo.de\/wordpress\/wp-content\/uploads\/2026\/04\/Moshe-zuckermann-6-700x933.jpg 700w, https:\/\/www.freundschaft-mit-valjevo.de\/wordpress\/wp-content\/uploads\/2026\/04\/Moshe-zuckermann-6-225x300.jpg 225w, https:\/\/www.freundschaft-mit-valjevo.de\/wordpress\/wp-content\/uploads\/2026\/04\/Moshe-zuckermann-6-768x1024.jpg 768w, https:\/\/www.freundschaft-mit-valjevo.de\/wordpress\/wp-content\/uploads\/2026\/04\/Moshe-zuckermann-6-1152x1536.jpg 1152w, https:\/\/www.freundschaft-mit-valjevo.de\/wordpress\/wp-content\/uploads\/2026\/04\/Moshe-zuckermann-6-1536x2048.jpg 1536w, https:\/\/www.freundschaft-mit-valjevo.de\/wordpress\/wp-content\/uploads\/2026\/04\/Moshe-zuckermann-6-scaled.jpg 1920w\" sizes=\"auto, (max-width: 700px) 100vw, 700px\" \/><\/a><\/figure>\n\n\n\n<h2 class=\"wp-block-heading\">Sonntag, 10. Mai, 19 Uhr, im Hofbergsaal, Pfaffenhofen<\/h2>\n\n\n\n<h2 class=\"wp-block-heading\">Referent: Dr. Moshe Zuckermann<br>Professor em. f\u00fcr Geschichte und Philosophie, Tel Aviv, Israel<\/h2>\n\n\n<p>Israel f\u00fchrt Krieg: In Gaza hat sein Milit\u00e4r die Wohnh\u00e4user, Schulen, Krankenh\u00e4user und Gebetsh\u00e4user, die Lebensgrundlagen von \u00fcber 2 Millionen Pal\u00e4stinensern v\u00f6llig zerst\u00f6rt und ein Tr\u00fcmmerfeld hinterlassen. Im Westjordanland, das unter israelischer<br \/>Milit\u00e4rherrschaft steht, terrorisieren bewaffnete Siedlerbanden straflos die Bev\u00f6lkerung. Dort findet eine ethnische S\u00e4uberung statt. In Syrien und im Libanon richtet Israel \u201ePufferzonen\u201c ein und vertreibt die einheimische B\u00fcrger. Den Iran hat es nach seinem Angriffskrieg im Juni 2025 jetzt erneut im Februar 2026 mit US-Unterst\u00fctzung \u00fcberfallen und einen Krieg initiiert, der dabei ist, den gesamten Nahen Osten zu erfassen. <br \/>Mit Professor Moshe Zuckermann wollen wir diskutieren: Wie erkl\u00e4rt sich die aggressive Au\u00dfenpolitik Israels? Welche politischen und ideologischen Ziele will seine F\u00fchrung damit erreichen? Was denkt die israelische Bev\u00f6lkerung \u00fcber den V\u00f6lkermord in Gaza, die Entrechtung und Vertreibung der Pal\u00e4stinenser im Westjordanland, den Krieg im Libanon und gegen den Iran? Welche Auswirkungen haben die st\u00e4ndigen Kriege auf die Lebensbedingungen der israelischen Bev\u00f6lkerung und die Wirtschaft? Wie hat sich mit diesen Kriegen die Lage der Pal\u00e4stinenser in Israel selbst ver\u00e4ndert? Wie steht es um die Friedensbewegung in Israel? Welche Chancen bestehen f\u00fcr einen Wandel der israelischen Politik und eine Auss\u00f6hnung mit seinen arabischen Nachbarn?<\/p>","protected":false},"excerpt":{"rendered":"<p>Sonntag, 10. Mai, 19 Uhr, im Hofbergsaal, Pfaffenhofen Referent: Dr. Moshe ZuckermannProfessor em. f\u00fcr Geschichte und Philosophie, Tel Aviv, Israel Israel f\u00fchrt Krieg: In Gaza&#8230;<\/p>\n<div class=\"more-link-wrapper\"><a class=\"more-link\" href=\"https:\/\/www.freundschaft-mit-valjevo.de\/wordpress\/2497-2\/\">Weiterlesen<span class=\"screen-reader-text\">Israel im Krieg. Gesellschaft und Ideologie<\/span><\/a><\/div>\n","protected":false},"author":4,"featured_media":0,"comment_status":"closed","ping_status":"closed","sticky":false,"template":"","format":"standard","meta":{"footnotes":""},"categories":[1,9],"tags":[30,10],"class_list":["post-2497","post","type-post","status-publish","format-standard","hentry","category-allgemein","category-veranstaltung","tag-israel","tag-veranstaltungen","entry"],"yoast_head":"<!-- This site is optimized with the Yoast SEO plugin v27.4 - https:\/\/yoast.com\/product\/yoast-seo-wordpress\/ -->\n<title>Israel im Krieg. Gesellschaft und Ideologie - Freundschaft mit Valjevo e.V.<\/title>\n<meta name=\"robots\" content=\"index, follow, max-snippet:-1, max-image-preview:large, max-video-preview:-1\" \/>\n<link rel=\"canonical\" href=\"https:\/\/www.freundschaft-mit-valjevo.de\/wordpress\/2497-2\/\" \/>\n<meta property=\"og:locale\" content=\"de_DE\" \/>\n<meta property=\"og:type\" content=\"article\" \/>\n<meta property=\"og:title\" content=\"Israel im Krieg. Gesellschaft und Ideologie - Freundschaft mit Valjevo e.V.\" \/>\n<meta property=\"og:description\" content=\"Sonntag, 10. Mai, 19 Uhr, im Hofbergsaal, Pfaffenhofen Referent: Dr. Moshe ZuckermannProfessor em. f\u00fcr Geschichte und Philosophie, Tel Aviv, Israel Israel f\u00fchrt Krieg: In Gaza&#8230;\" \/>\n<meta property=\"og:url\" content=\"https:\/\/www.freundschaft-mit-valjevo.de\/wordpress\/2497-2\/\" \/>\n<meta property=\"og:site_name\" content=\"Freundschaft mit Valjevo e.V.\" \/>\n<meta property=\"article:published_time\" content=\"2026-04-26T08:46:09+00:00\" \/>\n<meta property=\"article:modified_time\" content=\"2026-04-26T10:10:50+00:00\" \/>\n<meta property=\"og:image\" content=\"https:\/\/www.freundschaft-mit-valjevo.de\/wordpress\/wp-content\/uploads\/2026\/04\/Moshe-zuckermann-6-scaled.jpg\" \/>\n\t<meta property=\"og:image:width\" content=\"1920\" \/>\n\t<meta property=\"og:image:height\" content=\"2560\" \/>\n\t<meta property=\"og:image:type\" content=\"image\/jpeg\" \/>\n<meta name=\"author\" content=\"Thomas Peddinghaus\" \/>\n<meta name=\"twitter:card\" content=\"summary_large_image\" \/>\n<meta name=\"twitter:label1\" content=\"Verfasst von\" \/>\n\t<meta name=\"twitter:data1\" content=\"Thomas Peddinghaus\" \/>\n\t<meta name=\"twitter:label2\" content=\"Gesch\u00e4tzte Lesezeit\" \/>\n\t<meta name=\"twitter:data2\" content=\"2\u00a0Minuten\" \/>\n<script type=\"application\/ld+json\" class=\"yoast-schema-graph\">{\"@context\":\"https:\\\/\\\/schema.org\",\"@graph\":[{\"@type\":\"Article\",\"@id\":\"https:\\\/\\\/www.freundschaft-mit-valjevo.de\\\/wordpress\\\/2497-2\\\/#article\",\"isPartOf\":{\"@id\":\"https:\\\/\\\/www.freundschaft-mit-valjevo.de\\\/wordpress\\\/2497-2\\\/\"},\"author\":{\"name\":\"Thomas Peddinghaus\",\"@id\":\"https:\\\/\\\/www.freundschaft-mit-valjevo.de\\\/wordpress\\\/#\\\/schema\\\/person\\\/3638873be417003befe99d99d2313734\"},\"headline\":\"Israel im Krieg. Gesellschaft und Ideologie\",\"datePublished\":\"2026-04-26T08:46:09+00:00\",\"dateModified\":\"2026-04-26T10:10:50+00:00\",\"mainEntityOfPage\":{\"@id\":\"https:\\\/\\\/www.freundschaft-mit-valjevo.de\\\/wordpress\\\/2497-2\\\/\"},\"wordCount\":241,\"image\":{\"@id\":\"https:\\\/\\\/www.freundschaft-mit-valjevo.de\\\/wordpress\\\/2497-2\\\/#primaryimage\"},\"thumbnailUrl\":\"https:\\\/\\\/www.freundschaft-mit-valjevo.de\\\/wordpress\\\/wp-content\\\/uploads\\\/2026\\\/04\\\/Moshe-zuckermann-6-700x933.jpg\",\"keywords\":[\"Israel\",\"Veranstaltungen\"],\"articleSection\":{\"1\":\"Veranstaltung\"},\"inLanguage\":\"de\"},{\"@type\":\"WebPage\",\"@id\":\"https:\\\/\\\/www.freundschaft-mit-valjevo.de\\\/wordpress\\\/2497-2\\\/\",\"url\":\"https:\\\/\\\/www.freundschaft-mit-valjevo.de\\\/wordpress\\\/2497-2\\\/\",\"name\":\"Israel im Krieg. Gesellschaft und Ideologie - Freundschaft mit Valjevo e.V.\",\"isPartOf\":{\"@id\":\"https:\\\/\\\/www.freundschaft-mit-valjevo.de\\\/wordpress\\\/#website\"},\"primaryImageOfPage\":{\"@id\":\"https:\\\/\\\/www.freundschaft-mit-valjevo.de\\\/wordpress\\\/2497-2\\\/#primaryimage\"},\"image\":{\"@id\":\"https:\\\/\\\/www.freundschaft-mit-valjevo.de\\\/wordpress\\\/2497-2\\\/#primaryimage\"},\"thumbnailUrl\":\"https:\\\/\\\/www.freundschaft-mit-valjevo.de\\\/wordpress\\\/wp-content\\\/uploads\\\/2026\\\/04\\\/Moshe-zuckermann-6-700x933.jpg\",\"datePublished\":\"2026-04-26T08:46:09+00:00\",\"dateModified\":\"2026-04-26T10:10:50+00:00\",\"author\":{\"@id\":\"https:\\\/\\\/www.freundschaft-mit-valjevo.de\\\/wordpress\\\/#\\\/schema\\\/person\\\/3638873be417003befe99d99d2313734\"},\"breadcrumb\":{\"@id\":\"https:\\\/\\\/www.freundschaft-mit-valjevo.de\\\/wordpress\\\/2497-2\\\/#breadcrumb\"},\"inLanguage\":\"de\",\"potentialAction\":[{\"@type\":\"ReadAction\",\"target\":[\"https:\\\/\\\/www.freundschaft-mit-valjevo.de\\\/wordpress\\\/2497-2\\\/\"]}]},{\"@type\":\"ImageObject\",\"inLanguage\":\"de\",\"@id\":\"https:\\\/\\\/www.freundschaft-mit-valjevo.de\\\/wordpress\\\/2497-2\\\/#primaryimage\",\"url\":\"https:\\\/\\\/www.freundschaft-mit-valjevo.de\\\/wordpress\\\/wp-content\\\/uploads\\\/2026\\\/04\\\/Moshe-zuckermann-6-scaled.jpg\",\"contentUrl\":\"https:\\\/\\\/www.freundschaft-mit-valjevo.de\\\/wordpress\\\/wp-content\\\/uploads\\\/2026\\\/04\\\/Moshe-zuckermann-6-scaled.jpg\",\"width\":1920,\"height\":2560},{\"@type\":\"BreadcrumbList\",\"@id\":\"https:\\\/\\\/www.freundschaft-mit-valjevo.de\\\/wordpress\\\/2497-2\\\/#breadcrumb\",\"itemListElement\":[{\"@type\":\"ListItem\",\"position\":1,\"name\":\"Startseite\",\"item\":\"https:\\\/\\\/www.freundschaft-mit-valjevo.de\\\/wordpress\\\/\"},{\"@type\":\"ListItem\",\"position\":2,\"name\":\"Israel im Krieg. Gesellschaft und Ideologie\"}]},{\"@type\":\"WebSite\",\"@id\":\"https:\\\/\\\/www.freundschaft-mit-valjevo.de\\\/wordpress\\\/#website\",\"url\":\"https:\\\/\\\/www.freundschaft-mit-valjevo.de\\\/wordpress\\\/\",\"name\":\"Freundschaft mit Valjevo e.V.\",\"description\":\"F\u00fcr Frieden, Freundschaft und V\u00f6lkerverst\u00e4ndigung\",\"potentialAction\":[{\"@type\":\"SearchAction\",\"target\":{\"@type\":\"EntryPoint\",\"urlTemplate\":\"https:\\\/\\\/www.freundschaft-mit-valjevo.de\\\/wordpress\\\/?s={search_term_string}\"},\"query-input\":{\"@type\":\"PropertyValueSpecification\",\"valueRequired\":true,\"valueName\":\"search_term_string\"}}],\"inLanguage\":\"de\"},{\"@type\":\"Person\",\"@id\":\"https:\\\/\\\/www.freundschaft-mit-valjevo.de\\\/wordpress\\\/#\\\/schema\\\/person\\\/3638873be417003befe99d99d2313734\",\"name\":\"Thomas Peddinghaus\",\"image\":{\"@type\":\"ImageObject\",\"inLanguage\":\"de\",\"@id\":\"https:\\\/\\\/secure.gravatar.com\\\/avatar\\\/a2b73c694990af472855c04f11ad75949d7bc03afb50d9f56079ae3d4c21484a?s=96&d=mm&r=g\",\"url\":\"https:\\\/\\\/secure.gravatar.com\\\/avatar\\\/a2b73c694990af472855c04f11ad75949d7bc03afb50d9f56079ae3d4c21484a?s=96&d=mm&r=g\",\"contentUrl\":\"https:\\\/\\\/secure.gravatar.com\\\/avatar\\\/a2b73c694990af472855c04f11ad75949d7bc03afb50d9f56079ae3d4c21484a?s=96&d=mm&r=g\",\"caption\":\"Thomas Peddinghaus\"}}]}<\/script>\n<!-- \/ Yoast SEO plugin. -->","yoast_head_json":{"title":"Israel im Krieg. Gesellschaft und Ideologie - Freundschaft mit Valjevo e.V.","robots":{"index":"index","follow":"follow","max-snippet":"max-snippet:-1","max-image-preview":"max-image-preview:large","max-video-preview":"max-video-preview:-1"},"canonical":"https:\/\/www.freundschaft-mit-valjevo.de\/wordpress\/2497-2\/","og_locale":"de_DE","og_type":"article","og_title":"Israel im Krieg. Gesellschaft und Ideologie - Freundschaft mit Valjevo e.V.","og_description":"Sonntag, 10. Mai, 19 Uhr, im Hofbergsaal, Pfaffenhofen Referent: Dr. Moshe ZuckermannProfessor em. f\u00fcr Geschichte und Philosophie, Tel Aviv, Israel Israel f\u00fchrt Krieg: In Gaza&#8230;","og_url":"https:\/\/www.freundschaft-mit-valjevo.de\/wordpress\/2497-2\/","og_site_name":"Freundschaft mit Valjevo e.V.","article_published_time":"2026-04-26T08:46:09+00:00","article_modified_time":"2026-04-26T10:10:50+00:00","og_image":[{"width":1920,"height":2560,"url":"https:\/\/www.freundschaft-mit-valjevo.de\/wordpress\/wp-content\/uploads\/2026\/04\/Moshe-zuckermann-6-scaled.jpg","type":"image\/jpeg"}],"author":"Thomas Peddinghaus","twitter_card":"summary_large_image","twitter_misc":{"Verfasst von":"Thomas Peddinghaus","Gesch\u00e4tzte Lesezeit":"2\u00a0Minuten"},"schema":{"@context":"https:\/\/schema.org","@graph":[{"@type":"Article","@id":"https:\/\/www.freundschaft-mit-valjevo.de\/wordpress\/2497-2\/#article","isPartOf":{"@id":"https:\/\/www.freundschaft-mit-valjevo.de\/wordpress\/2497-2\/"},"author":{"name":"Thomas Peddinghaus","@id":"https:\/\/www.freundschaft-mit-valjevo.de\/wordpress\/#\/schema\/person\/3638873be417003befe99d99d2313734"},"headline":"Israel im Krieg. Gesellschaft und Ideologie","datePublished":"2026-04-26T08:46:09+00:00","dateModified":"2026-04-26T10:10:50+00:00","mainEntityOfPage":{"@id":"https:\/\/www.freundschaft-mit-valjevo.de\/wordpress\/2497-2\/"},"wordCount":241,"image":{"@id":"https:\/\/www.freundschaft-mit-valjevo.de\/wordpress\/2497-2\/#primaryimage"},"thumbnailUrl":"https:\/\/www.freundschaft-mit-valjevo.de\/wordpress\/wp-content\/uploads\/2026\/04\/Moshe-zuckermann-6-700x933.jpg","keywords":["Israel","Veranstaltungen"],"articleSection":{"1":"Veranstaltung"},"inLanguage":"de"},{"@type":"WebPage","@id":"https:\/\/www.freundschaft-mit-valjevo.de\/wordpress\/2497-2\/","url":"https:\/\/www.freundschaft-mit-valjevo.de\/wordpress\/2497-2\/","name":"Israel im Krieg. Gesellschaft und Ideologie - Freundschaft mit Valjevo e.V.","isPartOf":{"@id":"https:\/\/www.freundschaft-mit-valjevo.de\/wordpress\/#website"},"primaryImageOfPage":{"@id":"https:\/\/www.freundschaft-mit-valjevo.de\/wordpress\/2497-2\/#primaryimage"},"image":{"@id":"https:\/\/www.freundschaft-mit-valjevo.de\/wordpress\/2497-2\/#primaryimage"},"thumbnailUrl":"https:\/\/www.freundschaft-mit-valjevo.de\/wordpress\/wp-content\/uploads\/2026\/04\/Moshe-zuckermann-6-700x933.jpg","datePublished":"2026-04-26T08:46:09+00:00","dateModified":"2026-04-26T10:10:50+00:00","author":{"@id":"https:\/\/www.freundschaft-mit-valjevo.de\/wordpress\/#\/schema\/person\/3638873be417003befe99d99d2313734"},"breadcrumb":{"@id":"https:\/\/www.freundschaft-mit-valjevo.de\/wordpress\/2497-2\/#breadcrumb"},"inLanguage":"de","potentialAction":[{"@type":"ReadAction","target":["https:\/\/www.freundschaft-mit-valjevo.de\/wordpress\/2497-2\/"]}]},{"@type":"ImageObject","inLanguage":"de","@id":"https:\/\/www.freundschaft-mit-valjevo.de\/wordpress\/2497-2\/#primaryimage","url":"https:\/\/www.freundschaft-mit-valjevo.de\/wordpress\/wp-content\/uploads\/2026\/04\/Moshe-zuckermann-6-scaled.jpg","contentUrl":"https:\/\/www.freundschaft-mit-valjevo.de\/wordpress\/wp-content\/uploads\/2026\/04\/Moshe-zuckermann-6-scaled.jpg","width":1920,"height":2560},{"@type":"BreadcrumbList","@id":"https:\/\/www.freundschaft-mit-valjevo.de\/wordpress\/2497-2\/#breadcrumb","itemListElement":[{"@type":"ListItem","position":1,"name":"Startseite","item":"https:\/\/www.freundschaft-mit-valjevo.de\/wordpress\/"},{"@type":"ListItem","position":2,"name":"Israel im Krieg. Gesellschaft und Ideologie"}]},{"@type":"WebSite","@id":"https:\/\/www.freundschaft-mit-valjevo.de\/wordpress\/#website","url":"https:\/\/www.freundschaft-mit-valjevo.de\/wordpress\/","name":"Freundschaft mit Valjevo e.V.","description":"F\u00fcr Frieden, Freundschaft und V\u00f6lkerverst\u00e4ndigung","potentialAction":[{"@type":"SearchAction","target":{"@type":"EntryPoint","urlTemplate":"https:\/\/www.freundschaft-mit-valjevo.de\/wordpress\/?s={search_term_string}"},"query-input":{"@type":"PropertyValueSpecification","valueRequired":true,"valueName":"search_term_string"}}],"inLanguage":"de"},{"@type":"Person","@id":"https:\/\/www.freundschaft-mit-valjevo.de\/wordpress\/#\/schema\/person\/3638873be417003befe99d99d2313734","name":"Thomas Peddinghaus","image":{"@type":"ImageObject","inLanguage":"de","@id":"https:\/\/secure.gravatar.com\/avatar\/a2b73c694990af472855c04f11ad75949d7bc03afb50d9f56079ae3d4c21484a?s=96&d=mm&r=g","url":"https:\/\/secure.gravatar.com\/avatar\/a2b73c694990af472855c04f11ad75949d7bc03afb50d9f56079ae3d4c21484a?s=96&d=mm&r=g","contentUrl":"https:\/\/secure.gravatar.com\/avatar\/a2b73c694990af472855c04f11ad75949d7bc03afb50d9f56079ae3d4c21484a?s=96&d=mm&r=g","caption":"Thomas Peddinghaus"}}]}},"_links":{"self":[{"href":"https:\/\/www.freundschaft-mit-valjevo.de\/wordpress\/wp-json\/wp\/v2\/posts\/2497","targetHints":{"allow":["GET"]}}],"collection":[{"href":"https:\/\/www.freundschaft-mit-valjevo.de\/wordpress\/wp-json\/wp\/v2\/posts"}],"about":[{"href":"https:\/\/www.freundschaft-mit-valjevo.de\/wordpress\/wp-json\/wp\/v2\/types\/post"}],"author":[{"embeddable":true,"href":"https:\/\/www.freundschaft-mit-valjevo.de\/wordpress\/wp-json\/wp\/v2\/users\/4"}],"replies":[{"embeddable":true,"href":"https:\/\/www.freundschaft-mit-valjevo.de\/wordpress\/wp-json\/wp\/v2\/comments?post=2497"}],"version-history":[{"count":13,"href":"https:\/\/www.freundschaft-mit-valjevo.de\/wordpress\/wp-json\/wp\/v2\/posts\/2497\/revisions"}],"predecessor-version":[{"id":2518,"href":"https:\/\/www.freundschaft-mit-valjevo.de\/wordpress\/wp-json\/wp\/v2\/posts\/2497\/revisions\/2518"}],"wp:attachment":[{"href":"https:\/\/www.freundschaft-mit-valjevo.de\/wordpress\/wp-json\/wp\/v2\/media?parent=2497"}],"wp:term":[{"taxonomy":"category","embeddable":true,"href":"https:\/\/www.freundschaft-mit-valjevo.de\/wordpress\/wp-json\/wp\/v2\/categories?post=2497"},{"taxonomy":"post_tag","embeddable":true,"href":"https:\/\/www.freundschaft-mit-valjevo.de\/wordpress\/wp-json\/wp\/v2\/tags?post=2497"}],"curies":[{"name":"wp","href":"https:\/\/api.w.org\/{rel}","templated":true}]}}