{"id":314,"date":"2008-11-28T12:00:26","date_gmt":"2008-11-28T12:00:26","guid":{"rendered":"http:\/\/www.freundschaft-mit-valjevo.de\/wordpress\/?p=314"},"modified":"2011-09-04T14:13:23","modified_gmt":"2011-09-04T14:13:23","slug":"statt-unabhangigkeit-der-status-eines-protektorats","status":"publish","type":"post","link":"https:\/\/www.freundschaft-mit-valjevo.de\/wordpress\/statt-unabhangigkeit-der-status-eines-protektorats\/","title":{"rendered":"Statt Unabh\u00e4ngigkeit der Status eines Protektorats"},"content":{"rendered":"<h5>Dr. Hannes Hofbauer sprach \u00fcber die Situation im heutigen Kosovo, 28.11.2008<\/h5>\n<p style=\"text-align: justify;\">Experiment Kosovo\u201c hei\u00dft das neue Buch des \u00f6sterreichischen Historikers\u00a0und Publizisten Dr. Hannes Hofbauer. In ihm besch\u00e4ftigt sich der Osteuropaexperte mit der aktuellen Lage im Kosovo und der Politik von UNO und EU. Am vergangenen Freitag sprach Dr. Hofbauer auf Einladung der Freunde von Valjevo vor knapp 40 Zuh\u00f6rern, darunter einer Reihe Kosovo-Albaner, im \u201eHotel M\u00fcllerbr\u00e4u\u201c.<\/p>\n<p style=\"text-align: center;\"><a href=\"https:\/\/www.freundschaft-mit-valjevo.de\/wordpress\/wp-content\/uploads\/2011\/09\/Dr-Hannes-Hofbauer-in-Pfaffenhofen.jpg\"><img loading=\"lazy\" decoding=\"async\" class=\"size-full wp-image-315  aligncenter\" style=\"margin-top: 2px; margin-bottom: 2px; border-width: 2px; border-color: black; border-style: solid;\" title=\"Dr. Hannes Hofbauer in Pfaffenhofen\" src=\"https:\/\/www.freundschaft-mit-valjevo.de\/wordpress\/wp-content\/uploads\/2011\/09\/Dr-Hannes-Hofbauer-in-Pfaffenhofen.jpg\" alt=\"Dr. Hannes Hofbauer in Pfaffenhofen\" width=\"800\" height=\"600\" srcset=\"https:\/\/www.freundschaft-mit-valjevo.de\/wordpress\/wp-content\/uploads\/2011\/09\/Dr-Hannes-Hofbauer-in-Pfaffenhofen.jpg 800w, https:\/\/www.freundschaft-mit-valjevo.de\/wordpress\/wp-content\/uploads\/2011\/09\/Dr-Hannes-Hofbauer-in-Pfaffenhofen-300x225.jpg 300w\" sizes=\"auto, (max-width: 800px) 100vw, 800px\" \/><\/a><\/p>\n<p style=\"text-align: justify;\">Seit dem Ende des Natokrieges 1999 gegen Jugoslawien, so Hofbauer, wird das Kosovo von der UNO unter starker Mitwirkung von EU und Nato verwaltet. In dieser Zeit haben neun UN Sonderbeauftragte hintereinander f\u00fcr jeweils kurze Zeit die UNO Interimsverwaltung geleitet. Sie haben dabei versucht, die Wirtschafts- und Gesellschaftsordnung der Region nach neoliberalen Vorstellungen umzugestalten. Ihr selbst proklamiertes Ziel eines multiethnischen, demokratischen Kosovo mit einer sich entwickelnden Marktwirtschaft haben sie, so Hofbauer, nicht erreicht. Die serbische Minderheit ist mittlerweile weitgehend aus dem Kosovo vertrieben. Die meisten der im Kosovo verbliebenen 120.000 Serben leben in einem zusammenh\u00e4ngenden Siedlungsgebiet n\u00f6rdlich des Flusses Ibar, das sich der Kontrolle durch Pristina entzieht. Die Wirtschaft des 2 Millionen Einwohner Landes, die bereits durch die Krise Jugoslawiens in den 80er und 90er Jahren und den Krieg geschw\u00e4cht war, liegt danieder. Dazu hat nach Auffassung von Hofbauer die v\u00f6llige \u00d6ffnung des Landes f\u00fcr Importe aus dem Ausland entscheidend beigetragen. Dieser Konkurrenz war die r\u00fcckst\u00e4ndige Industrie und Landwirtschaft nicht gewachsen. Die Betriebe werden nach Vorgaben der UNO ohne jegliches Mitspracherecht von Bev\u00f6lkerung und Besch\u00e4ftigten privatisiert und ohne Verpflichtung, Arbeitskr\u00e4fte und Altlasten zu \u00fcbernehmen, an ausl\u00e4ndische Investoren verkauft. Soziale Absicherung, Krankenversicherung, Arbeitnehmerrechte wie Koalitionsfreiheit oder K\u00fcndigungsschutz sind im heutigen Kosovo unbekannt. Die Arbeitslosenquote liegt bei 50%. Rund 60% der Bev\u00f6lkerung m\u00fcssen mit weniger als 45 EUR im Monat auskommen. Dazu steht, kritisierte Hofbauer, das Leben der rund 70.000-100.000 Mitarbeiter von UNO, EU, Nato und Nichtregierungsorganisationen im Kosovo im v\u00f6lligen Kontrast. Sie kommen aus \u00fcber 60 L\u00e4ndern, kennen weder Kultur noch Sprache des Landes, beziehen aber \u00fcppige Geh\u00e4lter und halten sich ein ganzes Herr an \u00dcbersetzern, Fahrer und sonstigen Helfern.<\/p>\n<p style=\"text-align: justify;\">Vor diesem Hintergrund w\u00e4chst die Unzufriedenheit in der Bev\u00f6lkerung. Mit\u00a0Vetevendosje (\u201eSelbstbestimmung\u201c) hat sich mittlerweile eine breite Bewegung\u00a0gebildet, die bei ihren Kundgebungen wie vor wenigen Tagen in Pristina bis zu 30.000 Teilnehmer gegen die \u201eFremdherrschaft\u201c mobilisiert. Die einseitige v\u00f6lkerrechtswidrige Ausrufung Kosovos als formal selbst\u00e4ndiger Staat, der bis heute weder von der UNO und noch der weit \u00fcberwiegenden Mehrheit der Staaten, noch von Serbien als getroffenen Staat anerkannt wird, sollte, so Hofbauer, USA und EU dazu dienen, die albanische Bev\u00f6lkerung beruhigen. Sie ziele darauf ab, die Abtrennung von Serbien irreversibel zu machen und die UN- Verwaltung schrittweise durch eine Verwaltung durch die EU abzul\u00f6sen. An der Situation des Kosovo als Protektorat habe sich grunds\u00e4tzlich nichts ge\u00e4ndert. So sehe die neue Verfassung ausdr\u00fccklich nur eine \u201e\u00fcberwachte Unabh\u00e4ngigkeit\u201c vor und gebe dem Internationalen Zivilen Repr\u00e4sentanten der EU im Kosovo (ICR) die Befugnis, jeden Beamten und Parlamentarier zu entlassen, jedes Gesetz annullieren und jegliche Entscheidungen der dortigen Institutionen zu korrigieren. Er kontrolliert Geld- und Wirtschaftspolitik des Landes und leitet die EU Mission EULEX, mit der Rechtsprechung, Polizei, Verwaltung nach den Vorstellungen der EU aufgebaut und gestaltet werden sollen. Mit \u201eBondsteel\u201c, dem gr\u00f6\u00dften US\u00a0Milit\u00e4rst\u00fctzpunkt in Europa, und 18.000 Nato- Soldaten im Land sei das Land\u00a0auch milit\u00e4risch fest unter Kontrolle.\u00a0Die untragbare soziale Lage der breiten Bev\u00f6lkerung, so der Referent, kann sich\u00a0auch in Zukunft in ethnischen Auseinandersetzungen entladen. Die Wunden zwischen Serben und Kosovoalbanern, das haben die Diskussionsbeitr\u00e4ge auf der Veranstaltung gezeigt, sind noch nicht verheilt. Wenn sich der mehrheitlich von Serben bewohnte rohstoffreiche Norden des Kosovo abspaltet oder wenn, wie im Ahtisaari Plan vorgesehen, der serbisch \u2013 orthodoxen Kirche die gro\u00dfen L\u00e4ndereien, die ihr unter Tito genommen wurden (9% der Fl\u00e4che des Kosovo!), zur\u00fcck zugeben sind, k\u00f6nnte es zu Unruhen kommen. Die Zeit dr\u00e4ngt, die sozialen Probleme des Landes zu l\u00f6sen. Funktionieren kann das allerdings nur, so Hofbauer, wenn nicht mehr von fremden M\u00e4chten und internationalen Organisationen \u00fcber die K\u00f6pfe der Bev\u00f6lkerung entschieden wird, sondern die B\u00fcrger des Kosovo selbst das letzte Wort haben und ihre Interessen zur Geltung kommen.<\/p>\n","protected":false},"excerpt":{"rendered":"<p>Dr. Hannes Hofbauer sprach \u00fcber die Situation im heutigen Kosovo, 28.11.2008 Experiment Kosovo\u201c hei\u00dft das neue Buch des \u00f6sterreichischen Historikers\u00a0und Publizisten Dr. Hannes Hofbauer. In&#8230;<\/p>\n<div class=\"more-link-wrapper\"><a class=\"more-link\" href=\"https:\/\/www.freundschaft-mit-valjevo.de\/wordpress\/statt-unabhangigkeit-der-status-eines-protektorats\/\">Weiterlesen<span class=\"screen-reader-text\">Statt Unabh\u00e4ngigkeit der Status eines Protektorats<\/span><\/a><\/div>\n","protected":false},"author":2,"featured_media":0,"comment_status":"open","ping_status":"open","sticky":false,"template":"","format":"standard","meta":{"footnotes":""},"categories":[54,53],"tags":[17,15,10],"class_list":["post-314","post","type-post","status-publish","format-standard","hentry","category-kosovo","category-serbien","tag-kosovo","tag-serbien","tag-veranstaltungen","entry"],"yoast_head":"<!-- This site is optimized with the Yoast SEO plugin v27.4 - https:\/\/yoast.com\/product\/yoast-seo-wordpress\/ -->\n<title>Statt Unabh\u00e4ngigkeit der Status eines Protektorats - Freundschaft mit Valjevo e.V.<\/title>\n<meta name=\"robots\" content=\"index, follow, max-snippet:-1, max-image-preview:large, max-video-preview:-1\" \/>\n<link rel=\"canonical\" href=\"https:\/\/www.freundschaft-mit-valjevo.de\/wordpress\/statt-unabhangigkeit-der-status-eines-protektorats\/\" \/>\n<meta property=\"og:locale\" content=\"de_DE\" \/>\n<meta property=\"og:type\" content=\"article\" \/>\n<meta property=\"og:title\" content=\"Statt Unabh\u00e4ngigkeit der Status eines Protektorats - Freundschaft mit Valjevo e.V.\" \/>\n<meta property=\"og:description\" content=\"Dr. Hannes Hofbauer sprach \u00fcber die Situation im heutigen Kosovo, 28.11.2008 Experiment Kosovo\u201c hei\u00dft das neue Buch des \u00f6sterreichischen Historikers\u00a0und Publizisten Dr. Hannes Hofbauer. In&#8230;\" \/>\n<meta property=\"og:url\" content=\"https:\/\/www.freundschaft-mit-valjevo.de\/wordpress\/statt-unabhangigkeit-der-status-eines-protektorats\/\" \/>\n<meta property=\"og:site_name\" content=\"Freundschaft mit Valjevo e.V.\" \/>\n<meta property=\"article:published_time\" content=\"2008-11-28T12:00:26+00:00\" \/>\n<meta property=\"article:modified_time\" content=\"2011-09-04T14:13:23+00:00\" \/>\n<meta property=\"og:image\" content=\"http:\/\/www.freundschaft-mit-valjevo.de\/wordpress\/wp-content\/uploads\/2011\/09\/Dr-Hannes-Hofbauer-in-Pfaffenhofen.jpg\" \/>\n<meta name=\"author\" content=\"admin-z\" \/>\n<meta name=\"twitter:card\" content=\"summary_large_image\" \/>\n<meta name=\"twitter:label1\" content=\"Verfasst von\" \/>\n\t<meta name=\"twitter:data1\" content=\"admin-z\" \/>\n\t<meta name=\"twitter:label2\" content=\"Gesch\u00e4tzte Lesezeit\" \/>\n\t<meta name=\"twitter:data2\" content=\"4\u00a0Minuten\" \/>\n<script type=\"application\/ld+json\" class=\"yoast-schema-graph\">{\"@context\":\"https:\\\/\\\/schema.org\",\"@graph\":[{\"@type\":\"Article\",\"@id\":\"https:\\\/\\\/www.freundschaft-mit-valjevo.de\\\/wordpress\\\/statt-unabhangigkeit-der-status-eines-protektorats\\\/#article\",\"isPartOf\":{\"@id\":\"https:\\\/\\\/www.freundschaft-mit-valjevo.de\\\/wordpress\\\/statt-unabhangigkeit-der-status-eines-protektorats\\\/\"},\"author\":{\"name\":\"admin-z\",\"@id\":\"https:\\\/\\\/www.freundschaft-mit-valjevo.de\\\/wordpress\\\/#\\\/schema\\\/person\\\/4fbd0cc7a0227a72529b76aeed6571e4\"},\"headline\":\"Statt Unabh\u00e4ngigkeit der Status eines Protektorats\",\"datePublished\":\"2008-11-28T12:00:26+00:00\",\"dateModified\":\"2011-09-04T14:13:23+00:00\",\"mainEntityOfPage\":{\"@id\":\"https:\\\/\\\/www.freundschaft-mit-valjevo.de\\\/wordpress\\\/statt-unabhangigkeit-der-status-eines-protektorats\\\/\"},\"wordCount\":720,\"commentCount\":0,\"image\":{\"@id\":\"https:\\\/\\\/www.freundschaft-mit-valjevo.de\\\/wordpress\\\/statt-unabhangigkeit-der-status-eines-protektorats\\\/#primaryimage\"},\"thumbnailUrl\":\"http:\\\/\\\/www.freundschaft-mit-valjevo.de\\\/wordpress\\\/wp-content\\\/uploads\\\/2011\\\/09\\\/Dr-Hannes-Hofbauer-in-Pfaffenhofen.jpg\",\"keywords\":[\"Kosovo\",\"Serbien\",\"Veranstaltungen\"],\"articleSection\":[\"Kosovo\",\"Serbien\"],\"inLanguage\":\"de\",\"potentialAction\":[{\"@type\":\"CommentAction\",\"name\":\"Comment\",\"target\":[\"https:\\\/\\\/www.freundschaft-mit-valjevo.de\\\/wordpress\\\/statt-unabhangigkeit-der-status-eines-protektorats\\\/#respond\"]}]},{\"@type\":\"WebPage\",\"@id\":\"https:\\\/\\\/www.freundschaft-mit-valjevo.de\\\/wordpress\\\/statt-unabhangigkeit-der-status-eines-protektorats\\\/\",\"url\":\"https:\\\/\\\/www.freundschaft-mit-valjevo.de\\\/wordpress\\\/statt-unabhangigkeit-der-status-eines-protektorats\\\/\",\"name\":\"Statt Unabh\u00e4ngigkeit der Status eines Protektorats - Freundschaft mit Valjevo e.V.\",\"isPartOf\":{\"@id\":\"https:\\\/\\\/www.freundschaft-mit-valjevo.de\\\/wordpress\\\/#website\"},\"primaryImageOfPage\":{\"@id\":\"https:\\\/\\\/www.freundschaft-mit-valjevo.de\\\/wordpress\\\/statt-unabhangigkeit-der-status-eines-protektorats\\\/#primaryimage\"},\"image\":{\"@id\":\"https:\\\/\\\/www.freundschaft-mit-valjevo.de\\\/wordpress\\\/statt-unabhangigkeit-der-status-eines-protektorats\\\/#primaryimage\"},\"thumbnailUrl\":\"http:\\\/\\\/www.freundschaft-mit-valjevo.de\\\/wordpress\\\/wp-content\\\/uploads\\\/2011\\\/09\\\/Dr-Hannes-Hofbauer-in-Pfaffenhofen.jpg\",\"datePublished\":\"2008-11-28T12:00:26+00:00\",\"dateModified\":\"2011-09-04T14:13:23+00:00\",\"author\":{\"@id\":\"https:\\\/\\\/www.freundschaft-mit-valjevo.de\\\/wordpress\\\/#\\\/schema\\\/person\\\/4fbd0cc7a0227a72529b76aeed6571e4\"},\"breadcrumb\":{\"@id\":\"https:\\\/\\\/www.freundschaft-mit-valjevo.de\\\/wordpress\\\/statt-unabhangigkeit-der-status-eines-protektorats\\\/#breadcrumb\"},\"inLanguage\":\"de\",\"potentialAction\":[{\"@type\":\"ReadAction\",\"target\":[\"https:\\\/\\\/www.freundschaft-mit-valjevo.de\\\/wordpress\\\/statt-unabhangigkeit-der-status-eines-protektorats\\\/\"]}]},{\"@type\":\"ImageObject\",\"inLanguage\":\"de\",\"@id\":\"https:\\\/\\\/www.freundschaft-mit-valjevo.de\\\/wordpress\\\/statt-unabhangigkeit-der-status-eines-protektorats\\\/#primaryimage\",\"url\":\"http:\\\/\\\/www.freundschaft-mit-valjevo.de\\\/wordpress\\\/wp-content\\\/uploads\\\/2011\\\/09\\\/Dr-Hannes-Hofbauer-in-Pfaffenhofen.jpg\",\"contentUrl\":\"http:\\\/\\\/www.freundschaft-mit-valjevo.de\\\/wordpress\\\/wp-content\\\/uploads\\\/2011\\\/09\\\/Dr-Hannes-Hofbauer-in-Pfaffenhofen.jpg\"},{\"@type\":\"BreadcrumbList\",\"@id\":\"https:\\\/\\\/www.freundschaft-mit-valjevo.de\\\/wordpress\\\/statt-unabhangigkeit-der-status-eines-protektorats\\\/#breadcrumb\",\"itemListElement\":[{\"@type\":\"ListItem\",\"position\":1,\"name\":\"Startseite\",\"item\":\"https:\\\/\\\/www.freundschaft-mit-valjevo.de\\\/wordpress\\\/\"},{\"@type\":\"ListItem\",\"position\":2,\"name\":\"Statt Unabh\u00e4ngigkeit der Status eines Protektorats\"}]},{\"@type\":\"WebSite\",\"@id\":\"https:\\\/\\\/www.freundschaft-mit-valjevo.de\\\/wordpress\\\/#website\",\"url\":\"https:\\\/\\\/www.freundschaft-mit-valjevo.de\\\/wordpress\\\/\",\"name\":\"Freundschaft mit Valjevo e.V.\",\"description\":\"F\u00fcr Frieden, Freundschaft und V\u00f6lkerverst\u00e4ndigung\",\"potentialAction\":[{\"@type\":\"SearchAction\",\"target\":{\"@type\":\"EntryPoint\",\"urlTemplate\":\"https:\\\/\\\/www.freundschaft-mit-valjevo.de\\\/wordpress\\\/?s={search_term_string}\"},\"query-input\":{\"@type\":\"PropertyValueSpecification\",\"valueRequired\":true,\"valueName\":\"search_term_string\"}}],\"inLanguage\":\"de\"},{\"@type\":\"Person\",\"@id\":\"https:\\\/\\\/www.freundschaft-mit-valjevo.de\\\/wordpress\\\/#\\\/schema\\\/person\\\/4fbd0cc7a0227a72529b76aeed6571e4\",\"name\":\"admin-z\",\"image\":{\"@type\":\"ImageObject\",\"inLanguage\":\"de\",\"@id\":\"https:\\\/\\\/secure.gravatar.com\\\/avatar\\\/e180e5c39bf8c56d773eb854294072b2fec4a0a0f052f70a3cdaf696f943716d?s=96&d=mm&r=g\",\"url\":\"https:\\\/\\\/secure.gravatar.com\\\/avatar\\\/e180e5c39bf8c56d773eb854294072b2fec4a0a0f052f70a3cdaf696f943716d?s=96&d=mm&r=g\",\"contentUrl\":\"https:\\\/\\\/secure.gravatar.com\\\/avatar\\\/e180e5c39bf8c56d773eb854294072b2fec4a0a0f052f70a3cdaf696f943716d?s=96&d=mm&r=g\",\"caption\":\"admin-z\"}}]}<\/script>\n<!-- \/ Yoast SEO plugin. -->","yoast_head_json":{"title":"Statt Unabh\u00e4ngigkeit der Status eines Protektorats - Freundschaft mit Valjevo e.V.","robots":{"index":"index","follow":"follow","max-snippet":"max-snippet:-1","max-image-preview":"max-image-preview:large","max-video-preview":"max-video-preview:-1"},"canonical":"https:\/\/www.freundschaft-mit-valjevo.de\/wordpress\/statt-unabhangigkeit-der-status-eines-protektorats\/","og_locale":"de_DE","og_type":"article","og_title":"Statt Unabh\u00e4ngigkeit der Status eines Protektorats - Freundschaft mit Valjevo e.V.","og_description":"Dr. Hannes Hofbauer sprach \u00fcber die Situation im heutigen Kosovo, 28.11.2008 Experiment Kosovo\u201c hei\u00dft das neue Buch des \u00f6sterreichischen Historikers\u00a0und Publizisten Dr. Hannes Hofbauer. In&#8230;","og_url":"https:\/\/www.freundschaft-mit-valjevo.de\/wordpress\/statt-unabhangigkeit-der-status-eines-protektorats\/","og_site_name":"Freundschaft mit Valjevo e.V.","article_published_time":"2008-11-28T12:00:26+00:00","article_modified_time":"2011-09-04T14:13:23+00:00","og_image":[{"url":"http:\/\/www.freundschaft-mit-valjevo.de\/wordpress\/wp-content\/uploads\/2011\/09\/Dr-Hannes-Hofbauer-in-Pfaffenhofen.jpg","type":"","width":"","height":""}],"author":"admin-z","twitter_card":"summary_large_image","twitter_misc":{"Verfasst von":"admin-z","Gesch\u00e4tzte Lesezeit":"4\u00a0Minuten"},"schema":{"@context":"https:\/\/schema.org","@graph":[{"@type":"Article","@id":"https:\/\/www.freundschaft-mit-valjevo.de\/wordpress\/statt-unabhangigkeit-der-status-eines-protektorats\/#article","isPartOf":{"@id":"https:\/\/www.freundschaft-mit-valjevo.de\/wordpress\/statt-unabhangigkeit-der-status-eines-protektorats\/"},"author":{"name":"admin-z","@id":"https:\/\/www.freundschaft-mit-valjevo.de\/wordpress\/#\/schema\/person\/4fbd0cc7a0227a72529b76aeed6571e4"},"headline":"Statt Unabh\u00e4ngigkeit der Status eines Protektorats","datePublished":"2008-11-28T12:00:26+00:00","dateModified":"2011-09-04T14:13:23+00:00","mainEntityOfPage":{"@id":"https:\/\/www.freundschaft-mit-valjevo.de\/wordpress\/statt-unabhangigkeit-der-status-eines-protektorats\/"},"wordCount":720,"commentCount":0,"image":{"@id":"https:\/\/www.freundschaft-mit-valjevo.de\/wordpress\/statt-unabhangigkeit-der-status-eines-protektorats\/#primaryimage"},"thumbnailUrl":"http:\/\/www.freundschaft-mit-valjevo.de\/wordpress\/wp-content\/uploads\/2011\/09\/Dr-Hannes-Hofbauer-in-Pfaffenhofen.jpg","keywords":["Kosovo","Serbien","Veranstaltungen"],"articleSection":["Kosovo","Serbien"],"inLanguage":"de","potentialAction":[{"@type":"CommentAction","name":"Comment","target":["https:\/\/www.freundschaft-mit-valjevo.de\/wordpress\/statt-unabhangigkeit-der-status-eines-protektorats\/#respond"]}]},{"@type":"WebPage","@id":"https:\/\/www.freundschaft-mit-valjevo.de\/wordpress\/statt-unabhangigkeit-der-status-eines-protektorats\/","url":"https:\/\/www.freundschaft-mit-valjevo.de\/wordpress\/statt-unabhangigkeit-der-status-eines-protektorats\/","name":"Statt Unabh\u00e4ngigkeit der Status eines Protektorats - Freundschaft mit Valjevo e.V.","isPartOf":{"@id":"https:\/\/www.freundschaft-mit-valjevo.de\/wordpress\/#website"},"primaryImageOfPage":{"@id":"https:\/\/www.freundschaft-mit-valjevo.de\/wordpress\/statt-unabhangigkeit-der-status-eines-protektorats\/#primaryimage"},"image":{"@id":"https:\/\/www.freundschaft-mit-valjevo.de\/wordpress\/statt-unabhangigkeit-der-status-eines-protektorats\/#primaryimage"},"thumbnailUrl":"http:\/\/www.freundschaft-mit-valjevo.de\/wordpress\/wp-content\/uploads\/2011\/09\/Dr-Hannes-Hofbauer-in-Pfaffenhofen.jpg","datePublished":"2008-11-28T12:00:26+00:00","dateModified":"2011-09-04T14:13:23+00:00","author":{"@id":"https:\/\/www.freundschaft-mit-valjevo.de\/wordpress\/#\/schema\/person\/4fbd0cc7a0227a72529b76aeed6571e4"},"breadcrumb":{"@id":"https:\/\/www.freundschaft-mit-valjevo.de\/wordpress\/statt-unabhangigkeit-der-status-eines-protektorats\/#breadcrumb"},"inLanguage":"de","potentialAction":[{"@type":"ReadAction","target":["https:\/\/www.freundschaft-mit-valjevo.de\/wordpress\/statt-unabhangigkeit-der-status-eines-protektorats\/"]}]},{"@type":"ImageObject","inLanguage":"de","@id":"https:\/\/www.freundschaft-mit-valjevo.de\/wordpress\/statt-unabhangigkeit-der-status-eines-protektorats\/#primaryimage","url":"http:\/\/www.freundschaft-mit-valjevo.de\/wordpress\/wp-content\/uploads\/2011\/09\/Dr-Hannes-Hofbauer-in-Pfaffenhofen.jpg","contentUrl":"http:\/\/www.freundschaft-mit-valjevo.de\/wordpress\/wp-content\/uploads\/2011\/09\/Dr-Hannes-Hofbauer-in-Pfaffenhofen.jpg"},{"@type":"BreadcrumbList","@id":"https:\/\/www.freundschaft-mit-valjevo.de\/wordpress\/statt-unabhangigkeit-der-status-eines-protektorats\/#breadcrumb","itemListElement":[{"@type":"ListItem","position":1,"name":"Startseite","item":"https:\/\/www.freundschaft-mit-valjevo.de\/wordpress\/"},{"@type":"ListItem","position":2,"name":"Statt Unabh\u00e4ngigkeit der Status eines Protektorats"}]},{"@type":"WebSite","@id":"https:\/\/www.freundschaft-mit-valjevo.de\/wordpress\/#website","url":"https:\/\/www.freundschaft-mit-valjevo.de\/wordpress\/","name":"Freundschaft mit Valjevo e.V.","description":"F\u00fcr Frieden, Freundschaft und V\u00f6lkerverst\u00e4ndigung","potentialAction":[{"@type":"SearchAction","target":{"@type":"EntryPoint","urlTemplate":"https:\/\/www.freundschaft-mit-valjevo.de\/wordpress\/?s={search_term_string}"},"query-input":{"@type":"PropertyValueSpecification","valueRequired":true,"valueName":"search_term_string"}}],"inLanguage":"de"},{"@type":"Person","@id":"https:\/\/www.freundschaft-mit-valjevo.de\/wordpress\/#\/schema\/person\/4fbd0cc7a0227a72529b76aeed6571e4","name":"admin-z","image":{"@type":"ImageObject","inLanguage":"de","@id":"https:\/\/secure.gravatar.com\/avatar\/e180e5c39bf8c56d773eb854294072b2fec4a0a0f052f70a3cdaf696f943716d?s=96&d=mm&r=g","url":"https:\/\/secure.gravatar.com\/avatar\/e180e5c39bf8c56d773eb854294072b2fec4a0a0f052f70a3cdaf696f943716d?s=96&d=mm&r=g","contentUrl":"https:\/\/secure.gravatar.com\/avatar\/e180e5c39bf8c56d773eb854294072b2fec4a0a0f052f70a3cdaf696f943716d?s=96&d=mm&r=g","caption":"admin-z"}}]}},"_links":{"self":[{"href":"https:\/\/www.freundschaft-mit-valjevo.de\/wordpress\/wp-json\/wp\/v2\/posts\/314","targetHints":{"allow":["GET"]}}],"collection":[{"href":"https:\/\/www.freundschaft-mit-valjevo.de\/wordpress\/wp-json\/wp\/v2\/posts"}],"about":[{"href":"https:\/\/www.freundschaft-mit-valjevo.de\/wordpress\/wp-json\/wp\/v2\/types\/post"}],"author":[{"embeddable":true,"href":"https:\/\/www.freundschaft-mit-valjevo.de\/wordpress\/wp-json\/wp\/v2\/users\/2"}],"replies":[{"embeddable":true,"href":"https:\/\/www.freundschaft-mit-valjevo.de\/wordpress\/wp-json\/wp\/v2\/comments?post=314"}],"version-history":[{"count":3,"href":"https:\/\/www.freundschaft-mit-valjevo.de\/wordpress\/wp-json\/wp\/v2\/posts\/314\/revisions"}],"predecessor-version":[{"id":317,"href":"https:\/\/www.freundschaft-mit-valjevo.de\/wordpress\/wp-json\/wp\/v2\/posts\/314\/revisions\/317"}],"wp:attachment":[{"href":"https:\/\/www.freundschaft-mit-valjevo.de\/wordpress\/wp-json\/wp\/v2\/media?parent=314"}],"wp:term":[{"taxonomy":"category","embeddable":true,"href":"https:\/\/www.freundschaft-mit-valjevo.de\/wordpress\/wp-json\/wp\/v2\/categories?post=314"},{"taxonomy":"post_tag","embeddable":true,"href":"https:\/\/www.freundschaft-mit-valjevo.de\/wordpress\/wp-json\/wp\/v2\/tags?post=314"}],"curies":[{"name":"wp","href":"https:\/\/api.w.org\/{rel}","templated":true}]}}