{"id":37,"date":"2011-06-25T07:28:04","date_gmt":"2011-06-25T07:28:04","guid":{"rendered":"http:\/\/www.freundschaft-mit-valjevo.de\/wordpress\/?p=37"},"modified":"2011-06-25T15:58:08","modified_gmt":"2011-06-25T15:58:08","slug":"die-aggression-der-nato-gegen-libyen-und-die-haltung-der-linken","status":"publish","type":"post","link":"https:\/\/www.freundschaft-mit-valjevo.de\/wordpress\/die-aggression-der-nato-gegen-libyen-und-die-haltung-der-linken\/","title":{"rendered":"Die Aggression der Nato gegen Libyen und die Haltung der Linken"},"content":{"rendered":"<p><strong>Interview mit dem italienischen Journalisten und Dokumentarfilmer Fulvio Grimaldi<\/strong><\/p>\n<p style=\"text-align: justify;\"><a href=\"https:\/\/www.freundschaft-mit-valjevo.de\/wordpress\/wp-content\/uploads\/2011\/06\/FulvioGrimaldi.jpeg\"><img loading=\"lazy\" decoding=\"async\" class=\"alignleft size-medium wp-image-38\" style=\"margin-top: 1px; margin-bottom: 1px; border: 1px solid black;\" title=\"FulvioGrimaldi\" src=\"https:\/\/www.freundschaft-mit-valjevo.de\/wordpress\/wp-content\/uploads\/2011\/06\/FulvioGrimaldi-300x244.jpg\" alt=\"\" width=\"300\" height=\"244\" srcset=\"https:\/\/www.freundschaft-mit-valjevo.de\/wordpress\/wp-content\/uploads\/2011\/06\/FulvioGrimaldi-300x244.jpg 300w, https:\/\/www.freundschaft-mit-valjevo.de\/wordpress\/wp-content\/uploads\/2011\/06\/FulvioGrimaldi-1024x836.jpg 1024w, https:\/\/www.freundschaft-mit-valjevo.de\/wordpress\/wp-content\/uploads\/2011\/06\/FulvioGrimaldi.jpeg 1063w\" sizes=\"auto, (max-width: 300px) 100vw, 300px\" \/><\/a>Fulvio Grimaldi hat Libyen unter den Bomben der Nato im Fr\u00fchjahr 2011bereits zwei Mal bereist. Am 23. Julikommt er nach Pfaffenhofen a.d.Ilm und wird seinen neuesten Dokumentarfilm\u201eMaledetta primavera\u201c (VerfluchterFr\u00fchling) \u00fcber Revolution,Konterrevolution und die Nato-Aggressionin der arabischen Welt im \u201eCinerado\u201czeigen.<\/p>\n<p style=\"text-align: justify;\">Im Folgenden das Interview, das am 27.Mai 2011 gef\u00fchrt wurde. Die Fragenstellte Bernd Duschner, die \u00dcbersetzung aus dem Italienischen besorgte ebenfalls Bernd Duschner, 0171-3374658<\/p>\n<p style=\"text-align: justify;\">&nbsp;<\/p>\n<p style=\"text-align: justify;\"><strong>1. Seit mehreren Wochen f\u00fchrt die Nato Krieg gegen Libyen, bombardiert seine St\u00e4dteund Infrastruktur, terrorisiert seine Bev\u00f6lkerung. Welche Ziele verfolgen USA und Nato-Staaten mit ihrer Aggression? Woher kommt ihr Hass auf die Regierung Gaddafi?<\/strong><\/p>\n<p style=\"text-align: justify;\">Der Hass und die Diffamierungen Gaddafis sollen ausschlie\u00dflich dazu dienen, eigene Interessen durchzusetzen. Wir haben es mit einem Konflikt zwischen zwei politischen, sozialen und geopolitischen Konzeptionen zu tun: Gaddafi und die Mehrheit der Libyer, dieauf seiner Seite stehen, verteidigen die Souver\u00e4nit\u00e4t der V\u00f6lker und ihren sozialen Fortschrittgegen das Vordringen, die Einmischung, die Destabilisierung und Aggression der imperialistischen M\u00e4chte, die eine massive neokolonialen Offensive betreiben.F\u00fcr die Regierungen der Nato unter F\u00fchrung der USA ist es nicht hinnehmbar, dass es in der Welt Regionen gibt, die sich wie Libyen, Syrien und bestimmte L\u00e4nder Lateinamerikas ihren Vorgaben von freiem Markt und Globalisierung entziehen. Diese Vorgaben, die ausschlie\u00dflich gelten sollen, laufen auf die gr\u00f6\u00dfte Umverteilung des Reichtums in derGeschichte der Menschheit von den breiten Massen hin zu den Eliten hinaus.Gaddafi hat in den Augen der R\u00e4uber des imperialen Kapitalismus unverzeihliche Schuld aufsich geladen: Er verteilt den nationalen Reichtum gerecht und legt seinen ausl\u00e4ndischen Handelspartnern Bedingungen auf, die f\u00fcr die nationalen Interessen Libyens f\u00f6rderlich sind.Mit dieser Politik hat er den strategischen Feinden der USA, Russland und China, breite M\u00f6glichkeiten er\u00f6ffnet. Seit Jahrzehnten f\u00f6rdert er die arabische und afrikanische Einheitund Unabh\u00e4ngigkeit. Er hat die afrikanischen Regierungen \u00fcberzeugt, Africom keinen Sitz inihrem Land einzur\u00e4umen. Er hat sich stark gemacht f\u00fcr eine an Gold gebundene afrikanischeW\u00e4hrung. Sie h\u00e4tte die Rolle des Dollar zerst\u00f6rt und die wirtschaftliche und politische Kriseder USA versch\u00e4rft. Gaddafi hat eine Demokratie verwirklicht, die auf der Mitwirkung der Bev\u00f6lkerung beruht. Durch sie wird die nur vorget\u00e4uschte westliche Demokratierepr\u00e4sentativen Typs entlarvt.<\/p>\n<p style=\"text-align: justify;\"><strong>2. Mittlerweile wird deutlich, dass die Regierung Gaddafi \u00fcber einen breiten R\u00fcckhaltin der libyschen Bev\u00f6lkerung verf\u00fcgt. Wie erkl\u00e4rst Du diesen R\u00fcckhalt?<\/strong><\/p>\n<p style=\"text-align: justify;\">Libyen hat 6,5 Millionen Einwohner. Von ihnen leben gut 5 Millionen in dem Bereich, den die legitime Regierung kontrolliert. Eine Million befindet sich in dem Bereich, den die S\u00f6ldnerf\u00fcr den westlichen Staatsstreich kontrollieren. Nur ein kleiner Teil dieser Bev\u00f6lkerungunterst\u00fctzt die Putschisten in Benghazi. Das gesamte libysche Volk steht unter Waffen undunterst\u00fctzt seine Regierung und F\u00fchrung. Das haben die 2.000 Stammesf\u00fchrer deutlichgemacht, die sich vor kurzem in Tripolis zu einer Treffen gegen die Aggression und den Putsch versammelt hatten. Sie vertreten die weit \u00fcberwiegende Mehrheit der libyschen St\u00e4mme.<\/p>\n<p style=\"text-align: justify;\">Wenn man durch Tripolitanien reist, trifft man st\u00e4ndig auf spontane Massenkundgebungengegen die Nato und zur Unterst\u00fctzung der Regierung und ihres F\u00fchrers. Das wird auchdeutlich an den geringen milit\u00e4rischen Erfolgen der Rebellen. Sie werden von der lokalen Bev\u00f6lkerung wegen ihres r\u00e4uberischen Verhaltens und den Grausamkeiten abgelehnt, die siegegen Zivilisten begehen. Ohne die Intervention der Bomber und Spezialeinheiten der Natow\u00e4ren die K\u00e4mpfe l\u00e4ngst beendet. Die Libyer wissen das Urteil der UNO richtig einzuordnen. Die UNO hat den Entwicklungsstandard ihrer Bev\u00f6lkerung (Gesundheitswesen, Bildung,Arbeit, Wohnung, Frauen, Mutterschaft, Lebenserwartung) als den h\u00f6chsten auf demgesamten Kontinent klassifiziert.<\/p>\n<p style=\"text-align: justify;\"><strong>3. Die USA und ihre Verb\u00fcndeten haben ein Embargo und Flugverbot gegen Libyenverh\u00e4ngt. Welche Auswirkungen hat dieses Embargo auf die Versorgung der libyschenBev\u00f6lkerung mit Lebensmitteln und Medikamenten, auf ihr t\u00e4gliches Leben?<\/strong><\/p>\n<p style=\"text-align: justify;\">Die Auswirkungen dieser Ma\u00dfnahmen versch\u00e4rfen sich von Tag zu Tag. Das wird amdeutlichsten sichtbar an den kilometerlangen Schlangen vor den Benzintankstellen. Ein Tankschiff mit Benzin aus Sardinien ist von der Nato aufgehalten worden. Die Nato verriegeltjeden Zugang vom Meer und von \u00c4gypten. Wir haben es mit einer Situation wie im Irak undGaza zu tun: Man will eine Gesellschaft lahmlegen, aushungern, zerst\u00f6ren. Ohne Treibstoffkann man nicht zur Schule, zum Krankenhaus, zum Markt, zum Arbeitsplatz, zu den Einrichtungen und Beh\u00f6rden gehen. Die Preise f\u00fcr Grundnahrungsmittel sind gestiegen, abermomentan sieht es noch nicht so aus, als g\u00e4be es bereits gro\u00dfen Mangel an Lebensmitteln.Mit dem Andauern des Embargos k\u00f6nnen diese Probleme dramatische Ausma\u00dfe annehmen. Wie lange wird es wohl dauern, bis es wie f\u00fcr Gaza einen Schiffsverband \u201eFreies Libyen\u201cgeben wird?<\/p>\n<p style=\"text-align: justify;\"><strong>4. Bei uns gibt es kaum Protest gegen diesen Krieg. Von Solidarit\u00e4t mit dem libyschen Volk und seiner Regierung ist selbst in Zeitungen der Linken nichts zu sp\u00fcren. Wie beurteilst Du die Haltung : \u201eKeine Unterst\u00fctzung f\u00fcr die Nato, aber auch nicht f\u00fcr Gaddafi?\u201c<\/strong><\/p>\n<p style=\"text-align: justify;\">Wenn man die Sicht des Imperialismus \u00fcbernimmt, dass jede Regierung oder F\u00fchrung zu beseitigen ist, die die westliche Vorstellungen von \u201eDemokratie\u201c und \u201eMenschenrechten\u201c, vomfreien Markt und begrenzter Souver\u00e4nit\u00e4t nicht \u00fcbernehmen, dann kann man nicht mehr erkennen, wer im Recht ist und wer Unrecht hat. Die Linke hat seit einiger Zeit jede F\u00e4higkeitzu einem eigenst\u00e4ndigen und alternativen Verst\u00e4ndnis der Welt und der Struktur der Gesellschaft verloren. Es gen\u00fcgt, dass man ihr die Worte \u201eDemokratie\u201c oder \u201eDiktator\u201c hinwirft, und sie plappert ohne jegliche tiefergehende Analyse fremder historischer und kultureller Prozesse diese sinnentleerten Worte gedankenlos nach, hinter der eine Ideologiezur Beherrschung der Welt steckt.<\/p>\n<p style=\"text-align: justify;\">Die Proteste gegen den Krieg bleiben schwach und vollkommen wirkungslos, wenn sie nicht verkn\u00fcpft werden mit der Unterst\u00fctzung f\u00fcr die Opfer dieses Krieges, die man diffamiert. Man sagt: \u201eDer Krieg ist schlimm, aber Gaddafi ist noch schlimmer.\u201c Diese Position is tAusdruck von Ignoranz, \u00dcberheblichkeit, der Vorstellung, Europa sei das Ma\u00df aller Dinge.Sie ist Ausdruck der Angst, in die Ecke des \u201eTerrorismus\u201c gestellt zu werden, mit dem viel Betrug betrieben wird. Unter dem Druck des Imperialismus akzeptiert man dazu noch stillschweigend, dass man sich niemals die Sicht der angegriffenen Seite anh\u00f6ren darf.<\/p>\n<p style=\"text-align: justify;\"><strong>5. Was k\u00f6nnen und sollten wir tun, um das libysche Volk zu unterst\u00fctzen und diesen m\u00f6rderischen Krieg zu stoppen?<\/strong><\/p>\n<p style=\"text-align: justify;\">Man k\u00f6nnte als Antwort sagen: \u201eBeten\u201c. Aber abgesehen von der zweifelhaften Wirkung des Betens w\u00fcrde das auf eine Unterordnung unter die Kirche hinauslaufen. Die Kirche aber hat zum Frieden nur Banalit\u00e4ten zu sagen, sie erhebt nicht wirklich ihre Stimme f\u00fcr die Gerechtigkeit. Wir dagegen haben die Aufgabe, mit ganzem Einsatz die Wahrheit \u00fcber die tats\u00e4chlichen Motive f\u00fcr diese Aggression, \u00fcber das Wesen der Rebellion, die verheerenden Folgen der Aggression und \u00fcber die politische, sozialen und \u00f6konomische Situation in Libyenbekannt zu machen. Dazu k\u00f6nnen Artikel, Veranstaltungen, Filme, Fernsehen und Radiosendungen sowie Demonstrationen genutzt werden. Er wird auch die Zeit kommen, dass wir humanit\u00e4re Hilfstransporte f\u00fcr Libyen organisieren m\u00fcssen. Wer kann, sollte Reisegruppen nach Libyen bilden, um seine Solidarit\u00e4t mit diesem Volk deutlich zu machen und wahrheitsgerechte Informationen nach Hause zu bringen.<\/p>\n","protected":false},"excerpt":{"rendered":"<p>Interview mit dem italienischen Journalisten und Dokumentarfilmer Fulvio Grimaldi Fulvio Grimaldi hat Libyen unter den Bomben der Nato im Fr\u00fchjahr 2011bereits zwei Mal bereist. Am&#8230;<\/p>\n<div class=\"more-link-wrapper\"><a class=\"more-link\" href=\"https:\/\/www.freundschaft-mit-valjevo.de\/wordpress\/die-aggression-der-nato-gegen-libyen-und-die-haltung-der-linken\/\">Weiterlesen<span class=\"screen-reader-text\">Die Aggression der Nato gegen Libyen und die Haltung der Linken<\/span><\/a><\/div>\n","protected":false},"author":2,"featured_media":0,"comment_status":"open","ping_status":"open","sticky":false,"template":"","format":"standard","meta":{"footnotes":""},"categories":[3],"tags":[7,49],"class_list":["post-37","post","type-post","status-publish","format-standard","hentry","category-libyen","tag-fulvio-grimaldi","tag-libyen","entry"],"yoast_head":"<!-- This site is optimized with the Yoast SEO plugin v27.4 - https:\/\/yoast.com\/product\/yoast-seo-wordpress\/ -->\n<title>Die Aggression der Nato gegen Libyen und die Haltung der Linken - Freundschaft mit Valjevo e.V.<\/title>\n<meta name=\"robots\" content=\"index, follow, max-snippet:-1, max-image-preview:large, max-video-preview:-1\" \/>\n<link rel=\"canonical\" href=\"https:\/\/www.freundschaft-mit-valjevo.de\/wordpress\/die-aggression-der-nato-gegen-libyen-und-die-haltung-der-linken\/\" \/>\n<meta property=\"og:locale\" content=\"de_DE\" \/>\n<meta property=\"og:type\" content=\"article\" \/>\n<meta property=\"og:title\" content=\"Die Aggression der Nato gegen Libyen und die Haltung der Linken - Freundschaft mit Valjevo e.V.\" \/>\n<meta property=\"og:description\" content=\"Interview mit dem italienischen Journalisten und Dokumentarfilmer Fulvio Grimaldi Fulvio Grimaldi hat Libyen unter den Bomben der Nato im Fr\u00fchjahr 2011bereits zwei Mal bereist. Am&#8230;\" \/>\n<meta property=\"og:url\" content=\"https:\/\/www.freundschaft-mit-valjevo.de\/wordpress\/die-aggression-der-nato-gegen-libyen-und-die-haltung-der-linken\/\" \/>\n<meta property=\"og:site_name\" content=\"Freundschaft mit Valjevo e.V.\" \/>\n<meta property=\"article:published_time\" content=\"2011-06-25T07:28:04+00:00\" \/>\n<meta property=\"article:modified_time\" content=\"2011-06-25T15:58:08+00:00\" \/>\n<meta property=\"og:image\" content=\"http:\/\/www.freundschaft-mit-valjevo.de\/wordpress\/wp-content\/uploads\/2011\/06\/FulvioGrimaldi-300x244.jpg\" \/>\n<meta name=\"author\" content=\"admin-z\" \/>\n<meta name=\"twitter:card\" content=\"summary_large_image\" \/>\n<meta name=\"twitter:label1\" content=\"Verfasst von\" \/>\n\t<meta name=\"twitter:data1\" content=\"admin-z\" \/>\n\t<meta name=\"twitter:label2\" content=\"Gesch\u00e4tzte Lesezeit\" \/>\n\t<meta name=\"twitter:data2\" content=\"6\u00a0Minuten\" \/>\n<script type=\"application\/ld+json\" class=\"yoast-schema-graph\">{\"@context\":\"https:\\\/\\\/schema.org\",\"@graph\":[{\"@type\":\"Article\",\"@id\":\"https:\\\/\\\/www.freundschaft-mit-valjevo.de\\\/wordpress\\\/die-aggression-der-nato-gegen-libyen-und-die-haltung-der-linken\\\/#article\",\"isPartOf\":{\"@id\":\"https:\\\/\\\/www.freundschaft-mit-valjevo.de\\\/wordpress\\\/die-aggression-der-nato-gegen-libyen-und-die-haltung-der-linken\\\/\"},\"author\":{\"name\":\"admin-z\",\"@id\":\"https:\\\/\\\/www.freundschaft-mit-valjevo.de\\\/wordpress\\\/#\\\/schema\\\/person\\\/4fbd0cc7a0227a72529b76aeed6571e4\"},\"headline\":\"Die Aggression der Nato gegen Libyen und die Haltung der Linken\",\"datePublished\":\"2011-06-25T07:28:04+00:00\",\"dateModified\":\"2011-06-25T15:58:08+00:00\",\"mainEntityOfPage\":{\"@id\":\"https:\\\/\\\/www.freundschaft-mit-valjevo.de\\\/wordpress\\\/die-aggression-der-nato-gegen-libyen-und-die-haltung-der-linken\\\/\"},\"wordCount\":1206,\"commentCount\":0,\"image\":{\"@id\":\"https:\\\/\\\/www.freundschaft-mit-valjevo.de\\\/wordpress\\\/die-aggression-der-nato-gegen-libyen-und-die-haltung-der-linken\\\/#primaryimage\"},\"thumbnailUrl\":\"http:\\\/\\\/www.freundschaft-mit-valjevo.de\\\/wordpress\\\/wp-content\\\/uploads\\\/2011\\\/06\\\/FulvioGrimaldi-300x244.jpg\",\"keywords\":[\"Fulvio Grimaldi\",\"Libyen\"],\"articleSection\":[\"Libyen\"],\"inLanguage\":\"de\",\"potentialAction\":[{\"@type\":\"CommentAction\",\"name\":\"Comment\",\"target\":[\"https:\\\/\\\/www.freundschaft-mit-valjevo.de\\\/wordpress\\\/die-aggression-der-nato-gegen-libyen-und-die-haltung-der-linken\\\/#respond\"]}]},{\"@type\":\"WebPage\",\"@id\":\"https:\\\/\\\/www.freundschaft-mit-valjevo.de\\\/wordpress\\\/die-aggression-der-nato-gegen-libyen-und-die-haltung-der-linken\\\/\",\"url\":\"https:\\\/\\\/www.freundschaft-mit-valjevo.de\\\/wordpress\\\/die-aggression-der-nato-gegen-libyen-und-die-haltung-der-linken\\\/\",\"name\":\"Die Aggression der Nato gegen Libyen und die Haltung der Linken - Freundschaft mit Valjevo e.V.\",\"isPartOf\":{\"@id\":\"https:\\\/\\\/www.freundschaft-mit-valjevo.de\\\/wordpress\\\/#website\"},\"primaryImageOfPage\":{\"@id\":\"https:\\\/\\\/www.freundschaft-mit-valjevo.de\\\/wordpress\\\/die-aggression-der-nato-gegen-libyen-und-die-haltung-der-linken\\\/#primaryimage\"},\"image\":{\"@id\":\"https:\\\/\\\/www.freundschaft-mit-valjevo.de\\\/wordpress\\\/die-aggression-der-nato-gegen-libyen-und-die-haltung-der-linken\\\/#primaryimage\"},\"thumbnailUrl\":\"http:\\\/\\\/www.freundschaft-mit-valjevo.de\\\/wordpress\\\/wp-content\\\/uploads\\\/2011\\\/06\\\/FulvioGrimaldi-300x244.jpg\",\"datePublished\":\"2011-06-25T07:28:04+00:00\",\"dateModified\":\"2011-06-25T15:58:08+00:00\",\"author\":{\"@id\":\"https:\\\/\\\/www.freundschaft-mit-valjevo.de\\\/wordpress\\\/#\\\/schema\\\/person\\\/4fbd0cc7a0227a72529b76aeed6571e4\"},\"breadcrumb\":{\"@id\":\"https:\\\/\\\/www.freundschaft-mit-valjevo.de\\\/wordpress\\\/die-aggression-der-nato-gegen-libyen-und-die-haltung-der-linken\\\/#breadcrumb\"},\"inLanguage\":\"de\",\"potentialAction\":[{\"@type\":\"ReadAction\",\"target\":[\"https:\\\/\\\/www.freundschaft-mit-valjevo.de\\\/wordpress\\\/die-aggression-der-nato-gegen-libyen-und-die-haltung-der-linken\\\/\"]}]},{\"@type\":\"ImageObject\",\"inLanguage\":\"de\",\"@id\":\"https:\\\/\\\/www.freundschaft-mit-valjevo.de\\\/wordpress\\\/die-aggression-der-nato-gegen-libyen-und-die-haltung-der-linken\\\/#primaryimage\",\"url\":\"https:\\\/\\\/www.freundschaft-mit-valjevo.de\\\/wordpress\\\/wp-content\\\/uploads\\\/2011\\\/06\\\/FulvioGrimaldi.jpeg\",\"contentUrl\":\"https:\\\/\\\/www.freundschaft-mit-valjevo.de\\\/wordpress\\\/wp-content\\\/uploads\\\/2011\\\/06\\\/FulvioGrimaldi.jpeg\",\"width\":\"1063\",\"height\":\"868\"},{\"@type\":\"BreadcrumbList\",\"@id\":\"https:\\\/\\\/www.freundschaft-mit-valjevo.de\\\/wordpress\\\/die-aggression-der-nato-gegen-libyen-und-die-haltung-der-linken\\\/#breadcrumb\",\"itemListElement\":[{\"@type\":\"ListItem\",\"position\":1,\"name\":\"Startseite\",\"item\":\"https:\\\/\\\/www.freundschaft-mit-valjevo.de\\\/wordpress\\\/\"},{\"@type\":\"ListItem\",\"position\":2,\"name\":\"Die Aggression der Nato gegen Libyen und die Haltung der Linken\"}]},{\"@type\":\"WebSite\",\"@id\":\"https:\\\/\\\/www.freundschaft-mit-valjevo.de\\\/wordpress\\\/#website\",\"url\":\"https:\\\/\\\/www.freundschaft-mit-valjevo.de\\\/wordpress\\\/\",\"name\":\"Freundschaft mit Valjevo e.V.\",\"description\":\"F\u00fcr Frieden, Freundschaft und V\u00f6lkerverst\u00e4ndigung\",\"potentialAction\":[{\"@type\":\"SearchAction\",\"target\":{\"@type\":\"EntryPoint\",\"urlTemplate\":\"https:\\\/\\\/www.freundschaft-mit-valjevo.de\\\/wordpress\\\/?s={search_term_string}\"},\"query-input\":{\"@type\":\"PropertyValueSpecification\",\"valueRequired\":true,\"valueName\":\"search_term_string\"}}],\"inLanguage\":\"de\"},{\"@type\":\"Person\",\"@id\":\"https:\\\/\\\/www.freundschaft-mit-valjevo.de\\\/wordpress\\\/#\\\/schema\\\/person\\\/4fbd0cc7a0227a72529b76aeed6571e4\",\"name\":\"admin-z\",\"image\":{\"@type\":\"ImageObject\",\"inLanguage\":\"de\",\"@id\":\"https:\\\/\\\/secure.gravatar.com\\\/avatar\\\/e180e5c39bf8c56d773eb854294072b2fec4a0a0f052f70a3cdaf696f943716d?s=96&d=mm&r=g\",\"url\":\"https:\\\/\\\/secure.gravatar.com\\\/avatar\\\/e180e5c39bf8c56d773eb854294072b2fec4a0a0f052f70a3cdaf696f943716d?s=96&d=mm&r=g\",\"contentUrl\":\"https:\\\/\\\/secure.gravatar.com\\\/avatar\\\/e180e5c39bf8c56d773eb854294072b2fec4a0a0f052f70a3cdaf696f943716d?s=96&d=mm&r=g\",\"caption\":\"admin-z\"}}]}<\/script>\n<!-- \/ Yoast SEO plugin. -->","yoast_head_json":{"title":"Die Aggression der Nato gegen Libyen und die Haltung der Linken - Freundschaft mit Valjevo e.V.","robots":{"index":"index","follow":"follow","max-snippet":"max-snippet:-1","max-image-preview":"max-image-preview:large","max-video-preview":"max-video-preview:-1"},"canonical":"https:\/\/www.freundschaft-mit-valjevo.de\/wordpress\/die-aggression-der-nato-gegen-libyen-und-die-haltung-der-linken\/","og_locale":"de_DE","og_type":"article","og_title":"Die Aggression der Nato gegen Libyen und die Haltung der Linken - Freundschaft mit Valjevo e.V.","og_description":"Interview mit dem italienischen Journalisten und Dokumentarfilmer Fulvio Grimaldi Fulvio Grimaldi hat Libyen unter den Bomben der Nato im Fr\u00fchjahr 2011bereits zwei Mal bereist. Am&#8230;","og_url":"https:\/\/www.freundschaft-mit-valjevo.de\/wordpress\/die-aggression-der-nato-gegen-libyen-und-die-haltung-der-linken\/","og_site_name":"Freundschaft mit Valjevo e.V.","article_published_time":"2011-06-25T07:28:04+00:00","article_modified_time":"2011-06-25T15:58:08+00:00","og_image":[{"url":"http:\/\/www.freundschaft-mit-valjevo.de\/wordpress\/wp-content\/uploads\/2011\/06\/FulvioGrimaldi-300x244.jpg","type":"","width":"","height":""}],"author":"admin-z","twitter_card":"summary_large_image","twitter_misc":{"Verfasst von":"admin-z","Gesch\u00e4tzte Lesezeit":"6\u00a0Minuten"},"schema":{"@context":"https:\/\/schema.org","@graph":[{"@type":"Article","@id":"https:\/\/www.freundschaft-mit-valjevo.de\/wordpress\/die-aggression-der-nato-gegen-libyen-und-die-haltung-der-linken\/#article","isPartOf":{"@id":"https:\/\/www.freundschaft-mit-valjevo.de\/wordpress\/die-aggression-der-nato-gegen-libyen-und-die-haltung-der-linken\/"},"author":{"name":"admin-z","@id":"https:\/\/www.freundschaft-mit-valjevo.de\/wordpress\/#\/schema\/person\/4fbd0cc7a0227a72529b76aeed6571e4"},"headline":"Die Aggression der Nato gegen Libyen und die Haltung der Linken","datePublished":"2011-06-25T07:28:04+00:00","dateModified":"2011-06-25T15:58:08+00:00","mainEntityOfPage":{"@id":"https:\/\/www.freundschaft-mit-valjevo.de\/wordpress\/die-aggression-der-nato-gegen-libyen-und-die-haltung-der-linken\/"},"wordCount":1206,"commentCount":0,"image":{"@id":"https:\/\/www.freundschaft-mit-valjevo.de\/wordpress\/die-aggression-der-nato-gegen-libyen-und-die-haltung-der-linken\/#primaryimage"},"thumbnailUrl":"http:\/\/www.freundschaft-mit-valjevo.de\/wordpress\/wp-content\/uploads\/2011\/06\/FulvioGrimaldi-300x244.jpg","keywords":["Fulvio Grimaldi","Libyen"],"articleSection":["Libyen"],"inLanguage":"de","potentialAction":[{"@type":"CommentAction","name":"Comment","target":["https:\/\/www.freundschaft-mit-valjevo.de\/wordpress\/die-aggression-der-nato-gegen-libyen-und-die-haltung-der-linken\/#respond"]}]},{"@type":"WebPage","@id":"https:\/\/www.freundschaft-mit-valjevo.de\/wordpress\/die-aggression-der-nato-gegen-libyen-und-die-haltung-der-linken\/","url":"https:\/\/www.freundschaft-mit-valjevo.de\/wordpress\/die-aggression-der-nato-gegen-libyen-und-die-haltung-der-linken\/","name":"Die Aggression der Nato gegen Libyen und die Haltung der Linken - Freundschaft mit Valjevo e.V.","isPartOf":{"@id":"https:\/\/www.freundschaft-mit-valjevo.de\/wordpress\/#website"},"primaryImageOfPage":{"@id":"https:\/\/www.freundschaft-mit-valjevo.de\/wordpress\/die-aggression-der-nato-gegen-libyen-und-die-haltung-der-linken\/#primaryimage"},"image":{"@id":"https:\/\/www.freundschaft-mit-valjevo.de\/wordpress\/die-aggression-der-nato-gegen-libyen-und-die-haltung-der-linken\/#primaryimage"},"thumbnailUrl":"http:\/\/www.freundschaft-mit-valjevo.de\/wordpress\/wp-content\/uploads\/2011\/06\/FulvioGrimaldi-300x244.jpg","datePublished":"2011-06-25T07:28:04+00:00","dateModified":"2011-06-25T15:58:08+00:00","author":{"@id":"https:\/\/www.freundschaft-mit-valjevo.de\/wordpress\/#\/schema\/person\/4fbd0cc7a0227a72529b76aeed6571e4"},"breadcrumb":{"@id":"https:\/\/www.freundschaft-mit-valjevo.de\/wordpress\/die-aggression-der-nato-gegen-libyen-und-die-haltung-der-linken\/#breadcrumb"},"inLanguage":"de","potentialAction":[{"@type":"ReadAction","target":["https:\/\/www.freundschaft-mit-valjevo.de\/wordpress\/die-aggression-der-nato-gegen-libyen-und-die-haltung-der-linken\/"]}]},{"@type":"ImageObject","inLanguage":"de","@id":"https:\/\/www.freundschaft-mit-valjevo.de\/wordpress\/die-aggression-der-nato-gegen-libyen-und-die-haltung-der-linken\/#primaryimage","url":"https:\/\/www.freundschaft-mit-valjevo.de\/wordpress\/wp-content\/uploads\/2011\/06\/FulvioGrimaldi.jpeg","contentUrl":"https:\/\/www.freundschaft-mit-valjevo.de\/wordpress\/wp-content\/uploads\/2011\/06\/FulvioGrimaldi.jpeg","width":"1063","height":"868"},{"@type":"BreadcrumbList","@id":"https:\/\/www.freundschaft-mit-valjevo.de\/wordpress\/die-aggression-der-nato-gegen-libyen-und-die-haltung-der-linken\/#breadcrumb","itemListElement":[{"@type":"ListItem","position":1,"name":"Startseite","item":"https:\/\/www.freundschaft-mit-valjevo.de\/wordpress\/"},{"@type":"ListItem","position":2,"name":"Die Aggression der Nato gegen Libyen und die Haltung der Linken"}]},{"@type":"WebSite","@id":"https:\/\/www.freundschaft-mit-valjevo.de\/wordpress\/#website","url":"https:\/\/www.freundschaft-mit-valjevo.de\/wordpress\/","name":"Freundschaft mit Valjevo e.V.","description":"F\u00fcr Frieden, Freundschaft und V\u00f6lkerverst\u00e4ndigung","potentialAction":[{"@type":"SearchAction","target":{"@type":"EntryPoint","urlTemplate":"https:\/\/www.freundschaft-mit-valjevo.de\/wordpress\/?s={search_term_string}"},"query-input":{"@type":"PropertyValueSpecification","valueRequired":true,"valueName":"search_term_string"}}],"inLanguage":"de"},{"@type":"Person","@id":"https:\/\/www.freundschaft-mit-valjevo.de\/wordpress\/#\/schema\/person\/4fbd0cc7a0227a72529b76aeed6571e4","name":"admin-z","image":{"@type":"ImageObject","inLanguage":"de","@id":"https:\/\/secure.gravatar.com\/avatar\/e180e5c39bf8c56d773eb854294072b2fec4a0a0f052f70a3cdaf696f943716d?s=96&d=mm&r=g","url":"https:\/\/secure.gravatar.com\/avatar\/e180e5c39bf8c56d773eb854294072b2fec4a0a0f052f70a3cdaf696f943716d?s=96&d=mm&r=g","contentUrl":"https:\/\/secure.gravatar.com\/avatar\/e180e5c39bf8c56d773eb854294072b2fec4a0a0f052f70a3cdaf696f943716d?s=96&d=mm&r=g","caption":"admin-z"}}]}},"_links":{"self":[{"href":"https:\/\/www.freundschaft-mit-valjevo.de\/wordpress\/wp-json\/wp\/v2\/posts\/37","targetHints":{"allow":["GET"]}}],"collection":[{"href":"https:\/\/www.freundschaft-mit-valjevo.de\/wordpress\/wp-json\/wp\/v2\/posts"}],"about":[{"href":"https:\/\/www.freundschaft-mit-valjevo.de\/wordpress\/wp-json\/wp\/v2\/types\/post"}],"author":[{"embeddable":true,"href":"https:\/\/www.freundschaft-mit-valjevo.de\/wordpress\/wp-json\/wp\/v2\/users\/2"}],"replies":[{"embeddable":true,"href":"https:\/\/www.freundschaft-mit-valjevo.de\/wordpress\/wp-json\/wp\/v2\/comments?post=37"}],"version-history":[{"count":8,"href":"https:\/\/www.freundschaft-mit-valjevo.de\/wordpress\/wp-json\/wp\/v2\/posts\/37\/revisions"}],"predecessor-version":[{"id":89,"href":"https:\/\/www.freundschaft-mit-valjevo.de\/wordpress\/wp-json\/wp\/v2\/posts\/37\/revisions\/89"}],"wp:attachment":[{"href":"https:\/\/www.freundschaft-mit-valjevo.de\/wordpress\/wp-json\/wp\/v2\/media?parent=37"}],"wp:term":[{"taxonomy":"category","embeddable":true,"href":"https:\/\/www.freundschaft-mit-valjevo.de\/wordpress\/wp-json\/wp\/v2\/categories?post=37"},{"taxonomy":"post_tag","embeddable":true,"href":"https:\/\/www.freundschaft-mit-valjevo.de\/wordpress\/wp-json\/wp\/v2\/tags?post=37"}],"curies":[{"name":"wp","href":"https:\/\/api.w.org\/{rel}","templated":true}]}}