{"id":736,"date":"2013-05-04T10:19:59","date_gmt":"2013-05-04T10:19:59","guid":{"rendered":"http:\/\/www.freundschaft-mit-valjevo.de\/wordpress\/?p=736"},"modified":"2013-05-04T10:19:59","modified_gmt":"2013-05-04T10:19:59","slug":"sich-nicht-gegenseitig-probleme-schaffen-sondern-die-probleme-gemeinsam-losen","status":"publish","type":"post","link":"https:\/\/www.freundschaft-mit-valjevo.de\/wordpress\/sich-nicht-gegenseitig-probleme-schaffen-sondern-die-probleme-gemeinsam-losen\/","title":{"rendered":"Sich nicht gegenseitig Probleme schaffen, sondern die Probleme gemeinsam l\u00f6sen"},"content":{"rendered":"<h4>Muslimische Theologin R. M\u00fcller sprach im \u00fcberf\u00fcllten Hofbergsaal<\/h4>\n<p style=\"text-align: justify;\"><a href=\"https:\/\/www.freundschaft-mit-valjevo.de\/wordpress\/wp-content\/uploads\/2013\/05\/CIMG2590-1024x768.jpg\"><img loading=\"lazy\" decoding=\"async\" class=\"alignleft size-medium wp-image-742\" alt=\"CIMG2590 (1024x768)\" src=\"https:\/\/www.freundschaft-mit-valjevo.de\/wordpress\/wp-content\/uploads\/2013\/05\/CIMG2590-1024x768-300x225.jpg\" width=\"300\" height=\"225\" srcset=\"https:\/\/www.freundschaft-mit-valjevo.de\/wordpress\/wp-content\/uploads\/2013\/05\/CIMG2590-1024x768-300x225.jpg 300w, https:\/\/www.freundschaft-mit-valjevo.de\/wordpress\/wp-content\/uploads\/2013\/05\/CIMG2590-1024x768.jpg 1024w\" sizes=\"auto, (max-width: 300px) 100vw, 300px\" \/><\/a> Knapp 100 Zuh\u00f6rer konnte Bernd Duschner am vergangenen Sonntag zur Veranstaltung der &#8222;Freunde von Valjevo&#8220; mit der muslimischen Theologin Rabeya M\u00fcller im Hofbergsaal begr\u00fc\u00dfen. In seiner Er\u00f6ffnung bedankte er sich bei den muslemischen Mitb\u00fcrgern, die mit ihrer Arbeit und ihrer Teilnahme am gesellschaftlichen Leben unsere Stadt bereichern. Er begr\u00fc\u00dfte ausdr\u00fccklich den Bau einer Moschee in Pfaffenhofen.<\/p>\n<p style=\"text-align: justify;\">\n<p style=\"text-align: justify;\">Der Islam baut wie das Christentum auf der hebr\u00e4ischen Bibel auf. Mit Christen und Juden, so Rabeya M\u00fcller, haben die Muslime den Glauben an einen einzigen allm\u00e4chtigen Gott als Sch\u00f6pfer der Welt gemeinsam. Das arabische Wort f\u00fcr Gott ist<a href=\"https:\/\/www.freundschaft-mit-valjevo.de\/wordpress\/wp-content\/uploads\/2013\/05\/CIMG2597-1024x768.jpg\"><img loading=\"lazy\" decoding=\"async\" class=\"size-medium wp-image-744 alignright\" alt=\"CIMG2597 (1024x768)\" src=\"https:\/\/www.freundschaft-mit-valjevo.de\/wordpress\/wp-content\/uploads\/2013\/05\/CIMG2597-1024x768-300x225.jpg\" width=\"300\" height=\"225\" srcset=\"https:\/\/www.freundschaft-mit-valjevo.de\/wordpress\/wp-content\/uploads\/2013\/05\/CIMG2597-1024x768-300x225.jpg 300w, https:\/\/www.freundschaft-mit-valjevo.de\/wordpress\/wp-content\/uploads\/2013\/05\/CIMG2597-1024x768.jpg 1024w\" sizes=\"auto, (max-width: 300px) 100vw, 300px\" \/><\/a> Allah. Es sei der gleiche Gott, zu dem auch Christen und Juden beteten. Der Koran betone, dass Gott den Menschen unendlich nahe sei und f\u00fcr ihn Gerechtigkeit und Barmherzigkeit stets zusammengeh\u00f6rten. Sich selbst als etwas Besseres als andere zu halten, sei es wegen des eigenen Geschlechtes, der gesellschaftlichen Stellung oder der Volkszugeh\u00f6rigkeit, bezeichne der Koran als &#8222;satanisches Prinzip&#8220; und werde von ihm scharf verurteilt. Viele biblische Erz\u00e4hlungen, wie z.B. von der Vertreibung der Menschen aus dem Paradies, finden sich auch im Koran. Allerdings essen dort Mann und Frau gemeinsam vom Baum der Erkenntnis und machten sich im gleichen Ma\u00dfe schuldig. Weil Gott den Menschen vergeben habe, gibt es jedoch f\u00fcr Muslime keine Erbs\u00fcnde. Die Passion, die Kreuzigung Christi zur Tilgung dieser Schuld, lehnt der Islam folglich ab. Abraham, Moses, Jesus und Mohammed sind f\u00fcr Muslime Propheten Gottes, die sie tief verehren, allerdings nur Menschen, die auch Fehler begehen k\u00f6nnen.<\/p>\n<p style=\"text-align: justify;\">In der Diskussion machte Rabeya M\u00fcller deutlich, wie wichtig es sei, nicht einzelne Stellen des Koran aus ihrem Kontext zu rei\u00dfen und zu zulassen, dass sie von engstirnigen Salafisten mi\u00dfinterpretiert werden. Wie sie \u00fcberzeugend zeigte, finden sich im Koran viele Hinweise und Argumente f\u00fcr ein friedliches gleichberechtigtes Zusammenleben von Mann und Mann, von Muslimen und Andersdenkenden. Ob muslimische Frauen als Zeichen der Verbundenheit mit ihrem Glauben ein Kopftuch tragen, sollten allein sie<a href=\"https:\/\/www.freundschaft-mit-valjevo.de\/wordpress\/wp-content\/uploads\/2013\/05\/IMG_20130428_200901-1024x768.jpg\"><img loading=\"lazy\" decoding=\"async\" class=\"size-medium wp-image-745 alignleft\" alt=\"IMG_20130428_200901 (1024x768)\" src=\"https:\/\/www.freundschaft-mit-valjevo.de\/wordpress\/wp-content\/uploads\/2013\/05\/IMG_20130428_200901-1024x768-300x225.jpg\" width=\"300\" height=\"225\" srcset=\"https:\/\/www.freundschaft-mit-valjevo.de\/wordpress\/wp-content\/uploads\/2013\/05\/IMG_20130428_200901-1024x768-300x225.jpg 300w, https:\/\/www.freundschaft-mit-valjevo.de\/wordpress\/wp-content\/uploads\/2013\/05\/IMG_20130428_200901-1024x768.jpg 1024w\" sizes=\"auto, (max-width: 300px) 100vw, 300px\" \/><\/a> entscheiden. Eine gro\u00dfe Belastung f\u00fcr Muslime sei es, so Rabeya M\u00fcller, wenn von interessierter Seite immer wieder versucht werde, den Islam mit den terroristischen Taten Einzelner in Verbindung zu bringen. Hinter solcher Hetze, so Bernd Duschner, steckten letztlich ausl\u00e4nderfeindliche Motive, die ein friedliches Zusammenleben und Verst\u00e4ndigung verhindern sollten. Das sei genauso abwegig, wie den christlichen Glauben f\u00fcr Angriffskriege wie gegen den Irak oder beispielsweise die Verbrechen der NSU verantwortlich zu machen.<\/p>\n<p style=\"text-align: justify;\">In ihrem Schlu\u00dfwort forderte Rabeya M\u00fcller, wir sollten uns als B\u00fcrger nicht gegenseitig Probleme machen, sondern die Probleme gemeinsam l\u00f6sen.<\/p>\n","protected":false},"excerpt":{"rendered":"<p>Muslimische Theologin R. M\u00fcller sprach im \u00fcberf\u00fcllten Hofbergsaal Knapp 100 Zuh\u00f6rer konnte Bernd Duschner am vergangenen Sonntag zur Veranstaltung der &#8222;Freunde von Valjevo&#8220; mit der&#8230;<\/p>\n<div class=\"more-link-wrapper\"><a class=\"more-link\" href=\"https:\/\/www.freundschaft-mit-valjevo.de\/wordpress\/sich-nicht-gegenseitig-probleme-schaffen-sondern-die-probleme-gemeinsam-losen\/\">Weiterlesen<span class=\"screen-reader-text\">Sich nicht gegenseitig Probleme schaffen, sondern die Probleme gemeinsam l\u00f6sen<\/span><\/a><\/div>\n","protected":false},"author":2,"featured_media":0,"comment_status":"closed","ping_status":"closed","sticky":false,"template":"","format":"standard","meta":{"footnotes":""},"categories":[9],"tags":[35,36,10],"class_list":["post-736","post","type-post","status-publish","format-standard","hentry","category-veranstaltung","tag-islam","tag-rabeya-muller","tag-veranstaltungen","entry"],"yoast_head":"<!-- This site is optimized with the Yoast SEO plugin v27.4 - https:\/\/yoast.com\/product\/yoast-seo-wordpress\/ -->\n<title>Sich nicht gegenseitig Probleme schaffen, sondern die Probleme gemeinsam l\u00f6sen - Freundschaft mit Valjevo e.V.<\/title>\n<meta name=\"robots\" content=\"index, follow, max-snippet:-1, max-image-preview:large, max-video-preview:-1\" \/>\n<link rel=\"canonical\" href=\"https:\/\/www.freundschaft-mit-valjevo.de\/wordpress\/sich-nicht-gegenseitig-probleme-schaffen-sondern-die-probleme-gemeinsam-losen\/\" \/>\n<meta property=\"og:locale\" content=\"de_DE\" \/>\n<meta property=\"og:type\" content=\"article\" \/>\n<meta property=\"og:title\" content=\"Sich nicht gegenseitig Probleme schaffen, sondern die Probleme gemeinsam l\u00f6sen - Freundschaft mit Valjevo e.V.\" \/>\n<meta property=\"og:description\" content=\"Muslimische Theologin R. M\u00fcller sprach im \u00fcberf\u00fcllten Hofbergsaal Knapp 100 Zuh\u00f6rer konnte Bernd Duschner am vergangenen Sonntag zur Veranstaltung der &#8222;Freunde von Valjevo&#8220; mit der&#8230;\" \/>\n<meta property=\"og:url\" content=\"https:\/\/www.freundschaft-mit-valjevo.de\/wordpress\/sich-nicht-gegenseitig-probleme-schaffen-sondern-die-probleme-gemeinsam-losen\/\" \/>\n<meta property=\"og:site_name\" content=\"Freundschaft mit Valjevo e.V.\" \/>\n<meta property=\"article:published_time\" content=\"2013-05-04T10:19:59+00:00\" \/>\n<meta property=\"og:image\" content=\"http:\/\/www.freundschaft-mit-valjevo.de\/wordpress\/wp-content\/uploads\/2013\/05\/CIMG2590-1024x768-300x225.jpg\" \/>\n<meta name=\"author\" content=\"admin-z\" \/>\n<meta name=\"twitter:card\" content=\"summary_large_image\" \/>\n<meta name=\"twitter:label1\" content=\"Verfasst von\" \/>\n\t<meta name=\"twitter:data1\" content=\"admin-z\" \/>\n\t<meta name=\"twitter:label2\" content=\"Gesch\u00e4tzte Lesezeit\" \/>\n\t<meta name=\"twitter:data2\" content=\"2\u00a0Minuten\" \/>\n<script type=\"application\/ld+json\" class=\"yoast-schema-graph\">{\"@context\":\"https:\\\/\\\/schema.org\",\"@graph\":[{\"@type\":\"Article\",\"@id\":\"https:\\\/\\\/www.freundschaft-mit-valjevo.de\\\/wordpress\\\/sich-nicht-gegenseitig-probleme-schaffen-sondern-die-probleme-gemeinsam-losen\\\/#article\",\"isPartOf\":{\"@id\":\"https:\\\/\\\/www.freundschaft-mit-valjevo.de\\\/wordpress\\\/sich-nicht-gegenseitig-probleme-schaffen-sondern-die-probleme-gemeinsam-losen\\\/\"},\"author\":{\"name\":\"admin-z\",\"@id\":\"https:\\\/\\\/www.freundschaft-mit-valjevo.de\\\/wordpress\\\/#\\\/schema\\\/person\\\/4fbd0cc7a0227a72529b76aeed6571e4\"},\"headline\":\"Sich nicht gegenseitig Probleme schaffen, sondern die Probleme gemeinsam l\u00f6sen\",\"datePublished\":\"2013-05-04T10:19:59+00:00\",\"mainEntityOfPage\":{\"@id\":\"https:\\\/\\\/www.freundschaft-mit-valjevo.de\\\/wordpress\\\/sich-nicht-gegenseitig-probleme-schaffen-sondern-die-probleme-gemeinsam-losen\\\/\"},\"wordCount\":463,\"image\":{\"@id\":\"https:\\\/\\\/www.freundschaft-mit-valjevo.de\\\/wordpress\\\/sich-nicht-gegenseitig-probleme-schaffen-sondern-die-probleme-gemeinsam-losen\\\/#primaryimage\"},\"thumbnailUrl\":\"http:\\\/\\\/www.freundschaft-mit-valjevo.de\\\/wordpress\\\/wp-content\\\/uploads\\\/2013\\\/05\\\/CIMG2590-1024x768-300x225.jpg\",\"keywords\":[\"Islam\",\"Rabeya M\u00fcller\",\"Veranstaltungen\"],\"articleSection\":[\"Veranstaltung\"],\"inLanguage\":\"de\"},{\"@type\":\"WebPage\",\"@id\":\"https:\\\/\\\/www.freundschaft-mit-valjevo.de\\\/wordpress\\\/sich-nicht-gegenseitig-probleme-schaffen-sondern-die-probleme-gemeinsam-losen\\\/\",\"url\":\"https:\\\/\\\/www.freundschaft-mit-valjevo.de\\\/wordpress\\\/sich-nicht-gegenseitig-probleme-schaffen-sondern-die-probleme-gemeinsam-losen\\\/\",\"name\":\"Sich nicht gegenseitig Probleme schaffen, sondern die Probleme gemeinsam l\u00f6sen - Freundschaft mit Valjevo e.V.\",\"isPartOf\":{\"@id\":\"https:\\\/\\\/www.freundschaft-mit-valjevo.de\\\/wordpress\\\/#website\"},\"primaryImageOfPage\":{\"@id\":\"https:\\\/\\\/www.freundschaft-mit-valjevo.de\\\/wordpress\\\/sich-nicht-gegenseitig-probleme-schaffen-sondern-die-probleme-gemeinsam-losen\\\/#primaryimage\"},\"image\":{\"@id\":\"https:\\\/\\\/www.freundschaft-mit-valjevo.de\\\/wordpress\\\/sich-nicht-gegenseitig-probleme-schaffen-sondern-die-probleme-gemeinsam-losen\\\/#primaryimage\"},\"thumbnailUrl\":\"http:\\\/\\\/www.freundschaft-mit-valjevo.de\\\/wordpress\\\/wp-content\\\/uploads\\\/2013\\\/05\\\/CIMG2590-1024x768-300x225.jpg\",\"datePublished\":\"2013-05-04T10:19:59+00:00\",\"author\":{\"@id\":\"https:\\\/\\\/www.freundschaft-mit-valjevo.de\\\/wordpress\\\/#\\\/schema\\\/person\\\/4fbd0cc7a0227a72529b76aeed6571e4\"},\"breadcrumb\":{\"@id\":\"https:\\\/\\\/www.freundschaft-mit-valjevo.de\\\/wordpress\\\/sich-nicht-gegenseitig-probleme-schaffen-sondern-die-probleme-gemeinsam-losen\\\/#breadcrumb\"},\"inLanguage\":\"de\",\"potentialAction\":[{\"@type\":\"ReadAction\",\"target\":[\"https:\\\/\\\/www.freundschaft-mit-valjevo.de\\\/wordpress\\\/sich-nicht-gegenseitig-probleme-schaffen-sondern-die-probleme-gemeinsam-losen\\\/\"]}]},{\"@type\":\"ImageObject\",\"inLanguage\":\"de\",\"@id\":\"https:\\\/\\\/www.freundschaft-mit-valjevo.de\\\/wordpress\\\/sich-nicht-gegenseitig-probleme-schaffen-sondern-die-probleme-gemeinsam-losen\\\/#primaryimage\",\"url\":\"https:\\\/\\\/www.freundschaft-mit-valjevo.de\\\/wordpress\\\/wp-content\\\/uploads\\\/2013\\\/05\\\/CIMG2590-1024x768.jpg\",\"contentUrl\":\"https:\\\/\\\/www.freundschaft-mit-valjevo.de\\\/wordpress\\\/wp-content\\\/uploads\\\/2013\\\/05\\\/CIMG2590-1024x768.jpg\",\"width\":1024,\"height\":768},{\"@type\":\"BreadcrumbList\",\"@id\":\"https:\\\/\\\/www.freundschaft-mit-valjevo.de\\\/wordpress\\\/sich-nicht-gegenseitig-probleme-schaffen-sondern-die-probleme-gemeinsam-losen\\\/#breadcrumb\",\"itemListElement\":[{\"@type\":\"ListItem\",\"position\":1,\"name\":\"Startseite\",\"item\":\"https:\\\/\\\/www.freundschaft-mit-valjevo.de\\\/wordpress\\\/\"},{\"@type\":\"ListItem\",\"position\":2,\"name\":\"Sich nicht gegenseitig Probleme schaffen, sondern die Probleme gemeinsam l\u00f6sen\"}]},{\"@type\":\"WebSite\",\"@id\":\"https:\\\/\\\/www.freundschaft-mit-valjevo.de\\\/wordpress\\\/#website\",\"url\":\"https:\\\/\\\/www.freundschaft-mit-valjevo.de\\\/wordpress\\\/\",\"name\":\"Freundschaft mit Valjevo e.V.\",\"description\":\"F\u00fcr Frieden, Freundschaft und V\u00f6lkerverst\u00e4ndigung\",\"potentialAction\":[{\"@type\":\"SearchAction\",\"target\":{\"@type\":\"EntryPoint\",\"urlTemplate\":\"https:\\\/\\\/www.freundschaft-mit-valjevo.de\\\/wordpress\\\/?s={search_term_string}\"},\"query-input\":{\"@type\":\"PropertyValueSpecification\",\"valueRequired\":true,\"valueName\":\"search_term_string\"}}],\"inLanguage\":\"de\"},{\"@type\":\"Person\",\"@id\":\"https:\\\/\\\/www.freundschaft-mit-valjevo.de\\\/wordpress\\\/#\\\/schema\\\/person\\\/4fbd0cc7a0227a72529b76aeed6571e4\",\"name\":\"admin-z\",\"image\":{\"@type\":\"ImageObject\",\"inLanguage\":\"de\",\"@id\":\"https:\\\/\\\/secure.gravatar.com\\\/avatar\\\/e180e5c39bf8c56d773eb854294072b2fec4a0a0f052f70a3cdaf696f943716d?s=96&d=mm&r=g\",\"url\":\"https:\\\/\\\/secure.gravatar.com\\\/avatar\\\/e180e5c39bf8c56d773eb854294072b2fec4a0a0f052f70a3cdaf696f943716d?s=96&d=mm&r=g\",\"contentUrl\":\"https:\\\/\\\/secure.gravatar.com\\\/avatar\\\/e180e5c39bf8c56d773eb854294072b2fec4a0a0f052f70a3cdaf696f943716d?s=96&d=mm&r=g\",\"caption\":\"admin-z\"}}]}<\/script>\n<!-- \/ Yoast SEO plugin. -->","yoast_head_json":{"title":"Sich nicht gegenseitig Probleme schaffen, sondern die Probleme gemeinsam l\u00f6sen - Freundschaft mit Valjevo e.V.","robots":{"index":"index","follow":"follow","max-snippet":"max-snippet:-1","max-image-preview":"max-image-preview:large","max-video-preview":"max-video-preview:-1"},"canonical":"https:\/\/www.freundschaft-mit-valjevo.de\/wordpress\/sich-nicht-gegenseitig-probleme-schaffen-sondern-die-probleme-gemeinsam-losen\/","og_locale":"de_DE","og_type":"article","og_title":"Sich nicht gegenseitig Probleme schaffen, sondern die Probleme gemeinsam l\u00f6sen - Freundschaft mit Valjevo e.V.","og_description":"Muslimische Theologin R. M\u00fcller sprach im \u00fcberf\u00fcllten Hofbergsaal Knapp 100 Zuh\u00f6rer konnte Bernd Duschner am vergangenen Sonntag zur Veranstaltung der &#8222;Freunde von Valjevo&#8220; mit der&#8230;","og_url":"https:\/\/www.freundschaft-mit-valjevo.de\/wordpress\/sich-nicht-gegenseitig-probleme-schaffen-sondern-die-probleme-gemeinsam-losen\/","og_site_name":"Freundschaft mit Valjevo e.V.","article_published_time":"2013-05-04T10:19:59+00:00","og_image":[{"url":"http:\/\/www.freundschaft-mit-valjevo.de\/wordpress\/wp-content\/uploads\/2013\/05\/CIMG2590-1024x768-300x225.jpg","type":"","width":"","height":""}],"author":"admin-z","twitter_card":"summary_large_image","twitter_misc":{"Verfasst von":"admin-z","Gesch\u00e4tzte Lesezeit":"2\u00a0Minuten"},"schema":{"@context":"https:\/\/schema.org","@graph":[{"@type":"Article","@id":"https:\/\/www.freundschaft-mit-valjevo.de\/wordpress\/sich-nicht-gegenseitig-probleme-schaffen-sondern-die-probleme-gemeinsam-losen\/#article","isPartOf":{"@id":"https:\/\/www.freundschaft-mit-valjevo.de\/wordpress\/sich-nicht-gegenseitig-probleme-schaffen-sondern-die-probleme-gemeinsam-losen\/"},"author":{"name":"admin-z","@id":"https:\/\/www.freundschaft-mit-valjevo.de\/wordpress\/#\/schema\/person\/4fbd0cc7a0227a72529b76aeed6571e4"},"headline":"Sich nicht gegenseitig Probleme schaffen, sondern die Probleme gemeinsam l\u00f6sen","datePublished":"2013-05-04T10:19:59+00:00","mainEntityOfPage":{"@id":"https:\/\/www.freundschaft-mit-valjevo.de\/wordpress\/sich-nicht-gegenseitig-probleme-schaffen-sondern-die-probleme-gemeinsam-losen\/"},"wordCount":463,"image":{"@id":"https:\/\/www.freundschaft-mit-valjevo.de\/wordpress\/sich-nicht-gegenseitig-probleme-schaffen-sondern-die-probleme-gemeinsam-losen\/#primaryimage"},"thumbnailUrl":"http:\/\/www.freundschaft-mit-valjevo.de\/wordpress\/wp-content\/uploads\/2013\/05\/CIMG2590-1024x768-300x225.jpg","keywords":["Islam","Rabeya M\u00fcller","Veranstaltungen"],"articleSection":["Veranstaltung"],"inLanguage":"de"},{"@type":"WebPage","@id":"https:\/\/www.freundschaft-mit-valjevo.de\/wordpress\/sich-nicht-gegenseitig-probleme-schaffen-sondern-die-probleme-gemeinsam-losen\/","url":"https:\/\/www.freundschaft-mit-valjevo.de\/wordpress\/sich-nicht-gegenseitig-probleme-schaffen-sondern-die-probleme-gemeinsam-losen\/","name":"Sich nicht gegenseitig Probleme schaffen, sondern die Probleme gemeinsam l\u00f6sen - Freundschaft mit Valjevo e.V.","isPartOf":{"@id":"https:\/\/www.freundschaft-mit-valjevo.de\/wordpress\/#website"},"primaryImageOfPage":{"@id":"https:\/\/www.freundschaft-mit-valjevo.de\/wordpress\/sich-nicht-gegenseitig-probleme-schaffen-sondern-die-probleme-gemeinsam-losen\/#primaryimage"},"image":{"@id":"https:\/\/www.freundschaft-mit-valjevo.de\/wordpress\/sich-nicht-gegenseitig-probleme-schaffen-sondern-die-probleme-gemeinsam-losen\/#primaryimage"},"thumbnailUrl":"http:\/\/www.freundschaft-mit-valjevo.de\/wordpress\/wp-content\/uploads\/2013\/05\/CIMG2590-1024x768-300x225.jpg","datePublished":"2013-05-04T10:19:59+00:00","author":{"@id":"https:\/\/www.freundschaft-mit-valjevo.de\/wordpress\/#\/schema\/person\/4fbd0cc7a0227a72529b76aeed6571e4"},"breadcrumb":{"@id":"https:\/\/www.freundschaft-mit-valjevo.de\/wordpress\/sich-nicht-gegenseitig-probleme-schaffen-sondern-die-probleme-gemeinsam-losen\/#breadcrumb"},"inLanguage":"de","potentialAction":[{"@type":"ReadAction","target":["https:\/\/www.freundschaft-mit-valjevo.de\/wordpress\/sich-nicht-gegenseitig-probleme-schaffen-sondern-die-probleme-gemeinsam-losen\/"]}]},{"@type":"ImageObject","inLanguage":"de","@id":"https:\/\/www.freundschaft-mit-valjevo.de\/wordpress\/sich-nicht-gegenseitig-probleme-schaffen-sondern-die-probleme-gemeinsam-losen\/#primaryimage","url":"https:\/\/www.freundschaft-mit-valjevo.de\/wordpress\/wp-content\/uploads\/2013\/05\/CIMG2590-1024x768.jpg","contentUrl":"https:\/\/www.freundschaft-mit-valjevo.de\/wordpress\/wp-content\/uploads\/2013\/05\/CIMG2590-1024x768.jpg","width":1024,"height":768},{"@type":"BreadcrumbList","@id":"https:\/\/www.freundschaft-mit-valjevo.de\/wordpress\/sich-nicht-gegenseitig-probleme-schaffen-sondern-die-probleme-gemeinsam-losen\/#breadcrumb","itemListElement":[{"@type":"ListItem","position":1,"name":"Startseite","item":"https:\/\/www.freundschaft-mit-valjevo.de\/wordpress\/"},{"@type":"ListItem","position":2,"name":"Sich nicht gegenseitig Probleme schaffen, sondern die Probleme gemeinsam l\u00f6sen"}]},{"@type":"WebSite","@id":"https:\/\/www.freundschaft-mit-valjevo.de\/wordpress\/#website","url":"https:\/\/www.freundschaft-mit-valjevo.de\/wordpress\/","name":"Freundschaft mit Valjevo e.V.","description":"F\u00fcr Frieden, Freundschaft und V\u00f6lkerverst\u00e4ndigung","potentialAction":[{"@type":"SearchAction","target":{"@type":"EntryPoint","urlTemplate":"https:\/\/www.freundschaft-mit-valjevo.de\/wordpress\/?s={search_term_string}"},"query-input":{"@type":"PropertyValueSpecification","valueRequired":true,"valueName":"search_term_string"}}],"inLanguage":"de"},{"@type":"Person","@id":"https:\/\/www.freundschaft-mit-valjevo.de\/wordpress\/#\/schema\/person\/4fbd0cc7a0227a72529b76aeed6571e4","name":"admin-z","image":{"@type":"ImageObject","inLanguage":"de","@id":"https:\/\/secure.gravatar.com\/avatar\/e180e5c39bf8c56d773eb854294072b2fec4a0a0f052f70a3cdaf696f943716d?s=96&d=mm&r=g","url":"https:\/\/secure.gravatar.com\/avatar\/e180e5c39bf8c56d773eb854294072b2fec4a0a0f052f70a3cdaf696f943716d?s=96&d=mm&r=g","contentUrl":"https:\/\/secure.gravatar.com\/avatar\/e180e5c39bf8c56d773eb854294072b2fec4a0a0f052f70a3cdaf696f943716d?s=96&d=mm&r=g","caption":"admin-z"}}]}},"_links":{"self":[{"href":"https:\/\/www.freundschaft-mit-valjevo.de\/wordpress\/wp-json\/wp\/v2\/posts\/736","targetHints":{"allow":["GET"]}}],"collection":[{"href":"https:\/\/www.freundschaft-mit-valjevo.de\/wordpress\/wp-json\/wp\/v2\/posts"}],"about":[{"href":"https:\/\/www.freundschaft-mit-valjevo.de\/wordpress\/wp-json\/wp\/v2\/types\/post"}],"author":[{"embeddable":true,"href":"https:\/\/www.freundschaft-mit-valjevo.de\/wordpress\/wp-json\/wp\/v2\/users\/2"}],"replies":[{"embeddable":true,"href":"https:\/\/www.freundschaft-mit-valjevo.de\/wordpress\/wp-json\/wp\/v2\/comments?post=736"}],"version-history":[{"count":9,"href":"https:\/\/www.freundschaft-mit-valjevo.de\/wordpress\/wp-json\/wp\/v2\/posts\/736\/revisions"}],"predecessor-version":[{"id":753,"href":"https:\/\/www.freundschaft-mit-valjevo.de\/wordpress\/wp-json\/wp\/v2\/posts\/736\/revisions\/753"}],"wp:attachment":[{"href":"https:\/\/www.freundschaft-mit-valjevo.de\/wordpress\/wp-json\/wp\/v2\/media?parent=736"}],"wp:term":[{"taxonomy":"category","embeddable":true,"href":"https:\/\/www.freundschaft-mit-valjevo.de\/wordpress\/wp-json\/wp\/v2\/categories?post=736"},{"taxonomy":"post_tag","embeddable":true,"href":"https:\/\/www.freundschaft-mit-valjevo.de\/wordpress\/wp-json\/wp\/v2\/tags?post=736"}],"curies":[{"name":"wp","href":"https:\/\/api.w.org\/{rel}","templated":true}]}}