{"id":764,"date":"2013-05-17T05:44:42","date_gmt":"2013-05-17T05:44:42","guid":{"rendered":"http:\/\/www.freundschaft-mit-valjevo.de\/wordpress\/?p=764"},"modified":"2013-05-17T05:51:40","modified_gmt":"2013-05-17T05:51:40","slug":"wie-bayerische-auslanderbehorden-menschen-zerstoren","status":"publish","type":"post","link":"https:\/\/www.freundschaft-mit-valjevo.de\/wordpress\/wie-bayerische-auslanderbehorden-menschen-zerstoren\/","title":{"rendered":"Wie bayerische Ausl\u00e4nderbeh\u00f6rden Menschen zerst\u00f6ren"},"content":{"rendered":"<h4 style=\"text-align: justify;\">Das Martyrium des Cliff Oase im &#8222;Lager&#8220; Neuburg a.d.Donau<\/h4>\n<p style=\"text-align: justify;\">Gibt es bei bayerischer Regierung und Beh\u00f6rden Rassismus? Werden bei uns gegen\u00fcber Asylbewerbern elementarste Grundregeln des Anstandes und der Menschlichkeit missachtet? Bei solchen Fragen muss ich an die Fl\u00fcchtlinge in der &#8222;Sammelunterkunft f\u00fcr Asylbewerber&#8220; in Neuburg a. d. Donau denken. Einige dieser Asylbewerber sind bereits seit \u00fcber 15 Jahren gezwungen, ohne Arbeitserlaubnis und ohne jedes Bargeld vor sich hinzuvegetieren. Ohnm\u00e4chtig m\u00fcssen sie zu sehen, wie sie physisch und psychisch kaputtgehen.<\/p>\n<p style=\"text-align: justify;\"><a href=\"https:\/\/www.freundschaft-mit-valjevo.de\/wordpress\/wp-content\/uploads\/2013\/05\/DSCN1184-1024x768.jpg\"><img loading=\"lazy\" decoding=\"async\" class=\"alignleft size-medium wp-image-769\" alt=\"DSCN1184 (1024x768)\" src=\"https:\/\/www.freundschaft-mit-valjevo.de\/wordpress\/wp-content\/uploads\/2013\/05\/DSCN1184-1024x768-300x225.jpg\" width=\"300\" height=\"225\" srcset=\"https:\/\/www.freundschaft-mit-valjevo.de\/wordpress\/wp-content\/uploads\/2013\/05\/DSCN1184-1024x768-300x225.jpg 300w, https:\/\/www.freundschaft-mit-valjevo.de\/wordpress\/wp-content\/uploads\/2013\/05\/DSCN1184-1024x768.jpg 1024w\" sizes=\"auto, (max-width: 300px) 100vw, 300px\" \/><\/a>Regelm\u00e4\u00dfig einmal im Monat bringt unser Verein &#8222;Freundschaft mit Valjevo e.V&#8220; Lebensmittel f\u00fcr Kleinkinder in das &#8222;Sammellager f\u00fcr Asylbewerber&#8220; nach Neuburg. Dazu organisieren wir mit ihnen Ausfl\u00fcge. Bei einem solchen Besuch in Neuburg habe ich vor 4 Jahren Cliff Oase kennengelernt. Die &#8222;Sammelunterkunft f\u00fcr Asylbewerber&#8220; ist nur wenige Hundert Meter vom Stadtzentrum entfernt. Die rund 450 Asylbewerber, unter ihnen 60 Kinder, sind auf dem Gel\u00e4nde einer ehemaligen Kaserne in nur 5 Geb\u00e4uden untergebracht. Sie leben in \u00e4u\u00dferst beengten Verh\u00e4ltnissen: ein einziges Zimmer muss jeweils einer ganzen Familie mit ihren Kindern oder 2-4 Einzelpersonen als &#8222;Wohnung&#8220; gen\u00fcgen. Die hygienischen Verh\u00e4ltnisse sind bedr\u00fcckend: Dutzende von Menschen haben sich Dusche und Toiletten gemeinsam zu teilen. Eine Privatsph\u00e4re, wohin sie sich zur\u00fcckziehen k\u00f6nnten, gibt es f\u00fcr keinen der Bewohner. Auf dem gesamten Areal, dem &#8222;Lager&#8220;, wie es die Asylbewerber bezeichnen, gibt es keinen einzigen Gemeinschaftsraum, wo man sich treffen und austauschen k\u00f6nnte. Die Isolierung der Einzelnen ist gewollt. Sie macht die Fl\u00fcchtlinge wehrlos. Die Ausgrenzung, die Machtlosigkeit gegen\u00fcber den Beh\u00f6rden, die Perspektivlosigkeit und die Angst vor Abschiebung, das alles schafft Aggressionen, die sich immer wieder unter den Fl\u00fcchtlingen entladen. Cliff ist einer der Bewohner dieses &#8222;Lagers&#8220;. Er ist heute 30 Jahre alt. Sein Heimatdorf lag im Distrikt Gulu in Uganda, im Grenzgebiet zum Sudan.<\/p>\n<figure id=\"attachment_768\" aria-describedby=\"caption-attachment-768\" style=\"width: 300px\" class=\"wp-caption alignleft\"><a href=\"https:\/\/www.freundschaft-mit-valjevo.de\/wordpress\/wp-content\/uploads\/2013\/05\/DSCN1163-1024x768.jpg\"><img loading=\"lazy\" decoding=\"async\" class=\"size-medium wp-image-768\" title=\"Cliff Oase\" alt=\"Cliff Oase\" src=\"https:\/\/www.freundschaft-mit-valjevo.de\/wordpress\/wp-content\/uploads\/2013\/05\/DSCN1163-1024x768-300x225.jpg\" width=\"300\" height=\"225\" srcset=\"https:\/\/www.freundschaft-mit-valjevo.de\/wordpress\/wp-content\/uploads\/2013\/05\/DSCN1163-1024x768-300x225.jpg 300w, https:\/\/www.freundschaft-mit-valjevo.de\/wordpress\/wp-content\/uploads\/2013\/05\/DSCN1163-1024x768.jpg 1024w\" sizes=\"auto, (max-width: 300px) 100vw, 300px\" \/><\/a><figcaption id=\"caption-attachment-768\" class=\"wp-caption-text\">Cliff Oase<\/figcaption><\/figure>\n<p style=\"text-align: justify;\">Cliff geh\u00f6rt zur Volksgruppe der Acholi. 2003 kam er nach Deutschland und hat wie die meisten Asylbewerber in Folge der \u00e4u\u00dferst restriktiven Asylgesetzgebung keine Anerkennung erhalten. Zwar forciert die Bundesregierung weltweit immer st\u00e4rker Waffenexporte und milit\u00e4rische Interventionen. F\u00fcr die Folgen dieser Politik, die wachsende Zahl an Fl\u00fcchtlingen aus Kriegs- und B\u00fcrgerkriegsgebieten, will sie jedoch nicht aufkommen. Asylbewerber sollen m\u00f6glichst schnell und ohne Aufsehen wieder abgeschoben werden. Das &#8222;Lager&#8220; mit seiner d\u00fcsteren und bedr\u00fcckenden Atmosph\u00e4re macht den Asylbewerbern deutlich, dass sie nicht willkommen sind, nicht dazu geh\u00f6ren und hier keine Perspektive haben.<\/p>\n<p style=\"text-align: justify;\"><a href=\"https:\/\/www.freundschaft-mit-valjevo.de\/wordpress\/wp-content\/uploads\/2013\/05\/DSCN1190-1024x768.jpg\"><img loading=\"lazy\" decoding=\"async\" class=\"alignleft size-full wp-image-771\" alt=\"DSCN1190 (1024x768)\" src=\"https:\/\/www.freundschaft-mit-valjevo.de\/wordpress\/wp-content\/uploads\/2013\/05\/DSCN1190-1024x768.jpg\" width=\"1024\" height=\"768\" srcset=\"https:\/\/www.freundschaft-mit-valjevo.de\/wordpress\/wp-content\/uploads\/2013\/05\/DSCN1190-1024x768.jpg 1024w, https:\/\/www.freundschaft-mit-valjevo.de\/wordpress\/wp-content\/uploads\/2013\/05\/DSCN1190-1024x768-300x225.jpg 300w\" sizes=\"auto, (max-width: 1024px) 100vw, 1024px\" \/><\/a>Seit 10 Jahren muss sich Cliff mit einem weiteren Kollegen ein 14 qm gro\u00dfes Zimmer im Geb\u00e4ude &#8222;Block B&#8220; der &#8222;Unterkunft&#8220; teilen. Die bayerische Regierung spricht gerne von Integration, um die sich unsere ausl\u00e4ndischen Mitb\u00fcrger bem\u00fchen m\u00fcssten. Cliff hat wie die meisten Fl\u00fcchtlinge im &#8222;Lager&#8220; bis heute keinen Deutschkurs erhalten. Das spart der bayerischen Regierung Geld und verhindert, dass die Asylbewerber selbst ihre wenigen Rechte wahrnehmen k\u00f6nnen. Cliff verst\u00e4ndigt sich auf Englisch. Die Sprache hat er beim Zusammenleben mit den anderen afrikanischen Asylbewerbern gelernt. In seinem Ausweis mit dem Aufdruck &#8222;Geduldeter&#8220; ist klar und unmissverst\u00e4ndlich f\u00fcr jedermann zu lesen, dass er in der &#8222;Sammelunterkunft&#8220; zu wohnen hat und ihm &#8222;Erwerbst\u00e4tigkeit nicht gestattet&#8220; ist. Cliff darf nicht arbeiten, um sich seinen Lebensunterhalt selbst zu verdienen. Als Verpflegung erh\u00e4lt er seit Jahren ausschlie\u00dflich die immer gleichen Essenspakete. Von den Fl\u00fcchtlingen werden sie als entm\u00fcndigend und zutiefst dem\u00fctigend empfunden. Sie sind verhasst. Im &#8222;Lager Neuburg&#8220; werden die Essenspakete jeden Dienstag und Donnerstag zwischen 7 Uhr 30 und 9 Uhr 30 ausgegeben. Wer zu sp\u00e4t kommt oder den Termin vers\u00e4umt, f\u00fcr den kennen die Zust\u00e4ndigen kein Pardon: Der bekommt eben nichts. F\u00fcr Cliff und die Betroffenen bedeutet das, ein paar Tage zu hungern oder bei Freunden um Essen zu betteln. Wer von den Asylbewerbern in dieser Situation vor einem Schaufenster mit verlockenden Waren in der Innenstadt Neuburgs &#8222;durchdreht&#8220; und sich aus Laden etwas mitnimmt, landet sehr schnell f\u00fcr mehrere Monate im Knast. Zwar wurde aufgrund der Entscheidung des Bundesverfassungsgerichtes vom 18. Juli 2012 das monatliche Taschengeld f\u00fcr Asylbewerber von bisher menschenverachtenden 40 EUR 90 auf 137 EUR erh\u00f6ht. Der Barbetrag soll Asylbewerbern ein Mindestma\u00df an Teilnahme am gesellschaftlichen Leben erm\u00f6glichen. Auch sie sollen wie jeder andere Mensch wenigstens gelegentlich auf einen Kaffee, zu einer Sportveranstaltung, ins Kino gehen, sich etwas Eigenes kaufen k\u00f6nnen. Das bayerische Landessozialgericht hat mit seinem Beschluss vom 24. Januar 2013 klargestellt, dass dieses Taschengeld nicht zu Sanktionszwecken gek\u00fcrzt werden darf. Aber sind Afrikaner Menschen? Cliff jedenfalls \u2013 und er ist bei weitem nicht der einzige Fall im &#8222;Lager&#8220; Neuburg \u2013 verweigert das zust\u00e4ndige Landratsamt Neuburg-Schrobenhausen bereits seit vielen Jahren jedes Bargeld. Kann man sich vorstellen, welche Ausgrenzung, welche Dem\u00fctigung es bedeutet, sich niemals eigenes Essen, niemals eigene Kleidung kaufen, niemals in ein Lokal gehen zu k\u00f6nnen? Mittlerweile hat die dortige Sozialhilfeverwaltung zynisch entschieden, Cliff neben den obligatorischen 16 EUR 11 f\u00fcr Gesundheits- und K\u00f6rperpflegeartikel (Seife, Shampoo, Zahnb\u00fcrste und Zahncreme werden im Lager nicht gestellt) zumindest 5 EUR 91 (f\u00fcnf EUR 91!) monatlich als Taschengeld zu gew\u00e4hren.<\/p>\n<p style=\"text-align: justify;\"><a href=\"https:\/\/www.freundschaft-mit-valjevo.de\/wordpress\/wp-content\/uploads\/2013\/05\/DSCN1187-1024x768.jpg\"><img loading=\"lazy\" decoding=\"async\" class=\" wp-image-770 alignright\" alt=\"DSCN1187 (1024x768)\" src=\"https:\/\/www.freundschaft-mit-valjevo.de\/wordpress\/wp-content\/uploads\/2013\/05\/DSCN1187-1024x768.jpg\" width=\"368\" height=\"277\" srcset=\"https:\/\/www.freundschaft-mit-valjevo.de\/wordpress\/wp-content\/uploads\/2013\/05\/DSCN1187-1024x768.jpg 1024w, https:\/\/www.freundschaft-mit-valjevo.de\/wordpress\/wp-content\/uploads\/2013\/05\/DSCN1187-1024x768-300x225.jpg 300w\" sizes=\"auto, (max-width: 368px) 100vw, 368px\" \/><\/a>Die Regierung von Oberbayern und das Neuburger Landratsamt \u201erechtfertigen\u201c die Streichung des Taschengeldes, mit der Behauptung, Cliff, w\u00fcrde nicht gen\u00fcgend bei der Beschaffung seiner Identit\u00e4tspapiere mitwirken. Er war in der ugandischen Botschaft. Ein Nachweis seiner Identit\u00e4t ist Cliff jedoch nicht m\u00f6glich. Er hat keine Familienangeh\u00f6rigen und Bekannten mehr in Uganda. Sein Heimatdistrikt Gulu war ab Mitte der 80er Jahre f\u00fcr mehr als zwei Jahrzehnte Schauplatz eines \u00e4u\u00dferst blutigen B\u00fcrgerkrieges zwischen den Truppen der Zentralregierung und Rebellen im Norden des Landes. Auf beiden Seiten wurden Zehntausende Heranwachsende als Kindersoldaten zwangsrekrutiert. Um den Widerstand der Rebellen zu brechen, errichtete der ugandische Machthaber Museveni Konzentrationslager, in die nahezu die gesamte Bev\u00f6lkerung der Acholi und Langi, nach UN Angaben zwischen 1, 4 und 1,8 Millionen Menschen, deportiert wurde. Tausende starben, bevor diese Lager 2009 endg\u00fcltig aufgel\u00f6st wurden. Bis heute besteht die Bev\u00f6lkerung von Gulu deshalb zum gro\u00dfen Teil aus Binnenfl\u00fcchtlingen.<\/p>\n<p style=\"text-align: justify;\">Cliff ist schwer traumatisiert: Er wuchs als einziges Kind bei seiner Mutter auf. Seinen Vater hat er nie kennen gelernt. Mit 14 Jahren wurde Cliff zusammen mit 20 Jungen und M\u00e4dchen seines Dorfes von Rebellen entf\u00fchrt. Sie bildeten ihn an Waffen aus, zwangen ihn, bei K\u00e4mpfen, Pl\u00fcnderungen und Morden mitzumachen. Nach schrecklichen 4 Jahren als Kindsoldat, gelang ihm die Flucht in sein Heimatdorf. Dort fanden ihn die Rebellen. Sie misshandelten ihn, t\u00f6teten vor seinen Augen seine Mutter und brannten ihr Haus nieder. Cliff konnte entkommen. Es folgten lange Monaten auf der Flucht, in denen er sich von Abf\u00e4llen auf M\u00fcllpl\u00e4tzen und von Erbetteltem ern\u00e4hrte. Ein Gesch\u00e4ftsmann nahm sich seiner an, brachte ihn 2003 nach Deutschland und setzte in ab. Ein neuer Abschnitt seines Martyriums begann.<\/p>\n<p style=\"text-align: justify;\">Cliff muss heute st\u00e4ndig Antidepressiva zu sich nehmen. Er klagt \u00fcber Kopfschmerzen, extreme Schlafst\u00f6rungen und Alptr\u00e4ume. &#8222;Exilio e.V&#8220; in Lindau hat im Dezember 2012 ein psychologischen Fachgutachten erstellt. Die Diagnose: Eine \u201esehr schwere posttraumatische Belastungsst\u00f6rung\u201c (PTBS) und \u201edepressive Symptomatik in Form von Stimmungseinbr\u00fcchen, Antriebsminderung und sozialen R\u00fcckzug\u201c . Cliff hat trotz seiner Vorgeschichte seit seiner Ankunft in den 10 Jahren in Deutschland weder eine ambulante noch eine station\u00e4re psychiatrische Behandlung erhalten. Die Danuvius Klinik in Neuburg, Fachklinik f\u00fcr Psychische Erkrankungen, hat dem Neuburger Landratsamt im Februar 2013 ein \u00e4rztliches Attest vorgelegt und zur Aufarbeitung seiner traumatischen Erlebnisse eine Traumtherapie f\u00fcr Cliff bei \u201eExilio\u201c ausdr\u00fccklich bef\u00fcrwortet. V\u00f6llig unbeeindruckt hat das Landratsamt Neuburg die Kosten\u00fcbernahme f\u00fcr die beantragte Psychotherapie mit Brief vom 25.3.2013 an Cliff abgelehnt. Er hatte sich Hoffnungen gemacht. Unter Bezugnahme auf $4 AsylbLG, der die medizinische Versorgung f\u00fcr Asylbewerber regelt, hei\u00dft es w\u00f6rtlich in dem Schreiben: &#8222;Es besteht kein Anspruch auf eine optimale und bestm\u00f6gliche Versorgung. Der Leistungsumfang erstreckt sich lediglich auf die im Einzelfall unbedingt notwendigen Ma\u00dfnahmen. Eine akute Erkrankung bzw. ein akuter Schmerzzustand liegen in ihrem Fall nicht vor.&#8220;<\/p>\n<p style=\"text-align: justify;\">Obwohl sie wissen m\u00fcssen, dass Cliff im Norden Ugandas die f\u00fcr ihn erforderliche \u00e4rztliche Versorgung nicht erhalten kann und ohne jede Lebensperspektive w\u00e4re, treiben oberbayerische Regierung und das Neuburger Landratsamt die Abschiebung von Cliff voran. Mit Schreiben vom 5. April 2013 verlangt das Landratsamt von ihm, sich schnellstens bei der Botschaft von Uganda die Papiere zu besorgen, die f\u00fcr seine Abschiebung ben\u00f6tigt werden. Cliffs Gesundheitszustand hat sich in den letzten Monaten rapide verschlechtert. Er k\u00f6nnte Kosten verursachen, noch schlimmer, sein Fall \u2013 nicht der einzige dieser Art in Neuburg \u2013 k\u00f6nnte in der breiten \u00d6ffentlichkeit bekannt werden. Was z\u00e4hlen dagegen Menschlichkeit und Menschenrechte?<\/p>\n<p style=\"text-align: justify;\">Bernd Duschner<\/p>\n<p style=\"text-align: justify;\">PS: Zur finanziellen Unterst\u00fctzung seiner Arbeit f\u00fcr Asylbewerber in der &#8222;Sammelunterkunft Neuburg&#8220; bittet der Verein &#8222;Freundschaft mit Valjevo e.V.&#8220; um Spenden auf sein Konto 8011991 bei der Sparkasse Pfaffenhofen, BLZ 72151650, Stichwort &#8222;Cliff Oase&#8220;.<\/p>\n<p style=\"text-align: justify;\">Kontaktaufnahme: 0171-3374658 Bernd Duschner.<\/p>\n","protected":false},"excerpt":{"rendered":"<p>Das Martyrium des Cliff Oase im &#8222;Lager&#8220; Neuburg a.d.Donau Gibt es bei bayerischer Regierung und Beh\u00f6rden Rassismus? Werden bei uns gegen\u00fcber Asylbewerbern elementarste Grundregeln des&#8230;<\/p>\n<div class=\"more-link-wrapper\"><a class=\"more-link\" href=\"https:\/\/www.freundschaft-mit-valjevo.de\/wordpress\/wie-bayerische-auslanderbehorden-menschen-zerstoren\/\">Weiterlesen<span class=\"screen-reader-text\">Wie bayerische Ausl\u00e4nderbeh\u00f6rden Menschen zerst\u00f6ren<\/span><\/a><\/div>\n","protected":false},"author":2,"featured_media":0,"comment_status":"closed","ping_status":"closed","sticky":false,"template":"","format":"standard","meta":{"footnotes":""},"categories":[14],"tags":[51],"class_list":["post-764","post","type-post","status-publish","format-standard","hentry","category-asylbewerber","tag-asylbewerber","entry"],"yoast_head":"<!-- This site is optimized with the Yoast SEO plugin v27.4 - https:\/\/yoast.com\/product\/yoast-seo-wordpress\/ -->\n<title>Wie bayerische Ausl\u00e4nderbeh\u00f6rden Menschen zerst\u00f6ren - Freundschaft mit Valjevo e.V.<\/title>\n<meta name=\"robots\" content=\"index, follow, max-snippet:-1, max-image-preview:large, max-video-preview:-1\" \/>\n<link rel=\"canonical\" href=\"https:\/\/www.freundschaft-mit-valjevo.de\/wordpress\/wie-bayerische-auslanderbehorden-menschen-zerstoren\/\" \/>\n<meta property=\"og:locale\" content=\"de_DE\" \/>\n<meta property=\"og:type\" content=\"article\" \/>\n<meta property=\"og:title\" content=\"Wie bayerische Ausl\u00e4nderbeh\u00f6rden Menschen zerst\u00f6ren - Freundschaft mit Valjevo e.V.\" \/>\n<meta property=\"og:description\" content=\"Das Martyrium des Cliff Oase im &#8222;Lager&#8220; Neuburg a.d.Donau Gibt es bei bayerischer Regierung und Beh\u00f6rden Rassismus? Werden bei uns gegen\u00fcber Asylbewerbern elementarste Grundregeln des&#8230;\" \/>\n<meta property=\"og:url\" content=\"https:\/\/www.freundschaft-mit-valjevo.de\/wordpress\/wie-bayerische-auslanderbehorden-menschen-zerstoren\/\" \/>\n<meta property=\"og:site_name\" content=\"Freundschaft mit Valjevo e.V.\" \/>\n<meta property=\"article:published_time\" content=\"2013-05-17T05:44:42+00:00\" \/>\n<meta property=\"article:modified_time\" content=\"2013-05-17T05:51:40+00:00\" \/>\n<meta property=\"og:image\" content=\"http:\/\/www.freundschaft-mit-valjevo.de\/wordpress\/wp-content\/uploads\/2013\/05\/DSCN1184-1024x768-300x225.jpg\" \/>\n<meta name=\"author\" content=\"admin-z\" \/>\n<meta name=\"twitter:card\" content=\"summary_large_image\" \/>\n<meta name=\"twitter:label1\" content=\"Verfasst von\" \/>\n\t<meta name=\"twitter:data1\" content=\"admin-z\" \/>\n\t<meta name=\"twitter:label2\" content=\"Gesch\u00e4tzte Lesezeit\" \/>\n\t<meta name=\"twitter:data2\" content=\"7\u00a0Minuten\" \/>\n<script type=\"application\/ld+json\" class=\"yoast-schema-graph\">{\"@context\":\"https:\\\/\\\/schema.org\",\"@graph\":[{\"@type\":\"Article\",\"@id\":\"https:\\\/\\\/www.freundschaft-mit-valjevo.de\\\/wordpress\\\/wie-bayerische-auslanderbehorden-menschen-zerstoren\\\/#article\",\"isPartOf\":{\"@id\":\"https:\\\/\\\/www.freundschaft-mit-valjevo.de\\\/wordpress\\\/wie-bayerische-auslanderbehorden-menschen-zerstoren\\\/\"},\"author\":{\"name\":\"admin-z\",\"@id\":\"https:\\\/\\\/www.freundschaft-mit-valjevo.de\\\/wordpress\\\/#\\\/schema\\\/person\\\/4fbd0cc7a0227a72529b76aeed6571e4\"},\"headline\":\"Wie bayerische Ausl\u00e4nderbeh\u00f6rden Menschen zerst\u00f6ren\",\"datePublished\":\"2013-05-17T05:44:42+00:00\",\"dateModified\":\"2013-05-17T05:51:40+00:00\",\"mainEntityOfPage\":{\"@id\":\"https:\\\/\\\/www.freundschaft-mit-valjevo.de\\\/wordpress\\\/wie-bayerische-auslanderbehorden-menschen-zerstoren\\\/\"},\"wordCount\":1496,\"image\":{\"@id\":\"https:\\\/\\\/www.freundschaft-mit-valjevo.de\\\/wordpress\\\/wie-bayerische-auslanderbehorden-menschen-zerstoren\\\/#primaryimage\"},\"thumbnailUrl\":\"http:\\\/\\\/www.freundschaft-mit-valjevo.de\\\/wordpress\\\/wp-content\\\/uploads\\\/2013\\\/05\\\/DSCN1184-1024x768-300x225.jpg\",\"keywords\":[\"Asylbewerber\"],\"articleSection\":[\"Asylbewerber\"],\"inLanguage\":\"de\"},{\"@type\":\"WebPage\",\"@id\":\"https:\\\/\\\/www.freundschaft-mit-valjevo.de\\\/wordpress\\\/wie-bayerische-auslanderbehorden-menschen-zerstoren\\\/\",\"url\":\"https:\\\/\\\/www.freundschaft-mit-valjevo.de\\\/wordpress\\\/wie-bayerische-auslanderbehorden-menschen-zerstoren\\\/\",\"name\":\"Wie bayerische Ausl\u00e4nderbeh\u00f6rden Menschen zerst\u00f6ren - Freundschaft mit Valjevo e.V.\",\"isPartOf\":{\"@id\":\"https:\\\/\\\/www.freundschaft-mit-valjevo.de\\\/wordpress\\\/#website\"},\"primaryImageOfPage\":{\"@id\":\"https:\\\/\\\/www.freundschaft-mit-valjevo.de\\\/wordpress\\\/wie-bayerische-auslanderbehorden-menschen-zerstoren\\\/#primaryimage\"},\"image\":{\"@id\":\"https:\\\/\\\/www.freundschaft-mit-valjevo.de\\\/wordpress\\\/wie-bayerische-auslanderbehorden-menschen-zerstoren\\\/#primaryimage\"},\"thumbnailUrl\":\"http:\\\/\\\/www.freundschaft-mit-valjevo.de\\\/wordpress\\\/wp-content\\\/uploads\\\/2013\\\/05\\\/DSCN1184-1024x768-300x225.jpg\",\"datePublished\":\"2013-05-17T05:44:42+00:00\",\"dateModified\":\"2013-05-17T05:51:40+00:00\",\"author\":{\"@id\":\"https:\\\/\\\/www.freundschaft-mit-valjevo.de\\\/wordpress\\\/#\\\/schema\\\/person\\\/4fbd0cc7a0227a72529b76aeed6571e4\"},\"breadcrumb\":{\"@id\":\"https:\\\/\\\/www.freundschaft-mit-valjevo.de\\\/wordpress\\\/wie-bayerische-auslanderbehorden-menschen-zerstoren\\\/#breadcrumb\"},\"inLanguage\":\"de\",\"potentialAction\":[{\"@type\":\"ReadAction\",\"target\":[\"https:\\\/\\\/www.freundschaft-mit-valjevo.de\\\/wordpress\\\/wie-bayerische-auslanderbehorden-menschen-zerstoren\\\/\"]}]},{\"@type\":\"ImageObject\",\"inLanguage\":\"de\",\"@id\":\"https:\\\/\\\/www.freundschaft-mit-valjevo.de\\\/wordpress\\\/wie-bayerische-auslanderbehorden-menschen-zerstoren\\\/#primaryimage\",\"url\":\"https:\\\/\\\/www.freundschaft-mit-valjevo.de\\\/wordpress\\\/wp-content\\\/uploads\\\/2013\\\/05\\\/DSCN1184-1024x768.jpg\",\"contentUrl\":\"https:\\\/\\\/www.freundschaft-mit-valjevo.de\\\/wordpress\\\/wp-content\\\/uploads\\\/2013\\\/05\\\/DSCN1184-1024x768.jpg\",\"width\":1024,\"height\":768},{\"@type\":\"BreadcrumbList\",\"@id\":\"https:\\\/\\\/www.freundschaft-mit-valjevo.de\\\/wordpress\\\/wie-bayerische-auslanderbehorden-menschen-zerstoren\\\/#breadcrumb\",\"itemListElement\":[{\"@type\":\"ListItem\",\"position\":1,\"name\":\"Startseite\",\"item\":\"https:\\\/\\\/www.freundschaft-mit-valjevo.de\\\/wordpress\\\/\"},{\"@type\":\"ListItem\",\"position\":2,\"name\":\"Wie bayerische Ausl\u00e4nderbeh\u00f6rden Menschen zerst\u00f6ren\"}]},{\"@type\":\"WebSite\",\"@id\":\"https:\\\/\\\/www.freundschaft-mit-valjevo.de\\\/wordpress\\\/#website\",\"url\":\"https:\\\/\\\/www.freundschaft-mit-valjevo.de\\\/wordpress\\\/\",\"name\":\"Freundschaft mit Valjevo e.V.\",\"description\":\"F\u00fcr Frieden, Freundschaft und V\u00f6lkerverst\u00e4ndigung\",\"potentialAction\":[{\"@type\":\"SearchAction\",\"target\":{\"@type\":\"EntryPoint\",\"urlTemplate\":\"https:\\\/\\\/www.freundschaft-mit-valjevo.de\\\/wordpress\\\/?s={search_term_string}\"},\"query-input\":{\"@type\":\"PropertyValueSpecification\",\"valueRequired\":true,\"valueName\":\"search_term_string\"}}],\"inLanguage\":\"de\"},{\"@type\":\"Person\",\"@id\":\"https:\\\/\\\/www.freundschaft-mit-valjevo.de\\\/wordpress\\\/#\\\/schema\\\/person\\\/4fbd0cc7a0227a72529b76aeed6571e4\",\"name\":\"admin-z\",\"image\":{\"@type\":\"ImageObject\",\"inLanguage\":\"de\",\"@id\":\"https:\\\/\\\/secure.gravatar.com\\\/avatar\\\/e180e5c39bf8c56d773eb854294072b2fec4a0a0f052f70a3cdaf696f943716d?s=96&d=mm&r=g\",\"url\":\"https:\\\/\\\/secure.gravatar.com\\\/avatar\\\/e180e5c39bf8c56d773eb854294072b2fec4a0a0f052f70a3cdaf696f943716d?s=96&d=mm&r=g\",\"contentUrl\":\"https:\\\/\\\/secure.gravatar.com\\\/avatar\\\/e180e5c39bf8c56d773eb854294072b2fec4a0a0f052f70a3cdaf696f943716d?s=96&d=mm&r=g\",\"caption\":\"admin-z\"}}]}<\/script>\n<!-- \/ Yoast SEO plugin. -->","yoast_head_json":{"title":"Wie bayerische Ausl\u00e4nderbeh\u00f6rden Menschen zerst\u00f6ren - Freundschaft mit Valjevo e.V.","robots":{"index":"index","follow":"follow","max-snippet":"max-snippet:-1","max-image-preview":"max-image-preview:large","max-video-preview":"max-video-preview:-1"},"canonical":"https:\/\/www.freundschaft-mit-valjevo.de\/wordpress\/wie-bayerische-auslanderbehorden-menschen-zerstoren\/","og_locale":"de_DE","og_type":"article","og_title":"Wie bayerische Ausl\u00e4nderbeh\u00f6rden Menschen zerst\u00f6ren - Freundschaft mit Valjevo e.V.","og_description":"Das Martyrium des Cliff Oase im &#8222;Lager&#8220; Neuburg a.d.Donau Gibt es bei bayerischer Regierung und Beh\u00f6rden Rassismus? Werden bei uns gegen\u00fcber Asylbewerbern elementarste Grundregeln des&#8230;","og_url":"https:\/\/www.freundschaft-mit-valjevo.de\/wordpress\/wie-bayerische-auslanderbehorden-menschen-zerstoren\/","og_site_name":"Freundschaft mit Valjevo e.V.","article_published_time":"2013-05-17T05:44:42+00:00","article_modified_time":"2013-05-17T05:51:40+00:00","og_image":[{"url":"http:\/\/www.freundschaft-mit-valjevo.de\/wordpress\/wp-content\/uploads\/2013\/05\/DSCN1184-1024x768-300x225.jpg","type":"","width":"","height":""}],"author":"admin-z","twitter_card":"summary_large_image","twitter_misc":{"Verfasst von":"admin-z","Gesch\u00e4tzte Lesezeit":"7\u00a0Minuten"},"schema":{"@context":"https:\/\/schema.org","@graph":[{"@type":"Article","@id":"https:\/\/www.freundschaft-mit-valjevo.de\/wordpress\/wie-bayerische-auslanderbehorden-menschen-zerstoren\/#article","isPartOf":{"@id":"https:\/\/www.freundschaft-mit-valjevo.de\/wordpress\/wie-bayerische-auslanderbehorden-menschen-zerstoren\/"},"author":{"name":"admin-z","@id":"https:\/\/www.freundschaft-mit-valjevo.de\/wordpress\/#\/schema\/person\/4fbd0cc7a0227a72529b76aeed6571e4"},"headline":"Wie bayerische Ausl\u00e4nderbeh\u00f6rden Menschen zerst\u00f6ren","datePublished":"2013-05-17T05:44:42+00:00","dateModified":"2013-05-17T05:51:40+00:00","mainEntityOfPage":{"@id":"https:\/\/www.freundschaft-mit-valjevo.de\/wordpress\/wie-bayerische-auslanderbehorden-menschen-zerstoren\/"},"wordCount":1496,"image":{"@id":"https:\/\/www.freundschaft-mit-valjevo.de\/wordpress\/wie-bayerische-auslanderbehorden-menschen-zerstoren\/#primaryimage"},"thumbnailUrl":"http:\/\/www.freundschaft-mit-valjevo.de\/wordpress\/wp-content\/uploads\/2013\/05\/DSCN1184-1024x768-300x225.jpg","keywords":["Asylbewerber"],"articleSection":["Asylbewerber"],"inLanguage":"de"},{"@type":"WebPage","@id":"https:\/\/www.freundschaft-mit-valjevo.de\/wordpress\/wie-bayerische-auslanderbehorden-menschen-zerstoren\/","url":"https:\/\/www.freundschaft-mit-valjevo.de\/wordpress\/wie-bayerische-auslanderbehorden-menschen-zerstoren\/","name":"Wie bayerische Ausl\u00e4nderbeh\u00f6rden Menschen zerst\u00f6ren - Freundschaft mit Valjevo e.V.","isPartOf":{"@id":"https:\/\/www.freundschaft-mit-valjevo.de\/wordpress\/#website"},"primaryImageOfPage":{"@id":"https:\/\/www.freundschaft-mit-valjevo.de\/wordpress\/wie-bayerische-auslanderbehorden-menschen-zerstoren\/#primaryimage"},"image":{"@id":"https:\/\/www.freundschaft-mit-valjevo.de\/wordpress\/wie-bayerische-auslanderbehorden-menschen-zerstoren\/#primaryimage"},"thumbnailUrl":"http:\/\/www.freundschaft-mit-valjevo.de\/wordpress\/wp-content\/uploads\/2013\/05\/DSCN1184-1024x768-300x225.jpg","datePublished":"2013-05-17T05:44:42+00:00","dateModified":"2013-05-17T05:51:40+00:00","author":{"@id":"https:\/\/www.freundschaft-mit-valjevo.de\/wordpress\/#\/schema\/person\/4fbd0cc7a0227a72529b76aeed6571e4"},"breadcrumb":{"@id":"https:\/\/www.freundschaft-mit-valjevo.de\/wordpress\/wie-bayerische-auslanderbehorden-menschen-zerstoren\/#breadcrumb"},"inLanguage":"de","potentialAction":[{"@type":"ReadAction","target":["https:\/\/www.freundschaft-mit-valjevo.de\/wordpress\/wie-bayerische-auslanderbehorden-menschen-zerstoren\/"]}]},{"@type":"ImageObject","inLanguage":"de","@id":"https:\/\/www.freundschaft-mit-valjevo.de\/wordpress\/wie-bayerische-auslanderbehorden-menschen-zerstoren\/#primaryimage","url":"https:\/\/www.freundschaft-mit-valjevo.de\/wordpress\/wp-content\/uploads\/2013\/05\/DSCN1184-1024x768.jpg","contentUrl":"https:\/\/www.freundschaft-mit-valjevo.de\/wordpress\/wp-content\/uploads\/2013\/05\/DSCN1184-1024x768.jpg","width":1024,"height":768},{"@type":"BreadcrumbList","@id":"https:\/\/www.freundschaft-mit-valjevo.de\/wordpress\/wie-bayerische-auslanderbehorden-menschen-zerstoren\/#breadcrumb","itemListElement":[{"@type":"ListItem","position":1,"name":"Startseite","item":"https:\/\/www.freundschaft-mit-valjevo.de\/wordpress\/"},{"@type":"ListItem","position":2,"name":"Wie bayerische Ausl\u00e4nderbeh\u00f6rden Menschen zerst\u00f6ren"}]},{"@type":"WebSite","@id":"https:\/\/www.freundschaft-mit-valjevo.de\/wordpress\/#website","url":"https:\/\/www.freundschaft-mit-valjevo.de\/wordpress\/","name":"Freundschaft mit Valjevo e.V.","description":"F\u00fcr Frieden, Freundschaft und V\u00f6lkerverst\u00e4ndigung","potentialAction":[{"@type":"SearchAction","target":{"@type":"EntryPoint","urlTemplate":"https:\/\/www.freundschaft-mit-valjevo.de\/wordpress\/?s={search_term_string}"},"query-input":{"@type":"PropertyValueSpecification","valueRequired":true,"valueName":"search_term_string"}}],"inLanguage":"de"},{"@type":"Person","@id":"https:\/\/www.freundschaft-mit-valjevo.de\/wordpress\/#\/schema\/person\/4fbd0cc7a0227a72529b76aeed6571e4","name":"admin-z","image":{"@type":"ImageObject","inLanguage":"de","@id":"https:\/\/secure.gravatar.com\/avatar\/e180e5c39bf8c56d773eb854294072b2fec4a0a0f052f70a3cdaf696f943716d?s=96&d=mm&r=g","url":"https:\/\/secure.gravatar.com\/avatar\/e180e5c39bf8c56d773eb854294072b2fec4a0a0f052f70a3cdaf696f943716d?s=96&d=mm&r=g","contentUrl":"https:\/\/secure.gravatar.com\/avatar\/e180e5c39bf8c56d773eb854294072b2fec4a0a0f052f70a3cdaf696f943716d?s=96&d=mm&r=g","caption":"admin-z"}}]}},"_links":{"self":[{"href":"https:\/\/www.freundschaft-mit-valjevo.de\/wordpress\/wp-json\/wp\/v2\/posts\/764","targetHints":{"allow":["GET"]}}],"collection":[{"href":"https:\/\/www.freundschaft-mit-valjevo.de\/wordpress\/wp-json\/wp\/v2\/posts"}],"about":[{"href":"https:\/\/www.freundschaft-mit-valjevo.de\/wordpress\/wp-json\/wp\/v2\/types\/post"}],"author":[{"embeddable":true,"href":"https:\/\/www.freundschaft-mit-valjevo.de\/wordpress\/wp-json\/wp\/v2\/users\/2"}],"replies":[{"embeddable":true,"href":"https:\/\/www.freundschaft-mit-valjevo.de\/wordpress\/wp-json\/wp\/v2\/comments?post=764"}],"version-history":[{"count":3,"href":"https:\/\/www.freundschaft-mit-valjevo.de\/wordpress\/wp-json\/wp\/v2\/posts\/764\/revisions"}],"predecessor-version":[{"id":767,"href":"https:\/\/www.freundschaft-mit-valjevo.de\/wordpress\/wp-json\/wp\/v2\/posts\/764\/revisions\/767"}],"wp:attachment":[{"href":"https:\/\/www.freundschaft-mit-valjevo.de\/wordpress\/wp-json\/wp\/v2\/media?parent=764"}],"wp:term":[{"taxonomy":"category","embeddable":true,"href":"https:\/\/www.freundschaft-mit-valjevo.de\/wordpress\/wp-json\/wp\/v2\/categories?post=764"},{"taxonomy":"post_tag","embeddable":true,"href":"https:\/\/www.freundschaft-mit-valjevo.de\/wordpress\/wp-json\/wp\/v2\/tags?post=764"}],"curies":[{"name":"wp","href":"https:\/\/api.w.org\/{rel}","templated":true}]}}