{"id":93,"date":"2011-06-25T07:40:03","date_gmt":"2011-06-25T07:40:03","guid":{"rendered":"http:\/\/www.freundschaft-mit-valjevo.de\/wordpress\/?p=93"},"modified":"2011-06-25T16:09:03","modified_gmt":"2011-06-25T16:09:03","slug":"der-raub-des-jahrhunderts-die-beschlagnahme-der-gelder-der-staatlichen-libyschen-fonds-durch-die-willigen","status":"publish","type":"post","link":"https:\/\/www.freundschaft-mit-valjevo.de\/wordpress\/der-raub-des-jahrhunderts-die-beschlagnahme-der-gelder-der-staatlichen-libyschen-fonds-durch-die-willigen\/","title":{"rendered":"Der Raub des Jahrhunderts : Die Beschlagnahme der  Gelder der staatlichen libyschen Fonds durch die &#8222;Willigen&#8220;"},"content":{"rendered":"<p><!-- \t\t@page { margin: 2cm } \t\tP { margin-bottom: 0.21cm } --><\/p>\n<p style=\"text-align: justify;\"><span style=\"color: #808080;\"><strong><span style=\"font-family: 'Times New Roman', serif;\"><span style=\"font-size: medium;\">Die Kolonialm\u00e4chte der Willigen haben die gewaltigen Auslandsinvestitionen <\/span><\/span><span style=\"font-family: 'Times New Roman', serif; font-size: medium;\">des libyschen Staates beschlagnahmt. Dieses Geld, dass bei westlichen Banken <\/span><span style=\"font-family: 'Times New Roman', serif; font-size: medium;\">eingefroren wurde, bedrohte das Monopol der Weltbank und des IMF indem <\/span><span style=\"font-family: 'Times New Roman', serif; font-size: medium;\">es Entwicklungsprogramme in der Dritten Welt finanzierte. Dazu nachfolgender <\/span><span style=\"font-family: 'Times New Roman', serif; font-size: medium;\">Artikel von Manlio Dinucci aus der italienischen Tageszeitung \u201eIl Manifesto\u201c <\/span><span style=\"font-family: 'Times New Roman', serif; font-size: medium;\">vom 22. April 2011.<\/span><\/strong><\/span><\/p>\n<p><!-- \t\t@page { margin: 2cm } \t\tP { margin-bottom: 0.21cm } --><\/p>\n<p style=\"text-align: justify;\">Das Ziel des Krieges in Libyen ist nicht nur das \u00d6l. Die Reserven des Landes (gesch\u00e4tzt auf 60 Milliarden Barrel) sind die gr\u00f6\u00dften in Afrika und die Kosten f\u00fcr seine Gewinnung z\u00e4hlen zu den niedrigsten in der Welt. Es ist auch nicht allein das Erdgas. Die Reserven werden auf 1500 Milliarden Kubikmeter gesch\u00e4tzt. Im Visier haben die  \u201eBereitwilligen\u201c der Operation \u201eUnited Protector\u201c auch die staatlichen Fonds, die Gelder, die der libysche Staat im Ausland investiert hat. Die staatlichen Fonds, die der \u201eLibyan Investment Authority\u201c (LIA) verwaltet, werden auf rund 70 Milliarden Dollar gesch\u00e4tzt. Sie betragen \u00fcber 150 Milliarden Dollar, wenn die Auslandsinvestitionen der Zentralbank und anderer Organe mitgerechnet werden. Aber es k\u00f6nnten auch mehr sein. Wenn die staatlichen Fonds auch kleiner sind, als die von Saudi-Arabien und Kuweit, so kennzeichnet sie ein rasches Wachstum. Als die LIA 2006 errichtet wurde, verf\u00fcgte sie \u00fcber 40 Milliarden Dollar. In kaum 5 Jahren hat sie in \u00fcber 100 nordafrikanische, asiatische, europ\u00e4ische, nord- und s\u00fcdamerikanische Gesellschaften investiert, in Holdings, Bank, Immobilgesellschaften, Industrien, \u00d6lgesellschaften und andere. In Italien gingen die gr\u00f6\u00dften libyschen Investitionen in die Unicredit Bank (an ihr besitzen LIA und libysche Zentralbank 7,5%), Finmeccanica (2%) und ENI (1%). Diese und weitere Investitionen (darunter 7,5% am Fu\u00dfballclub Juventus Turin) haben nicht so sehr \u00f6konomische (ingesamt etwa 4 Milliarden EUR), sondern politische Bedeutung.<\/p>\n<p style=\"text-align: justify;\">Nachdem Washington Libyen von der Proskriptionsliste der \u201eSchurkenstaaten\u201c gestrichen hatte, versuchte das Land f\u00fcr sich einen Man\u00f6vrierraum auf internationaler Ebene zu gewinnen. Dazu setzte es auf \u201eDiplomatie mittels seiner staatlichen Fonds\u201c. Seit 2004 die USA und die EU das Embargo aufgehoben hatten und die gro\u00dfen Erd\u00f6lgesellschaften zur\u00fcckgekehrt waren, konnte Tripolis \u00fcber einen Handelsbilanz\u00fcberschuss von rund 30 Milliarden Dollar pro Jahr verf\u00fcgen, die es zu einem gro\u00dfen Teil f\u00fcr Investitionen im Ausland verwandte. Die Verwaltung der staatlichen Fonds hat jedoch einen neuen Mechanismus von Macht und Korruption in den H\u00e4nden von Ministern und hohen Funktion\u00e4ren geschaffen, der wahrscheinlich teilweise auch der Kontrolle von Gaddafi selbst entglitten ist. Das wird dadurch best\u00e4tigt, dass er 2009 vorgeschlagen hat, die 30 Milliarden Einnahmen aus dem \u00d6lgesch\u00e4ft sollten \u201edirekt an das libysche Volk gehen\u201c. Der Bruch innerhalb der libyschen Regierung wurde dadurch versch\u00e4rft.<\/p>\n<p style=\"text-align: justify;\">Die herrschenden Kreise in den USA und Europa haben an diesem Bruch angesetzt und sich &#8211; bevor sie milit\u00e4risch Libyen angegriffen haben, um seine reichen Energievorkommen in die Hand zu bekommen \u2013 der Mittel der staatlichen Fonds bem\u00e4chtigt. Der Vertreter des \u201eLibyan Investment Authority\u201c Mohamed Layas hat ihnen dabei geholfen. Wie ein Telegramm enth\u00fcllt,  das dank Wikileaks durchgesickert ist, hat Layas am 20. Januar den US -Botschafter\u00a0In Tripolis dar\u00fcber informiert, dass die LIA 32 Milliarden Dollar bei US Banken deponiert hatte.<\/p>\n<p style=\"text-align: justify;\">F\u00fcnf Wochen sp\u00e4ter, am 28. Februar, hat das US Schatzministerium die Gelder \u201eeingefroren\u201c. Nach offiziellen Erkl\u00e4rungen ist es die gr\u00f6\u00dfte Geldsumme, die jemals in den USA blockiert wurde. Washington h\u00e4lt sie fest auf einem \u201eKonto  f\u00fcr die Zukunft Libyens\u201c. In Wirklichkeit werden die Gelder als Kapitalspritze f\u00fcr die immer h\u00f6her verschuldete Wirtschaft der USA dienen. Wenige Tage sp\u00e4ter hat die EU rund 45 Milliarden EUR libyscher Fonds eingefroren.\u00a0Die Beschlagnahme der staatlichen libyschen Fonds wird eine besonders starke Auswirkung auf Afrika haben. Hier hat die Libysch-Arabisch-Afrikanische Investment Gesellschaft in \u00fcber 25 L\u00e4nder, davon in 22 subsaharische L\u00e4nder investiert und geplant, diese Investitionen in den n\u00e4chsten 5 Jahren insbesondere in den Sektoren Bergbau, verarbeitende Industrie, Tourismus und Telekommunikation zu erh\u00f6hen. Die libyschen Investitionen waren entscheidend f\u00fcr die Realisierung des ersten Telekommunikationssatelliten der Rascom (Regional African Satellite Communication Organization). Er trat im August 2010 in den Orbit ein und erm\u00f6glicht es den Afrikanischen L\u00e4ndern,\u00a0sich schrittweise von den amerikanischen und europ\u00e4ischen Satellitensystemen unabh\u00e4ngig zu machen und dabei j\u00e4hrlich Hunderte von Millionen Dollar einzusparen. Noch wichtiger waren die libyschen Investitionen f\u00fcr die Schaffung von drei Finanzinstituten, mit der die Afrikanischen Union begonnen hat: dem Afrikanische Investmentbank mit Sitz in Tripolis, dem Afrikanische W\u00e4hrungsfonds mit Sitz in Yaounde (Kamerun) und der Afrikanischen Zentralbank mit Sitz in Abuja (Nigeria). Die Entwicklung dieser Institute w\u00fcrde es den afrikanischen L\u00e4ndern erm\u00f6glichen, sich der Kontrolle von Weltbank und Weltw\u00e4hrungsfonds, Instrumenten der neokolonialer Herrschaft, zu entziehen. Sie w\u00fcrde das Ende des franz\u00f6sischen CFA Franc bedeuten, einer W\u00e4hrung, die 14 ehemalige franz\u00f6sische Kolonien gezwungen sind, zu ben\u00fctzen. Das Einfrieren der libyschen Fonds versetzt dem ganzen Projekt einen schweren Schlag. Die Waffen, die die \u201eBereitwilligen\u201c einsetzen, sind nicht nur diejenigen der Operation \u201eUnited Protector\u201c.<\/p>\n<p style=\"text-align: justify;\">Aus dem Italienischen von Bernd Duschner \u00fcbersetzt.<\/p>\n","protected":false},"excerpt":{"rendered":"<p>Die Kolonialm\u00e4chte der Willigen haben die gewaltigen Auslandsinvestitionen des libyschen Staates beschlagnahmt. Dieses Geld, dass bei westlichen Banken eingefroren wurde, bedrohte das Monopol der Weltbank&#8230;<\/p>\n<div class=\"more-link-wrapper\"><a class=\"more-link\" href=\"https:\/\/www.freundschaft-mit-valjevo.de\/wordpress\/der-raub-des-jahrhunderts-die-beschlagnahme-der-gelder-der-staatlichen-libyschen-fonds-durch-die-willigen\/\">Weiterlesen<span class=\"screen-reader-text\">Der Raub des Jahrhunderts : Die Beschlagnahme der  Gelder der staatlichen libyschen Fonds durch die &#8222;Willigen&#8220;<\/span><\/a><\/div>\n","protected":false},"author":2,"featured_media":0,"comment_status":"open","ping_status":"open","sticky":false,"template":"","format":"standard","meta":{"footnotes":""},"categories":[3],"tags":[49],"class_list":["post-93","post","type-post","status-publish","format-standard","hentry","category-libyen","tag-libyen","entry"],"yoast_head":"<!-- This site is optimized with the Yoast SEO plugin v27.4 - https:\/\/yoast.com\/product\/yoast-seo-wordpress\/ -->\n<title>Der Raub des Jahrhunderts : Die Beschlagnahme der Gelder der staatlichen libyschen Fonds durch die &quot;Willigen&quot; - Freundschaft mit Valjevo e.V.<\/title>\n<meta name=\"robots\" content=\"index, follow, max-snippet:-1, max-image-preview:large, max-video-preview:-1\" \/>\n<link rel=\"canonical\" href=\"https:\/\/www.freundschaft-mit-valjevo.de\/wordpress\/der-raub-des-jahrhunderts-die-beschlagnahme-der-gelder-der-staatlichen-libyschen-fonds-durch-die-willigen\/\" \/>\n<meta property=\"og:locale\" content=\"de_DE\" \/>\n<meta property=\"og:type\" content=\"article\" \/>\n<meta property=\"og:title\" content=\"Der Raub des Jahrhunderts : Die Beschlagnahme der Gelder der staatlichen libyschen Fonds durch die &quot;Willigen&quot; - Freundschaft mit Valjevo e.V.\" \/>\n<meta property=\"og:description\" content=\"Die Kolonialm\u00e4chte der Willigen haben die gewaltigen Auslandsinvestitionen des libyschen Staates beschlagnahmt. Dieses Geld, dass bei westlichen Banken eingefroren wurde, bedrohte das Monopol der Weltbank&#8230;\" \/>\n<meta property=\"og:url\" content=\"https:\/\/www.freundschaft-mit-valjevo.de\/wordpress\/der-raub-des-jahrhunderts-die-beschlagnahme-der-gelder-der-staatlichen-libyschen-fonds-durch-die-willigen\/\" \/>\n<meta property=\"og:site_name\" content=\"Freundschaft mit Valjevo e.V.\" \/>\n<meta property=\"article:published_time\" content=\"2011-06-25T07:40:03+00:00\" \/>\n<meta property=\"article:modified_time\" content=\"2011-06-25T16:09:03+00:00\" \/>\n<meta name=\"author\" content=\"admin-z\" \/>\n<meta name=\"twitter:card\" content=\"summary_large_image\" \/>\n<meta name=\"twitter:label1\" content=\"Verfasst von\" \/>\n\t<meta name=\"twitter:data1\" content=\"admin-z\" \/>\n\t<meta name=\"twitter:label2\" content=\"Gesch\u00e4tzte Lesezeit\" \/>\n\t<meta name=\"twitter:data2\" content=\"4\u00a0Minuten\" \/>\n<script type=\"application\/ld+json\" class=\"yoast-schema-graph\">{\"@context\":\"https:\\\/\\\/schema.org\",\"@graph\":[{\"@type\":\"Article\",\"@id\":\"https:\\\/\\\/www.freundschaft-mit-valjevo.de\\\/wordpress\\\/der-raub-des-jahrhunderts-die-beschlagnahme-der-gelder-der-staatlichen-libyschen-fonds-durch-die-willigen\\\/#article\",\"isPartOf\":{\"@id\":\"https:\\\/\\\/www.freundschaft-mit-valjevo.de\\\/wordpress\\\/der-raub-des-jahrhunderts-die-beschlagnahme-der-gelder-der-staatlichen-libyschen-fonds-durch-die-willigen\\\/\"},\"author\":{\"name\":\"admin-z\",\"@id\":\"https:\\\/\\\/www.freundschaft-mit-valjevo.de\\\/wordpress\\\/#\\\/schema\\\/person\\\/4fbd0cc7a0227a72529b76aeed6571e4\"},\"headline\":\"Der Raub des Jahrhunderts : Die Beschlagnahme der Gelder der staatlichen libyschen Fonds durch die &#8222;Willigen&#8220;\",\"datePublished\":\"2011-06-25T07:40:03+00:00\",\"dateModified\":\"2011-06-25T16:09:03+00:00\",\"mainEntityOfPage\":{\"@id\":\"https:\\\/\\\/www.freundschaft-mit-valjevo.de\\\/wordpress\\\/der-raub-des-jahrhunderts-die-beschlagnahme-der-gelder-der-staatlichen-libyschen-fonds-durch-die-willigen\\\/\"},\"wordCount\":827,\"commentCount\":0,\"keywords\":[\"Libyen\"],\"articleSection\":[\"Libyen\"],\"inLanguage\":\"de\",\"potentialAction\":[{\"@type\":\"CommentAction\",\"name\":\"Comment\",\"target\":[\"https:\\\/\\\/www.freundschaft-mit-valjevo.de\\\/wordpress\\\/der-raub-des-jahrhunderts-die-beschlagnahme-der-gelder-der-staatlichen-libyschen-fonds-durch-die-willigen\\\/#respond\"]}]},{\"@type\":\"WebPage\",\"@id\":\"https:\\\/\\\/www.freundschaft-mit-valjevo.de\\\/wordpress\\\/der-raub-des-jahrhunderts-die-beschlagnahme-der-gelder-der-staatlichen-libyschen-fonds-durch-die-willigen\\\/\",\"url\":\"https:\\\/\\\/www.freundschaft-mit-valjevo.de\\\/wordpress\\\/der-raub-des-jahrhunderts-die-beschlagnahme-der-gelder-der-staatlichen-libyschen-fonds-durch-die-willigen\\\/\",\"name\":\"Der Raub des Jahrhunderts : Die Beschlagnahme der Gelder der staatlichen libyschen Fonds durch die \\\"Willigen\\\" - Freundschaft mit Valjevo e.V.\",\"isPartOf\":{\"@id\":\"https:\\\/\\\/www.freundschaft-mit-valjevo.de\\\/wordpress\\\/#website\"},\"datePublished\":\"2011-06-25T07:40:03+00:00\",\"dateModified\":\"2011-06-25T16:09:03+00:00\",\"author\":{\"@id\":\"https:\\\/\\\/www.freundschaft-mit-valjevo.de\\\/wordpress\\\/#\\\/schema\\\/person\\\/4fbd0cc7a0227a72529b76aeed6571e4\"},\"breadcrumb\":{\"@id\":\"https:\\\/\\\/www.freundschaft-mit-valjevo.de\\\/wordpress\\\/der-raub-des-jahrhunderts-die-beschlagnahme-der-gelder-der-staatlichen-libyschen-fonds-durch-die-willigen\\\/#breadcrumb\"},\"inLanguage\":\"de\",\"potentialAction\":[{\"@type\":\"ReadAction\",\"target\":[\"https:\\\/\\\/www.freundschaft-mit-valjevo.de\\\/wordpress\\\/der-raub-des-jahrhunderts-die-beschlagnahme-der-gelder-der-staatlichen-libyschen-fonds-durch-die-willigen\\\/\"]}]},{\"@type\":\"BreadcrumbList\",\"@id\":\"https:\\\/\\\/www.freundschaft-mit-valjevo.de\\\/wordpress\\\/der-raub-des-jahrhunderts-die-beschlagnahme-der-gelder-der-staatlichen-libyschen-fonds-durch-die-willigen\\\/#breadcrumb\",\"itemListElement\":[{\"@type\":\"ListItem\",\"position\":1,\"name\":\"Startseite\",\"item\":\"https:\\\/\\\/www.freundschaft-mit-valjevo.de\\\/wordpress\\\/\"},{\"@type\":\"ListItem\",\"position\":2,\"name\":\"Der Raub des Jahrhunderts : Die Beschlagnahme der Gelder der staatlichen libyschen Fonds durch die &#8222;Willigen&#8220;\"}]},{\"@type\":\"WebSite\",\"@id\":\"https:\\\/\\\/www.freundschaft-mit-valjevo.de\\\/wordpress\\\/#website\",\"url\":\"https:\\\/\\\/www.freundschaft-mit-valjevo.de\\\/wordpress\\\/\",\"name\":\"Freundschaft mit Valjevo e.V.\",\"description\":\"F\u00fcr Frieden, Freundschaft und V\u00f6lkerverst\u00e4ndigung\",\"potentialAction\":[{\"@type\":\"SearchAction\",\"target\":{\"@type\":\"EntryPoint\",\"urlTemplate\":\"https:\\\/\\\/www.freundschaft-mit-valjevo.de\\\/wordpress\\\/?s={search_term_string}\"},\"query-input\":{\"@type\":\"PropertyValueSpecification\",\"valueRequired\":true,\"valueName\":\"search_term_string\"}}],\"inLanguage\":\"de\"},{\"@type\":\"Person\",\"@id\":\"https:\\\/\\\/www.freundschaft-mit-valjevo.de\\\/wordpress\\\/#\\\/schema\\\/person\\\/4fbd0cc7a0227a72529b76aeed6571e4\",\"name\":\"admin-z\",\"image\":{\"@type\":\"ImageObject\",\"inLanguage\":\"de\",\"@id\":\"https:\\\/\\\/secure.gravatar.com\\\/avatar\\\/e180e5c39bf8c56d773eb854294072b2fec4a0a0f052f70a3cdaf696f943716d?s=96&d=mm&r=g\",\"url\":\"https:\\\/\\\/secure.gravatar.com\\\/avatar\\\/e180e5c39bf8c56d773eb854294072b2fec4a0a0f052f70a3cdaf696f943716d?s=96&d=mm&r=g\",\"contentUrl\":\"https:\\\/\\\/secure.gravatar.com\\\/avatar\\\/e180e5c39bf8c56d773eb854294072b2fec4a0a0f052f70a3cdaf696f943716d?s=96&d=mm&r=g\",\"caption\":\"admin-z\"}}]}<\/script>\n<!-- \/ Yoast SEO plugin. -->","yoast_head_json":{"title":"Der Raub des Jahrhunderts : Die Beschlagnahme der Gelder der staatlichen libyschen Fonds durch die \"Willigen\" - Freundschaft mit Valjevo e.V.","robots":{"index":"index","follow":"follow","max-snippet":"max-snippet:-1","max-image-preview":"max-image-preview:large","max-video-preview":"max-video-preview:-1"},"canonical":"https:\/\/www.freundschaft-mit-valjevo.de\/wordpress\/der-raub-des-jahrhunderts-die-beschlagnahme-der-gelder-der-staatlichen-libyschen-fonds-durch-die-willigen\/","og_locale":"de_DE","og_type":"article","og_title":"Der Raub des Jahrhunderts : Die Beschlagnahme der Gelder der staatlichen libyschen Fonds durch die \"Willigen\" - Freundschaft mit Valjevo e.V.","og_description":"Die Kolonialm\u00e4chte der Willigen haben die gewaltigen Auslandsinvestitionen des libyschen Staates beschlagnahmt. Dieses Geld, dass bei westlichen Banken eingefroren wurde, bedrohte das Monopol der Weltbank&#8230;","og_url":"https:\/\/www.freundschaft-mit-valjevo.de\/wordpress\/der-raub-des-jahrhunderts-die-beschlagnahme-der-gelder-der-staatlichen-libyschen-fonds-durch-die-willigen\/","og_site_name":"Freundschaft mit Valjevo e.V.","article_published_time":"2011-06-25T07:40:03+00:00","article_modified_time":"2011-06-25T16:09:03+00:00","author":"admin-z","twitter_card":"summary_large_image","twitter_misc":{"Verfasst von":"admin-z","Gesch\u00e4tzte Lesezeit":"4\u00a0Minuten"},"schema":{"@context":"https:\/\/schema.org","@graph":[{"@type":"Article","@id":"https:\/\/www.freundschaft-mit-valjevo.de\/wordpress\/der-raub-des-jahrhunderts-die-beschlagnahme-der-gelder-der-staatlichen-libyschen-fonds-durch-die-willigen\/#article","isPartOf":{"@id":"https:\/\/www.freundschaft-mit-valjevo.de\/wordpress\/der-raub-des-jahrhunderts-die-beschlagnahme-der-gelder-der-staatlichen-libyschen-fonds-durch-die-willigen\/"},"author":{"name":"admin-z","@id":"https:\/\/www.freundschaft-mit-valjevo.de\/wordpress\/#\/schema\/person\/4fbd0cc7a0227a72529b76aeed6571e4"},"headline":"Der Raub des Jahrhunderts : Die Beschlagnahme der Gelder der staatlichen libyschen Fonds durch die &#8222;Willigen&#8220;","datePublished":"2011-06-25T07:40:03+00:00","dateModified":"2011-06-25T16:09:03+00:00","mainEntityOfPage":{"@id":"https:\/\/www.freundschaft-mit-valjevo.de\/wordpress\/der-raub-des-jahrhunderts-die-beschlagnahme-der-gelder-der-staatlichen-libyschen-fonds-durch-die-willigen\/"},"wordCount":827,"commentCount":0,"keywords":["Libyen"],"articleSection":["Libyen"],"inLanguage":"de","potentialAction":[{"@type":"CommentAction","name":"Comment","target":["https:\/\/www.freundschaft-mit-valjevo.de\/wordpress\/der-raub-des-jahrhunderts-die-beschlagnahme-der-gelder-der-staatlichen-libyschen-fonds-durch-die-willigen\/#respond"]}]},{"@type":"WebPage","@id":"https:\/\/www.freundschaft-mit-valjevo.de\/wordpress\/der-raub-des-jahrhunderts-die-beschlagnahme-der-gelder-der-staatlichen-libyschen-fonds-durch-die-willigen\/","url":"https:\/\/www.freundschaft-mit-valjevo.de\/wordpress\/der-raub-des-jahrhunderts-die-beschlagnahme-der-gelder-der-staatlichen-libyschen-fonds-durch-die-willigen\/","name":"Der Raub des Jahrhunderts : Die Beschlagnahme der Gelder der staatlichen libyschen Fonds durch die \"Willigen\" - Freundschaft mit Valjevo e.V.","isPartOf":{"@id":"https:\/\/www.freundschaft-mit-valjevo.de\/wordpress\/#website"},"datePublished":"2011-06-25T07:40:03+00:00","dateModified":"2011-06-25T16:09:03+00:00","author":{"@id":"https:\/\/www.freundschaft-mit-valjevo.de\/wordpress\/#\/schema\/person\/4fbd0cc7a0227a72529b76aeed6571e4"},"breadcrumb":{"@id":"https:\/\/www.freundschaft-mit-valjevo.de\/wordpress\/der-raub-des-jahrhunderts-die-beschlagnahme-der-gelder-der-staatlichen-libyschen-fonds-durch-die-willigen\/#breadcrumb"},"inLanguage":"de","potentialAction":[{"@type":"ReadAction","target":["https:\/\/www.freundschaft-mit-valjevo.de\/wordpress\/der-raub-des-jahrhunderts-die-beschlagnahme-der-gelder-der-staatlichen-libyschen-fonds-durch-die-willigen\/"]}]},{"@type":"BreadcrumbList","@id":"https:\/\/www.freundschaft-mit-valjevo.de\/wordpress\/der-raub-des-jahrhunderts-die-beschlagnahme-der-gelder-der-staatlichen-libyschen-fonds-durch-die-willigen\/#breadcrumb","itemListElement":[{"@type":"ListItem","position":1,"name":"Startseite","item":"https:\/\/www.freundschaft-mit-valjevo.de\/wordpress\/"},{"@type":"ListItem","position":2,"name":"Der Raub des Jahrhunderts : Die Beschlagnahme der Gelder der staatlichen libyschen Fonds durch die &#8222;Willigen&#8220;"}]},{"@type":"WebSite","@id":"https:\/\/www.freundschaft-mit-valjevo.de\/wordpress\/#website","url":"https:\/\/www.freundschaft-mit-valjevo.de\/wordpress\/","name":"Freundschaft mit Valjevo e.V.","description":"F\u00fcr Frieden, Freundschaft und V\u00f6lkerverst\u00e4ndigung","potentialAction":[{"@type":"SearchAction","target":{"@type":"EntryPoint","urlTemplate":"https:\/\/www.freundschaft-mit-valjevo.de\/wordpress\/?s={search_term_string}"},"query-input":{"@type":"PropertyValueSpecification","valueRequired":true,"valueName":"search_term_string"}}],"inLanguage":"de"},{"@type":"Person","@id":"https:\/\/www.freundschaft-mit-valjevo.de\/wordpress\/#\/schema\/person\/4fbd0cc7a0227a72529b76aeed6571e4","name":"admin-z","image":{"@type":"ImageObject","inLanguage":"de","@id":"https:\/\/secure.gravatar.com\/avatar\/e180e5c39bf8c56d773eb854294072b2fec4a0a0f052f70a3cdaf696f943716d?s=96&d=mm&r=g","url":"https:\/\/secure.gravatar.com\/avatar\/e180e5c39bf8c56d773eb854294072b2fec4a0a0f052f70a3cdaf696f943716d?s=96&d=mm&r=g","contentUrl":"https:\/\/secure.gravatar.com\/avatar\/e180e5c39bf8c56d773eb854294072b2fec4a0a0f052f70a3cdaf696f943716d?s=96&d=mm&r=g","caption":"admin-z"}}]}},"_links":{"self":[{"href":"https:\/\/www.freundschaft-mit-valjevo.de\/wordpress\/wp-json\/wp\/v2\/posts\/93","targetHints":{"allow":["GET"]}}],"collection":[{"href":"https:\/\/www.freundschaft-mit-valjevo.de\/wordpress\/wp-json\/wp\/v2\/posts"}],"about":[{"href":"https:\/\/www.freundschaft-mit-valjevo.de\/wordpress\/wp-json\/wp\/v2\/types\/post"}],"author":[{"embeddable":true,"href":"https:\/\/www.freundschaft-mit-valjevo.de\/wordpress\/wp-json\/wp\/v2\/users\/2"}],"replies":[{"embeddable":true,"href":"https:\/\/www.freundschaft-mit-valjevo.de\/wordpress\/wp-json\/wp\/v2\/comments?post=93"}],"version-history":[{"count":9,"href":"https:\/\/www.freundschaft-mit-valjevo.de\/wordpress\/wp-json\/wp\/v2\/posts\/93\/revisions"}],"predecessor-version":[{"id":102,"href":"https:\/\/www.freundschaft-mit-valjevo.de\/wordpress\/wp-json\/wp\/v2\/posts\/93\/revisions\/102"}],"wp:attachment":[{"href":"https:\/\/www.freundschaft-mit-valjevo.de\/wordpress\/wp-json\/wp\/v2\/media?parent=93"}],"wp:term":[{"taxonomy":"category","embeddable":true,"href":"https:\/\/www.freundschaft-mit-valjevo.de\/wordpress\/wp-json\/wp\/v2\/categories?post=93"},{"taxonomy":"post_tag","embeddable":true,"href":"https:\/\/www.freundschaft-mit-valjevo.de\/wordpress\/wp-json\/wp\/v2\/tags?post=93"}],"curies":[{"name":"wp","href":"https:\/\/api.w.org\/{rel}","templated":true}]}}